{"id":63245,"date":"2023-02-03T00:41:45","date_gmt":"2023-02-03T05:41:45","guid":{"rendered":"https:\/\/www.dev.nitu.mx\/?p=63245"},"modified":"2023-02-03T00:43:30","modified_gmt":"2023-02-03T05:43:30","slug":"desaceleracion-en-la-confianza-de-los-viajeros-espera-sandra-carvao-de-la-omt","status":"publish","type":"post","link":"https:\/\/nitu.mx\/index.php\/2023\/02\/03\/desaceleracion-en-la-confianza-de-los-viajeros-espera-sandra-carvao-de-la-omt\/","title":{"rendered":"Desaceleraci\u00f3n en la confianza de los viajeros espera Sandra Carvao de la OMT"},"content":{"rendered":"<p>En el marco de la Quinta Conferencia Internacional An\u00e1huac \u201cPerspectivas Tur\u00edsticas 2023\u201d,\u00a0la directora de Inteligencia de Mercados de la Organizaci\u00f3n Mundial del Turismo (OMT), Sandra Carvao, destac\u00f3 que aunque el rubro tur\u00edstico ha registrado una recuperaci\u00f3n tras la emergencia sanitaria, se espera \u201cuna desaceleraci\u00f3n en la confianza\u201d de los viajeros.<\/p>\n<p>La representante de la OMT dijo que uno de los principales factores negativos ser\u00e1 \u201cla situaci\u00f3n econ\u00f3mica mundial\u201d.<\/p>\n<p>Por lo que hace a M\u00e9xico, Sandra Carvao resalt\u00f3 \u201clos buenos resultados en materia de ingresos por el arribo de turistas internacionales\u201d. Por su parte, el Director del Centro de Investigaci\u00f3n y Competitividad Tur\u00edstica An\u00e1huac, Cicotur, Francisco Madrid Flores, advirti\u00f3 de la incertidumbre para la industria nacional por la problem\u00e1tica econ\u00f3mica e inseguridad y debido a situaciones como el conflicto armado entre Ucrania y Rusia.<\/p>\n<p>\u201cA\u00f1o que decimos que lo \u00fanico que sabemos es que no sabemos nada y que lo \u00fanico cierto es la incertidumbre\u201d, advirti\u00f3. Y pese a la incertidumbre, Madrid Flores\u00a0estim\u00f3 ingresos por visitantes internacionales en el 2023 por 30.8 mil millones de d\u00f3lares que representa 10 por ciento m\u00e1s que el a\u00f1o pasado; la llegada de turistas internacionales se ubicar\u00eda en los 40.1 millones y 22.9 millones en arribo de turistas internacionales a\u00e9reos.\u00a0<a title=\"WTTC asegura que deseo de viajar est\u00e1 en el punto m\u00e1s alto tras la pandemia\" href=\"https:\/\/www.dev.nitu.mx\/index.php\/2022\/11\/30\/wttc-asegura-que-deseo-de-viajar-esta-en-el-punto-mas-alto-tras-la-pandemia\/\" rel=\"bookmark\">(WTTC asegura que deseo de viajar est\u00e1 en el punto m\u00e1s alto tras la pandemia<\/a>).<\/p>\n","protected":false},"excerpt":{"rendered":"<p>En el marco de la Quinta Conferencia Internacional An\u00e1huac \u201cPerspectivas Tur\u00edsticas 2023\u201d,\u00a0la directora de Inteligencia de Mercados de la Organizaci\u00f3n Mundial del Turismo (OMT), Sandra Carvao, destac\u00f3 que aunque el rubro tur\u00edstico ha registrado una recuperaci\u00f3n tras la emergencia sanitaria, se espera \u201cuna desaceleraci\u00f3n en la confianza\u201d de los viajeros. La representante de la OMT [&hellip;]<\/p>\n","protected":false},"author":2,"featured_media":10080,"comment_status":"open","ping_status":"open","sticky":false,"template":"","format":"standard","meta":{"footnotes":""},"categories":[18475],"tags":[1960,23765,1612],"yoast_head":"<!-- This site is optimized with the Yoast SEO plugin v22.2 - https:\/\/yoast.com\/wordpress\/plugins\/seo\/ -->\n<title>Desaceleraci\u00f3n en la confianza de los viajeros espera Sandra Carvao de la OMT - Nitu - Noticias de la Industria Turistica<\/title>\n<meta name=\"robots\" content=\"index, follow, max-snippet:-1, max-image-preview:large, max-video-preview:-1\" \/>\n<link rel=\"canonical\" href=\"https:\/\/nitu.mx\/index.php\/2023\/02\/03\/desaceleracion-en-la-confianza-de-los-viajeros-espera-sandra-carvao-de-la-omt\/\" \/>\n<meta name=\"twitter:card\" content=\"summary_large_image\" \/>\n<meta name=\"twitter:title\" content=\"Desaceleraci\u00f3n en la confianza de los viajeros espera Sandra Carvao de la OMT - Nitu - Noticias de la Industria Turistica\" \/>\n<meta name=\"twitter:description\" content=\"En el marco de la Quinta Conferencia Internacional An\u00e1huac \u201cPerspectivas Tur\u00edsticas 2023\u201d,\u00a0la directora de Inteligencia de Mercados de la Organizaci\u00f3n Mundial del Turismo (OMT), Sandra Carvao, destac\u00f3 que aunque el rubro tur\u00edstico ha registrado una recuperaci\u00f3n tras la emergencia sanitaria, se espera \u201cuna desaceleraci\u00f3n en la confianza\u201d de los viajeros. La representante de la OMT [&hellip;]\" \/>\n<meta name=\"twitter:image\" content=\"https:\/\/nitu.mx\/wp-content\/uploads\/2017\/05\/Playa-Cancun-vac\u00eda.jpg\" \/>\n<meta name=\"twitter:creator\" content=\"@Arturo_Medina_G\" \/>\n<meta name=\"twitter:site\" content=\"@Arturo_Medina_G\" \/>\n<meta name=\"twitter:label1\" content=\"Escrito por\" \/>\n\t<meta name=\"twitter:data1\" content=\"Arturo Medina\" \/>\n\t<meta name=\"twitter:label2\" content=\"Tiempo de lectura\" \/>\n\t<meta name=\"twitter:data2\" content=\"1 minuto\" \/>\n<script type=\"application\/ld+json\" class=\"yoast-schema-graph\">{\"@context\":\"https:\/\/schema.org\",\"@graph\":[{\"@type\":\"Article\",\"@id\":\"https:\/\/nitu.mx\/index.php\/2023\/02\/03\/desaceleracion-en-la-confianza-de-los-viajeros-espera-sandra-carvao-de-la-omt\/#article\",\"isPartOf\":{\"@id\":\"https:\/\/nitu.mx\/index.php\/2023\/02\/03\/desaceleracion-en-la-confianza-de-los-viajeros-espera-sandra-carvao-de-la-omt\/\"},\"author\":{\"name\":\"Arturo Medina\",\"@id\":\"https:\/\/nitu.mx\/#\/schema\/person\/ae7a53426417292d3dd07b45a33e01bc\"},\"headline\":\"Desaceleraci\u00f3n en la confianza de los viajeros espera Sandra Carvao de la OMT\",\"datePublished\":\"2023-02-03T05:41:45+00:00\",\"dateModified\":\"2023-02-03T05:43:30+00:00\",\"mainEntityOfPage\":{\"@id\":\"https:\/\/nitu.mx\/index.php\/2023\/02\/03\/desaceleracion-en-la-confianza-de-los-viajeros-espera-sandra-carvao-de-la-omt\/\"},\"wordCount\":251,\"commentCount\":0,\"publisher\":{\"@id\":\"https:\/\/nitu.mx\/#\/schema\/person\/ae7a53426417292d3dd07b45a33e01bc\"},\"image\":{\"@id\":\"https:\/\/nitu.mx\/index.php\/2023\/02\/03\/desaceleracion-en-la-confianza-de-los-viajeros-espera-sandra-carvao-de-la-omt\/#primaryimage\"},\"thumbnailUrl\":\"https:\/\/nitu.mx\/wp-content\/uploads\/2017\/05\/Playa-Cancun-vac\u00eda.jpg\",\"keywords\":[\"OMT\",\"Sandra Carvao\",\"universidad An\u00e1huac\"],\"articleSection\":[\"Caribe Mexicano\"],\"inLanguage\":\"es-MX\",\"potentialAction\":[{\"@type\":\"CommentAction\",\"name\":\"Comment\",\"target\":[\"https:\/\/nitu.mx\/index.php\/2023\/02\/03\/desaceleracion-en-la-confianza-de-los-viajeros-espera-sandra-carvao-de-la-omt\/#respond\"]}]},{\"@type\":\"WebPage\",\"@id\":\"https:\/\/nitu.mx\/index.php\/2023\/02\/03\/desaceleracion-en-la-confianza-de-los-viajeros-espera-sandra-carvao-de-la-omt\/\",\"url\":\"https:\/\/nitu.mx\/index.php\/2023\/02\/03\/desaceleracion-en-la-confianza-de-los-viajeros-espera-sandra-carvao-de-la-omt\/\",\"name\":\"Desaceleraci\u00f3n en la confianza de los viajeros espera Sandra Carvao de la OMT - Nitu - Noticias de la Industria Turistica\",\"isPartOf\":{\"@id\":\"https:\/\/nitu.mx\/#website\"},\"primaryImageOfPage\":{\"@id\":\"https:\/\/nitu.mx\/index.php\/2023\/02\/03\/desaceleracion-en-la-confianza-de-los-viajeros-espera-sandra-carvao-de-la-omt\/#primaryimage\"},\"image\":{\"@id\":\"https:\/\/nitu.mx\/index.php\/2023\/02\/03\/desaceleracion-en-la-confianza-de-los-viajeros-espera-sandra-carvao-de-la-omt\/#primaryimage\"},\"thumbnailUrl\":\"https:\/\/nitu.mx\/wp-content\/uploads\/2017\/05\/Playa-Cancun-vac\u00eda.jpg\",\"datePublished\":\"2023-02-03T05:41:45+00:00\",\"dateModified\":\"2023-02-03T05:43:30+00:00\",\"breadcrumb\":{\"@id\":\"https:\/\/nitu.mx\/index.php\/2023\/02\/03\/desaceleracion-en-la-confianza-de-los-viajeros-espera-sandra-carvao-de-la-omt\/#breadcrumb\"},\"inLanguage\":\"es-MX\",\"potentialAction\":[{\"@type\":\"ReadAction\",\"target\":[\"https:\/\/nitu.mx\/index.php\/2023\/02\/03\/desaceleracion-en-la-confianza-de-los-viajeros-espera-sandra-carvao-de-la-omt\/\"]}]},{\"@type\":\"ImageObject\",\"inLanguage\":\"es-MX\",\"@id\":\"https:\/\/nitu.mx\/index.php\/2023\/02\/03\/desaceleracion-en-la-confianza-de-los-viajeros-espera-sandra-carvao-de-la-omt\/#primaryimage\",\"url\":\"https:\/\/nitu.mx\/wp-content\/uploads\/2017\/05\/Playa-Cancun-vac\u00eda.jpg\",\"contentUrl\":\"https:\/\/nitu.mx\/wp-content\/uploads\/2017\/05\/Playa-Cancun-vac\u00eda.jpg\",\"width\":1800,\"height\":900,\"caption\":\"Cofepris\"},{\"@type\":\"BreadcrumbList\",\"@id\":\"https:\/\/nitu.mx\/index.php\/2023\/02\/03\/desaceleracion-en-la-confianza-de-los-viajeros-espera-sandra-carvao-de-la-omt\/#breadcrumb\",\"itemListElement\":[{\"@type\":\"ListItem\",\"position\":1,\"name\":\"Inicio\",\"item\":\"https:\/\/nitu.mx\/\"},{\"@type\":\"ListItem\",\"position\":2,\"name\":\"Desaceleraci\u00f3n en la confianza de los viajeros espera Sandra Carvao de la OMT\"}]},{\"@type\":\"WebSite\",\"@id\":\"https:\/\/nitu.mx\/#website\",\"url\":\"https:\/\/nitu.mx\/\",\"name\":\"Nitu - Noticias de la Industria Turistica\",\"description\":\"Noticias de la Industria Turistica\",\"publisher\":{\"@id\":\"https:\/\/nitu.mx\/#\/schema\/person\/ae7a53426417292d3dd07b45a33e01bc\"},\"alternateName\":\"Noticias de la Industria Turistica\",\"potentialAction\":[{\"@type\":\"SearchAction\",\"target\":{\"@type\":\"EntryPoint\",\"urlTemplate\":\"https:\/\/nitu.mx\/?s={search_term_string}\"},\"query-input\":\"required name=search_term_string\"}],\"inLanguage\":\"es-MX\"},{\"@type\":[\"Person\",\"Organization\"],\"@id\":\"https:\/\/nitu.mx\/#\/schema\/person\/ae7a53426417292d3dd07b45a33e01bc\",\"name\":\"Arturo Medina\",\"image\":{\"@type\":\"ImageObject\",\"inLanguage\":\"es-MX\",\"@id\":\"https:\/\/nitu.mx\/#\/schema\/person\/image\/\",\"url\":\"https:\/\/nitu.mx\/wp-content\/uploads\/2024\/04\/4A315622-1904-4D5C-B022-878CDC840E04-90x90-1.jpeg\",\"contentUrl\":\"https:\/\/nitu.mx\/wp-content\/uploads\/2024\/04\/4A315622-1904-4D5C-B022-878CDC840E04-90x90-1.jpeg\",\"width\":90,\"height\":90,\"caption\":\"Arturo Medina\"},\"logo\":{\"@id\":\"https:\/\/nitu.mx\/#\/schema\/person\/image\/\"},\"description\":\"Director NITU.mx, Egresado de la Escuela de Periodismo Carlos Septi\u00e9n Garc\u00eda. Periodista y analista especializado en turismo desde hace 35 a\u00f1os, radicado en Canc\u00fan Q.Roo. arturo@nitu.mx\",\"sameAs\":[\"https:\/\/nitu.mx\",\"https:\/\/www.facebook.com\/NITUmx\/\",\"medinacancun\",\"https:\/\/twitter.com\/@Arturo_Medina_G\"],\"url\":\"https:\/\/nitu.mx\/index.php\/author\/arturo-medina\/\"}]}<\/script>\n<!-- \/ Yoast SEO plugin. -->","yoast_head_json":{"title":"Desaceleraci\u00f3n en la confianza de los viajeros espera Sandra Carvao de la OMT - Nitu - Noticias de la Industria Turistica","robots":{"index":"index","follow":"follow","max-snippet":"max-snippet:-1","max-image-preview":"max-image-preview:large","max-video-preview":"max-video-preview:-1"},"canonical":"https:\/\/nitu.mx\/index.php\/2023\/02\/03\/desaceleracion-en-la-confianza-de-los-viajeros-espera-sandra-carvao-de-la-omt\/","twitter_card":"summary_large_image","twitter_title":"Desaceleraci\u00f3n en la confianza de los viajeros espera Sandra Carvao de la OMT - Nitu - Noticias de la Industria Turistica","twitter_description":"En el marco de la Quinta Conferencia Internacional An\u00e1huac \u201cPerspectivas Tur\u00edsticas 2023\u201d,\u00a0la directora de Inteligencia de Mercados de la Organizaci\u00f3n Mundial del Turismo (OMT), Sandra Carvao, destac\u00f3 que aunque el rubro tur\u00edstico ha registrado una recuperaci\u00f3n tras la emergencia sanitaria, se espera \u201cuna desaceleraci\u00f3n en la confianza\u201d de los viajeros. La representante de la OMT [&hellip;]","twitter_image":"https:\/\/nitu.mx\/wp-content\/uploads\/2017\/05\/Playa-Cancun-vac\u00eda.jpg","twitter_creator":"@Arturo_Medina_G","twitter_site":"@Arturo_Medina_G","twitter_misc":{"Escrito por":"Arturo Medina","Tiempo de lectura":"1 minuto"},"schema":{"@context":"https:\/\/schema.org","@graph":[{"@type":"Article","@id":"https:\/\/nitu.mx\/index.php\/2023\/02\/03\/desaceleracion-en-la-confianza-de-los-viajeros-espera-sandra-carvao-de-la-omt\/#article","isPartOf":{"@id":"https:\/\/nitu.mx\/index.php\/2023\/02\/03\/desaceleracion-en-la-confianza-de-los-viajeros-espera-sandra-carvao-de-la-omt\/"},"author":{"name":"Arturo Medina","@id":"https:\/\/nitu.mx\/#\/schema\/person\/ae7a53426417292d3dd07b45a33e01bc"},"headline":"Desaceleraci\u00f3n en la confianza de los viajeros espera Sandra Carvao de la OMT","datePublished":"2023-02-03T05:41:45+00:00","dateModified":"2023-02-03T05:43:30+00:00","mainEntityOfPage":{"@id":"https:\/\/nitu.mx\/index.php\/2023\/02\/03\/desaceleracion-en-la-confianza-de-los-viajeros-espera-sandra-carvao-de-la-omt\/"},"wordCount":251,"commentCount":0,"publisher":{"@id":"https:\/\/nitu.mx\/#\/schema\/person\/ae7a53426417292d3dd07b45a33e01bc"},"image":{"@id":"https:\/\/nitu.mx\/index.php\/2023\/02\/03\/desaceleracion-en-la-confianza-de-los-viajeros-espera-sandra-carvao-de-la-omt\/#primaryimage"},"thumbnailUrl":"https:\/\/nitu.mx\/wp-content\/uploads\/2017\/05\/Playa-Cancun-vac\u00eda.jpg","keywords":["OMT","Sandra Carvao","universidad An\u00e1huac"],"articleSection":["Caribe Mexicano"],"inLanguage":"es-MX","potentialAction":[{"@type":"CommentAction","name":"Comment","target":["https:\/\/nitu.mx\/index.php\/2023\/02\/03\/desaceleracion-en-la-confianza-de-los-viajeros-espera-sandra-carvao-de-la-omt\/#respond"]}]},{"@type":"WebPage","@id":"https:\/\/nitu.mx\/index.php\/2023\/02\/03\/desaceleracion-en-la-confianza-de-los-viajeros-espera-sandra-carvao-de-la-omt\/","url":"https:\/\/nitu.mx\/index.php\/2023\/02\/03\/desaceleracion-en-la-confianza-de-los-viajeros-espera-sandra-carvao-de-la-omt\/","name":"Desaceleraci\u00f3n en la confianza de los viajeros espera Sandra Carvao de la OMT - Nitu - Noticias de la Industria Turistica","isPartOf":{"@id":"https:\/\/nitu.mx\/#website"},"primaryImageOfPage":{"@id":"https:\/\/nitu.mx\/index.php\/2023\/02\/03\/desaceleracion-en-la-confianza-de-los-viajeros-espera-sandra-carvao-de-la-omt\/#primaryimage"},"image":{"@id":"https:\/\/nitu.mx\/index.php\/2023\/02\/03\/desaceleracion-en-la-confianza-de-los-viajeros-espera-sandra-carvao-de-la-omt\/#primaryimage"},"thumbnailUrl":"https:\/\/nitu.mx\/wp-content\/uploads\/2017\/05\/Playa-Cancun-vac\u00eda.jpg","datePublished":"2023-02-03T05:41:45+00:00","dateModified":"2023-02-03T05:43:30+00:00","breadcrumb":{"@id":"https:\/\/nitu.mx\/index.php\/2023\/02\/03\/desaceleracion-en-la-confianza-de-los-viajeros-espera-sandra-carvao-de-la-omt\/#breadcrumb"},"inLanguage":"es-MX","potentialAction":[{"@type":"ReadAction","target":["https:\/\/nitu.mx\/index.php\/2023\/02\/03\/desaceleracion-en-la-confianza-de-los-viajeros-espera-sandra-carvao-de-la-omt\/"]}]},{"@type":"ImageObject","inLanguage":"es-MX","@id":"https:\/\/nitu.mx\/index.php\/2023\/02\/03\/desaceleracion-en-la-confianza-de-los-viajeros-espera-sandra-carvao-de-la-omt\/#primaryimage","url":"https:\/\/nitu.mx\/wp-content\/uploads\/2017\/05\/Playa-Cancun-vac\u00eda.jpg","contentUrl":"https:\/\/nitu.mx\/wp-content\/uploads\/2017\/05\/Playa-Cancun-vac\u00eda.jpg","width":1800,"height":900,"caption":"Cofepris"},{"@type":"BreadcrumbList","@id":"https:\/\/nitu.mx\/index.php\/2023\/02\/03\/desaceleracion-en-la-confianza-de-los-viajeros-espera-sandra-carvao-de-la-omt\/#breadcrumb","itemListElement":[{"@type":"ListItem","position":1,"name":"Inicio","item":"https:\/\/nitu.mx\/"},{"@type":"ListItem","position":2,"name":"Desaceleraci\u00f3n en la confianza de los viajeros espera Sandra Carvao de la OMT"}]},{"@type":"WebSite","@id":"https:\/\/nitu.mx\/#website","url":"https:\/\/nitu.mx\/","name":"Nitu - Noticias de la Industria Turistica","description":"Noticias de la Industria Turistica","publisher":{"@id":"https:\/\/nitu.mx\/#\/schema\/person\/ae7a53426417292d3dd07b45a33e01bc"},"alternateName":"Noticias de la Industria Turistica","potentialAction":[{"@type":"SearchAction","target":{"@type":"EntryPoint","urlTemplate":"https:\/\/nitu.mx\/?s={search_term_string}"},"query-input":"required name=search_term_string"}],"inLanguage":"es-MX"},{"@type":["Person","Organization"],"@id":"https:\/\/nitu.mx\/#\/schema\/person\/ae7a53426417292d3dd07b45a33e01bc","name":"Arturo Medina","image":{"@type":"ImageObject","inLanguage":"es-MX","@id":"https:\/\/nitu.mx\/#\/schema\/person\/image\/","url":"https:\/\/nitu.mx\/wp-content\/uploads\/2024\/04\/4A315622-1904-4D5C-B022-878CDC840E04-90x90-1.jpeg","contentUrl":"https:\/\/nitu.mx\/wp-content\/uploads\/2024\/04\/4A315622-1904-4D5C-B022-878CDC840E04-90x90-1.jpeg","width":90,"height":90,"caption":"Arturo Medina"},"logo":{"@id":"https:\/\/nitu.mx\/#\/schema\/person\/image\/"},"description":"Director NITU.mx, Egresado de la Escuela de Periodismo Carlos Septi\u00e9n Garc\u00eda. Periodista y analista especializado en turismo desde hace 35 a\u00f1os, radicado en Canc\u00fan Q.Roo. arturo@nitu.mx","sameAs":["https:\/\/nitu.mx","https:\/\/www.facebook.com\/NITUmx\/","medinacancun","https:\/\/twitter.com\/@Arturo_Medina_G"],"url":"https:\/\/nitu.mx\/index.php\/author\/arturo-medina\/"}]}},"views":487,"_links":{"self":[{"href":"https:\/\/nitu.mx\/index.php\/wp-json\/wp\/v2\/posts\/63245"}],"collection":[{"href":"https:\/\/nitu.mx\/index.php\/wp-json\/wp\/v2\/posts"}],"about":[{"href":"https:\/\/nitu.mx\/index.php\/wp-json\/wp\/v2\/types\/post"}],"author":[{"embeddable":true,"href":"https:\/\/nitu.mx\/index.php\/wp-json\/wp\/v2\/users\/2"}],"replies":[{"embeddable":true,"href":"https:\/\/nitu.mx\/index.php\/wp-json\/wp\/v2\/comments?post=63245"}],"version-history":[{"count":2,"href":"https:\/\/nitu.mx\/index.php\/wp-json\/wp\/v2\/posts\/63245\/revisions"}],"predecessor-version":[{"id":63258,"href":"https:\/\/nitu.mx\/index.php\/wp-json\/wp\/v2\/posts\/63245\/revisions\/63258"}],"wp:featuredmedia":[{"embeddable":true,"href":"https:\/\/nitu.mx\/index.php\/wp-json\/wp\/v2\/media\/10080"}],"wp:attachment":[{"href":"https:\/\/nitu.mx\/index.php\/wp-json\/wp\/v2\/media?parent=63245"}],"wp:term":[{"taxonomy":"category","embeddable":true,"href":"https:\/\/nitu.mx\/index.php\/wp-json\/wp\/v2\/categories?post=63245"},{"taxonomy":"post_tag","embeddable":true,"href":"https:\/\/nitu.mx\/index.php\/wp-json\/wp\/v2\/tags?post=63245"}],"curies":[{"name":"wp","href":"https:\/\/api.w.org\/{rel}","templated":true}]}}