{"id":6320,"date":"2017-01-26T01:43:17","date_gmt":"2017-01-26T06:43:17","guid":{"rendered":"http:\/\/www.dev.nitu.mx\/?p=6320"},"modified":"2017-01-26T02:04:00","modified_gmt":"2017-01-26T07:04:00","slug":"caribe-mexicano-en-la-cresta-de-la-ola-al-ser-sede-de-eventos-de-alcance-mundial","status":"publish","type":"post","link":"https:\/\/nitu.mx\/index.php\/2017\/01\/26\/caribe-mexicano-en-la-cresta-de-la-ola-al-ser-sede-de-eventos-de-alcance-mundial\/","title":{"rendered":"Caribe Mexicano &#8220;en la Cresta de la Ola&#8221;, al ser sede de eventos de alcance mundial"},"content":{"rendered":"<p>La secretaria de Turismo, Marisol Vanegas, refiri\u00f3 que el Caribe Mexicano se encuentra en &#8220;La Cresta de la Ola&#8221; en el mundo, ya que ser\u00e1 sede de dos eventos de \u00edndole mundial que traer\u00e1 a turismo de alto poder adquisitivo a la zona. Esto, ya que se realizar\u00e1 la Plataforma Global para la Reducci\u00f3n del Riesgo de Desastres de la Organizaci\u00f3n de las Naciones Unidas (ONU). Y se tendr\u00e1 presencia del NOMA, el mejor restaurante del mundo.<br \/>\nLa cumbre internacional por primera vez sale de Suiza y se realizar\u00e1 en Canc\u00fan del 22 al 26 de mayo, asistir\u00e1n 170 presidentes y primeros ministros, al ser sede de la Plataforma Global para la Reducci\u00f3n del Riesgo de Desastres de la ONU.<br \/>\nEste encuentro es considerado el foro mundial m\u00e1s importante en la materia, y a trav\u00e9s del cual se fomenta la acci\u00f3n coordinada de la comunidad internacional para disminuir los da\u00f1os ocasionados por las amenazas naturales.<br \/>\nEl evento, organizado en colaboraci\u00f3n con la Oficina de las Naciones Unidas para la Reducci\u00f3n del Riesgo de Desastres, reunir\u00e1 a representantes de alto nivel de diversos gobiernos, organismos internacionales, sociedad civil, y sectores privado y acad\u00e9mico.<br \/>\n&#8220;Es una nueva oportunidad para poner los ojos del mundo en Canc\u00fan. Adem\u00e1s podemos subirnos a la iniciativa para poder hablar sobre el tema y hacer una estrategia para hacer una acci\u00f3n conjunta respecto al sargazo&#8221;, dijo.<br \/>\nOtro evento internacional es la presencia de los 26 mejores chefs de fama mundial y del staff del NOMA, considerado el Mejor Restaurante del Mundo.<br \/>\nEn abril del 2014 el NOMA , ubicado en Conpenhague fue reconocido con el galard\u00f3n del Mejor Restaurante del Mundo, convirti\u00e9ndose en el nuevo destino gastron\u00f3mico m\u00e1s deseado del planeta, que se instalar\u00e1 desde el pr\u00f3ximo 12 de abril al 28 de mayo en las \u00e1reas del Colibri Boutique Hotels en Tulum.<br \/>\nEl precio del cubierto es de entre 600 y 650 pesos.<br \/>\nCon estos eventos el Caribe Mexicano se muestra ante los ojos del mundo.\u00a0(<a title=\"El Caribe Mexicano se mantiene en la preferencia de turistas de 190 naciones\" href=\"http:\/\/www.dev.nitu.mx\/index.php\/2017\/01\/19\/el-caribe-mexicano-se-mantiene-en-la-preferencia-de-turistas-de-190-nacionalidades\/\" rel=\"bookmark\">El Caribe Mexicano se mantiene en la preferencia de turistas de 190 naciones<\/a>).<\/p>\n","protected":false},"excerpt":{"rendered":"<p>La secretaria de Turismo, Marisol Vanegas, refiri\u00f3 que el Caribe Mexicano se encuentra en &#8220;La Cresta de la Ola&#8221; en el mundo, ya que ser\u00e1 sede de dos eventos de \u00edndole mundial que traer\u00e1 a turismo de alto poder adquisitivo a la zona. Esto, ya que se realizar\u00e1 la Plataforma Global para la Reducci\u00f3n del [&hellip;]<\/p>\n","protected":false},"author":3,"featured_media":6350,"comment_status":"open","ping_status":"open","sticky":false,"template":"","format":"standard","meta":{"footnotes":""},"categories":[12,6],"tags":[83,2844,2833,1024,2843,2832,2831,254],"yoast_head":"<!-- This site is optimized with the Yoast SEO plugin v22.2 - https:\/\/yoast.com\/wordpress\/plugins\/seo\/ -->\n<title>Caribe Mexicano &quot;en la Cresta de la Ola&quot;, al ser sede de eventos de alcance mundial - Nitu - Noticias de la Industria Turistica<\/title>\n<meta name=\"description\" content=\"Marisol Vanegas refiri\u00f3 que el Caribe Mexicano se encuentra en &quot;La Cresta de la Ola&quot; ya que ser\u00e1 sede de dos eventos de \u00edndole mundial.\" \/>\n<meta name=\"robots\" content=\"index, follow, max-snippet:-1, max-image-preview:large, max-video-preview:-1\" \/>\n<link rel=\"canonical\" href=\"https:\/\/nitu.mx\/index.php\/2017\/01\/26\/caribe-mexicano-en-la-cresta-de-la-ola-al-ser-sede-de-eventos-de-alcance-mundial\/\" \/>\n<meta name=\"twitter:card\" content=\"summary_large_image\" \/>\n<meta name=\"twitter:title\" content=\"Caribe Mexicano &quot;en la Cresta de la Ola&quot;, al ser sede de eventos de alcance mundial - Nitu - Noticias de la Industria Turistica\" \/>\n<meta name=\"twitter:description\" content=\"Marisol Vanegas refiri\u00f3 que el Caribe Mexicano se encuentra en &quot;La Cresta de la Ola&quot; ya que ser\u00e1 sede de dos eventos de \u00edndole mundial.\" \/>\n<meta name=\"twitter:image\" content=\"https:\/\/nitu.mx\/wp-content\/uploads\/2017\/01\/Caribe-Mexicano.jpg\" \/>\n<meta name=\"twitter:creator\" content=\"@NITUmx\" \/>\n<meta name=\"twitter:site\" content=\"@Arturo_Medina_G\" \/>\n<meta name=\"twitter:label1\" content=\"Escrito por\" \/>\n\t<meta name=\"twitter:data1\" content=\"Alejandra Moncisbays\" \/>\n\t<meta name=\"twitter:label2\" content=\"Tiempo de lectura\" \/>\n\t<meta name=\"twitter:data2\" content=\"2 minutos\" \/>\n<script type=\"application\/ld+json\" class=\"yoast-schema-graph\">{\"@context\":\"https:\/\/schema.org\",\"@graph\":[{\"@type\":\"Article\",\"@id\":\"https:\/\/nitu.mx\/index.php\/2017\/01\/26\/caribe-mexicano-en-la-cresta-de-la-ola-al-ser-sede-de-eventos-de-alcance-mundial\/#article\",\"isPartOf\":{\"@id\":\"https:\/\/nitu.mx\/index.php\/2017\/01\/26\/caribe-mexicano-en-la-cresta-de-la-ola-al-ser-sede-de-eventos-de-alcance-mundial\/\"},\"author\":{\"name\":\"Alejandra Moncisbays\",\"@id\":\"https:\/\/nitu.mx\/#\/schema\/person\/2ecd887b19dfd3382d1f14fc5acf24a8\"},\"headline\":\"Caribe Mexicano &#8220;en la Cresta de la Ola&#8221;, al ser sede de eventos de alcance mundial\",\"datePublished\":\"2017-01-26T06:43:17+00:00\",\"dateModified\":\"2017-01-26T07:04:00+00:00\",\"mainEntityOfPage\":{\"@id\":\"https:\/\/nitu.mx\/index.php\/2017\/01\/26\/caribe-mexicano-en-la-cresta-de-la-ola-al-ser-sede-de-eventos-de-alcance-mundial\/\"},\"wordCount\":368,\"commentCount\":0,\"publisher\":{\"@id\":\"https:\/\/nitu.mx\/#\/schema\/person\/ae7a53426417292d3dd07b45a33e01bc\"},\"image\":{\"@id\":\"https:\/\/nitu.mx\/index.php\/2017\/01\/26\/caribe-mexicano-en-la-cresta-de-la-ola-al-ser-sede-de-eventos-de-alcance-mundial\/#primaryimage\"},\"thumbnailUrl\":\"https:\/\/nitu.mx\/wp-content\/uploads\/2017\/01\/Caribe-Mexicano.jpg\",\"keywords\":[\"Caribe mexicano\",\"Colibri Boutique Hotels\",\"Conpenhague\",\"Marisol Vanegas\",\"Mejor Restaurante del Mundo\",\"NOMA\",\"Plataforma Global para la Reducci\u00f3n del Riesgo de Desastres de la ONU\",\"Secretar\u00eda de Turismo\"],\"articleSection\":[\"Marketing\",\"M\u00e9xico\"],\"inLanguage\":\"es-MX\",\"potentialAction\":[{\"@type\":\"CommentAction\",\"name\":\"Comment\",\"target\":[\"https:\/\/nitu.mx\/index.php\/2017\/01\/26\/caribe-mexicano-en-la-cresta-de-la-ola-al-ser-sede-de-eventos-de-alcance-mundial\/#respond\"]}]},{\"@type\":\"WebPage\",\"@id\":\"https:\/\/nitu.mx\/index.php\/2017\/01\/26\/caribe-mexicano-en-la-cresta-de-la-ola-al-ser-sede-de-eventos-de-alcance-mundial\/\",\"url\":\"https:\/\/nitu.mx\/index.php\/2017\/01\/26\/caribe-mexicano-en-la-cresta-de-la-ola-al-ser-sede-de-eventos-de-alcance-mundial\/\",\"name\":\"Caribe Mexicano \\\"en la Cresta de la Ola\\\", al ser sede de eventos de alcance mundial - Nitu - Noticias de la Industria Turistica\",\"isPartOf\":{\"@id\":\"https:\/\/nitu.mx\/#website\"},\"primaryImageOfPage\":{\"@id\":\"https:\/\/nitu.mx\/index.php\/2017\/01\/26\/caribe-mexicano-en-la-cresta-de-la-ola-al-ser-sede-de-eventos-de-alcance-mundial\/#primaryimage\"},\"image\":{\"@id\":\"https:\/\/nitu.mx\/index.php\/2017\/01\/26\/caribe-mexicano-en-la-cresta-de-la-ola-al-ser-sede-de-eventos-de-alcance-mundial\/#primaryimage\"},\"thumbnailUrl\":\"https:\/\/nitu.mx\/wp-content\/uploads\/2017\/01\/Caribe-Mexicano.jpg\",\"datePublished\":\"2017-01-26T06:43:17+00:00\",\"dateModified\":\"2017-01-26T07:04:00+00:00\",\"description\":\"Marisol Vanegas refiri\u00f3 que el Caribe Mexicano se encuentra en \\\"La Cresta de la Ola\\\" ya que ser\u00e1 sede de dos eventos de \u00edndole mundial.\",\"breadcrumb\":{\"@id\":\"https:\/\/nitu.mx\/index.php\/2017\/01\/26\/caribe-mexicano-en-la-cresta-de-la-ola-al-ser-sede-de-eventos-de-alcance-mundial\/#breadcrumb\"},\"inLanguage\":\"es-MX\",\"potentialAction\":[{\"@type\":\"ReadAction\",\"target\":[\"https:\/\/nitu.mx\/index.php\/2017\/01\/26\/caribe-mexicano-en-la-cresta-de-la-ola-al-ser-sede-de-eventos-de-alcance-mundial\/\"]}]},{\"@type\":\"ImageObject\",\"inLanguage\":\"es-MX\",\"@id\":\"https:\/\/nitu.mx\/index.php\/2017\/01\/26\/caribe-mexicano-en-la-cresta-de-la-ola-al-ser-sede-de-eventos-de-alcance-mundial\/#primaryimage\",\"url\":\"https:\/\/nitu.mx\/wp-content\/uploads\/2017\/01\/Caribe-Mexicano.jpg\",\"contentUrl\":\"https:\/\/nitu.mx\/wp-content\/uploads\/2017\/01\/Caribe-Mexicano.jpg\",\"width\":850,\"height\":480,\"caption\":\"Caribe Mexicano\"},{\"@type\":\"BreadcrumbList\",\"@id\":\"https:\/\/nitu.mx\/index.php\/2017\/01\/26\/caribe-mexicano-en-la-cresta-de-la-ola-al-ser-sede-de-eventos-de-alcance-mundial\/#breadcrumb\",\"itemListElement\":[{\"@type\":\"ListItem\",\"position\":1,\"name\":\"Inicio\",\"item\":\"https:\/\/nitu.mx\/\"},{\"@type\":\"ListItem\",\"position\":2,\"name\":\"Caribe Mexicano &#8220;en la Cresta de la Ola&#8221;, al ser sede de eventos de alcance mundial\"}]},{\"@type\":\"WebSite\",\"@id\":\"https:\/\/nitu.mx\/#website\",\"url\":\"https:\/\/nitu.mx\/\",\"name\":\"Nitu - Noticias de la Industria Turistica\",\"description\":\"Noticias de la Industria Turistica\",\"publisher\":{\"@id\":\"https:\/\/nitu.mx\/#\/schema\/person\/ae7a53426417292d3dd07b45a33e01bc\"},\"alternateName\":\"Noticias de la Industria Turistica\",\"potentialAction\":[{\"@type\":\"SearchAction\",\"target\":{\"@type\":\"EntryPoint\",\"urlTemplate\":\"https:\/\/nitu.mx\/?s={search_term_string}\"},\"query-input\":\"required name=search_term_string\"}],\"inLanguage\":\"es-MX\"},{\"@type\":[\"Person\",\"Organization\"],\"@id\":\"https:\/\/nitu.mx\/#\/schema\/person\/ae7a53426417292d3dd07b45a33e01bc\",\"name\":\"Arturo Medina\",\"image\":{\"@type\":\"ImageObject\",\"inLanguage\":\"es-MX\",\"@id\":\"https:\/\/nitu.mx\/#\/schema\/person\/image\/\",\"url\":\"https:\/\/nitu.mx\/wp-content\/uploads\/2024\/04\/4A315622-1904-4D5C-B022-878CDC840E04-90x90-1.jpeg\",\"contentUrl\":\"https:\/\/nitu.mx\/wp-content\/uploads\/2024\/04\/4A315622-1904-4D5C-B022-878CDC840E04-90x90-1.jpeg\",\"width\":90,\"height\":90,\"caption\":\"Arturo Medina\"},\"logo\":{\"@id\":\"https:\/\/nitu.mx\/#\/schema\/person\/image\/\"},\"description\":\"Director NITU.mx, Egresado de la Escuela de Periodismo Carlos Septi\u00e9n Garc\u00eda. Periodista y analista especializado en turismo desde hace 35 a\u00f1os, radicado en Canc\u00fan Q.Roo. arturo@nitu.mx\",\"sameAs\":[\"https:\/\/nitu.mx\",\"https:\/\/www.facebook.com\/NITUmx\/\",\"medinacancun\",\"https:\/\/twitter.com\/@Arturo_Medina_G\"]},{\"@type\":\"Person\",\"@id\":\"https:\/\/nitu.mx\/#\/schema\/person\/2ecd887b19dfd3382d1f14fc5acf24a8\",\"name\":\"Alejandra Moncisbays\",\"image\":{\"@type\":\"ImageObject\",\"inLanguage\":\"es-MX\",\"@id\":\"https:\/\/nitu.mx\/#\/schema\/person\/image\/\",\"url\":\"https:\/\/secure.gravatar.com\/avatar\/e74f7af0be172b7804dacfd0bfbef787?s=96&d=mm&r=g\",\"contentUrl\":\"https:\/\/secure.gravatar.com\/avatar\/e74f7af0be172b7804dacfd0bfbef787?s=96&d=mm&r=g\",\"caption\":\"Alejandra Moncisbays\"},\"description\":\"Curs\u00e9 la carrera de Periodismo y Comunicaci\u00f3n en la Facultad de Estudios Profesionales Acatl\u00e1n. Vivo en Canc\u00fan desde hace 24 a\u00f1os. Fui reportera de La Tarde de Canc\u00fan, y Novedades de Quintana Roo, colabor\u00e9 en TVCUN, edit\u00e9 Cancun\u00edssimo y colabor\u00e9 en las revistas Latitud21, entre otras, con principal enfoque en los sectores empresarial y tur\u00edstico. Desde hace varios a\u00f1os soy Agente de Seguros con c\u00e9dula de la Comisi\u00f3n Nacional de Seguros y Fianzas. Actualmente, me desarrollo en los \u00e1mbitos del periodismo y el sector asegurador.\",\"sameAs\":[\"https:\/\/nitu.mx\"],\"url\":\"https:\/\/nitu.mx\/index.php\/author\/alejandra\/\"}]}<\/script>\n<!-- \/ Yoast SEO plugin. -->","yoast_head_json":{"title":"Caribe Mexicano \"en la Cresta de la Ola\", al ser sede de eventos de alcance mundial - Nitu - Noticias de la Industria Turistica","description":"Marisol Vanegas refiri\u00f3 que el Caribe Mexicano se encuentra en \"La Cresta de la Ola\" ya que ser\u00e1 sede de dos eventos de \u00edndole mundial.","robots":{"index":"index","follow":"follow","max-snippet":"max-snippet:-1","max-image-preview":"max-image-preview:large","max-video-preview":"max-video-preview:-1"},"canonical":"https:\/\/nitu.mx\/index.php\/2017\/01\/26\/caribe-mexicano-en-la-cresta-de-la-ola-al-ser-sede-de-eventos-de-alcance-mundial\/","twitter_card":"summary_large_image","twitter_title":"Caribe Mexicano \"en la Cresta de la Ola\", al ser sede de eventos de alcance mundial - Nitu - Noticias de la Industria Turistica","twitter_description":"Marisol Vanegas refiri\u00f3 que el Caribe Mexicano se encuentra en \"La Cresta de la Ola\" ya que ser\u00e1 sede de dos eventos de \u00edndole mundial.","twitter_image":"https:\/\/nitu.mx\/wp-content\/uploads\/2017\/01\/Caribe-Mexicano.jpg","twitter_creator":"@NITUmx","twitter_site":"@Arturo_Medina_G","twitter_misc":{"Escrito por":"Alejandra Moncisbays","Tiempo de lectura":"2 minutos"},"schema":{"@context":"https:\/\/schema.org","@graph":[{"@type":"Article","@id":"https:\/\/nitu.mx\/index.php\/2017\/01\/26\/caribe-mexicano-en-la-cresta-de-la-ola-al-ser-sede-de-eventos-de-alcance-mundial\/#article","isPartOf":{"@id":"https:\/\/nitu.mx\/index.php\/2017\/01\/26\/caribe-mexicano-en-la-cresta-de-la-ola-al-ser-sede-de-eventos-de-alcance-mundial\/"},"author":{"name":"Alejandra Moncisbays","@id":"https:\/\/nitu.mx\/#\/schema\/person\/2ecd887b19dfd3382d1f14fc5acf24a8"},"headline":"Caribe Mexicano &#8220;en la Cresta de la Ola&#8221;, al ser sede de eventos de alcance mundial","datePublished":"2017-01-26T06:43:17+00:00","dateModified":"2017-01-26T07:04:00+00:00","mainEntityOfPage":{"@id":"https:\/\/nitu.mx\/index.php\/2017\/01\/26\/caribe-mexicano-en-la-cresta-de-la-ola-al-ser-sede-de-eventos-de-alcance-mundial\/"},"wordCount":368,"commentCount":0,"publisher":{"@id":"https:\/\/nitu.mx\/#\/schema\/person\/ae7a53426417292d3dd07b45a33e01bc"},"image":{"@id":"https:\/\/nitu.mx\/index.php\/2017\/01\/26\/caribe-mexicano-en-la-cresta-de-la-ola-al-ser-sede-de-eventos-de-alcance-mundial\/#primaryimage"},"thumbnailUrl":"https:\/\/nitu.mx\/wp-content\/uploads\/2017\/01\/Caribe-Mexicano.jpg","keywords":["Caribe mexicano","Colibri Boutique Hotels","Conpenhague","Marisol Vanegas","Mejor Restaurante del Mundo","NOMA","Plataforma Global para la Reducci\u00f3n del Riesgo de Desastres de la ONU","Secretar\u00eda de Turismo"],"articleSection":["Marketing","M\u00e9xico"],"inLanguage":"es-MX","potentialAction":[{"@type":"CommentAction","name":"Comment","target":["https:\/\/nitu.mx\/index.php\/2017\/01\/26\/caribe-mexicano-en-la-cresta-de-la-ola-al-ser-sede-de-eventos-de-alcance-mundial\/#respond"]}]},{"@type":"WebPage","@id":"https:\/\/nitu.mx\/index.php\/2017\/01\/26\/caribe-mexicano-en-la-cresta-de-la-ola-al-ser-sede-de-eventos-de-alcance-mundial\/","url":"https:\/\/nitu.mx\/index.php\/2017\/01\/26\/caribe-mexicano-en-la-cresta-de-la-ola-al-ser-sede-de-eventos-de-alcance-mundial\/","name":"Caribe Mexicano \"en la Cresta de la Ola\", al ser sede de eventos de alcance mundial - Nitu - Noticias de la Industria Turistica","isPartOf":{"@id":"https:\/\/nitu.mx\/#website"},"primaryImageOfPage":{"@id":"https:\/\/nitu.mx\/index.php\/2017\/01\/26\/caribe-mexicano-en-la-cresta-de-la-ola-al-ser-sede-de-eventos-de-alcance-mundial\/#primaryimage"},"image":{"@id":"https:\/\/nitu.mx\/index.php\/2017\/01\/26\/caribe-mexicano-en-la-cresta-de-la-ola-al-ser-sede-de-eventos-de-alcance-mundial\/#primaryimage"},"thumbnailUrl":"https:\/\/nitu.mx\/wp-content\/uploads\/2017\/01\/Caribe-Mexicano.jpg","datePublished":"2017-01-26T06:43:17+00:00","dateModified":"2017-01-26T07:04:00+00:00","description":"Marisol Vanegas refiri\u00f3 que el Caribe Mexicano se encuentra en \"La Cresta de la Ola\" ya que ser\u00e1 sede de dos eventos de \u00edndole mundial.","breadcrumb":{"@id":"https:\/\/nitu.mx\/index.php\/2017\/01\/26\/caribe-mexicano-en-la-cresta-de-la-ola-al-ser-sede-de-eventos-de-alcance-mundial\/#breadcrumb"},"inLanguage":"es-MX","potentialAction":[{"@type":"ReadAction","target":["https:\/\/nitu.mx\/index.php\/2017\/01\/26\/caribe-mexicano-en-la-cresta-de-la-ola-al-ser-sede-de-eventos-de-alcance-mundial\/"]}]},{"@type":"ImageObject","inLanguage":"es-MX","@id":"https:\/\/nitu.mx\/index.php\/2017\/01\/26\/caribe-mexicano-en-la-cresta-de-la-ola-al-ser-sede-de-eventos-de-alcance-mundial\/#primaryimage","url":"https:\/\/nitu.mx\/wp-content\/uploads\/2017\/01\/Caribe-Mexicano.jpg","contentUrl":"https:\/\/nitu.mx\/wp-content\/uploads\/2017\/01\/Caribe-Mexicano.jpg","width":850,"height":480,"caption":"Caribe Mexicano"},{"@type":"BreadcrumbList","@id":"https:\/\/nitu.mx\/index.php\/2017\/01\/26\/caribe-mexicano-en-la-cresta-de-la-ola-al-ser-sede-de-eventos-de-alcance-mundial\/#breadcrumb","itemListElement":[{"@type":"ListItem","position":1,"name":"Inicio","item":"https:\/\/nitu.mx\/"},{"@type":"ListItem","position":2,"name":"Caribe Mexicano &#8220;en la Cresta de la Ola&#8221;, al ser sede de eventos de alcance mundial"}]},{"@type":"WebSite","@id":"https:\/\/nitu.mx\/#website","url":"https:\/\/nitu.mx\/","name":"Nitu - Noticias de la Industria Turistica","description":"Noticias de la Industria Turistica","publisher":{"@id":"https:\/\/nitu.mx\/#\/schema\/person\/ae7a53426417292d3dd07b45a33e01bc"},"alternateName":"Noticias de la Industria Turistica","potentialAction":[{"@type":"SearchAction","target":{"@type":"EntryPoint","urlTemplate":"https:\/\/nitu.mx\/?s={search_term_string}"},"query-input":"required name=search_term_string"}],"inLanguage":"es-MX"},{"@type":["Person","Organization"],"@id":"https:\/\/nitu.mx\/#\/schema\/person\/ae7a53426417292d3dd07b45a33e01bc","name":"Arturo Medina","image":{"@type":"ImageObject","inLanguage":"es-MX","@id":"https:\/\/nitu.mx\/#\/schema\/person\/image\/","url":"https:\/\/nitu.mx\/wp-content\/uploads\/2024\/04\/4A315622-1904-4D5C-B022-878CDC840E04-90x90-1.jpeg","contentUrl":"https:\/\/nitu.mx\/wp-content\/uploads\/2024\/04\/4A315622-1904-4D5C-B022-878CDC840E04-90x90-1.jpeg","width":90,"height":90,"caption":"Arturo Medina"},"logo":{"@id":"https:\/\/nitu.mx\/#\/schema\/person\/image\/"},"description":"Director NITU.mx, Egresado de la Escuela de Periodismo Carlos Septi\u00e9n Garc\u00eda. Periodista y analista especializado en turismo desde hace 35 a\u00f1os, radicado en Canc\u00fan Q.Roo. arturo@nitu.mx","sameAs":["https:\/\/nitu.mx","https:\/\/www.facebook.com\/NITUmx\/","medinacancun","https:\/\/twitter.com\/@Arturo_Medina_G"]},{"@type":"Person","@id":"https:\/\/nitu.mx\/#\/schema\/person\/2ecd887b19dfd3382d1f14fc5acf24a8","name":"Alejandra Moncisbays","image":{"@type":"ImageObject","inLanguage":"es-MX","@id":"https:\/\/nitu.mx\/#\/schema\/person\/image\/","url":"https:\/\/secure.gravatar.com\/avatar\/e74f7af0be172b7804dacfd0bfbef787?s=96&d=mm&r=g","contentUrl":"https:\/\/secure.gravatar.com\/avatar\/e74f7af0be172b7804dacfd0bfbef787?s=96&d=mm&r=g","caption":"Alejandra Moncisbays"},"description":"Curs\u00e9 la carrera de Periodismo y Comunicaci\u00f3n en la Facultad de Estudios Profesionales Acatl\u00e1n. Vivo en Canc\u00fan desde hace 24 a\u00f1os. Fui reportera de La Tarde de Canc\u00fan, y Novedades de Quintana Roo, colabor\u00e9 en TVCUN, edit\u00e9 Cancun\u00edssimo y colabor\u00e9 en las revistas Latitud21, entre otras, con principal enfoque en los sectores empresarial y tur\u00edstico. Desde hace varios a\u00f1os soy Agente de Seguros con c\u00e9dula de la Comisi\u00f3n Nacional de Seguros y Fianzas. Actualmente, me desarrollo en los \u00e1mbitos del periodismo y el sector asegurador.","sameAs":["https:\/\/nitu.mx"],"url":"https:\/\/nitu.mx\/index.php\/author\/alejandra\/"}]}},"views":236,"_links":{"self":[{"href":"https:\/\/nitu.mx\/index.php\/wp-json\/wp\/v2\/posts\/6320"}],"collection":[{"href":"https:\/\/nitu.mx\/index.php\/wp-json\/wp\/v2\/posts"}],"about":[{"href":"https:\/\/nitu.mx\/index.php\/wp-json\/wp\/v2\/types\/post"}],"author":[{"embeddable":true,"href":"https:\/\/nitu.mx\/index.php\/wp-json\/wp\/v2\/users\/3"}],"replies":[{"embeddable":true,"href":"https:\/\/nitu.mx\/index.php\/wp-json\/wp\/v2\/comments?post=6320"}],"version-history":[{"count":5,"href":"https:\/\/nitu.mx\/index.php\/wp-json\/wp\/v2\/posts\/6320\/revisions"}],"predecessor-version":[{"id":6352,"href":"https:\/\/nitu.mx\/index.php\/wp-json\/wp\/v2\/posts\/6320\/revisions\/6352"}],"wp:featuredmedia":[{"embeddable":true,"href":"https:\/\/nitu.mx\/index.php\/wp-json\/wp\/v2\/media\/6350"}],"wp:attachment":[{"href":"https:\/\/nitu.mx\/index.php\/wp-json\/wp\/v2\/media?parent=6320"}],"wp:term":[{"taxonomy":"category","embeddable":true,"href":"https:\/\/nitu.mx\/index.php\/wp-json\/wp\/v2\/categories?post=6320"},{"taxonomy":"post_tag","embeddable":true,"href":"https:\/\/nitu.mx\/index.php\/wp-json\/wp\/v2\/tags?post=6320"}],"curies":[{"name":"wp","href":"https:\/\/api.w.org\/{rel}","templated":true}]}}