{"id":63185,"date":"2023-01-30T14:56:14","date_gmt":"2023-01-30T19:56:14","guid":{"rendered":"https:\/\/www.dev.nitu.mx\/?p=63185"},"modified":"2023-01-31T00:47:26","modified_gmt":"2023-01-31T05:47:26","slug":"confirma-aeromexico-4-nuevas-rutas-una-es-cozumel","status":"publish","type":"post","link":"https:\/\/nitu.mx\/index.php\/2023\/01\/30\/confirma-aeromexico-4-nuevas-rutas-una-es-cozumel\/","title":{"rendered":"Confirma Aerom\u00e9xico 4 nuevas rutas, una es Cozumel"},"content":{"rendered":"<p>Manteniendo su compromiso de ofrecer la mayor conectividad dom\u00e9stica e internacional, Aerom\u00e9xico suma cuatro rutas directas partiendo del Aeropuerto Internacional de la Ciudad de M\u00e9xico (AICM) hacia Colima, Cozumel y Tepic, que comenzar\u00e1n a operar a partir del 26 de marzo de 2023, y Ciudad Victoria que iniciar\u00e1 servicio el 27 de marzo. En conjunto estos vuelos significan una oferta mensual de m\u00e1s de 24 mil asientos.<\/p>\n<p>Este crecimiento en rutas nacionales, adem\u00e1s del incremento en frecuencias hacia Madrid desde Guadalajara y Monterrey, el regreso a Asia a trav\u00e9s de Jap\u00f3n y los nuevos vuelos directos a Roma, implica que Aerom\u00e9xico superar\u00e1 m\u00e1s de un centenar de rutas, dando servicio a 59 nacionales y 47 internacionales.<\/p>\n<p>Jos\u00e9 Zapata, vicepresidente de Ventas M\u00e9xico de Grupo Aerom\u00e9xico, expres\u00f3: \u201cNos llena de orgullo anunciar la reactivaci\u00f3n e inicio de estos vuelos. Detr\u00e1s de cada ruta hay un enorme esfuerzo de la aerol\u00ednea bandera de M\u00e9xico y de quienes conf\u00edan en nosotros\u201d. El directivo agreg\u00f3: \u201cAmpliar la red de nuestro pa\u00eds genera empleos, turismo y desarrollo en beneficio de los mexicanos, por lo que tambi\u00e9n continuaremos conectando a M\u00e9xico con el Mundo y al Mundo con M\u00e9xico\u201d<\/p>\n<p>Con esto Aerom\u00e9xico contin\u00faa sumando \u00e9xitos como los alcanzados el a\u00f1o previo, como la incorporaci\u00f3n de 20 nuevos aviones y el anuncio de apertura de 13 nuevas rutas; reforz\u00f3 otros centros de conectividad relevantes como Monterrey y Guadalajara; increment\u00f3 en m\u00e1s de 25% la capacidad en el mercado dom\u00e9stico y super\u00f3 los clientes transportados antes de la pandemia al totalizar casi 22 millones, entre muchos m\u00e1s.<\/p>\n<p>Aerom\u00e9xico agradece a las autoridades aeron\u00e1uticas, aeroportuarias y a los gobiernos de los estados de Colima, Nayarit, Quintana Roo y Tamaulipas por el mutuo inter\u00e9s de conectar mejor a nuestro pa\u00eds. La aerol\u00ednea bandera de M\u00e9xico seguir\u00e1 contribuyendo al desarrollo econ\u00f3mico y tur\u00edstico, acercando a los viajeros y las mercanc\u00edas hacia destinos clave con la mejor flota, el mejor servicio y los m\u00e1s altos est\u00e1ndares de seguridad de la industria.\u00a0<a title=\"CNBV autoriza salida de Aerom\u00e9xico de la Bolsa Mexicana de Valores\" href=\"https:\/\/www.dev.nitu.mx\/index.php\/2022\/12\/29\/cnbv-autoriza-salida-de-aeromexico-de-la-bolsa-mexicana-de-valores\/\" rel=\"bookmark\">(CNBV autoriza salida de Aerom\u00e9xico de la Bolsa Mexicana de Valores<\/a>).<\/p>\n","protected":false},"excerpt":{"rendered":"<p>Manteniendo su compromiso de ofrecer la mayor conectividad dom\u00e9stica e internacional, Aerom\u00e9xico suma cuatro rutas directas partiendo del Aeropuerto Internacional de la Ciudad de M\u00e9xico (AICM) hacia Colima, Cozumel y Tepic, que comenzar\u00e1n a operar a partir del 26 de marzo de 2023, y Ciudad Victoria que iniciar\u00e1 servicio el 27 de marzo. En conjunto [&hellip;]<\/p>\n","protected":false},"author":2,"featured_media":36133,"comment_status":"open","ping_status":"open","sticky":false,"template":"","format":"standard","meta":{"footnotes":""},"categories":[29],"tags":[30,294,110,260],"yoast_head":"<!-- This site is optimized with the Yoast SEO plugin v22.2 - https:\/\/yoast.com\/wordpress\/plugins\/seo\/ -->\n<title>Confirma Aerom\u00e9xico 4 nuevas rutas, una es Cozumel - Nitu - Noticias de la Industria Turistica<\/title>\n<meta name=\"robots\" content=\"index, follow, max-snippet:-1, max-image-preview:large, max-video-preview:-1\" \/>\n<link rel=\"canonical\" href=\"https:\/\/nitu.mx\/index.php\/2023\/01\/30\/confirma-aeromexico-4-nuevas-rutas-una-es-cozumel\/\" \/>\n<meta name=\"twitter:card\" content=\"summary_large_image\" \/>\n<meta name=\"twitter:title\" content=\"Confirma Aerom\u00e9xico 4 nuevas rutas, una es Cozumel - Nitu - Noticias de la Industria Turistica\" \/>\n<meta name=\"twitter:description\" content=\"Manteniendo su compromiso de ofrecer la mayor conectividad dom\u00e9stica e internacional, Aerom\u00e9xico suma cuatro rutas directas partiendo del Aeropuerto Internacional de la Ciudad de M\u00e9xico (AICM) hacia Colima, Cozumel y Tepic, que comenzar\u00e1n a operar a partir del 26 de marzo de 2023, y Ciudad Victoria que iniciar\u00e1 servicio el 27 de marzo. En conjunto [&hellip;]\" \/>\n<meta name=\"twitter:image\" content=\"https:\/\/nitu.mx\/wp-content\/uploads\/2019\/10\/El-Cielo-Cozumel.jpg\" \/>\n<meta name=\"twitter:creator\" content=\"@Arturo_Medina_G\" \/>\n<meta name=\"twitter:site\" content=\"@Arturo_Medina_G\" \/>\n<meta name=\"twitter:label1\" content=\"Escrito por\" \/>\n\t<meta name=\"twitter:data1\" content=\"Arturo Medina\" \/>\n\t<meta name=\"twitter:label2\" content=\"Tiempo de lectura\" \/>\n\t<meta name=\"twitter:data2\" content=\"2 minutos\" \/>\n<script type=\"application\/ld+json\" class=\"yoast-schema-graph\">{\"@context\":\"https:\/\/schema.org\",\"@graph\":[{\"@type\":\"Article\",\"@id\":\"https:\/\/nitu.mx\/index.php\/2023\/01\/30\/confirma-aeromexico-4-nuevas-rutas-una-es-cozumel\/#article\",\"isPartOf\":{\"@id\":\"https:\/\/nitu.mx\/index.php\/2023\/01\/30\/confirma-aeromexico-4-nuevas-rutas-una-es-cozumel\/\"},\"author\":{\"name\":\"Arturo Medina\",\"@id\":\"https:\/\/nitu.mx\/#\/schema\/person\/ae7a53426417292d3dd07b45a33e01bc\"},\"headline\":\"Confirma Aerom\u00e9xico 4 nuevas rutas, una es Cozumel\",\"datePublished\":\"2023-01-30T19:56:14+00:00\",\"dateModified\":\"2023-01-31T05:47:26+00:00\",\"mainEntityOfPage\":{\"@id\":\"https:\/\/nitu.mx\/index.php\/2023\/01\/30\/confirma-aeromexico-4-nuevas-rutas-una-es-cozumel\/\"},\"wordCount\":378,\"commentCount\":0,\"publisher\":{\"@id\":\"https:\/\/nitu.mx\/#\/schema\/person\/ae7a53426417292d3dd07b45a33e01bc\"},\"image\":{\"@id\":\"https:\/\/nitu.mx\/index.php\/2023\/01\/30\/confirma-aeromexico-4-nuevas-rutas-una-es-cozumel\/#primaryimage\"},\"thumbnailUrl\":\"https:\/\/nitu.mx\/wp-content\/uploads\/2019\/10\/El-Cielo-Cozumel.jpg\",\"keywords\":[\"Aerom\u00e9xico\",\"AICM\",\"Cozumel\",\"Quintana Roo\"],\"articleSection\":[\"Aerol\u00edneas\"],\"inLanguage\":\"es-MX\",\"potentialAction\":[{\"@type\":\"CommentAction\",\"name\":\"Comment\",\"target\":[\"https:\/\/nitu.mx\/index.php\/2023\/01\/30\/confirma-aeromexico-4-nuevas-rutas-una-es-cozumel\/#respond\"]}]},{\"@type\":\"WebPage\",\"@id\":\"https:\/\/nitu.mx\/index.php\/2023\/01\/30\/confirma-aeromexico-4-nuevas-rutas-una-es-cozumel\/\",\"url\":\"https:\/\/nitu.mx\/index.php\/2023\/01\/30\/confirma-aeromexico-4-nuevas-rutas-una-es-cozumel\/\",\"name\":\"Confirma Aerom\u00e9xico 4 nuevas rutas, una es Cozumel - Nitu - Noticias de la Industria Turistica\",\"isPartOf\":{\"@id\":\"https:\/\/nitu.mx\/#website\"},\"primaryImageOfPage\":{\"@id\":\"https:\/\/nitu.mx\/index.php\/2023\/01\/30\/confirma-aeromexico-4-nuevas-rutas-una-es-cozumel\/#primaryimage\"},\"image\":{\"@id\":\"https:\/\/nitu.mx\/index.php\/2023\/01\/30\/confirma-aeromexico-4-nuevas-rutas-una-es-cozumel\/#primaryimage\"},\"thumbnailUrl\":\"https:\/\/nitu.mx\/wp-content\/uploads\/2019\/10\/El-Cielo-Cozumel.jpg\",\"datePublished\":\"2023-01-30T19:56:14+00:00\",\"dateModified\":\"2023-01-31T05:47:26+00:00\",\"breadcrumb\":{\"@id\":\"https:\/\/nitu.mx\/index.php\/2023\/01\/30\/confirma-aeromexico-4-nuevas-rutas-una-es-cozumel\/#breadcrumb\"},\"inLanguage\":\"es-MX\",\"potentialAction\":[{\"@type\":\"ReadAction\",\"target\":[\"https:\/\/nitu.mx\/index.php\/2023\/01\/30\/confirma-aeromexico-4-nuevas-rutas-una-es-cozumel\/\"]}]},{\"@type\":\"ImageObject\",\"inLanguage\":\"es-MX\",\"@id\":\"https:\/\/nitu.mx\/index.php\/2023\/01\/30\/confirma-aeromexico-4-nuevas-rutas-una-es-cozumel\/#primaryimage\",\"url\":\"https:\/\/nitu.mx\/wp-content\/uploads\/2019\/10\/El-Cielo-Cozumel.jpg\",\"contentUrl\":\"https:\/\/nitu.mx\/wp-content\/uploads\/2019\/10\/El-Cielo-Cozumel.jpg\",\"width\":850,\"height\":480,\"caption\":\"El Cielo\"},{\"@type\":\"BreadcrumbList\",\"@id\":\"https:\/\/nitu.mx\/index.php\/2023\/01\/30\/confirma-aeromexico-4-nuevas-rutas-una-es-cozumel\/#breadcrumb\",\"itemListElement\":[{\"@type\":\"ListItem\",\"position\":1,\"name\":\"Inicio\",\"item\":\"https:\/\/nitu.mx\/\"},{\"@type\":\"ListItem\",\"position\":2,\"name\":\"Confirma Aerom\u00e9xico 4 nuevas rutas, una es Cozumel\"}]},{\"@type\":\"WebSite\",\"@id\":\"https:\/\/nitu.mx\/#website\",\"url\":\"https:\/\/nitu.mx\/\",\"name\":\"Nitu - Noticias de la Industria Turistica\",\"description\":\"Noticias de la Industria Turistica\",\"publisher\":{\"@id\":\"https:\/\/nitu.mx\/#\/schema\/person\/ae7a53426417292d3dd07b45a33e01bc\"},\"alternateName\":\"Noticias de la Industria Turistica\",\"potentialAction\":[{\"@type\":\"SearchAction\",\"target\":{\"@type\":\"EntryPoint\",\"urlTemplate\":\"https:\/\/nitu.mx\/?s={search_term_string}\"},\"query-input\":\"required name=search_term_string\"}],\"inLanguage\":\"es-MX\"},{\"@type\":[\"Person\",\"Organization\"],\"@id\":\"https:\/\/nitu.mx\/#\/schema\/person\/ae7a53426417292d3dd07b45a33e01bc\",\"name\":\"Arturo Medina\",\"image\":{\"@type\":\"ImageObject\",\"inLanguage\":\"es-MX\",\"@id\":\"https:\/\/nitu.mx\/#\/schema\/person\/image\/\",\"url\":\"https:\/\/nitu.mx\/wp-content\/uploads\/2024\/04\/4A315622-1904-4D5C-B022-878CDC840E04-90x90-1.jpeg\",\"contentUrl\":\"https:\/\/nitu.mx\/wp-content\/uploads\/2024\/04\/4A315622-1904-4D5C-B022-878CDC840E04-90x90-1.jpeg\",\"width\":90,\"height\":90,\"caption\":\"Arturo Medina\"},\"logo\":{\"@id\":\"https:\/\/nitu.mx\/#\/schema\/person\/image\/\"},\"description\":\"Director NITU.mx, Egresado de la Escuela de Periodismo Carlos Septi\u00e9n Garc\u00eda. Periodista y analista especializado en turismo desde hace 35 a\u00f1os, radicado en Canc\u00fan Q.Roo. arturo@nitu.mx\",\"sameAs\":[\"https:\/\/nitu.mx\",\"https:\/\/www.facebook.com\/NITUmx\/\",\"medinacancun\",\"https:\/\/twitter.com\/@Arturo_Medina_G\"],\"url\":\"https:\/\/nitu.mx\/index.php\/author\/arturo-medina\/\"}]}<\/script>\n<!-- \/ Yoast SEO plugin. -->","yoast_head_json":{"title":"Confirma Aerom\u00e9xico 4 nuevas rutas, una es Cozumel - Nitu - Noticias de la Industria Turistica","robots":{"index":"index","follow":"follow","max-snippet":"max-snippet:-1","max-image-preview":"max-image-preview:large","max-video-preview":"max-video-preview:-1"},"canonical":"https:\/\/nitu.mx\/index.php\/2023\/01\/30\/confirma-aeromexico-4-nuevas-rutas-una-es-cozumel\/","twitter_card":"summary_large_image","twitter_title":"Confirma Aerom\u00e9xico 4 nuevas rutas, una es Cozumel - Nitu - Noticias de la Industria Turistica","twitter_description":"Manteniendo su compromiso de ofrecer la mayor conectividad dom\u00e9stica e internacional, Aerom\u00e9xico suma cuatro rutas directas partiendo del Aeropuerto Internacional de la Ciudad de M\u00e9xico (AICM) hacia Colima, Cozumel y Tepic, que comenzar\u00e1n a operar a partir del 26 de marzo de 2023, y Ciudad Victoria que iniciar\u00e1 servicio el 27 de marzo. En conjunto [&hellip;]","twitter_image":"https:\/\/nitu.mx\/wp-content\/uploads\/2019\/10\/El-Cielo-Cozumel.jpg","twitter_creator":"@Arturo_Medina_G","twitter_site":"@Arturo_Medina_G","twitter_misc":{"Escrito por":"Arturo Medina","Tiempo de lectura":"2 minutos"},"schema":{"@context":"https:\/\/schema.org","@graph":[{"@type":"Article","@id":"https:\/\/nitu.mx\/index.php\/2023\/01\/30\/confirma-aeromexico-4-nuevas-rutas-una-es-cozumel\/#article","isPartOf":{"@id":"https:\/\/nitu.mx\/index.php\/2023\/01\/30\/confirma-aeromexico-4-nuevas-rutas-una-es-cozumel\/"},"author":{"name":"Arturo Medina","@id":"https:\/\/nitu.mx\/#\/schema\/person\/ae7a53426417292d3dd07b45a33e01bc"},"headline":"Confirma Aerom\u00e9xico 4 nuevas rutas, una es Cozumel","datePublished":"2023-01-30T19:56:14+00:00","dateModified":"2023-01-31T05:47:26+00:00","mainEntityOfPage":{"@id":"https:\/\/nitu.mx\/index.php\/2023\/01\/30\/confirma-aeromexico-4-nuevas-rutas-una-es-cozumel\/"},"wordCount":378,"commentCount":0,"publisher":{"@id":"https:\/\/nitu.mx\/#\/schema\/person\/ae7a53426417292d3dd07b45a33e01bc"},"image":{"@id":"https:\/\/nitu.mx\/index.php\/2023\/01\/30\/confirma-aeromexico-4-nuevas-rutas-una-es-cozumel\/#primaryimage"},"thumbnailUrl":"https:\/\/nitu.mx\/wp-content\/uploads\/2019\/10\/El-Cielo-Cozumel.jpg","keywords":["Aerom\u00e9xico","AICM","Cozumel","Quintana Roo"],"articleSection":["Aerol\u00edneas"],"inLanguage":"es-MX","potentialAction":[{"@type":"CommentAction","name":"Comment","target":["https:\/\/nitu.mx\/index.php\/2023\/01\/30\/confirma-aeromexico-4-nuevas-rutas-una-es-cozumel\/#respond"]}]},{"@type":"WebPage","@id":"https:\/\/nitu.mx\/index.php\/2023\/01\/30\/confirma-aeromexico-4-nuevas-rutas-una-es-cozumel\/","url":"https:\/\/nitu.mx\/index.php\/2023\/01\/30\/confirma-aeromexico-4-nuevas-rutas-una-es-cozumel\/","name":"Confirma Aerom\u00e9xico 4 nuevas rutas, una es Cozumel - Nitu - Noticias de la Industria Turistica","isPartOf":{"@id":"https:\/\/nitu.mx\/#website"},"primaryImageOfPage":{"@id":"https:\/\/nitu.mx\/index.php\/2023\/01\/30\/confirma-aeromexico-4-nuevas-rutas-una-es-cozumel\/#primaryimage"},"image":{"@id":"https:\/\/nitu.mx\/index.php\/2023\/01\/30\/confirma-aeromexico-4-nuevas-rutas-una-es-cozumel\/#primaryimage"},"thumbnailUrl":"https:\/\/nitu.mx\/wp-content\/uploads\/2019\/10\/El-Cielo-Cozumel.jpg","datePublished":"2023-01-30T19:56:14+00:00","dateModified":"2023-01-31T05:47:26+00:00","breadcrumb":{"@id":"https:\/\/nitu.mx\/index.php\/2023\/01\/30\/confirma-aeromexico-4-nuevas-rutas-una-es-cozumel\/#breadcrumb"},"inLanguage":"es-MX","potentialAction":[{"@type":"ReadAction","target":["https:\/\/nitu.mx\/index.php\/2023\/01\/30\/confirma-aeromexico-4-nuevas-rutas-una-es-cozumel\/"]}]},{"@type":"ImageObject","inLanguage":"es-MX","@id":"https:\/\/nitu.mx\/index.php\/2023\/01\/30\/confirma-aeromexico-4-nuevas-rutas-una-es-cozumel\/#primaryimage","url":"https:\/\/nitu.mx\/wp-content\/uploads\/2019\/10\/El-Cielo-Cozumel.jpg","contentUrl":"https:\/\/nitu.mx\/wp-content\/uploads\/2019\/10\/El-Cielo-Cozumel.jpg","width":850,"height":480,"caption":"El Cielo"},{"@type":"BreadcrumbList","@id":"https:\/\/nitu.mx\/index.php\/2023\/01\/30\/confirma-aeromexico-4-nuevas-rutas-una-es-cozumel\/#breadcrumb","itemListElement":[{"@type":"ListItem","position":1,"name":"Inicio","item":"https:\/\/nitu.mx\/"},{"@type":"ListItem","position":2,"name":"Confirma Aerom\u00e9xico 4 nuevas rutas, una es Cozumel"}]},{"@type":"WebSite","@id":"https:\/\/nitu.mx\/#website","url":"https:\/\/nitu.mx\/","name":"Nitu - Noticias de la Industria Turistica","description":"Noticias de la Industria Turistica","publisher":{"@id":"https:\/\/nitu.mx\/#\/schema\/person\/ae7a53426417292d3dd07b45a33e01bc"},"alternateName":"Noticias de la Industria Turistica","potentialAction":[{"@type":"SearchAction","target":{"@type":"EntryPoint","urlTemplate":"https:\/\/nitu.mx\/?s={search_term_string}"},"query-input":"required name=search_term_string"}],"inLanguage":"es-MX"},{"@type":["Person","Organization"],"@id":"https:\/\/nitu.mx\/#\/schema\/person\/ae7a53426417292d3dd07b45a33e01bc","name":"Arturo Medina","image":{"@type":"ImageObject","inLanguage":"es-MX","@id":"https:\/\/nitu.mx\/#\/schema\/person\/image\/","url":"https:\/\/nitu.mx\/wp-content\/uploads\/2024\/04\/4A315622-1904-4D5C-B022-878CDC840E04-90x90-1.jpeg","contentUrl":"https:\/\/nitu.mx\/wp-content\/uploads\/2024\/04\/4A315622-1904-4D5C-B022-878CDC840E04-90x90-1.jpeg","width":90,"height":90,"caption":"Arturo Medina"},"logo":{"@id":"https:\/\/nitu.mx\/#\/schema\/person\/image\/"},"description":"Director NITU.mx, Egresado de la Escuela de Periodismo Carlos Septi\u00e9n Garc\u00eda. Periodista y analista especializado en turismo desde hace 35 a\u00f1os, radicado en Canc\u00fan Q.Roo. arturo@nitu.mx","sameAs":["https:\/\/nitu.mx","https:\/\/www.facebook.com\/NITUmx\/","medinacancun","https:\/\/twitter.com\/@Arturo_Medina_G"],"url":"https:\/\/nitu.mx\/index.php\/author\/arturo-medina\/"}]}},"views":837,"_links":{"self":[{"href":"https:\/\/nitu.mx\/index.php\/wp-json\/wp\/v2\/posts\/63185"}],"collection":[{"href":"https:\/\/nitu.mx\/index.php\/wp-json\/wp\/v2\/posts"}],"about":[{"href":"https:\/\/nitu.mx\/index.php\/wp-json\/wp\/v2\/types\/post"}],"author":[{"embeddable":true,"href":"https:\/\/nitu.mx\/index.php\/wp-json\/wp\/v2\/users\/2"}],"replies":[{"embeddable":true,"href":"https:\/\/nitu.mx\/index.php\/wp-json\/wp\/v2\/comments?post=63185"}],"version-history":[{"count":3,"href":"https:\/\/nitu.mx\/index.php\/wp-json\/wp\/v2\/posts\/63185\/revisions"}],"predecessor-version":[{"id":63197,"href":"https:\/\/nitu.mx\/index.php\/wp-json\/wp\/v2\/posts\/63185\/revisions\/63197"}],"wp:featuredmedia":[{"embeddable":true,"href":"https:\/\/nitu.mx\/index.php\/wp-json\/wp\/v2\/media\/36133"}],"wp:attachment":[{"href":"https:\/\/nitu.mx\/index.php\/wp-json\/wp\/v2\/media?parent=63185"}],"wp:term":[{"taxonomy":"category","embeddable":true,"href":"https:\/\/nitu.mx\/index.php\/wp-json\/wp\/v2\/categories?post=63185"},{"taxonomy":"post_tag","embeddable":true,"href":"https:\/\/nitu.mx\/index.php\/wp-json\/wp\/v2\/tags?post=63185"}],"curies":[{"name":"wp","href":"https:\/\/api.w.org\/{rel}","templated":true}]}}