{"id":63156,"date":"2023-01-26T23:37:00","date_gmt":"2023-01-27T04:37:00","guid":{"rendered":"https:\/\/www.dev.nitu.mx\/?p=63156"},"modified":"2023-01-27T00:30:09","modified_gmt":"2023-01-27T05:30:09","slug":"viva-aerobus-convierte-en-regular-su-ruta-de-invierno-aifa-tijuana","status":"publish","type":"post","link":"https:\/\/nitu.mx\/index.php\/2023\/01\/26\/viva-aerobus-convierte-en-regular-su-ruta-de-invierno-aifa-tijuana\/","title":{"rendered":"Viva Aerobus convierte en regular su ruta de invierno AIFA-Tijuana"},"content":{"rendered":"<p style=\"font-weight: 400;\">Ante la buena respuesta del mercado de la ruta de temporada desde el Aeropuerto Internacional Felipe \u00c1ngeles (AIFA) a Tijuana, que se oper\u00f3 entre diciembre e inicios de enero, Viva Aerobus inform\u00f3 que la integrar\u00e1 a su portafolio de rutas regulares con el prop\u00f3sito de conectar de manera permanente el noroeste del pa\u00eds con la Zona Metropolitana del Valle de M\u00e9xico a precios bajos.<\/p>\n<p style=\"font-weight: 400;\">\u201cLa decisi\u00f3n que estos vuelos de temporada a Tijuana se conviertan en una ruta regular es una prueba m\u00e1s del potencial y atractivo del AIFA para aerol\u00edneas y pasajeros, trat\u00e1ndose de una infraestructura que les brinda comodidad, precios competitivos y un muy buen servicio para poder viajar\u201d, afirm\u00f3 el general Isidoro Pastor, director general del AIFA.<\/p>\n<p style=\"font-weight: 400;\">\u201cEstamos convencidos que esta decisi\u00f3n de Viva Aerobus ser\u00e1 un \u00e9xito y un paso m\u00e1s en nuestro objetivo de transportar a m\u00e1s de 5 millones de pasajeros desde este nuevo aeropuerto durante el 2023\u201d, a\u00f1adi\u00f3.<\/p>\n<p style=\"font-weight: 400;\">La nueva ruta comenzar\u00e1 a operar de manera regular el pr\u00f3ximo 30 de marzo y ofrecer\u00e1 una frecuencia diaria. Todos estos vuelos se realizar\u00e1n con la flota m\u00e1s joven de M\u00e9xico, y la cuarta de Norteam\u00e9rica, integrada por aeronaves Airbus A320 y A321 con una edad promedio de tan s\u00f3lo 5.28 a\u00f1os.\u00a0<a title=\"Viva Aerobus es reconocida por tener la 4a flota m\u00e1s joven de Norteam\u00e9rica\" href=\"https:\/\/www.dev.nitu.mx\/index.php\/2023\/01\/24\/viva-aerobus-es-reconocida-por-tener-la-4a-flota-mas-joven-de-norteamerica\/\" rel=\"bookmark\">(Viva Aerobus es reconocida por tener la 4a flota m\u00e1s joven de Norteam\u00e9rica<\/a>).<\/p>\n<p style=\"font-weight: 400;\">Los boletos, ya a la venta, pueden encontrarse a precios que inician desde 489 pesos en pesos en viaje sencillo, m\u00e1s el pago por la Tarifa de Uso Aeroportuario (TUA).<\/p>\n<p style=\"font-weight: 400;\">\u201cAgradecemos la preferencia y confianza de todos nuestros pasajeros que nos ha permitido incorporar el vuelo AIFA \u2013 Tijuana a nuestra red de rutas regulares. Seguimos ampliando nuestras operaciones para conectar m\u00e1s y m\u00e1s destinos para comodidad de los viajeros con aviones nuevos y los precios m\u00e1s bajos\u201d, afirm\u00f3 Juan Carlos Zuazua, director general de Viva Aerobus.<\/p>\n<p style=\"font-weight: 400;\">Viva Aerobus recuerda que esta ruta, adem\u00e1s, es un puente que facilita el tr\u00e1nsito entre M\u00e9xico y Estados Unidos ya que los pasajeros pueden aprovechar las facilidades que brinda la aerol\u00ednea para agilizar su cruce fronterizo a trav\u00e9s del Cross Border Express (CBX), el puente peatonal que conecta el Aeropuerto de Tijuana con San Diego.<\/p>\n<p style=\"font-weight: 400;\">Los pasajeros pueden comprar de manera \u00e1gil y sencilla su boleto CBX en los canales oficiales de la aerol\u00ednea: sitio web, Call Center y Viva Tiendas; as\u00ed como adquirir los servicios de la aerol\u00ednea en los mostradores de Viva dentro del CBX.<\/p>\n<p style=\"font-weight: 400;\">Con este anuncio, Viva Aerobus fortalece su presencia en el nuevo aeropuerto de la Ciudad de M\u00e9xico, donde ya ofrece siete rutas regulares, seis nacionales y una internacional, con destino a Acapulco, Canc\u00fan, La Habana, Monterrey, Oaxaca, Puerto Escondido y Tijuana.<\/p>\n<p style=\"font-weight: 400;\">Respecto al compromiso con la conectividad de Tijuana,\u00a0es una de las seis bases operativas de Viva Aerobus, ciudad donde la aerol\u00ednea ya suma once rutas, volando al Aeropuerto Internacional de la Ciudad de M\u00e9xico (AICM), Canc\u00fan, Culiac\u00e1n, Guadalajara, Le\u00f3n, Morelia, Monterrey, Mazatl\u00e1n, Puerto Vallarta, Los Cabos y ahora, al AIFA.<\/p>\n<p style=\"font-weight: 400;\">Esta importante presencia de la aerol\u00ednea mexicana de bajo costo en la ciudad fronteriza es acompa\u00f1ada por una creciente preferencia de los pasajeros. En este sentido, durante el 2022, la aerol\u00ednea increment\u00f3 en 57% su n\u00famero de pasajeros desde\/hacia esta entidad en comparaci\u00f3n con el 2021, con una cifra superior a los 2.8 millones de pasajeros.<\/p>\n","protected":false},"excerpt":{"rendered":"<p>Ante la buena respuesta del mercado de la ruta de temporada desde el Aeropuerto Internacional Felipe \u00c1ngeles (AIFA) a Tijuana, que se oper\u00f3 entre diciembre e inicios de enero, Viva Aerobus inform\u00f3 que la integrar\u00e1 a su portafolio de rutas regulares con el prop\u00f3sito de conectar de manera permanente el noroeste del pa\u00eds con la [&hellip;]<\/p>\n","protected":false},"author":17,"featured_media":57619,"comment_status":"open","ping_status":"open","sticky":false,"template":"","format":"standard","meta":{"footnotes":""},"categories":[29],"tags":[21925,295,489,2102],"yoast_head":"<!-- This site is optimized with the Yoast SEO plugin v22.2 - https:\/\/yoast.com\/wordpress\/plugins\/seo\/ -->\n<title>Viva Aerobus convierte en regular su ruta de invierno AIFA-Tijuana - Nitu - Noticias de la Industria Turistica<\/title>\n<meta name=\"robots\" content=\"index, follow, max-snippet:-1, max-image-preview:large, max-video-preview:-1\" \/>\n<link rel=\"canonical\" href=\"https:\/\/nitu.mx\/index.php\/2023\/01\/26\/viva-aerobus-convierte-en-regular-su-ruta-de-invierno-aifa-tijuana\/\" \/>\n<meta name=\"twitter:card\" content=\"summary_large_image\" \/>\n<meta name=\"twitter:title\" content=\"Viva Aerobus convierte en regular su ruta de invierno AIFA-Tijuana - Nitu - Noticias de la Industria Turistica\" \/>\n<meta name=\"twitter:description\" content=\"Ante la buena respuesta del mercado de la ruta de temporada desde el Aeropuerto Internacional Felipe \u00c1ngeles (AIFA) a Tijuana, que se oper\u00f3 entre diciembre e inicios de enero, Viva Aerobus inform\u00f3 que la integrar\u00e1 a su portafolio de rutas regulares con el prop\u00f3sito de conectar de manera permanente el noroeste del pa\u00eds con la [&hellip;]\" \/>\n<meta name=\"twitter:image\" content=\"https:\/\/nitu.mx\/wp-content\/uploads\/2022\/01\/Viva-Aerobus-A321.jpg\" \/>\n<meta name=\"twitter:creator\" content=\"@NITUmx\" \/>\n<meta name=\"twitter:site\" content=\"@Arturo_Medina_G\" \/>\n<meta name=\"twitter:label1\" content=\"Escrito por\" \/>\n\t<meta name=\"twitter:data1\" content=\"Redacci\u00f3n\" \/>\n\t<meta name=\"twitter:label2\" content=\"Tiempo de lectura\" \/>\n\t<meta name=\"twitter:data2\" content=\"3 minutos\" \/>\n<script type=\"application\/ld+json\" class=\"yoast-schema-graph\">{\"@context\":\"https:\/\/schema.org\",\"@graph\":[{\"@type\":\"Article\",\"@id\":\"https:\/\/nitu.mx\/index.php\/2023\/01\/26\/viva-aerobus-convierte-en-regular-su-ruta-de-invierno-aifa-tijuana\/#article\",\"isPartOf\":{\"@id\":\"https:\/\/nitu.mx\/index.php\/2023\/01\/26\/viva-aerobus-convierte-en-regular-su-ruta-de-invierno-aifa-tijuana\/\"},\"author\":{\"name\":\"Redacci\u00f3n\",\"@id\":\"https:\/\/nitu.mx\/#\/schema\/person\/4a28fe9bd65924f7c90623773daf1b0b\"},\"headline\":\"Viva Aerobus convierte en regular su ruta de invierno AIFA-Tijuana\",\"datePublished\":\"2023-01-27T04:37:00+00:00\",\"dateModified\":\"2023-01-27T05:30:09+00:00\",\"mainEntityOfPage\":{\"@id\":\"https:\/\/nitu.mx\/index.php\/2023\/01\/26\/viva-aerobus-convierte-en-regular-su-ruta-de-invierno-aifa-tijuana\/\"},\"wordCount\":597,\"commentCount\":0,\"publisher\":{\"@id\":\"https:\/\/nitu.mx\/#\/schema\/person\/ae7a53426417292d3dd07b45a33e01bc\"},\"image\":{\"@id\":\"https:\/\/nitu.mx\/index.php\/2023\/01\/26\/viva-aerobus-convierte-en-regular-su-ruta-de-invierno-aifa-tijuana\/#primaryimage\"},\"thumbnailUrl\":\"https:\/\/nitu.mx\/wp-content\/uploads\/2022\/01\/Viva-Aerobus-A321.jpg\",\"keywords\":[\"AIFA\",\"Juan Carlos Zuazua\",\"Tijuana\",\"Viva Aerobus\"],\"articleSection\":[\"Aerol\u00edneas\"],\"inLanguage\":\"es-MX\",\"potentialAction\":[{\"@type\":\"CommentAction\",\"name\":\"Comment\",\"target\":[\"https:\/\/nitu.mx\/index.php\/2023\/01\/26\/viva-aerobus-convierte-en-regular-su-ruta-de-invierno-aifa-tijuana\/#respond\"]}]},{\"@type\":\"WebPage\",\"@id\":\"https:\/\/nitu.mx\/index.php\/2023\/01\/26\/viva-aerobus-convierte-en-regular-su-ruta-de-invierno-aifa-tijuana\/\",\"url\":\"https:\/\/nitu.mx\/index.php\/2023\/01\/26\/viva-aerobus-convierte-en-regular-su-ruta-de-invierno-aifa-tijuana\/\",\"name\":\"Viva Aerobus convierte en regular su ruta de invierno AIFA-Tijuana - Nitu - Noticias de la Industria Turistica\",\"isPartOf\":{\"@id\":\"https:\/\/nitu.mx\/#website\"},\"primaryImageOfPage\":{\"@id\":\"https:\/\/nitu.mx\/index.php\/2023\/01\/26\/viva-aerobus-convierte-en-regular-su-ruta-de-invierno-aifa-tijuana\/#primaryimage\"},\"image\":{\"@id\":\"https:\/\/nitu.mx\/index.php\/2023\/01\/26\/viva-aerobus-convierte-en-regular-su-ruta-de-invierno-aifa-tijuana\/#primaryimage\"},\"thumbnailUrl\":\"https:\/\/nitu.mx\/wp-content\/uploads\/2022\/01\/Viva-Aerobus-A321.jpg\",\"datePublished\":\"2023-01-27T04:37:00+00:00\",\"dateModified\":\"2023-01-27T05:30:09+00:00\",\"breadcrumb\":{\"@id\":\"https:\/\/nitu.mx\/index.php\/2023\/01\/26\/viva-aerobus-convierte-en-regular-su-ruta-de-invierno-aifa-tijuana\/#breadcrumb\"},\"inLanguage\":\"es-MX\",\"potentialAction\":[{\"@type\":\"ReadAction\",\"target\":[\"https:\/\/nitu.mx\/index.php\/2023\/01\/26\/viva-aerobus-convierte-en-regular-su-ruta-de-invierno-aifa-tijuana\/\"]}]},{\"@type\":\"ImageObject\",\"inLanguage\":\"es-MX\",\"@id\":\"https:\/\/nitu.mx\/index.php\/2023\/01\/26\/viva-aerobus-convierte-en-regular-su-ruta-de-invierno-aifa-tijuana\/#primaryimage\",\"url\":\"https:\/\/nitu.mx\/wp-content\/uploads\/2022\/01\/Viva-Aerobus-A321.jpg\",\"contentUrl\":\"https:\/\/nitu.mx\/wp-content\/uploads\/2022\/01\/Viva-Aerobus-A321.jpg\",\"width\":1200,\"height\":675,\"caption\":\"Viva Aerobus\"},{\"@type\":\"BreadcrumbList\",\"@id\":\"https:\/\/nitu.mx\/index.php\/2023\/01\/26\/viva-aerobus-convierte-en-regular-su-ruta-de-invierno-aifa-tijuana\/#breadcrumb\",\"itemListElement\":[{\"@type\":\"ListItem\",\"position\":1,\"name\":\"Inicio\",\"item\":\"https:\/\/nitu.mx\/\"},{\"@type\":\"ListItem\",\"position\":2,\"name\":\"Viva Aerobus convierte en regular su ruta de invierno AIFA-Tijuana\"}]},{\"@type\":\"WebSite\",\"@id\":\"https:\/\/nitu.mx\/#website\",\"url\":\"https:\/\/nitu.mx\/\",\"name\":\"Nitu - Noticias de la Industria Turistica\",\"description\":\"Noticias de la Industria Turistica\",\"publisher\":{\"@id\":\"https:\/\/nitu.mx\/#\/schema\/person\/ae7a53426417292d3dd07b45a33e01bc\"},\"alternateName\":\"Noticias de la Industria Turistica\",\"potentialAction\":[{\"@type\":\"SearchAction\",\"target\":{\"@type\":\"EntryPoint\",\"urlTemplate\":\"https:\/\/nitu.mx\/?s={search_term_string}\"},\"query-input\":\"required name=search_term_string\"}],\"inLanguage\":\"es-MX\"},{\"@type\":[\"Person\",\"Organization\"],\"@id\":\"https:\/\/nitu.mx\/#\/schema\/person\/ae7a53426417292d3dd07b45a33e01bc\",\"name\":\"Arturo Medina\",\"image\":{\"@type\":\"ImageObject\",\"inLanguage\":\"es-MX\",\"@id\":\"https:\/\/nitu.mx\/#\/schema\/person\/image\/\",\"url\":\"https:\/\/nitu.mx\/wp-content\/uploads\/2024\/04\/4A315622-1904-4D5C-B022-878CDC840E04-90x90-1.jpeg\",\"contentUrl\":\"https:\/\/nitu.mx\/wp-content\/uploads\/2024\/04\/4A315622-1904-4D5C-B022-878CDC840E04-90x90-1.jpeg\",\"width\":90,\"height\":90,\"caption\":\"Arturo Medina\"},\"logo\":{\"@id\":\"https:\/\/nitu.mx\/#\/schema\/person\/image\/\"},\"description\":\"Director NITU.mx, Egresado de la Escuela de Periodismo Carlos Septi\u00e9n Garc\u00eda. Periodista y analista especializado en turismo desde hace 35 a\u00f1os, radicado en Canc\u00fan Q.Roo. arturo@nitu.mx\",\"sameAs\":[\"https:\/\/nitu.mx\",\"https:\/\/www.facebook.com\/NITUmx\/\",\"medinacancun\",\"https:\/\/twitter.com\/@Arturo_Medina_G\"]},{\"@type\":\"Person\",\"@id\":\"https:\/\/nitu.mx\/#\/schema\/person\/4a28fe9bd65924f7c90623773daf1b0b\",\"name\":\"Redacci\u00f3n\",\"image\":{\"@type\":\"ImageObject\",\"inLanguage\":\"es-MX\",\"@id\":\"https:\/\/nitu.mx\/#\/schema\/person\/image\/\",\"url\":\"https:\/\/secure.gravatar.com\/avatar\/5dd011c8ccfc5cd7e4c81e42252aab38?s=96&d=mm&r=g\",\"contentUrl\":\"https:\/\/secure.gravatar.com\/avatar\/5dd011c8ccfc5cd7e4c81e42252aab38?s=96&d=mm&r=g\",\"caption\":\"Redacci\u00f3n\"},\"url\":\"https:\/\/nitu.mx\/index.php\/author\/redaccion\/\"}]}<\/script>\n<!-- \/ Yoast SEO plugin. -->","yoast_head_json":{"title":"Viva Aerobus convierte en regular su ruta de invierno AIFA-Tijuana - Nitu - Noticias de la Industria Turistica","robots":{"index":"index","follow":"follow","max-snippet":"max-snippet:-1","max-image-preview":"max-image-preview:large","max-video-preview":"max-video-preview:-1"},"canonical":"https:\/\/nitu.mx\/index.php\/2023\/01\/26\/viva-aerobus-convierte-en-regular-su-ruta-de-invierno-aifa-tijuana\/","twitter_card":"summary_large_image","twitter_title":"Viva Aerobus convierte en regular su ruta de invierno AIFA-Tijuana - Nitu - Noticias de la Industria Turistica","twitter_description":"Ante la buena respuesta del mercado de la ruta de temporada desde el Aeropuerto Internacional Felipe \u00c1ngeles (AIFA) a Tijuana, que se oper\u00f3 entre diciembre e inicios de enero, Viva Aerobus inform\u00f3 que la integrar\u00e1 a su portafolio de rutas regulares con el prop\u00f3sito de conectar de manera permanente el noroeste del pa\u00eds con la [&hellip;]","twitter_image":"https:\/\/nitu.mx\/wp-content\/uploads\/2022\/01\/Viva-Aerobus-A321.jpg","twitter_creator":"@NITUmx","twitter_site":"@Arturo_Medina_G","twitter_misc":{"Escrito por":"Redacci\u00f3n","Tiempo de lectura":"3 minutos"},"schema":{"@context":"https:\/\/schema.org","@graph":[{"@type":"Article","@id":"https:\/\/nitu.mx\/index.php\/2023\/01\/26\/viva-aerobus-convierte-en-regular-su-ruta-de-invierno-aifa-tijuana\/#article","isPartOf":{"@id":"https:\/\/nitu.mx\/index.php\/2023\/01\/26\/viva-aerobus-convierte-en-regular-su-ruta-de-invierno-aifa-tijuana\/"},"author":{"name":"Redacci\u00f3n","@id":"https:\/\/nitu.mx\/#\/schema\/person\/4a28fe9bd65924f7c90623773daf1b0b"},"headline":"Viva Aerobus convierte en regular su ruta de invierno AIFA-Tijuana","datePublished":"2023-01-27T04:37:00+00:00","dateModified":"2023-01-27T05:30:09+00:00","mainEntityOfPage":{"@id":"https:\/\/nitu.mx\/index.php\/2023\/01\/26\/viva-aerobus-convierte-en-regular-su-ruta-de-invierno-aifa-tijuana\/"},"wordCount":597,"commentCount":0,"publisher":{"@id":"https:\/\/nitu.mx\/#\/schema\/person\/ae7a53426417292d3dd07b45a33e01bc"},"image":{"@id":"https:\/\/nitu.mx\/index.php\/2023\/01\/26\/viva-aerobus-convierte-en-regular-su-ruta-de-invierno-aifa-tijuana\/#primaryimage"},"thumbnailUrl":"https:\/\/nitu.mx\/wp-content\/uploads\/2022\/01\/Viva-Aerobus-A321.jpg","keywords":["AIFA","Juan Carlos Zuazua","Tijuana","Viva Aerobus"],"articleSection":["Aerol\u00edneas"],"inLanguage":"es-MX","potentialAction":[{"@type":"CommentAction","name":"Comment","target":["https:\/\/nitu.mx\/index.php\/2023\/01\/26\/viva-aerobus-convierte-en-regular-su-ruta-de-invierno-aifa-tijuana\/#respond"]}]},{"@type":"WebPage","@id":"https:\/\/nitu.mx\/index.php\/2023\/01\/26\/viva-aerobus-convierte-en-regular-su-ruta-de-invierno-aifa-tijuana\/","url":"https:\/\/nitu.mx\/index.php\/2023\/01\/26\/viva-aerobus-convierte-en-regular-su-ruta-de-invierno-aifa-tijuana\/","name":"Viva Aerobus convierte en regular su ruta de invierno AIFA-Tijuana - Nitu - Noticias de la Industria Turistica","isPartOf":{"@id":"https:\/\/nitu.mx\/#website"},"primaryImageOfPage":{"@id":"https:\/\/nitu.mx\/index.php\/2023\/01\/26\/viva-aerobus-convierte-en-regular-su-ruta-de-invierno-aifa-tijuana\/#primaryimage"},"image":{"@id":"https:\/\/nitu.mx\/index.php\/2023\/01\/26\/viva-aerobus-convierte-en-regular-su-ruta-de-invierno-aifa-tijuana\/#primaryimage"},"thumbnailUrl":"https:\/\/nitu.mx\/wp-content\/uploads\/2022\/01\/Viva-Aerobus-A321.jpg","datePublished":"2023-01-27T04:37:00+00:00","dateModified":"2023-01-27T05:30:09+00:00","breadcrumb":{"@id":"https:\/\/nitu.mx\/index.php\/2023\/01\/26\/viva-aerobus-convierte-en-regular-su-ruta-de-invierno-aifa-tijuana\/#breadcrumb"},"inLanguage":"es-MX","potentialAction":[{"@type":"ReadAction","target":["https:\/\/nitu.mx\/index.php\/2023\/01\/26\/viva-aerobus-convierte-en-regular-su-ruta-de-invierno-aifa-tijuana\/"]}]},{"@type":"ImageObject","inLanguage":"es-MX","@id":"https:\/\/nitu.mx\/index.php\/2023\/01\/26\/viva-aerobus-convierte-en-regular-su-ruta-de-invierno-aifa-tijuana\/#primaryimage","url":"https:\/\/nitu.mx\/wp-content\/uploads\/2022\/01\/Viva-Aerobus-A321.jpg","contentUrl":"https:\/\/nitu.mx\/wp-content\/uploads\/2022\/01\/Viva-Aerobus-A321.jpg","width":1200,"height":675,"caption":"Viva Aerobus"},{"@type":"BreadcrumbList","@id":"https:\/\/nitu.mx\/index.php\/2023\/01\/26\/viva-aerobus-convierte-en-regular-su-ruta-de-invierno-aifa-tijuana\/#breadcrumb","itemListElement":[{"@type":"ListItem","position":1,"name":"Inicio","item":"https:\/\/nitu.mx\/"},{"@type":"ListItem","position":2,"name":"Viva Aerobus convierte en regular su ruta de invierno AIFA-Tijuana"}]},{"@type":"WebSite","@id":"https:\/\/nitu.mx\/#website","url":"https:\/\/nitu.mx\/","name":"Nitu - Noticias de la Industria Turistica","description":"Noticias de la Industria Turistica","publisher":{"@id":"https:\/\/nitu.mx\/#\/schema\/person\/ae7a53426417292d3dd07b45a33e01bc"},"alternateName":"Noticias de la Industria Turistica","potentialAction":[{"@type":"SearchAction","target":{"@type":"EntryPoint","urlTemplate":"https:\/\/nitu.mx\/?s={search_term_string}"},"query-input":"required name=search_term_string"}],"inLanguage":"es-MX"},{"@type":["Person","Organization"],"@id":"https:\/\/nitu.mx\/#\/schema\/person\/ae7a53426417292d3dd07b45a33e01bc","name":"Arturo Medina","image":{"@type":"ImageObject","inLanguage":"es-MX","@id":"https:\/\/nitu.mx\/#\/schema\/person\/image\/","url":"https:\/\/nitu.mx\/wp-content\/uploads\/2024\/04\/4A315622-1904-4D5C-B022-878CDC840E04-90x90-1.jpeg","contentUrl":"https:\/\/nitu.mx\/wp-content\/uploads\/2024\/04\/4A315622-1904-4D5C-B022-878CDC840E04-90x90-1.jpeg","width":90,"height":90,"caption":"Arturo Medina"},"logo":{"@id":"https:\/\/nitu.mx\/#\/schema\/person\/image\/"},"description":"Director NITU.mx, Egresado de la Escuela de Periodismo Carlos Septi\u00e9n Garc\u00eda. Periodista y analista especializado en turismo desde hace 35 a\u00f1os, radicado en Canc\u00fan Q.Roo. arturo@nitu.mx","sameAs":["https:\/\/nitu.mx","https:\/\/www.facebook.com\/NITUmx\/","medinacancun","https:\/\/twitter.com\/@Arturo_Medina_G"]},{"@type":"Person","@id":"https:\/\/nitu.mx\/#\/schema\/person\/4a28fe9bd65924f7c90623773daf1b0b","name":"Redacci\u00f3n","image":{"@type":"ImageObject","inLanguage":"es-MX","@id":"https:\/\/nitu.mx\/#\/schema\/person\/image\/","url":"https:\/\/secure.gravatar.com\/avatar\/5dd011c8ccfc5cd7e4c81e42252aab38?s=96&d=mm&r=g","contentUrl":"https:\/\/secure.gravatar.com\/avatar\/5dd011c8ccfc5cd7e4c81e42252aab38?s=96&d=mm&r=g","caption":"Redacci\u00f3n"},"url":"https:\/\/nitu.mx\/index.php\/author\/redaccion\/"}]}},"views":323,"_links":{"self":[{"href":"https:\/\/nitu.mx\/index.php\/wp-json\/wp\/v2\/posts\/63156"}],"collection":[{"href":"https:\/\/nitu.mx\/index.php\/wp-json\/wp\/v2\/posts"}],"about":[{"href":"https:\/\/nitu.mx\/index.php\/wp-json\/wp\/v2\/types\/post"}],"author":[{"embeddable":true,"href":"https:\/\/nitu.mx\/index.php\/wp-json\/wp\/v2\/users\/17"}],"replies":[{"embeddable":true,"href":"https:\/\/nitu.mx\/index.php\/wp-json\/wp\/v2\/comments?post=63156"}],"version-history":[{"count":1,"href":"https:\/\/nitu.mx\/index.php\/wp-json\/wp\/v2\/posts\/63156\/revisions"}],"predecessor-version":[{"id":63158,"href":"https:\/\/nitu.mx\/index.php\/wp-json\/wp\/v2\/posts\/63156\/revisions\/63158"}],"wp:featuredmedia":[{"embeddable":true,"href":"https:\/\/nitu.mx\/index.php\/wp-json\/wp\/v2\/media\/57619"}],"wp:attachment":[{"href":"https:\/\/nitu.mx\/index.php\/wp-json\/wp\/v2\/media?parent=63156"}],"wp:term":[{"taxonomy":"category","embeddable":true,"href":"https:\/\/nitu.mx\/index.php\/wp-json\/wp\/v2\/categories?post=63156"},{"taxonomy":"post_tag","embeddable":true,"href":"https:\/\/nitu.mx\/index.php\/wp-json\/wp\/v2\/tags?post=63156"}],"curies":[{"name":"wp","href":"https:\/\/api.w.org\/{rel}","templated":true}]}}