{"id":63103,"date":"2023-01-23T00:49:17","date_gmt":"2023-01-23T05:49:17","guid":{"rendered":"https:\/\/www.dev.nitu.mx\/?p=63103"},"modified":"2023-01-23T00:50:12","modified_gmt":"2023-01-23T05:50:12","slug":"asegura-ana-patricia-peralta-que-cancun-cumplio-sus-objetivos-en-fitur","status":"publish","type":"post","link":"https:\/\/nitu.mx\/index.php\/2023\/01\/23\/asegura-ana-patricia-peralta-que-cancun-cumplio-sus-objetivos-en-fitur\/","title":{"rendered":"Asegura Ana Patricia Peralta que Canc\u00fan cumpli\u00f3 sus objetivos en FITUR"},"content":{"rendered":"<p style=\"font-weight: 400;\">En el marco del cierre de la Feria Internacional de Turismo en Madrid (FITUR) que inici\u00f3 el pasado 18 de enero, la presidenta municipal de Benito Ju\u00e1rez, Ana Patricia Peralta, inform\u00f3 haberse logrado el objetivo central de promocionar a Canc\u00fan para seguir siendo el primer destino tur\u00edstico de Latinoam\u00e9rica, con m\u00faltiples ventajas tales como conectividad, infraestructura de primer nivel, oferta hotelera, bellezas naturales, calidad y calidez en el servicio, en comparaci\u00f3n a lo ofertado por otros polos vacacionales.<\/p>\n<p style=\"font-weight: 400;\">\u201cMe siento muy orgullosa de haber representado a Canc\u00fan en esta feria important\u00edsima en materia de turismo, en la cual se llevaron a cabo miles de citas de negocio, pero sobre todo cumplimos las expectativas para seguir atrayendo m\u00e1s turismo europeo y espa\u00f1ol hacia nuestra ciudad\u201d, expres\u00f3.<\/p>\n<p style=\"font-weight: 400;\">En entrevista a medios de comunicaci\u00f3n que dieron difusi\u00f3n de ese importante evento, resalt\u00f3 que la oferta en varios segmentos es parte del \u00e9xito que tiene como sitio preferido para vacacionar, ya que ofrece beneficios para nichos de mercado como turismo deportivo, que se seguir\u00e1 impulsando en este 2023, o inclusive en el \u00e1mbito estudiantil, al invitarse a estudiantes de diferentes partes de Europa de otros pa\u00edses para que hagan sus pr\u00e1cticas a Canc\u00fan en hoteler\u00eda.<\/p>\n<p style=\"font-weight: 400;\">\u201cCanc\u00fan es un multidestino, quiere decir que cuando van a Canc\u00fan, van a otras partes de visita que son nuestros vecinos como a Isla Mujeres, Puerto Morelos, entre otros lugares, y posteriormente, se trasladan a municipios de la parte sur de nuestro estado, que es una zona que entre todos tenemos que empujar para que tenga m\u00e1s visitantes\u201d, asegur\u00f3.<\/p>\n<p style=\"font-weight: 400;\">De igual forma, la presidenta municipal subray\u00f3 que otra fortaleza de la participaci\u00f3n de Canc\u00fan en esta feria internacional, fue ser parte importante del Pabell\u00f3n de M\u00e9xico, el m\u00e1s grande de Latinoam\u00e9rica, y la suma de esfuerzos lograda con la marca Caribe Mexicano, aprovechando sus maravillosas playas y paradisiaco mar, junto con el posicionamiento como producto a nivel internacional.<\/p>\n<p style=\"font-weight: 400;\">\u201cEl turismo ya cambi\u00f3; el visitante busca m\u00e1s ofertas que solamente hospedarse en un hotel y ya, eso es lo que nos hace competitivos hacia otros destinos del Caribe, en los cuales se enfocan \u00fanicamente en un segmento. Estoy segura que nuestra ciudad seguir\u00e1 siendo un ejemplo a seguir en todo el mundo de las buenas pr\u00e1cticas que tenemos en materia tur\u00edstica\u201d, finaliz\u00f3.\u00a0<a title=\"Gestiona Ana Patricia Peralta cumbre de Turismo Social y Sostenible\" href=\"https:\/\/www.dev.nitu.mx\/index.php\/2023\/01\/20\/gestiona-ana-patricia-peralta-cumbre-de-turismo-social-y-sostenible\/\" rel=\"bookmark\">(Gestiona Ana Patricia Peralta cumbre de Turismo Social y Sostenible<\/a>).<\/p>\n","protected":false},"excerpt":{"rendered":"<p>En el marco del cierre de la Feria Internacional de Turismo en Madrid (FITUR) que inici\u00f3 el pasado 18 de enero, la presidenta municipal de Benito Ju\u00e1rez, Ana Patricia Peralta, inform\u00f3 haberse logrado el objetivo central de promocionar a Canc\u00fan para seguir siendo el primer destino tur\u00edstico de Latinoam\u00e9rica, con m\u00faltiples ventajas tales como conectividad, [&hellip;]<\/p>\n","protected":false},"author":2,"featured_media":63105,"comment_status":"open","ping_status":"open","sticky":false,"template":"","format":"standard","meta":{"footnotes":""},"categories":[21403],"tags":[23614,43,2703],"yoast_head":"<!-- This site is optimized with the Yoast SEO plugin v22.2 - https:\/\/yoast.com\/wordpress\/plugins\/seo\/ -->\n<title>Asegura Ana Patricia Peralta que Canc\u00fan cumpli\u00f3 sus objetivos en FITUR - Nitu - Noticias de la Industria Turistica<\/title>\n<meta name=\"robots\" content=\"index, follow, max-snippet:-1, max-image-preview:large, max-video-preview:-1\" \/>\n<link rel=\"canonical\" href=\"https:\/\/nitu.mx\/index.php\/2023\/01\/23\/asegura-ana-patricia-peralta-que-cancun-cumplio-sus-objetivos-en-fitur\/\" \/>\n<meta name=\"twitter:card\" content=\"summary_large_image\" \/>\n<meta name=\"twitter:title\" content=\"Asegura Ana Patricia Peralta que Canc\u00fan cumpli\u00f3 sus objetivos en FITUR - Nitu - Noticias de la Industria Turistica\" \/>\n<meta name=\"twitter:description\" content=\"En el marco del cierre de la Feria Internacional de Turismo en Madrid (FITUR) que inici\u00f3 el pasado 18 de enero, la presidenta municipal de Benito Ju\u00e1rez, Ana Patricia Peralta, inform\u00f3 haberse logrado el objetivo central de promocionar a Canc\u00fan para seguir siendo el primer destino tur\u00edstico de Latinoam\u00e9rica, con m\u00faltiples ventajas tales como conectividad, [&hellip;]\" \/>\n<meta name=\"twitter:image\" content=\"https:\/\/nitu.mx\/wp-content\/uploads\/2023\/01\/20921C59-8234-490F-BE8F-DED193B913B3.jpeg\" \/>\n<meta name=\"twitter:creator\" content=\"@Arturo_Medina_G\" \/>\n<meta name=\"twitter:site\" content=\"@Arturo_Medina_G\" \/>\n<meta name=\"twitter:label1\" content=\"Escrito por\" \/>\n\t<meta name=\"twitter:data1\" content=\"Arturo Medina\" \/>\n\t<meta name=\"twitter:label2\" content=\"Tiempo de lectura\" \/>\n\t<meta name=\"twitter:data2\" content=\"2 minutos\" \/>\n<script type=\"application\/ld+json\" class=\"yoast-schema-graph\">{\"@context\":\"https:\/\/schema.org\",\"@graph\":[{\"@type\":\"Article\",\"@id\":\"https:\/\/nitu.mx\/index.php\/2023\/01\/23\/asegura-ana-patricia-peralta-que-cancun-cumplio-sus-objetivos-en-fitur\/#article\",\"isPartOf\":{\"@id\":\"https:\/\/nitu.mx\/index.php\/2023\/01\/23\/asegura-ana-patricia-peralta-que-cancun-cumplio-sus-objetivos-en-fitur\/\"},\"author\":{\"name\":\"Arturo Medina\",\"@id\":\"https:\/\/nitu.mx\/#\/schema\/person\/ae7a53426417292d3dd07b45a33e01bc\"},\"headline\":\"Asegura Ana Patricia Peralta que Canc\u00fan cumpli\u00f3 sus objetivos en FITUR\",\"datePublished\":\"2023-01-23T05:49:17+00:00\",\"dateModified\":\"2023-01-23T05:50:12+00:00\",\"mainEntityOfPage\":{\"@id\":\"https:\/\/nitu.mx\/index.php\/2023\/01\/23\/asegura-ana-patricia-peralta-que-cancun-cumplio-sus-objetivos-en-fitur\/\"},\"wordCount\":430,\"commentCount\":0,\"publisher\":{\"@id\":\"https:\/\/nitu.mx\/#\/schema\/person\/ae7a53426417292d3dd07b45a33e01bc\"},\"image\":{\"@id\":\"https:\/\/nitu.mx\/index.php\/2023\/01\/23\/asegura-ana-patricia-peralta-que-cancun-cumplio-sus-objetivos-en-fitur\/#primaryimage\"},\"thumbnailUrl\":\"https:\/\/nitu.mx\/wp-content\/uploads\/2023\/01\/20921C59-8234-490F-BE8F-DED193B913B3.jpeg\",\"keywords\":[\"Ana Patricia Peralta\",\"Canc\u00fan\",\"FITUR\"],\"articleSection\":[\"Canc\u00fan\"],\"inLanguage\":\"es-MX\",\"potentialAction\":[{\"@type\":\"CommentAction\",\"name\":\"Comment\",\"target\":[\"https:\/\/nitu.mx\/index.php\/2023\/01\/23\/asegura-ana-patricia-peralta-que-cancun-cumplio-sus-objetivos-en-fitur\/#respond\"]}]},{\"@type\":\"WebPage\",\"@id\":\"https:\/\/nitu.mx\/index.php\/2023\/01\/23\/asegura-ana-patricia-peralta-que-cancun-cumplio-sus-objetivos-en-fitur\/\",\"url\":\"https:\/\/nitu.mx\/index.php\/2023\/01\/23\/asegura-ana-patricia-peralta-que-cancun-cumplio-sus-objetivos-en-fitur\/\",\"name\":\"Asegura Ana Patricia Peralta que Canc\u00fan cumpli\u00f3 sus objetivos en FITUR - Nitu - Noticias de la Industria Turistica\",\"isPartOf\":{\"@id\":\"https:\/\/nitu.mx\/#website\"},\"primaryImageOfPage\":{\"@id\":\"https:\/\/nitu.mx\/index.php\/2023\/01\/23\/asegura-ana-patricia-peralta-que-cancun-cumplio-sus-objetivos-en-fitur\/#primaryimage\"},\"image\":{\"@id\":\"https:\/\/nitu.mx\/index.php\/2023\/01\/23\/asegura-ana-patricia-peralta-que-cancun-cumplio-sus-objetivos-en-fitur\/#primaryimage\"},\"thumbnailUrl\":\"https:\/\/nitu.mx\/wp-content\/uploads\/2023\/01\/20921C59-8234-490F-BE8F-DED193B913B3.jpeg\",\"datePublished\":\"2023-01-23T05:49:17+00:00\",\"dateModified\":\"2023-01-23T05:50:12+00:00\",\"breadcrumb\":{\"@id\":\"https:\/\/nitu.mx\/index.php\/2023\/01\/23\/asegura-ana-patricia-peralta-que-cancun-cumplio-sus-objetivos-en-fitur\/#breadcrumb\"},\"inLanguage\":\"es-MX\",\"potentialAction\":[{\"@type\":\"ReadAction\",\"target\":[\"https:\/\/nitu.mx\/index.php\/2023\/01\/23\/asegura-ana-patricia-peralta-que-cancun-cumplio-sus-objetivos-en-fitur\/\"]}]},{\"@type\":\"ImageObject\",\"inLanguage\":\"es-MX\",\"@id\":\"https:\/\/nitu.mx\/index.php\/2023\/01\/23\/asegura-ana-patricia-peralta-que-cancun-cumplio-sus-objetivos-en-fitur\/#primaryimage\",\"url\":\"https:\/\/nitu.mx\/wp-content\/uploads\/2023\/01\/20921C59-8234-490F-BE8F-DED193B913B3.jpeg\",\"contentUrl\":\"https:\/\/nitu.mx\/wp-content\/uploads\/2023\/01\/20921C59-8234-490F-BE8F-DED193B913B3.jpeg\",\"width\":641,\"height\":687,\"caption\":\"Ana Patricia Peralta\"},{\"@type\":\"BreadcrumbList\",\"@id\":\"https:\/\/nitu.mx\/index.php\/2023\/01\/23\/asegura-ana-patricia-peralta-que-cancun-cumplio-sus-objetivos-en-fitur\/#breadcrumb\",\"itemListElement\":[{\"@type\":\"ListItem\",\"position\":1,\"name\":\"Inicio\",\"item\":\"https:\/\/nitu.mx\/\"},{\"@type\":\"ListItem\",\"position\":2,\"name\":\"Asegura Ana Patricia Peralta que Canc\u00fan cumpli\u00f3 sus objetivos en FITUR\"}]},{\"@type\":\"WebSite\",\"@id\":\"https:\/\/nitu.mx\/#website\",\"url\":\"https:\/\/nitu.mx\/\",\"name\":\"Nitu - Noticias de la Industria Turistica\",\"description\":\"Noticias de la Industria Turistica\",\"publisher\":{\"@id\":\"https:\/\/nitu.mx\/#\/schema\/person\/ae7a53426417292d3dd07b45a33e01bc\"},\"alternateName\":\"Noticias de la Industria Turistica\",\"potentialAction\":[{\"@type\":\"SearchAction\",\"target\":{\"@type\":\"EntryPoint\",\"urlTemplate\":\"https:\/\/nitu.mx\/?s={search_term_string}\"},\"query-input\":\"required name=search_term_string\"}],\"inLanguage\":\"es-MX\"},{\"@type\":[\"Person\",\"Organization\"],\"@id\":\"https:\/\/nitu.mx\/#\/schema\/person\/ae7a53426417292d3dd07b45a33e01bc\",\"name\":\"Arturo Medina\",\"image\":{\"@type\":\"ImageObject\",\"inLanguage\":\"es-MX\",\"@id\":\"https:\/\/nitu.mx\/#\/schema\/person\/image\/\",\"url\":\"https:\/\/nitu.mx\/wp-content\/uploads\/2024\/04\/4A315622-1904-4D5C-B022-878CDC840E04-90x90-1.jpeg\",\"contentUrl\":\"https:\/\/nitu.mx\/wp-content\/uploads\/2024\/04\/4A315622-1904-4D5C-B022-878CDC840E04-90x90-1.jpeg\",\"width\":90,\"height\":90,\"caption\":\"Arturo Medina\"},\"logo\":{\"@id\":\"https:\/\/nitu.mx\/#\/schema\/person\/image\/\"},\"description\":\"Director NITU.mx, Egresado de la Escuela de Periodismo Carlos Septi\u00e9n Garc\u00eda. Periodista y analista especializado en turismo desde hace 35 a\u00f1os, radicado en Canc\u00fan Q.Roo. arturo@nitu.mx\",\"sameAs\":[\"https:\/\/nitu.mx\",\"https:\/\/www.facebook.com\/NITUmx\/\",\"medinacancun\",\"https:\/\/twitter.com\/@Arturo_Medina_G\"],\"url\":\"https:\/\/nitu.mx\/index.php\/author\/arturo-medina\/\"}]}<\/script>\n<!-- \/ Yoast SEO plugin. -->","yoast_head_json":{"title":"Asegura Ana Patricia Peralta que Canc\u00fan cumpli\u00f3 sus objetivos en FITUR - Nitu - Noticias de la Industria Turistica","robots":{"index":"index","follow":"follow","max-snippet":"max-snippet:-1","max-image-preview":"max-image-preview:large","max-video-preview":"max-video-preview:-1"},"canonical":"https:\/\/nitu.mx\/index.php\/2023\/01\/23\/asegura-ana-patricia-peralta-que-cancun-cumplio-sus-objetivos-en-fitur\/","twitter_card":"summary_large_image","twitter_title":"Asegura Ana Patricia Peralta que Canc\u00fan cumpli\u00f3 sus objetivos en FITUR - Nitu - Noticias de la Industria Turistica","twitter_description":"En el marco del cierre de la Feria Internacional de Turismo en Madrid (FITUR) que inici\u00f3 el pasado 18 de enero, la presidenta municipal de Benito Ju\u00e1rez, Ana Patricia Peralta, inform\u00f3 haberse logrado el objetivo central de promocionar a Canc\u00fan para seguir siendo el primer destino tur\u00edstico de Latinoam\u00e9rica, con m\u00faltiples ventajas tales como conectividad, [&hellip;]","twitter_image":"https:\/\/nitu.mx\/wp-content\/uploads\/2023\/01\/20921C59-8234-490F-BE8F-DED193B913B3.jpeg","twitter_creator":"@Arturo_Medina_G","twitter_site":"@Arturo_Medina_G","twitter_misc":{"Escrito por":"Arturo Medina","Tiempo de lectura":"2 minutos"},"schema":{"@context":"https:\/\/schema.org","@graph":[{"@type":"Article","@id":"https:\/\/nitu.mx\/index.php\/2023\/01\/23\/asegura-ana-patricia-peralta-que-cancun-cumplio-sus-objetivos-en-fitur\/#article","isPartOf":{"@id":"https:\/\/nitu.mx\/index.php\/2023\/01\/23\/asegura-ana-patricia-peralta-que-cancun-cumplio-sus-objetivos-en-fitur\/"},"author":{"name":"Arturo Medina","@id":"https:\/\/nitu.mx\/#\/schema\/person\/ae7a53426417292d3dd07b45a33e01bc"},"headline":"Asegura Ana Patricia Peralta que Canc\u00fan cumpli\u00f3 sus objetivos en FITUR","datePublished":"2023-01-23T05:49:17+00:00","dateModified":"2023-01-23T05:50:12+00:00","mainEntityOfPage":{"@id":"https:\/\/nitu.mx\/index.php\/2023\/01\/23\/asegura-ana-patricia-peralta-que-cancun-cumplio-sus-objetivos-en-fitur\/"},"wordCount":430,"commentCount":0,"publisher":{"@id":"https:\/\/nitu.mx\/#\/schema\/person\/ae7a53426417292d3dd07b45a33e01bc"},"image":{"@id":"https:\/\/nitu.mx\/index.php\/2023\/01\/23\/asegura-ana-patricia-peralta-que-cancun-cumplio-sus-objetivos-en-fitur\/#primaryimage"},"thumbnailUrl":"https:\/\/nitu.mx\/wp-content\/uploads\/2023\/01\/20921C59-8234-490F-BE8F-DED193B913B3.jpeg","keywords":["Ana Patricia Peralta","Canc\u00fan","FITUR"],"articleSection":["Canc\u00fan"],"inLanguage":"es-MX","potentialAction":[{"@type":"CommentAction","name":"Comment","target":["https:\/\/nitu.mx\/index.php\/2023\/01\/23\/asegura-ana-patricia-peralta-que-cancun-cumplio-sus-objetivos-en-fitur\/#respond"]}]},{"@type":"WebPage","@id":"https:\/\/nitu.mx\/index.php\/2023\/01\/23\/asegura-ana-patricia-peralta-que-cancun-cumplio-sus-objetivos-en-fitur\/","url":"https:\/\/nitu.mx\/index.php\/2023\/01\/23\/asegura-ana-patricia-peralta-que-cancun-cumplio-sus-objetivos-en-fitur\/","name":"Asegura Ana Patricia Peralta que Canc\u00fan cumpli\u00f3 sus objetivos en FITUR - Nitu - Noticias de la Industria Turistica","isPartOf":{"@id":"https:\/\/nitu.mx\/#website"},"primaryImageOfPage":{"@id":"https:\/\/nitu.mx\/index.php\/2023\/01\/23\/asegura-ana-patricia-peralta-que-cancun-cumplio-sus-objetivos-en-fitur\/#primaryimage"},"image":{"@id":"https:\/\/nitu.mx\/index.php\/2023\/01\/23\/asegura-ana-patricia-peralta-que-cancun-cumplio-sus-objetivos-en-fitur\/#primaryimage"},"thumbnailUrl":"https:\/\/nitu.mx\/wp-content\/uploads\/2023\/01\/20921C59-8234-490F-BE8F-DED193B913B3.jpeg","datePublished":"2023-01-23T05:49:17+00:00","dateModified":"2023-01-23T05:50:12+00:00","breadcrumb":{"@id":"https:\/\/nitu.mx\/index.php\/2023\/01\/23\/asegura-ana-patricia-peralta-que-cancun-cumplio-sus-objetivos-en-fitur\/#breadcrumb"},"inLanguage":"es-MX","potentialAction":[{"@type":"ReadAction","target":["https:\/\/nitu.mx\/index.php\/2023\/01\/23\/asegura-ana-patricia-peralta-que-cancun-cumplio-sus-objetivos-en-fitur\/"]}]},{"@type":"ImageObject","inLanguage":"es-MX","@id":"https:\/\/nitu.mx\/index.php\/2023\/01\/23\/asegura-ana-patricia-peralta-que-cancun-cumplio-sus-objetivos-en-fitur\/#primaryimage","url":"https:\/\/nitu.mx\/wp-content\/uploads\/2023\/01\/20921C59-8234-490F-BE8F-DED193B913B3.jpeg","contentUrl":"https:\/\/nitu.mx\/wp-content\/uploads\/2023\/01\/20921C59-8234-490F-BE8F-DED193B913B3.jpeg","width":641,"height":687,"caption":"Ana Patricia Peralta"},{"@type":"BreadcrumbList","@id":"https:\/\/nitu.mx\/index.php\/2023\/01\/23\/asegura-ana-patricia-peralta-que-cancun-cumplio-sus-objetivos-en-fitur\/#breadcrumb","itemListElement":[{"@type":"ListItem","position":1,"name":"Inicio","item":"https:\/\/nitu.mx\/"},{"@type":"ListItem","position":2,"name":"Asegura Ana Patricia Peralta que Canc\u00fan cumpli\u00f3 sus objetivos en FITUR"}]},{"@type":"WebSite","@id":"https:\/\/nitu.mx\/#website","url":"https:\/\/nitu.mx\/","name":"Nitu - Noticias de la Industria Turistica","description":"Noticias de la Industria Turistica","publisher":{"@id":"https:\/\/nitu.mx\/#\/schema\/person\/ae7a53426417292d3dd07b45a33e01bc"},"alternateName":"Noticias de la Industria Turistica","potentialAction":[{"@type":"SearchAction","target":{"@type":"EntryPoint","urlTemplate":"https:\/\/nitu.mx\/?s={search_term_string}"},"query-input":"required name=search_term_string"}],"inLanguage":"es-MX"},{"@type":["Person","Organization"],"@id":"https:\/\/nitu.mx\/#\/schema\/person\/ae7a53426417292d3dd07b45a33e01bc","name":"Arturo Medina","image":{"@type":"ImageObject","inLanguage":"es-MX","@id":"https:\/\/nitu.mx\/#\/schema\/person\/image\/","url":"https:\/\/nitu.mx\/wp-content\/uploads\/2024\/04\/4A315622-1904-4D5C-B022-878CDC840E04-90x90-1.jpeg","contentUrl":"https:\/\/nitu.mx\/wp-content\/uploads\/2024\/04\/4A315622-1904-4D5C-B022-878CDC840E04-90x90-1.jpeg","width":90,"height":90,"caption":"Arturo Medina"},"logo":{"@id":"https:\/\/nitu.mx\/#\/schema\/person\/image\/"},"description":"Director NITU.mx, Egresado de la Escuela de Periodismo Carlos Septi\u00e9n Garc\u00eda. Periodista y analista especializado en turismo desde hace 35 a\u00f1os, radicado en Canc\u00fan Q.Roo. arturo@nitu.mx","sameAs":["https:\/\/nitu.mx","https:\/\/www.facebook.com\/NITUmx\/","medinacancun","https:\/\/twitter.com\/@Arturo_Medina_G"],"url":"https:\/\/nitu.mx\/index.php\/author\/arturo-medina\/"}]}},"views":408,"_links":{"self":[{"href":"https:\/\/nitu.mx\/index.php\/wp-json\/wp\/v2\/posts\/63103"}],"collection":[{"href":"https:\/\/nitu.mx\/index.php\/wp-json\/wp\/v2\/posts"}],"about":[{"href":"https:\/\/nitu.mx\/index.php\/wp-json\/wp\/v2\/types\/post"}],"author":[{"embeddable":true,"href":"https:\/\/nitu.mx\/index.php\/wp-json\/wp\/v2\/users\/2"}],"replies":[{"embeddable":true,"href":"https:\/\/nitu.mx\/index.php\/wp-json\/wp\/v2\/comments?post=63103"}],"version-history":[{"count":3,"href":"https:\/\/nitu.mx\/index.php\/wp-json\/wp\/v2\/posts\/63103\/revisions"}],"predecessor-version":[{"id":63107,"href":"https:\/\/nitu.mx\/index.php\/wp-json\/wp\/v2\/posts\/63103\/revisions\/63107"}],"wp:featuredmedia":[{"embeddable":true,"href":"https:\/\/nitu.mx\/index.php\/wp-json\/wp\/v2\/media\/63105"}],"wp:attachment":[{"href":"https:\/\/nitu.mx\/index.php\/wp-json\/wp\/v2\/media?parent=63103"}],"wp:term":[{"taxonomy":"category","embeddable":true,"href":"https:\/\/nitu.mx\/index.php\/wp-json\/wp\/v2\/categories?post=63103"},{"taxonomy":"post_tag","embeddable":true,"href":"https:\/\/nitu.mx\/index.php\/wp-json\/wp\/v2\/tags?post=63103"}],"curies":[{"name":"wp","href":"https:\/\/api.w.org\/{rel}","templated":true}]}}