{"id":6310,"date":"2017-01-26T02:01:17","date_gmt":"2017-01-26T07:01:17","guid":{"rendered":"http:\/\/www.dev.nitu.mx\/?p=6310"},"modified":"2017-01-26T02:04:28","modified_gmt":"2017-01-26T07:04:28","slug":"vivaaerobus-operara-dos-nuevas-rutas-a-cancun","status":"publish","type":"post","link":"https:\/\/nitu.mx\/index.php\/2017\/01\/26\/vivaaerobus-operara-dos-nuevas-rutas-a-cancun\/","title":{"rendered":"VivaAerobus operar\u00e1 dos nuevas rutas a Canc\u00fan"},"content":{"rendered":"<p style=\"margin: 0in; font-family: Calibri; font-size: 11.0pt;\">A partir del 8 de junio, la aerol\u00ednea de bajo costo VivaAerobus<span style=\"font-weight: bold;\"> c<\/span>omenzar\u00e1 a operar las rutas Canc\u00fan-Quer\u00e9taro y Quer\u00e9taro-Canc\u00fan, esto con el fin de aumentar su oferta de asientos para el verano.<\/p>\n<p style=\"margin: 0in; font-family: Calibri; font-size: 11.0pt;\">VivaAerobus anunci\u00f3 que comenzar\u00e1 a operar las rutas Canc\u00fan-Quer\u00e9taro y Canc\u00fan-Ciudad Ju\u00e1rez.<\/p>\n<p style=\"margin: 0in; font-family: Calibri; font-size: 11.0pt;\">\u00a0En comunicado la empresa detall\u00f3 que ser\u00e1 el 8 de junio de este a\u00f1o cuando comience dichas rutas, para aumentar su oferta de asientos en el verano.<\/p>\n<p style=\"margin: 0in; font-family: Calibri; font-size: 11.0pt;\">\u00a0&#8220;Durante este verano ofreceremos un 22 por ciento m\u00e1s de asientos que en el mismo periodo del a\u00f1o pasado, poniendo a disposici\u00f3n de nuestros clientes m\u00e1s de 5.7 millones de asientos&#8221;, agreg\u00f3 Juan Carlos Zuazua, director general de la aerol\u00ednea.<\/p>\n<p style=\"margin: 0in; font-family: Calibri; font-size: 11.0pt;\">Anteriormente, informamos en <em><strong>NITU.mx<\/strong><\/em>, que \u00a0la compa\u00f1\u00eda Inversionistas en Autotransportes Mexicanos (IAMSA), realiz\u00f3 una operaci\u00f3n de compra sobre la participaci\u00f3n restante que pose\u00eda Irelandia Aviation en la aerol\u00ednea nacional VivaAerobus, por lo que ya es 100 por ciento propietaria de dicha empresa.<\/p>\n<p style=\"margin: 0in; font-family: Calibri; font-size: 11.0pt;\">Roberto Alc\u00e1ntara, presidente del consejo de administraci\u00f3n de IAMSA, se\u00f1al\u00f3 que era una operaci\u00f3n que originalmente esperaba realizar en tres a\u00f1os, desde el comienzo de operaciones.\u00a0(<a title=\"Irelandia Aviation se despide de VivaAerobus\" href=\"http:\/\/www.dev.nitu.mx\/index.php\/2016\/12\/09\/irelandia-aviation-se-despide-vivaaerobus\/\" rel=\"bookmark\">Irelandia Aviation se despide de VivaAerobus<\/a>).<\/p>\n","protected":false},"excerpt":{"rendered":"<p>A partir del 8 de junio, la aerol\u00ednea de bajo costo VivaAerobus comenzar\u00e1 a operar las rutas Canc\u00fan-Quer\u00e9taro y Quer\u00e9taro-Canc\u00fan, esto con el fin de aumentar su oferta de asientos para el verano. VivaAerobus anunci\u00f3 que comenzar\u00e1 a operar las rutas Canc\u00fan-Quer\u00e9taro y Canc\u00fan-Ciudad Ju\u00e1rez. \u00a0En comunicado la empresa detall\u00f3 que ser\u00e1 el 8 de [&hellip;]<\/p>\n","protected":false},"author":17,"featured_media":2600,"comment_status":"open","ping_status":"open","sticky":false,"template":"","format":"standard","meta":{"footnotes":""},"categories":[29,5],"tags":[43,857,295,61,293],"yoast_head":"<!-- This site is optimized with the Yoast SEO plugin v22.2 - https:\/\/yoast.com\/wordpress\/plugins\/seo\/ -->\n<title>VivaAerobus operar\u00e1 dos nuevas rutas a Canc\u00fan - Nitu - Noticias de la Industria Turistica<\/title>\n<meta name=\"description\" content=\"VivaAerobus comenzar\u00e1 a operar las rutas Canc\u00fan-Quer\u00e9taro y Quer\u00e9taro-Canc\u00fan, esto con el fin de aumentar su oferta de asientos para el verano.\" \/>\n<meta name=\"robots\" content=\"index, follow, max-snippet:-1, max-image-preview:large, max-video-preview:-1\" \/>\n<link rel=\"canonical\" href=\"https:\/\/nitu.mx\/index.php\/2017\/01\/26\/vivaaerobus-operara-dos-nuevas-rutas-a-cancun\/\" \/>\n<meta name=\"twitter:card\" content=\"summary_large_image\" \/>\n<meta name=\"twitter:title\" content=\"VivaAerobus operar\u00e1 dos nuevas rutas a Canc\u00fan - Nitu - Noticias de la Industria Turistica\" \/>\n<meta name=\"twitter:description\" content=\"VivaAerobus comenzar\u00e1 a operar las rutas Canc\u00fan-Quer\u00e9taro y Quer\u00e9taro-Canc\u00fan, esto con el fin de aumentar su oferta de asientos para el verano.\" \/>\n<meta name=\"twitter:image\" content=\"https:\/\/nitu.mx\/wp-content\/uploads\/2016\/10\/vivaaerobus-1.jpg\" \/>\n<meta name=\"twitter:creator\" content=\"@NITUmx\" \/>\n<meta name=\"twitter:site\" content=\"@Arturo_Medina_G\" \/>\n<meta name=\"twitter:label1\" content=\"Escrito por\" \/>\n\t<meta name=\"twitter:data1\" content=\"Redacci\u00f3n\" \/>\n\t<meta name=\"twitter:label2\" content=\"Tiempo de lectura\" \/>\n\t<meta name=\"twitter:data2\" content=\"1 minuto\" \/>\n<script type=\"application\/ld+json\" class=\"yoast-schema-graph\">{\"@context\":\"https:\/\/schema.org\",\"@graph\":[{\"@type\":\"Article\",\"@id\":\"https:\/\/nitu.mx\/index.php\/2017\/01\/26\/vivaaerobus-operara-dos-nuevas-rutas-a-cancun\/#article\",\"isPartOf\":{\"@id\":\"https:\/\/nitu.mx\/index.php\/2017\/01\/26\/vivaaerobus-operara-dos-nuevas-rutas-a-cancun\/\"},\"author\":{\"name\":\"Redacci\u00f3n\",\"@id\":\"https:\/\/nitu.mx\/#\/schema\/person\/4a28fe9bd65924f7c90623773daf1b0b\"},\"headline\":\"VivaAerobus operar\u00e1 dos nuevas rutas a Canc\u00fan\",\"datePublished\":\"2017-01-26T07:01:17+00:00\",\"dateModified\":\"2017-01-26T07:04:28+00:00\",\"mainEntityOfPage\":{\"@id\":\"https:\/\/nitu.mx\/index.php\/2017\/01\/26\/vivaaerobus-operara-dos-nuevas-rutas-a-cancun\/\"},\"wordCount\":215,\"commentCount\":0,\"publisher\":{\"@id\":\"https:\/\/nitu.mx\/#\/schema\/person\/ae7a53426417292d3dd07b45a33e01bc\"},\"image\":{\"@id\":\"https:\/\/nitu.mx\/index.php\/2017\/01\/26\/vivaaerobus-operara-dos-nuevas-rutas-a-cancun\/#primaryimage\"},\"thumbnailUrl\":\"https:\/\/nitu.mx\/wp-content\/uploads\/2016\/10\/vivaaerobus-1.jpg\",\"keywords\":[\"Canc\u00fan\",\"Ciudad Ju\u00e1rez\",\"Juan Carlos Zuazua\",\"Quer\u00e9taro\",\"VivaAerobus\"],\"articleSection\":[\"Aerol\u00edneas\",\"Destinos\"],\"inLanguage\":\"es-MX\",\"potentialAction\":[{\"@type\":\"CommentAction\",\"name\":\"Comment\",\"target\":[\"https:\/\/nitu.mx\/index.php\/2017\/01\/26\/vivaaerobus-operara-dos-nuevas-rutas-a-cancun\/#respond\"]}]},{\"@type\":\"WebPage\",\"@id\":\"https:\/\/nitu.mx\/index.php\/2017\/01\/26\/vivaaerobus-operara-dos-nuevas-rutas-a-cancun\/\",\"url\":\"https:\/\/nitu.mx\/index.php\/2017\/01\/26\/vivaaerobus-operara-dos-nuevas-rutas-a-cancun\/\",\"name\":\"VivaAerobus operar\u00e1 dos nuevas rutas a Canc\u00fan - Nitu - Noticias de la Industria Turistica\",\"isPartOf\":{\"@id\":\"https:\/\/nitu.mx\/#website\"},\"primaryImageOfPage\":{\"@id\":\"https:\/\/nitu.mx\/index.php\/2017\/01\/26\/vivaaerobus-operara-dos-nuevas-rutas-a-cancun\/#primaryimage\"},\"image\":{\"@id\":\"https:\/\/nitu.mx\/index.php\/2017\/01\/26\/vivaaerobus-operara-dos-nuevas-rutas-a-cancun\/#primaryimage\"},\"thumbnailUrl\":\"https:\/\/nitu.mx\/wp-content\/uploads\/2016\/10\/vivaaerobus-1.jpg\",\"datePublished\":\"2017-01-26T07:01:17+00:00\",\"dateModified\":\"2017-01-26T07:04:28+00:00\",\"description\":\"VivaAerobus comenzar\u00e1 a operar las rutas Canc\u00fan-Quer\u00e9taro y Quer\u00e9taro-Canc\u00fan, esto con el fin de aumentar su oferta de asientos para el verano.\",\"breadcrumb\":{\"@id\":\"https:\/\/nitu.mx\/index.php\/2017\/01\/26\/vivaaerobus-operara-dos-nuevas-rutas-a-cancun\/#breadcrumb\"},\"inLanguage\":\"es-MX\",\"potentialAction\":[{\"@type\":\"ReadAction\",\"target\":[\"https:\/\/nitu.mx\/index.php\/2017\/01\/26\/vivaaerobus-operara-dos-nuevas-rutas-a-cancun\/\"]}]},{\"@type\":\"ImageObject\",\"inLanguage\":\"es-MX\",\"@id\":\"https:\/\/nitu.mx\/index.php\/2017\/01\/26\/vivaaerobus-operara-dos-nuevas-rutas-a-cancun\/#primaryimage\",\"url\":\"https:\/\/nitu.mx\/wp-content\/uploads\/2016\/10\/vivaaerobus-1.jpg\",\"contentUrl\":\"https:\/\/nitu.mx\/wp-content\/uploads\/2016\/10\/vivaaerobus-1.jpg\",\"width\":1600,\"height\":884,\"caption\":\"vivaaerobus\"},{\"@type\":\"BreadcrumbList\",\"@id\":\"https:\/\/nitu.mx\/index.php\/2017\/01\/26\/vivaaerobus-operara-dos-nuevas-rutas-a-cancun\/#breadcrumb\",\"itemListElement\":[{\"@type\":\"ListItem\",\"position\":1,\"name\":\"Inicio\",\"item\":\"https:\/\/nitu.mx\/\"},{\"@type\":\"ListItem\",\"position\":2,\"name\":\"VivaAerobus operar\u00e1 dos nuevas rutas a Canc\u00fan\"}]},{\"@type\":\"WebSite\",\"@id\":\"https:\/\/nitu.mx\/#website\",\"url\":\"https:\/\/nitu.mx\/\",\"name\":\"Nitu - Noticias de la Industria Turistica\",\"description\":\"Noticias de la Industria Turistica\",\"publisher\":{\"@id\":\"https:\/\/nitu.mx\/#\/schema\/person\/ae7a53426417292d3dd07b45a33e01bc\"},\"alternateName\":\"Noticias de la Industria Turistica\",\"potentialAction\":[{\"@type\":\"SearchAction\",\"target\":{\"@type\":\"EntryPoint\",\"urlTemplate\":\"https:\/\/nitu.mx\/?s={search_term_string}\"},\"query-input\":\"required name=search_term_string\"}],\"inLanguage\":\"es-MX\"},{\"@type\":[\"Person\",\"Organization\"],\"@id\":\"https:\/\/nitu.mx\/#\/schema\/person\/ae7a53426417292d3dd07b45a33e01bc\",\"name\":\"Arturo Medina\",\"image\":{\"@type\":\"ImageObject\",\"inLanguage\":\"es-MX\",\"@id\":\"https:\/\/nitu.mx\/#\/schema\/person\/image\/\",\"url\":\"https:\/\/nitu.mx\/wp-content\/uploads\/2024\/04\/4A315622-1904-4D5C-B022-878CDC840E04-90x90-1.jpeg\",\"contentUrl\":\"https:\/\/nitu.mx\/wp-content\/uploads\/2024\/04\/4A315622-1904-4D5C-B022-878CDC840E04-90x90-1.jpeg\",\"width\":90,\"height\":90,\"caption\":\"Arturo Medina\"},\"logo\":{\"@id\":\"https:\/\/nitu.mx\/#\/schema\/person\/image\/\"},\"description\":\"Director NITU.mx, Egresado de la Escuela de Periodismo Carlos Septi\u00e9n Garc\u00eda. Periodista y analista especializado en turismo desde hace 35 a\u00f1os, radicado en Canc\u00fan Q.Roo. arturo@nitu.mx\",\"sameAs\":[\"https:\/\/nitu.mx\",\"https:\/\/www.facebook.com\/NITUmx\/\",\"medinacancun\",\"https:\/\/twitter.com\/@Arturo_Medina_G\"]},{\"@type\":\"Person\",\"@id\":\"https:\/\/nitu.mx\/#\/schema\/person\/4a28fe9bd65924f7c90623773daf1b0b\",\"name\":\"Redacci\u00f3n\",\"image\":{\"@type\":\"ImageObject\",\"inLanguage\":\"es-MX\",\"@id\":\"https:\/\/nitu.mx\/#\/schema\/person\/image\/\",\"url\":\"https:\/\/secure.gravatar.com\/avatar\/5dd011c8ccfc5cd7e4c81e42252aab38?s=96&d=mm&r=g\",\"contentUrl\":\"https:\/\/secure.gravatar.com\/avatar\/5dd011c8ccfc5cd7e4c81e42252aab38?s=96&d=mm&r=g\",\"caption\":\"Redacci\u00f3n\"},\"url\":\"https:\/\/nitu.mx\/index.php\/author\/redaccion\/\"}]}<\/script>\n<!-- \/ Yoast SEO plugin. -->","yoast_head_json":{"title":"VivaAerobus operar\u00e1 dos nuevas rutas a Canc\u00fan - Nitu - Noticias de la Industria Turistica","description":"VivaAerobus comenzar\u00e1 a operar las rutas Canc\u00fan-Quer\u00e9taro y Quer\u00e9taro-Canc\u00fan, esto con el fin de aumentar su oferta de asientos para el verano.","robots":{"index":"index","follow":"follow","max-snippet":"max-snippet:-1","max-image-preview":"max-image-preview:large","max-video-preview":"max-video-preview:-1"},"canonical":"https:\/\/nitu.mx\/index.php\/2017\/01\/26\/vivaaerobus-operara-dos-nuevas-rutas-a-cancun\/","twitter_card":"summary_large_image","twitter_title":"VivaAerobus operar\u00e1 dos nuevas rutas a Canc\u00fan - Nitu - Noticias de la Industria Turistica","twitter_description":"VivaAerobus comenzar\u00e1 a operar las rutas Canc\u00fan-Quer\u00e9taro y Quer\u00e9taro-Canc\u00fan, esto con el fin de aumentar su oferta de asientos para el verano.","twitter_image":"https:\/\/nitu.mx\/wp-content\/uploads\/2016\/10\/vivaaerobus-1.jpg","twitter_creator":"@NITUmx","twitter_site":"@Arturo_Medina_G","twitter_misc":{"Escrito por":"Redacci\u00f3n","Tiempo de lectura":"1 minuto"},"schema":{"@context":"https:\/\/schema.org","@graph":[{"@type":"Article","@id":"https:\/\/nitu.mx\/index.php\/2017\/01\/26\/vivaaerobus-operara-dos-nuevas-rutas-a-cancun\/#article","isPartOf":{"@id":"https:\/\/nitu.mx\/index.php\/2017\/01\/26\/vivaaerobus-operara-dos-nuevas-rutas-a-cancun\/"},"author":{"name":"Redacci\u00f3n","@id":"https:\/\/nitu.mx\/#\/schema\/person\/4a28fe9bd65924f7c90623773daf1b0b"},"headline":"VivaAerobus operar\u00e1 dos nuevas rutas a Canc\u00fan","datePublished":"2017-01-26T07:01:17+00:00","dateModified":"2017-01-26T07:04:28+00:00","mainEntityOfPage":{"@id":"https:\/\/nitu.mx\/index.php\/2017\/01\/26\/vivaaerobus-operara-dos-nuevas-rutas-a-cancun\/"},"wordCount":215,"commentCount":0,"publisher":{"@id":"https:\/\/nitu.mx\/#\/schema\/person\/ae7a53426417292d3dd07b45a33e01bc"},"image":{"@id":"https:\/\/nitu.mx\/index.php\/2017\/01\/26\/vivaaerobus-operara-dos-nuevas-rutas-a-cancun\/#primaryimage"},"thumbnailUrl":"https:\/\/nitu.mx\/wp-content\/uploads\/2016\/10\/vivaaerobus-1.jpg","keywords":["Canc\u00fan","Ciudad Ju\u00e1rez","Juan Carlos Zuazua","Quer\u00e9taro","VivaAerobus"],"articleSection":["Aerol\u00edneas","Destinos"],"inLanguage":"es-MX","potentialAction":[{"@type":"CommentAction","name":"Comment","target":["https:\/\/nitu.mx\/index.php\/2017\/01\/26\/vivaaerobus-operara-dos-nuevas-rutas-a-cancun\/#respond"]}]},{"@type":"WebPage","@id":"https:\/\/nitu.mx\/index.php\/2017\/01\/26\/vivaaerobus-operara-dos-nuevas-rutas-a-cancun\/","url":"https:\/\/nitu.mx\/index.php\/2017\/01\/26\/vivaaerobus-operara-dos-nuevas-rutas-a-cancun\/","name":"VivaAerobus operar\u00e1 dos nuevas rutas a Canc\u00fan - Nitu - Noticias de la Industria Turistica","isPartOf":{"@id":"https:\/\/nitu.mx\/#website"},"primaryImageOfPage":{"@id":"https:\/\/nitu.mx\/index.php\/2017\/01\/26\/vivaaerobus-operara-dos-nuevas-rutas-a-cancun\/#primaryimage"},"image":{"@id":"https:\/\/nitu.mx\/index.php\/2017\/01\/26\/vivaaerobus-operara-dos-nuevas-rutas-a-cancun\/#primaryimage"},"thumbnailUrl":"https:\/\/nitu.mx\/wp-content\/uploads\/2016\/10\/vivaaerobus-1.jpg","datePublished":"2017-01-26T07:01:17+00:00","dateModified":"2017-01-26T07:04:28+00:00","description":"VivaAerobus comenzar\u00e1 a operar las rutas Canc\u00fan-Quer\u00e9taro y Quer\u00e9taro-Canc\u00fan, esto con el fin de aumentar su oferta de asientos para el verano.","breadcrumb":{"@id":"https:\/\/nitu.mx\/index.php\/2017\/01\/26\/vivaaerobus-operara-dos-nuevas-rutas-a-cancun\/#breadcrumb"},"inLanguage":"es-MX","potentialAction":[{"@type":"ReadAction","target":["https:\/\/nitu.mx\/index.php\/2017\/01\/26\/vivaaerobus-operara-dos-nuevas-rutas-a-cancun\/"]}]},{"@type":"ImageObject","inLanguage":"es-MX","@id":"https:\/\/nitu.mx\/index.php\/2017\/01\/26\/vivaaerobus-operara-dos-nuevas-rutas-a-cancun\/#primaryimage","url":"https:\/\/nitu.mx\/wp-content\/uploads\/2016\/10\/vivaaerobus-1.jpg","contentUrl":"https:\/\/nitu.mx\/wp-content\/uploads\/2016\/10\/vivaaerobus-1.jpg","width":1600,"height":884,"caption":"vivaaerobus"},{"@type":"BreadcrumbList","@id":"https:\/\/nitu.mx\/index.php\/2017\/01\/26\/vivaaerobus-operara-dos-nuevas-rutas-a-cancun\/#breadcrumb","itemListElement":[{"@type":"ListItem","position":1,"name":"Inicio","item":"https:\/\/nitu.mx\/"},{"@type":"ListItem","position":2,"name":"VivaAerobus operar\u00e1 dos nuevas rutas a Canc\u00fan"}]},{"@type":"WebSite","@id":"https:\/\/nitu.mx\/#website","url":"https:\/\/nitu.mx\/","name":"Nitu - Noticias de la Industria Turistica","description":"Noticias de la Industria Turistica","publisher":{"@id":"https:\/\/nitu.mx\/#\/schema\/person\/ae7a53426417292d3dd07b45a33e01bc"},"alternateName":"Noticias de la Industria Turistica","potentialAction":[{"@type":"SearchAction","target":{"@type":"EntryPoint","urlTemplate":"https:\/\/nitu.mx\/?s={search_term_string}"},"query-input":"required name=search_term_string"}],"inLanguage":"es-MX"},{"@type":["Person","Organization"],"@id":"https:\/\/nitu.mx\/#\/schema\/person\/ae7a53426417292d3dd07b45a33e01bc","name":"Arturo Medina","image":{"@type":"ImageObject","inLanguage":"es-MX","@id":"https:\/\/nitu.mx\/#\/schema\/person\/image\/","url":"https:\/\/nitu.mx\/wp-content\/uploads\/2024\/04\/4A315622-1904-4D5C-B022-878CDC840E04-90x90-1.jpeg","contentUrl":"https:\/\/nitu.mx\/wp-content\/uploads\/2024\/04\/4A315622-1904-4D5C-B022-878CDC840E04-90x90-1.jpeg","width":90,"height":90,"caption":"Arturo Medina"},"logo":{"@id":"https:\/\/nitu.mx\/#\/schema\/person\/image\/"},"description":"Director NITU.mx, Egresado de la Escuela de Periodismo Carlos Septi\u00e9n Garc\u00eda. Periodista y analista especializado en turismo desde hace 35 a\u00f1os, radicado en Canc\u00fan Q.Roo. arturo@nitu.mx","sameAs":["https:\/\/nitu.mx","https:\/\/www.facebook.com\/NITUmx\/","medinacancun","https:\/\/twitter.com\/@Arturo_Medina_G"]},{"@type":"Person","@id":"https:\/\/nitu.mx\/#\/schema\/person\/4a28fe9bd65924f7c90623773daf1b0b","name":"Redacci\u00f3n","image":{"@type":"ImageObject","inLanguage":"es-MX","@id":"https:\/\/nitu.mx\/#\/schema\/person\/image\/","url":"https:\/\/secure.gravatar.com\/avatar\/5dd011c8ccfc5cd7e4c81e42252aab38?s=96&d=mm&r=g","contentUrl":"https:\/\/secure.gravatar.com\/avatar\/5dd011c8ccfc5cd7e4c81e42252aab38?s=96&d=mm&r=g","caption":"Redacci\u00f3n"},"url":"https:\/\/nitu.mx\/index.php\/author\/redaccion\/"}]}},"views":419,"_links":{"self":[{"href":"https:\/\/nitu.mx\/index.php\/wp-json\/wp\/v2\/posts\/6310"}],"collection":[{"href":"https:\/\/nitu.mx\/index.php\/wp-json\/wp\/v2\/posts"}],"about":[{"href":"https:\/\/nitu.mx\/index.php\/wp-json\/wp\/v2\/types\/post"}],"author":[{"embeddable":true,"href":"https:\/\/nitu.mx\/index.php\/wp-json\/wp\/v2\/users\/17"}],"replies":[{"embeddable":true,"href":"https:\/\/nitu.mx\/index.php\/wp-json\/wp\/v2\/comments?post=6310"}],"version-history":[{"count":4,"href":"https:\/\/nitu.mx\/index.php\/wp-json\/wp\/v2\/posts\/6310\/revisions"}],"predecessor-version":[{"id":6359,"href":"https:\/\/nitu.mx\/index.php\/wp-json\/wp\/v2\/posts\/6310\/revisions\/6359"}],"wp:featuredmedia":[{"embeddable":true,"href":"https:\/\/nitu.mx\/index.php\/wp-json\/wp\/v2\/media\/2600"}],"wp:attachment":[{"href":"https:\/\/nitu.mx\/index.php\/wp-json\/wp\/v2\/media?parent=6310"}],"wp:term":[{"taxonomy":"category","embeddable":true,"href":"https:\/\/nitu.mx\/index.php\/wp-json\/wp\/v2\/categories?post=6310"},{"taxonomy":"post_tag","embeddable":true,"href":"https:\/\/nitu.mx\/index.php\/wp-json\/wp\/v2\/tags?post=6310"}],"curies":[{"name":"wp","href":"https:\/\/api.w.org\/{rel}","templated":true}]}}