{"id":63087,"date":"2023-01-20T23:07:13","date_gmt":"2023-01-21T04:07:13","guid":{"rendered":"https:\/\/www.dev.nitu.mx\/?p=63087"},"modified":"2023-01-20T23:07:13","modified_gmt":"2023-01-21T04:07:13","slug":"gestiona-ana-patricia-peralta-cumbre-de-turismo-social-y-sostenible","status":"publish","type":"post","link":"https:\/\/nitu.mx\/index.php\/2023\/01\/20\/gestiona-ana-patricia-peralta-cumbre-de-turismo-social-y-sostenible\/","title":{"rendered":"Gestiona Ana Patricia Peralta cumbre de Turismo Social y Sostenible"},"content":{"rendered":"<p>La Confederaci\u00f3n Espa\u00f1ola de Organizaciones Empresariales, CEOE, el organismo m\u00e1s destacado de ese pa\u00eds, y Ana Patricia Peralta de la Pe\u00f1a, Presidenta Municipal de Benito Ju\u00e1rez, acordaron trabajar juntos para la realizaci\u00f3n de una Cumbre sobre Turismo Social y Sostenible en Canc\u00fan en los pr\u00f3ximos meses, con el objetivo de analizar casos de \u00e9xito y buenas pr\u00e1cticas que sirven de modelos de soluci\u00f3n a los retos que enfrentan las ciudades tur\u00edsticas.<\/p>\n<p>\u201cEn Canc\u00fan se incentiva y promueve la inversi\u00f3n extranjera con un modelo sostenible: que da empleo y fortalece las cadenas de valor, dinamiza la econom\u00eda y garantiza condiciones de bienestar para las comunidades locales y respeto a su cultura y el entorno\u201d, expuso la Alcaldesa de Canc\u00fan aprovechando la plataforma internacional que representa la Fitur 2023, donde Ana Patricia Peralta estrecha v\u00ednculos y firma convenios de colaboraci\u00f3n con ciudades y organismos espa\u00f1oles.<\/p>\n<p>En este encuentro con personalidades empresariales destacadas de Espa\u00f1a, la Alcaldesa de Canc\u00fan fue recibida por el director general de CEOE Internacional, Narciso Casado Mart\u00edn; as\u00ed como por el vicepresidente de la Confederaci\u00f3n Espa\u00f1ola de J\u00f3venes Empresarios, Antonio Francisco Magraner Balaguer y el Alcalde de Medina del Campo, Guzm\u00e1n G\u00f3mez Alonso.<\/p>\n<p>\u201cEn Canc\u00fan est\u00e1n sucediendo cosas buenas. Con el respaldo de la primera mujer gobernadora de Quintana Roo, Mara Lezama, y el presidente de M\u00e9xico, Andr\u00e9s Manuel L\u00f3pez Obrador, estamos transformando Canc\u00fan, con obras como el Tren Maya, que traer\u00e1 grandes oportunidades de inversi\u00f3n, desarrollo y diversificaci\u00f3n al turismo. Los invito a que conozcan las ventajas de este gran proyecto que dar\u00e1 mayor impulso al Sureste Mexicano\u201d, subray\u00f3 Peralta de la Pe\u00f1a en un intercambio de experiencias exitosas en turismo de convenciones, turismo social, m\u00e9dico y deportivo.<\/p>\n<p>Al t\u00e9rmino, Ana Patricia Peralta coment\u00f3 la importancia de este tipo de acercamientos ya que afianzan la confianza internacional en Canc\u00fan para seguir atrayendo inversi\u00f3n hacia el destino que genere bienestar social hacia los ciudadanos y respete el entorno.<\/p>\n<p>************<\/p>\n","protected":false},"excerpt":{"rendered":"<p>La Confederaci\u00f3n Espa\u00f1ola de Organizaciones Empresariales, CEOE, el organismo m\u00e1s destacado de ese pa\u00eds, y Ana Patricia Peralta de la Pe\u00f1a, Presidenta Municipal de Benito Ju\u00e1rez, acordaron trabajar juntos para la realizaci\u00f3n de una Cumbre sobre Turismo Social y Sostenible en Canc\u00fan en los pr\u00f3ximos meses, con el objetivo de analizar casos de \u00e9xito y [&hellip;]<\/p>\n","protected":false},"author":2,"featured_media":63089,"comment_status":"open","ping_status":"open","sticky":false,"template":"","format":"standard","meta":{"footnotes":""},"categories":[21403],"tags":[23614,43],"yoast_head":"<!-- This site is optimized with the Yoast SEO plugin v22.2 - https:\/\/yoast.com\/wordpress\/plugins\/seo\/ -->\n<title>Gestiona Ana Patricia Peralta cumbre de Turismo Social y Sostenible - Nitu - Noticias de la Industria Turistica<\/title>\n<meta name=\"robots\" content=\"index, follow, max-snippet:-1, max-image-preview:large, max-video-preview:-1\" \/>\n<link rel=\"canonical\" href=\"https:\/\/nitu.mx\/index.php\/2023\/01\/20\/gestiona-ana-patricia-peralta-cumbre-de-turismo-social-y-sostenible\/\" \/>\n<meta name=\"twitter:card\" content=\"summary_large_image\" \/>\n<meta name=\"twitter:title\" content=\"Gestiona Ana Patricia Peralta cumbre de Turismo Social y Sostenible - Nitu - Noticias de la Industria Turistica\" \/>\n<meta name=\"twitter:description\" content=\"La Confederaci\u00f3n Espa\u00f1ola de Organizaciones Empresariales, CEOE, el organismo m\u00e1s destacado de ese pa\u00eds, y Ana Patricia Peralta de la Pe\u00f1a, Presidenta Municipal de Benito Ju\u00e1rez, acordaron trabajar juntos para la realizaci\u00f3n de una Cumbre sobre Turismo Social y Sostenible en Canc\u00fan en los pr\u00f3ximos meses, con el objetivo de analizar casos de \u00e9xito y [&hellip;]\" \/>\n<meta name=\"twitter:image\" content=\"https:\/\/nitu.mx\/wp-content\/uploads\/2023\/01\/8ABF5778-3E5F-4CE8-8DB4-732C2002484D.jpeg\" \/>\n<meta name=\"twitter:creator\" content=\"@Arturo_Medina_G\" \/>\n<meta name=\"twitter:site\" content=\"@Arturo_Medina_G\" \/>\n<meta name=\"twitter:label1\" content=\"Escrito por\" \/>\n\t<meta name=\"twitter:data1\" content=\"Arturo Medina\" \/>\n\t<meta name=\"twitter:label2\" content=\"Tiempo de lectura\" \/>\n\t<meta name=\"twitter:data2\" content=\"2 minutos\" \/>\n<script type=\"application\/ld+json\" class=\"yoast-schema-graph\">{\"@context\":\"https:\/\/schema.org\",\"@graph\":[{\"@type\":\"Article\",\"@id\":\"https:\/\/nitu.mx\/index.php\/2023\/01\/20\/gestiona-ana-patricia-peralta-cumbre-de-turismo-social-y-sostenible\/#article\",\"isPartOf\":{\"@id\":\"https:\/\/nitu.mx\/index.php\/2023\/01\/20\/gestiona-ana-patricia-peralta-cumbre-de-turismo-social-y-sostenible\/\"},\"author\":{\"name\":\"Arturo Medina\",\"@id\":\"https:\/\/nitu.mx\/#\/schema\/person\/ae7a53426417292d3dd07b45a33e01bc\"},\"headline\":\"Gestiona Ana Patricia Peralta cumbre de Turismo Social y Sostenible\",\"datePublished\":\"2023-01-21T04:07:13+00:00\",\"dateModified\":\"2023-01-21T04:07:13+00:00\",\"mainEntityOfPage\":{\"@id\":\"https:\/\/nitu.mx\/index.php\/2023\/01\/20\/gestiona-ana-patricia-peralta-cumbre-de-turismo-social-y-sostenible\/\"},\"wordCount\":368,\"commentCount\":0,\"publisher\":{\"@id\":\"https:\/\/nitu.mx\/#\/schema\/person\/ae7a53426417292d3dd07b45a33e01bc\"},\"image\":{\"@id\":\"https:\/\/nitu.mx\/index.php\/2023\/01\/20\/gestiona-ana-patricia-peralta-cumbre-de-turismo-social-y-sostenible\/#primaryimage\"},\"thumbnailUrl\":\"https:\/\/nitu.mx\/wp-content\/uploads\/2023\/01\/8ABF5778-3E5F-4CE8-8DB4-732C2002484D.jpeg\",\"keywords\":[\"Ana Patricia Peralta\",\"Canc\u00fan\"],\"articleSection\":[\"Canc\u00fan\"],\"inLanguage\":\"es-MX\",\"potentialAction\":[{\"@type\":\"CommentAction\",\"name\":\"Comment\",\"target\":[\"https:\/\/nitu.mx\/index.php\/2023\/01\/20\/gestiona-ana-patricia-peralta-cumbre-de-turismo-social-y-sostenible\/#respond\"]}]},{\"@type\":\"WebPage\",\"@id\":\"https:\/\/nitu.mx\/index.php\/2023\/01\/20\/gestiona-ana-patricia-peralta-cumbre-de-turismo-social-y-sostenible\/\",\"url\":\"https:\/\/nitu.mx\/index.php\/2023\/01\/20\/gestiona-ana-patricia-peralta-cumbre-de-turismo-social-y-sostenible\/\",\"name\":\"Gestiona Ana Patricia Peralta cumbre de Turismo Social y Sostenible - Nitu - Noticias de la Industria Turistica\",\"isPartOf\":{\"@id\":\"https:\/\/nitu.mx\/#website\"},\"primaryImageOfPage\":{\"@id\":\"https:\/\/nitu.mx\/index.php\/2023\/01\/20\/gestiona-ana-patricia-peralta-cumbre-de-turismo-social-y-sostenible\/#primaryimage\"},\"image\":{\"@id\":\"https:\/\/nitu.mx\/index.php\/2023\/01\/20\/gestiona-ana-patricia-peralta-cumbre-de-turismo-social-y-sostenible\/#primaryimage\"},\"thumbnailUrl\":\"https:\/\/nitu.mx\/wp-content\/uploads\/2023\/01\/8ABF5778-3E5F-4CE8-8DB4-732C2002484D.jpeg\",\"datePublished\":\"2023-01-21T04:07:13+00:00\",\"dateModified\":\"2023-01-21T04:07:13+00:00\",\"breadcrumb\":{\"@id\":\"https:\/\/nitu.mx\/index.php\/2023\/01\/20\/gestiona-ana-patricia-peralta-cumbre-de-turismo-social-y-sostenible\/#breadcrumb\"},\"inLanguage\":\"es-MX\",\"potentialAction\":[{\"@type\":\"ReadAction\",\"target\":[\"https:\/\/nitu.mx\/index.php\/2023\/01\/20\/gestiona-ana-patricia-peralta-cumbre-de-turismo-social-y-sostenible\/\"]}]},{\"@type\":\"ImageObject\",\"inLanguage\":\"es-MX\",\"@id\":\"https:\/\/nitu.mx\/index.php\/2023\/01\/20\/gestiona-ana-patricia-peralta-cumbre-de-turismo-social-y-sostenible\/#primaryimage\",\"url\":\"https:\/\/nitu.mx\/wp-content\/uploads\/2023\/01\/8ABF5778-3E5F-4CE8-8DB4-732C2002484D.jpeg\",\"contentUrl\":\"https:\/\/nitu.mx\/wp-content\/uploads\/2023\/01\/8ABF5778-3E5F-4CE8-8DB4-732C2002484D.jpeg\",\"width\":955,\"height\":614},{\"@type\":\"BreadcrumbList\",\"@id\":\"https:\/\/nitu.mx\/index.php\/2023\/01\/20\/gestiona-ana-patricia-peralta-cumbre-de-turismo-social-y-sostenible\/#breadcrumb\",\"itemListElement\":[{\"@type\":\"ListItem\",\"position\":1,\"name\":\"Inicio\",\"item\":\"https:\/\/nitu.mx\/\"},{\"@type\":\"ListItem\",\"position\":2,\"name\":\"Gestiona Ana Patricia Peralta cumbre de Turismo Social y Sostenible\"}]},{\"@type\":\"WebSite\",\"@id\":\"https:\/\/nitu.mx\/#website\",\"url\":\"https:\/\/nitu.mx\/\",\"name\":\"Nitu - Noticias de la Industria Turistica\",\"description\":\"Noticias de la Industria Turistica\",\"publisher\":{\"@id\":\"https:\/\/nitu.mx\/#\/schema\/person\/ae7a53426417292d3dd07b45a33e01bc\"},\"alternateName\":\"Noticias de la Industria Turistica\",\"potentialAction\":[{\"@type\":\"SearchAction\",\"target\":{\"@type\":\"EntryPoint\",\"urlTemplate\":\"https:\/\/nitu.mx\/?s={search_term_string}\"},\"query-input\":\"required name=search_term_string\"}],\"inLanguage\":\"es-MX\"},{\"@type\":[\"Person\",\"Organization\"],\"@id\":\"https:\/\/nitu.mx\/#\/schema\/person\/ae7a53426417292d3dd07b45a33e01bc\",\"name\":\"Arturo Medina\",\"image\":{\"@type\":\"ImageObject\",\"inLanguage\":\"es-MX\",\"@id\":\"https:\/\/nitu.mx\/#\/schema\/person\/image\/\",\"url\":\"https:\/\/nitu.mx\/wp-content\/uploads\/2024\/04\/4A315622-1904-4D5C-B022-878CDC840E04-90x90-1.jpeg\",\"contentUrl\":\"https:\/\/nitu.mx\/wp-content\/uploads\/2024\/04\/4A315622-1904-4D5C-B022-878CDC840E04-90x90-1.jpeg\",\"width\":90,\"height\":90,\"caption\":\"Arturo Medina\"},\"logo\":{\"@id\":\"https:\/\/nitu.mx\/#\/schema\/person\/image\/\"},\"description\":\"Director NITU.mx, Egresado de la Escuela de Periodismo Carlos Septi\u00e9n Garc\u00eda. Periodista y analista especializado en turismo desde hace 35 a\u00f1os, radicado en Canc\u00fan Q.Roo. arturo@nitu.mx\",\"sameAs\":[\"https:\/\/nitu.mx\",\"https:\/\/www.facebook.com\/NITUmx\/\",\"medinacancun\",\"https:\/\/twitter.com\/@Arturo_Medina_G\"],\"url\":\"https:\/\/nitu.mx\/index.php\/author\/arturo-medina\/\"}]}<\/script>\n<!-- \/ Yoast SEO plugin. -->","yoast_head_json":{"title":"Gestiona Ana Patricia Peralta cumbre de Turismo Social y Sostenible - Nitu - Noticias de la Industria Turistica","robots":{"index":"index","follow":"follow","max-snippet":"max-snippet:-1","max-image-preview":"max-image-preview:large","max-video-preview":"max-video-preview:-1"},"canonical":"https:\/\/nitu.mx\/index.php\/2023\/01\/20\/gestiona-ana-patricia-peralta-cumbre-de-turismo-social-y-sostenible\/","twitter_card":"summary_large_image","twitter_title":"Gestiona Ana Patricia Peralta cumbre de Turismo Social y Sostenible - Nitu - Noticias de la Industria Turistica","twitter_description":"La Confederaci\u00f3n Espa\u00f1ola de Organizaciones Empresariales, CEOE, el organismo m\u00e1s destacado de ese pa\u00eds, y Ana Patricia Peralta de la Pe\u00f1a, Presidenta Municipal de Benito Ju\u00e1rez, acordaron trabajar juntos para la realizaci\u00f3n de una Cumbre sobre Turismo Social y Sostenible en Canc\u00fan en los pr\u00f3ximos meses, con el objetivo de analizar casos de \u00e9xito y [&hellip;]","twitter_image":"https:\/\/nitu.mx\/wp-content\/uploads\/2023\/01\/8ABF5778-3E5F-4CE8-8DB4-732C2002484D.jpeg","twitter_creator":"@Arturo_Medina_G","twitter_site":"@Arturo_Medina_G","twitter_misc":{"Escrito por":"Arturo Medina","Tiempo de lectura":"2 minutos"},"schema":{"@context":"https:\/\/schema.org","@graph":[{"@type":"Article","@id":"https:\/\/nitu.mx\/index.php\/2023\/01\/20\/gestiona-ana-patricia-peralta-cumbre-de-turismo-social-y-sostenible\/#article","isPartOf":{"@id":"https:\/\/nitu.mx\/index.php\/2023\/01\/20\/gestiona-ana-patricia-peralta-cumbre-de-turismo-social-y-sostenible\/"},"author":{"name":"Arturo Medina","@id":"https:\/\/nitu.mx\/#\/schema\/person\/ae7a53426417292d3dd07b45a33e01bc"},"headline":"Gestiona Ana Patricia Peralta cumbre de Turismo Social y Sostenible","datePublished":"2023-01-21T04:07:13+00:00","dateModified":"2023-01-21T04:07:13+00:00","mainEntityOfPage":{"@id":"https:\/\/nitu.mx\/index.php\/2023\/01\/20\/gestiona-ana-patricia-peralta-cumbre-de-turismo-social-y-sostenible\/"},"wordCount":368,"commentCount":0,"publisher":{"@id":"https:\/\/nitu.mx\/#\/schema\/person\/ae7a53426417292d3dd07b45a33e01bc"},"image":{"@id":"https:\/\/nitu.mx\/index.php\/2023\/01\/20\/gestiona-ana-patricia-peralta-cumbre-de-turismo-social-y-sostenible\/#primaryimage"},"thumbnailUrl":"https:\/\/nitu.mx\/wp-content\/uploads\/2023\/01\/8ABF5778-3E5F-4CE8-8DB4-732C2002484D.jpeg","keywords":["Ana Patricia Peralta","Canc\u00fan"],"articleSection":["Canc\u00fan"],"inLanguage":"es-MX","potentialAction":[{"@type":"CommentAction","name":"Comment","target":["https:\/\/nitu.mx\/index.php\/2023\/01\/20\/gestiona-ana-patricia-peralta-cumbre-de-turismo-social-y-sostenible\/#respond"]}]},{"@type":"WebPage","@id":"https:\/\/nitu.mx\/index.php\/2023\/01\/20\/gestiona-ana-patricia-peralta-cumbre-de-turismo-social-y-sostenible\/","url":"https:\/\/nitu.mx\/index.php\/2023\/01\/20\/gestiona-ana-patricia-peralta-cumbre-de-turismo-social-y-sostenible\/","name":"Gestiona Ana Patricia Peralta cumbre de Turismo Social y Sostenible - Nitu - Noticias de la Industria Turistica","isPartOf":{"@id":"https:\/\/nitu.mx\/#website"},"primaryImageOfPage":{"@id":"https:\/\/nitu.mx\/index.php\/2023\/01\/20\/gestiona-ana-patricia-peralta-cumbre-de-turismo-social-y-sostenible\/#primaryimage"},"image":{"@id":"https:\/\/nitu.mx\/index.php\/2023\/01\/20\/gestiona-ana-patricia-peralta-cumbre-de-turismo-social-y-sostenible\/#primaryimage"},"thumbnailUrl":"https:\/\/nitu.mx\/wp-content\/uploads\/2023\/01\/8ABF5778-3E5F-4CE8-8DB4-732C2002484D.jpeg","datePublished":"2023-01-21T04:07:13+00:00","dateModified":"2023-01-21T04:07:13+00:00","breadcrumb":{"@id":"https:\/\/nitu.mx\/index.php\/2023\/01\/20\/gestiona-ana-patricia-peralta-cumbre-de-turismo-social-y-sostenible\/#breadcrumb"},"inLanguage":"es-MX","potentialAction":[{"@type":"ReadAction","target":["https:\/\/nitu.mx\/index.php\/2023\/01\/20\/gestiona-ana-patricia-peralta-cumbre-de-turismo-social-y-sostenible\/"]}]},{"@type":"ImageObject","inLanguage":"es-MX","@id":"https:\/\/nitu.mx\/index.php\/2023\/01\/20\/gestiona-ana-patricia-peralta-cumbre-de-turismo-social-y-sostenible\/#primaryimage","url":"https:\/\/nitu.mx\/wp-content\/uploads\/2023\/01\/8ABF5778-3E5F-4CE8-8DB4-732C2002484D.jpeg","contentUrl":"https:\/\/nitu.mx\/wp-content\/uploads\/2023\/01\/8ABF5778-3E5F-4CE8-8DB4-732C2002484D.jpeg","width":955,"height":614},{"@type":"BreadcrumbList","@id":"https:\/\/nitu.mx\/index.php\/2023\/01\/20\/gestiona-ana-patricia-peralta-cumbre-de-turismo-social-y-sostenible\/#breadcrumb","itemListElement":[{"@type":"ListItem","position":1,"name":"Inicio","item":"https:\/\/nitu.mx\/"},{"@type":"ListItem","position":2,"name":"Gestiona Ana Patricia Peralta cumbre de Turismo Social y Sostenible"}]},{"@type":"WebSite","@id":"https:\/\/nitu.mx\/#website","url":"https:\/\/nitu.mx\/","name":"Nitu - Noticias de la Industria Turistica","description":"Noticias de la Industria Turistica","publisher":{"@id":"https:\/\/nitu.mx\/#\/schema\/person\/ae7a53426417292d3dd07b45a33e01bc"},"alternateName":"Noticias de la Industria Turistica","potentialAction":[{"@type":"SearchAction","target":{"@type":"EntryPoint","urlTemplate":"https:\/\/nitu.mx\/?s={search_term_string}"},"query-input":"required name=search_term_string"}],"inLanguage":"es-MX"},{"@type":["Person","Organization"],"@id":"https:\/\/nitu.mx\/#\/schema\/person\/ae7a53426417292d3dd07b45a33e01bc","name":"Arturo Medina","image":{"@type":"ImageObject","inLanguage":"es-MX","@id":"https:\/\/nitu.mx\/#\/schema\/person\/image\/","url":"https:\/\/nitu.mx\/wp-content\/uploads\/2024\/04\/4A315622-1904-4D5C-B022-878CDC840E04-90x90-1.jpeg","contentUrl":"https:\/\/nitu.mx\/wp-content\/uploads\/2024\/04\/4A315622-1904-4D5C-B022-878CDC840E04-90x90-1.jpeg","width":90,"height":90,"caption":"Arturo Medina"},"logo":{"@id":"https:\/\/nitu.mx\/#\/schema\/person\/image\/"},"description":"Director NITU.mx, Egresado de la Escuela de Periodismo Carlos Septi\u00e9n Garc\u00eda. Periodista y analista especializado en turismo desde hace 35 a\u00f1os, radicado en Canc\u00fan Q.Roo. arturo@nitu.mx","sameAs":["https:\/\/nitu.mx","https:\/\/www.facebook.com\/NITUmx\/","medinacancun","https:\/\/twitter.com\/@Arturo_Medina_G"],"url":"https:\/\/nitu.mx\/index.php\/author\/arturo-medina\/"}]}},"views":780,"_links":{"self":[{"href":"https:\/\/nitu.mx\/index.php\/wp-json\/wp\/v2\/posts\/63087"}],"collection":[{"href":"https:\/\/nitu.mx\/index.php\/wp-json\/wp\/v2\/posts"}],"about":[{"href":"https:\/\/nitu.mx\/index.php\/wp-json\/wp\/v2\/types\/post"}],"author":[{"embeddable":true,"href":"https:\/\/nitu.mx\/index.php\/wp-json\/wp\/v2\/users\/2"}],"replies":[{"embeddable":true,"href":"https:\/\/nitu.mx\/index.php\/wp-json\/wp\/v2\/comments?post=63087"}],"version-history":[{"count":1,"href":"https:\/\/nitu.mx\/index.php\/wp-json\/wp\/v2\/posts\/63087\/revisions"}],"predecessor-version":[{"id":63088,"href":"https:\/\/nitu.mx\/index.php\/wp-json\/wp\/v2\/posts\/63087\/revisions\/63088"}],"wp:featuredmedia":[{"embeddable":true,"href":"https:\/\/nitu.mx\/index.php\/wp-json\/wp\/v2\/media\/63089"}],"wp:attachment":[{"href":"https:\/\/nitu.mx\/index.php\/wp-json\/wp\/v2\/media?parent=63087"}],"wp:term":[{"taxonomy":"category","embeddable":true,"href":"https:\/\/nitu.mx\/index.php\/wp-json\/wp\/v2\/categories?post=63087"},{"taxonomy":"post_tag","embeddable":true,"href":"https:\/\/nitu.mx\/index.php\/wp-json\/wp\/v2\/tags?post=63087"}],"curies":[{"name":"wp","href":"https:\/\/api.w.org\/{rel}","templated":true}]}}