{"id":63084,"date":"2023-01-20T00:13:27","date_gmt":"2023-01-20T05:13:27","guid":{"rendered":"https:\/\/www.dev.nitu.mx\/?p=63084"},"modified":"2023-01-20T00:14:35","modified_gmt":"2023-01-20T05:14:35","slug":"firma-ana-paty-convenio-con-camara-de-comercio-de-madrid","status":"publish","type":"post","link":"https:\/\/nitu.mx\/index.php\/2023\/01\/20\/firma-ana-paty-convenio-con-camara-de-comercio-de-madrid\/","title":{"rendered":"Firma Ana Paty convenio con Camara de Comercio de Madrid"},"content":{"rendered":"<p>A iniciativa de Ana Patricia Peralta, Presidenta Municipal de Benito Ju\u00e1rez, se abre la posibilidad de que la C\u00e1mara de Comercio, Industria y Servicios de Madrid tenga una representaci\u00f3n en Canc\u00fan, \u201cla \u00fanica en M\u00e9xico y Latinoam\u00e9rica, un intercambio hist\u00f3rico, para dar certeza comercial a la comunidad espa\u00f1ola en nuestra ciudad, captar m\u00e1s inversi\u00f3n y que los ciudadanos y turistas de ese pa\u00eds tengan un espacio al que recurrir si lo necesitan\u201d.<\/p>\n<p>Tras un exitoso primer d\u00eda de actividades en la Feria Internacional de Turismo (FITUR) 2023, organizada en Madrid, Espa\u00f1a, la Primera Autoridad Municipal junto con el presidente de la C\u00e1mara de Comercio, Industria y Servicios de Madrid, \u00c1ngel Asensio Laguna, signaron una Carta de Intenci\u00f3n de colaboraci\u00f3n entre la instituci\u00f3n y el gobierno municipal, con el compromiso de contribuir a un ecosistema de negocios pr\u00f3spero y confiable, cuyo contexto es que 1 de cada 3 cuartos de hotel en Canc\u00fan son inversi\u00f3n espa\u00f1ola.<\/p>\n<p>Durante la firma, Ana Patricia Peralta puntualiz\u00f3 que este acuerdo, que se viene trabajando desde que era presidenta municipal nuestra actual gobernadora, Mara Lezama, hoy por fin es una realidad que permitir\u00e1 contar con representaci\u00f3n en la ciudad, a trav\u00e9s de una iniciativa sin precedentes en la regi\u00f3n de Latinoam\u00e9rica, a fin de atraer mayor inversi\u00f3n de empresas espa\u00f1olas, las cuales representan el 32 de la oferta hotelera del Caribe Mexicano.<\/p>\n<p>A\u00f1adi\u00f3 que este convenio tambi\u00e9n contempla contar con un espacio, adicional a los consulados, al cual los turistas espa\u00f1oles puedan acudir ante cualquier situaci\u00f3n que requieran durante su estancia en Canc\u00fan. Detall\u00f3 que esta propuesta es de gran importancia ya que actualmente el mercado espa\u00f1ol se encuentra en el top 10 de los mercados emisores v\u00eda a\u00e9rea hacia Canc\u00fan.<\/p>\n<p>Esto tambi\u00e9n permite realizar acciones para establecer futuros v\u00ednculos de cooperaci\u00f3n, colaboraci\u00f3n y entendimiento, a fin de fortalecer los mecanismos de apoyo en materia tur\u00edstica, cultural, econ\u00f3mica e intercambios, as\u00ed como en cualquier \u00e1mbito cuyo desarrollo sea ben\u00e9fico para ambas ciudades indic\u00f3 Ana Patricia Peralta, en compa\u00f1\u00eda de la presidenta municipal de Puerto Morelos, Blanca Merari Tziu, quien atestigu\u00f3 la firma del convenio.<\/p>\n<p>Adem\u00e1s, la Alcaldesa junto al secretario municipal de Turismo, Juan Pablo de Zulueta Razo y el regidor Eduardo Kuyoc Mart\u00ednez, como parte de las reuniones realizadas en el marco de la 43 edici\u00f3n de FITUR 2023 las autoridades municipales dialogaron con Franz Muller de Amadeus &amp; Canc\u00fan y, por separado, con el alcalde de Granadilla de Abona, en Espa\u00f1a, Jos\u00e9 Domingo Regalado Gonz\u00e1lez, con el objetivo de fortalecer las relaciones internacionales de la ciudad y promover el turismo en Canc\u00fan.<\/p>\n<p>************<\/p>\n","protected":false},"excerpt":{"rendered":"<p>A iniciativa de Ana Patricia Peralta, Presidenta Municipal de Benito Ju\u00e1rez, se abre la posibilidad de que la C\u00e1mara de Comercio, Industria y Servicios de Madrid tenga una representaci\u00f3n en Canc\u00fan, \u201cla \u00fanica en M\u00e9xico y Latinoam\u00e9rica, un intercambio hist\u00f3rico, para dar certeza comercial a la comunidad espa\u00f1ola en nuestra ciudad, captar m\u00e1s inversi\u00f3n y [&hellip;]<\/p>\n","protected":false},"author":2,"featured_media":63086,"comment_status":"open","ping_status":"open","sticky":false,"template":"","format":"standard","meta":{"footnotes":""},"categories":[21403],"tags":[23614,43],"yoast_head":"<!-- This site is optimized with the Yoast SEO plugin v22.2 - https:\/\/yoast.com\/wordpress\/plugins\/seo\/ -->\n<title>Firma Ana Paty convenio con Camara de Comercio de Madrid - Nitu - Noticias de la Industria Turistica<\/title>\n<meta name=\"robots\" content=\"index, follow, max-snippet:-1, max-image-preview:large, max-video-preview:-1\" \/>\n<link rel=\"canonical\" href=\"https:\/\/nitu.mx\/index.php\/2023\/01\/20\/firma-ana-paty-convenio-con-camara-de-comercio-de-madrid\/\" \/>\n<meta name=\"twitter:card\" content=\"summary_large_image\" \/>\n<meta name=\"twitter:title\" content=\"Firma Ana Paty convenio con Camara de Comercio de Madrid - Nitu - Noticias de la Industria Turistica\" \/>\n<meta name=\"twitter:description\" content=\"A iniciativa de Ana Patricia Peralta, Presidenta Municipal de Benito Ju\u00e1rez, se abre la posibilidad de que la C\u00e1mara de Comercio, Industria y Servicios de Madrid tenga una representaci\u00f3n en Canc\u00fan, \u201cla \u00fanica en M\u00e9xico y Latinoam\u00e9rica, un intercambio hist\u00f3rico, para dar certeza comercial a la comunidad espa\u00f1ola en nuestra ciudad, captar m\u00e1s inversi\u00f3n y [&hellip;]\" \/>\n<meta name=\"twitter:image\" content=\"https:\/\/nitu.mx\/wp-content\/uploads\/2023\/01\/955D2225-244C-4B4D-A3A5-F42929672BC8.jpeg\" \/>\n<meta name=\"twitter:creator\" content=\"@Arturo_Medina_G\" \/>\n<meta name=\"twitter:site\" content=\"@Arturo_Medina_G\" \/>\n<meta name=\"twitter:label1\" content=\"Escrito por\" \/>\n\t<meta name=\"twitter:data1\" content=\"Arturo Medina\" \/>\n\t<meta name=\"twitter:label2\" content=\"Tiempo de lectura\" \/>\n\t<meta name=\"twitter:data2\" content=\"2 minutos\" \/>\n<script type=\"application\/ld+json\" class=\"yoast-schema-graph\">{\"@context\":\"https:\/\/schema.org\",\"@graph\":[{\"@type\":\"Article\",\"@id\":\"https:\/\/nitu.mx\/index.php\/2023\/01\/20\/firma-ana-paty-convenio-con-camara-de-comercio-de-madrid\/#article\",\"isPartOf\":{\"@id\":\"https:\/\/nitu.mx\/index.php\/2023\/01\/20\/firma-ana-paty-convenio-con-camara-de-comercio-de-madrid\/\"},\"author\":{\"name\":\"Arturo Medina\",\"@id\":\"https:\/\/nitu.mx\/#\/schema\/person\/ae7a53426417292d3dd07b45a33e01bc\"},\"headline\":\"Firma Ana Paty convenio con Camara de Comercio de Madrid\",\"datePublished\":\"2023-01-20T05:13:27+00:00\",\"dateModified\":\"2023-01-20T05:14:35+00:00\",\"mainEntityOfPage\":{\"@id\":\"https:\/\/nitu.mx\/index.php\/2023\/01\/20\/firma-ana-paty-convenio-con-camara-de-comercio-de-madrid\/\"},\"wordCount\":482,\"commentCount\":0,\"publisher\":{\"@id\":\"https:\/\/nitu.mx\/#\/schema\/person\/ae7a53426417292d3dd07b45a33e01bc\"},\"image\":{\"@id\":\"https:\/\/nitu.mx\/index.php\/2023\/01\/20\/firma-ana-paty-convenio-con-camara-de-comercio-de-madrid\/#primaryimage\"},\"thumbnailUrl\":\"https:\/\/nitu.mx\/wp-content\/uploads\/2023\/01\/955D2225-244C-4B4D-A3A5-F42929672BC8.jpeg\",\"keywords\":[\"Ana Patricia Peralta\",\"Canc\u00fan\"],\"articleSection\":[\"Canc\u00fan\"],\"inLanguage\":\"es-MX\",\"potentialAction\":[{\"@type\":\"CommentAction\",\"name\":\"Comment\",\"target\":[\"https:\/\/nitu.mx\/index.php\/2023\/01\/20\/firma-ana-paty-convenio-con-camara-de-comercio-de-madrid\/#respond\"]}]},{\"@type\":\"WebPage\",\"@id\":\"https:\/\/nitu.mx\/index.php\/2023\/01\/20\/firma-ana-paty-convenio-con-camara-de-comercio-de-madrid\/\",\"url\":\"https:\/\/nitu.mx\/index.php\/2023\/01\/20\/firma-ana-paty-convenio-con-camara-de-comercio-de-madrid\/\",\"name\":\"Firma Ana Paty convenio con Camara de Comercio de Madrid - Nitu - Noticias de la Industria Turistica\",\"isPartOf\":{\"@id\":\"https:\/\/nitu.mx\/#website\"},\"primaryImageOfPage\":{\"@id\":\"https:\/\/nitu.mx\/index.php\/2023\/01\/20\/firma-ana-paty-convenio-con-camara-de-comercio-de-madrid\/#primaryimage\"},\"image\":{\"@id\":\"https:\/\/nitu.mx\/index.php\/2023\/01\/20\/firma-ana-paty-convenio-con-camara-de-comercio-de-madrid\/#primaryimage\"},\"thumbnailUrl\":\"https:\/\/nitu.mx\/wp-content\/uploads\/2023\/01\/955D2225-244C-4B4D-A3A5-F42929672BC8.jpeg\",\"datePublished\":\"2023-01-20T05:13:27+00:00\",\"dateModified\":\"2023-01-20T05:14:35+00:00\",\"breadcrumb\":{\"@id\":\"https:\/\/nitu.mx\/index.php\/2023\/01\/20\/firma-ana-paty-convenio-con-camara-de-comercio-de-madrid\/#breadcrumb\"},\"inLanguage\":\"es-MX\",\"potentialAction\":[{\"@type\":\"ReadAction\",\"target\":[\"https:\/\/nitu.mx\/index.php\/2023\/01\/20\/firma-ana-paty-convenio-con-camara-de-comercio-de-madrid\/\"]}]},{\"@type\":\"ImageObject\",\"inLanguage\":\"es-MX\",\"@id\":\"https:\/\/nitu.mx\/index.php\/2023\/01\/20\/firma-ana-paty-convenio-con-camara-de-comercio-de-madrid\/#primaryimage\",\"url\":\"https:\/\/nitu.mx\/wp-content\/uploads\/2023\/01\/955D2225-244C-4B4D-A3A5-F42929672BC8.jpeg\",\"contentUrl\":\"https:\/\/nitu.mx\/wp-content\/uploads\/2023\/01\/955D2225-244C-4B4D-A3A5-F42929672BC8.jpeg\",\"width\":1024,\"height\":583},{\"@type\":\"BreadcrumbList\",\"@id\":\"https:\/\/nitu.mx\/index.php\/2023\/01\/20\/firma-ana-paty-convenio-con-camara-de-comercio-de-madrid\/#breadcrumb\",\"itemListElement\":[{\"@type\":\"ListItem\",\"position\":1,\"name\":\"Inicio\",\"item\":\"https:\/\/nitu.mx\/\"},{\"@type\":\"ListItem\",\"position\":2,\"name\":\"Firma Ana Paty convenio con Camara de Comercio de Madrid\"}]},{\"@type\":\"WebSite\",\"@id\":\"https:\/\/nitu.mx\/#website\",\"url\":\"https:\/\/nitu.mx\/\",\"name\":\"Nitu - Noticias de la Industria Turistica\",\"description\":\"Noticias de la Industria Turistica\",\"publisher\":{\"@id\":\"https:\/\/nitu.mx\/#\/schema\/person\/ae7a53426417292d3dd07b45a33e01bc\"},\"alternateName\":\"Noticias de la Industria Turistica\",\"potentialAction\":[{\"@type\":\"SearchAction\",\"target\":{\"@type\":\"EntryPoint\",\"urlTemplate\":\"https:\/\/nitu.mx\/?s={search_term_string}\"},\"query-input\":\"required name=search_term_string\"}],\"inLanguage\":\"es-MX\"},{\"@type\":[\"Person\",\"Organization\"],\"@id\":\"https:\/\/nitu.mx\/#\/schema\/person\/ae7a53426417292d3dd07b45a33e01bc\",\"name\":\"Arturo Medina\",\"image\":{\"@type\":\"ImageObject\",\"inLanguage\":\"es-MX\",\"@id\":\"https:\/\/nitu.mx\/#\/schema\/person\/image\/\",\"url\":\"https:\/\/nitu.mx\/wp-content\/uploads\/2024\/04\/4A315622-1904-4D5C-B022-878CDC840E04-90x90-1.jpeg\",\"contentUrl\":\"https:\/\/nitu.mx\/wp-content\/uploads\/2024\/04\/4A315622-1904-4D5C-B022-878CDC840E04-90x90-1.jpeg\",\"width\":90,\"height\":90,\"caption\":\"Arturo Medina\"},\"logo\":{\"@id\":\"https:\/\/nitu.mx\/#\/schema\/person\/image\/\"},\"description\":\"Director NITU.mx, Egresado de la Escuela de Periodismo Carlos Septi\u00e9n Garc\u00eda. Periodista y analista especializado en turismo desde hace 35 a\u00f1os, radicado en Canc\u00fan Q.Roo. arturo@nitu.mx\",\"sameAs\":[\"https:\/\/nitu.mx\",\"https:\/\/www.facebook.com\/NITUmx\/\",\"medinacancun\",\"https:\/\/twitter.com\/@Arturo_Medina_G\"],\"url\":\"https:\/\/nitu.mx\/index.php\/author\/arturo-medina\/\"}]}<\/script>\n<!-- \/ Yoast SEO plugin. -->","yoast_head_json":{"title":"Firma Ana Paty convenio con Camara de Comercio de Madrid - Nitu - Noticias de la Industria Turistica","robots":{"index":"index","follow":"follow","max-snippet":"max-snippet:-1","max-image-preview":"max-image-preview:large","max-video-preview":"max-video-preview:-1"},"canonical":"https:\/\/nitu.mx\/index.php\/2023\/01\/20\/firma-ana-paty-convenio-con-camara-de-comercio-de-madrid\/","twitter_card":"summary_large_image","twitter_title":"Firma Ana Paty convenio con Camara de Comercio de Madrid - Nitu - Noticias de la Industria Turistica","twitter_description":"A iniciativa de Ana Patricia Peralta, Presidenta Municipal de Benito Ju\u00e1rez, se abre la posibilidad de que la C\u00e1mara de Comercio, Industria y Servicios de Madrid tenga una representaci\u00f3n en Canc\u00fan, \u201cla \u00fanica en M\u00e9xico y Latinoam\u00e9rica, un intercambio hist\u00f3rico, para dar certeza comercial a la comunidad espa\u00f1ola en nuestra ciudad, captar m\u00e1s inversi\u00f3n y [&hellip;]","twitter_image":"https:\/\/nitu.mx\/wp-content\/uploads\/2023\/01\/955D2225-244C-4B4D-A3A5-F42929672BC8.jpeg","twitter_creator":"@Arturo_Medina_G","twitter_site":"@Arturo_Medina_G","twitter_misc":{"Escrito por":"Arturo Medina","Tiempo de lectura":"2 minutos"},"schema":{"@context":"https:\/\/schema.org","@graph":[{"@type":"Article","@id":"https:\/\/nitu.mx\/index.php\/2023\/01\/20\/firma-ana-paty-convenio-con-camara-de-comercio-de-madrid\/#article","isPartOf":{"@id":"https:\/\/nitu.mx\/index.php\/2023\/01\/20\/firma-ana-paty-convenio-con-camara-de-comercio-de-madrid\/"},"author":{"name":"Arturo Medina","@id":"https:\/\/nitu.mx\/#\/schema\/person\/ae7a53426417292d3dd07b45a33e01bc"},"headline":"Firma Ana Paty convenio con Camara de Comercio de Madrid","datePublished":"2023-01-20T05:13:27+00:00","dateModified":"2023-01-20T05:14:35+00:00","mainEntityOfPage":{"@id":"https:\/\/nitu.mx\/index.php\/2023\/01\/20\/firma-ana-paty-convenio-con-camara-de-comercio-de-madrid\/"},"wordCount":482,"commentCount":0,"publisher":{"@id":"https:\/\/nitu.mx\/#\/schema\/person\/ae7a53426417292d3dd07b45a33e01bc"},"image":{"@id":"https:\/\/nitu.mx\/index.php\/2023\/01\/20\/firma-ana-paty-convenio-con-camara-de-comercio-de-madrid\/#primaryimage"},"thumbnailUrl":"https:\/\/nitu.mx\/wp-content\/uploads\/2023\/01\/955D2225-244C-4B4D-A3A5-F42929672BC8.jpeg","keywords":["Ana Patricia Peralta","Canc\u00fan"],"articleSection":["Canc\u00fan"],"inLanguage":"es-MX","potentialAction":[{"@type":"CommentAction","name":"Comment","target":["https:\/\/nitu.mx\/index.php\/2023\/01\/20\/firma-ana-paty-convenio-con-camara-de-comercio-de-madrid\/#respond"]}]},{"@type":"WebPage","@id":"https:\/\/nitu.mx\/index.php\/2023\/01\/20\/firma-ana-paty-convenio-con-camara-de-comercio-de-madrid\/","url":"https:\/\/nitu.mx\/index.php\/2023\/01\/20\/firma-ana-paty-convenio-con-camara-de-comercio-de-madrid\/","name":"Firma Ana Paty convenio con Camara de Comercio de Madrid - Nitu - Noticias de la Industria Turistica","isPartOf":{"@id":"https:\/\/nitu.mx\/#website"},"primaryImageOfPage":{"@id":"https:\/\/nitu.mx\/index.php\/2023\/01\/20\/firma-ana-paty-convenio-con-camara-de-comercio-de-madrid\/#primaryimage"},"image":{"@id":"https:\/\/nitu.mx\/index.php\/2023\/01\/20\/firma-ana-paty-convenio-con-camara-de-comercio-de-madrid\/#primaryimage"},"thumbnailUrl":"https:\/\/nitu.mx\/wp-content\/uploads\/2023\/01\/955D2225-244C-4B4D-A3A5-F42929672BC8.jpeg","datePublished":"2023-01-20T05:13:27+00:00","dateModified":"2023-01-20T05:14:35+00:00","breadcrumb":{"@id":"https:\/\/nitu.mx\/index.php\/2023\/01\/20\/firma-ana-paty-convenio-con-camara-de-comercio-de-madrid\/#breadcrumb"},"inLanguage":"es-MX","potentialAction":[{"@type":"ReadAction","target":["https:\/\/nitu.mx\/index.php\/2023\/01\/20\/firma-ana-paty-convenio-con-camara-de-comercio-de-madrid\/"]}]},{"@type":"ImageObject","inLanguage":"es-MX","@id":"https:\/\/nitu.mx\/index.php\/2023\/01\/20\/firma-ana-paty-convenio-con-camara-de-comercio-de-madrid\/#primaryimage","url":"https:\/\/nitu.mx\/wp-content\/uploads\/2023\/01\/955D2225-244C-4B4D-A3A5-F42929672BC8.jpeg","contentUrl":"https:\/\/nitu.mx\/wp-content\/uploads\/2023\/01\/955D2225-244C-4B4D-A3A5-F42929672BC8.jpeg","width":1024,"height":583},{"@type":"BreadcrumbList","@id":"https:\/\/nitu.mx\/index.php\/2023\/01\/20\/firma-ana-paty-convenio-con-camara-de-comercio-de-madrid\/#breadcrumb","itemListElement":[{"@type":"ListItem","position":1,"name":"Inicio","item":"https:\/\/nitu.mx\/"},{"@type":"ListItem","position":2,"name":"Firma Ana Paty convenio con Camara de Comercio de Madrid"}]},{"@type":"WebSite","@id":"https:\/\/nitu.mx\/#website","url":"https:\/\/nitu.mx\/","name":"Nitu - Noticias de la Industria Turistica","description":"Noticias de la Industria Turistica","publisher":{"@id":"https:\/\/nitu.mx\/#\/schema\/person\/ae7a53426417292d3dd07b45a33e01bc"},"alternateName":"Noticias de la Industria Turistica","potentialAction":[{"@type":"SearchAction","target":{"@type":"EntryPoint","urlTemplate":"https:\/\/nitu.mx\/?s={search_term_string}"},"query-input":"required name=search_term_string"}],"inLanguage":"es-MX"},{"@type":["Person","Organization"],"@id":"https:\/\/nitu.mx\/#\/schema\/person\/ae7a53426417292d3dd07b45a33e01bc","name":"Arturo Medina","image":{"@type":"ImageObject","inLanguage":"es-MX","@id":"https:\/\/nitu.mx\/#\/schema\/person\/image\/","url":"https:\/\/nitu.mx\/wp-content\/uploads\/2024\/04\/4A315622-1904-4D5C-B022-878CDC840E04-90x90-1.jpeg","contentUrl":"https:\/\/nitu.mx\/wp-content\/uploads\/2024\/04\/4A315622-1904-4D5C-B022-878CDC840E04-90x90-1.jpeg","width":90,"height":90,"caption":"Arturo Medina"},"logo":{"@id":"https:\/\/nitu.mx\/#\/schema\/person\/image\/"},"description":"Director NITU.mx, Egresado de la Escuela de Periodismo Carlos Septi\u00e9n Garc\u00eda. Periodista y analista especializado en turismo desde hace 35 a\u00f1os, radicado en Canc\u00fan Q.Roo. arturo@nitu.mx","sameAs":["https:\/\/nitu.mx","https:\/\/www.facebook.com\/NITUmx\/","medinacancun","https:\/\/twitter.com\/@Arturo_Medina_G"],"url":"https:\/\/nitu.mx\/index.php\/author\/arturo-medina\/"}]}},"views":264,"_links":{"self":[{"href":"https:\/\/nitu.mx\/index.php\/wp-json\/wp\/v2\/posts\/63084"}],"collection":[{"href":"https:\/\/nitu.mx\/index.php\/wp-json\/wp\/v2\/posts"}],"about":[{"href":"https:\/\/nitu.mx\/index.php\/wp-json\/wp\/v2\/types\/post"}],"author":[{"embeddable":true,"href":"https:\/\/nitu.mx\/index.php\/wp-json\/wp\/v2\/users\/2"}],"replies":[{"embeddable":true,"href":"https:\/\/nitu.mx\/index.php\/wp-json\/wp\/v2\/comments?post=63084"}],"version-history":[{"count":1,"href":"https:\/\/nitu.mx\/index.php\/wp-json\/wp\/v2\/posts\/63084\/revisions"}],"predecessor-version":[{"id":63085,"href":"https:\/\/nitu.mx\/index.php\/wp-json\/wp\/v2\/posts\/63084\/revisions\/63085"}],"wp:featuredmedia":[{"embeddable":true,"href":"https:\/\/nitu.mx\/index.php\/wp-json\/wp\/v2\/media\/63086"}],"wp:attachment":[{"href":"https:\/\/nitu.mx\/index.php\/wp-json\/wp\/v2\/media?parent=63084"}],"wp:term":[{"taxonomy":"category","embeddable":true,"href":"https:\/\/nitu.mx\/index.php\/wp-json\/wp\/v2\/categories?post=63084"},{"taxonomy":"post_tag","embeddable":true,"href":"https:\/\/nitu.mx\/index.php\/wp-json\/wp\/v2\/tags?post=63084"}],"curies":[{"name":"wp","href":"https:\/\/api.w.org\/{rel}","templated":true}]}}