{"id":63052,"date":"2023-01-18T12:53:14","date_gmt":"2023-01-18T17:53:14","guid":{"rendered":"https:\/\/www.dev.nitu.mx\/?p=63052"},"modified":"2023-01-19T00:28:06","modified_gmt":"2023-01-19T05:28:06","slug":"destaca-mara-lezama-presencia-de-tren-maya-en-fitur","status":"publish","type":"post","link":"https:\/\/nitu.mx\/index.php\/2023\/01\/18\/destaca-mara-lezama-presencia-de-tren-maya-en-fitur\/","title":{"rendered":"Destaca Mara Lezama presencia de Tren Maya en FITUR"},"content":{"rendered":"<p>Luego del corte del list\u00f3n del Pabell\u00f3n M\u00e9xico se hizo lo propio con el espacio dedicado al Tren Maya. La gobernadora de Quintana Roo Mara Lezama destac\u00f3 esta obra espectacular que se inaugurar\u00e1 en diciembre de este a\u00f1o y que sin duda detonar\u00e1 el sureste de M\u00e9xico.<\/p>\n<p>Apunt\u00f3 que junto con el nuevo aeropuerto internacional de Tulum y la inversi\u00f3n en las zonas arqueol\u00f3gicas se incrementar\u00e1 la afluencia tur\u00edstica en los diversos municipios con opciones para disfrutar de las maravillas que se tienen en Quintana Roo, lo que permitir\u00e1 que la prosperidad llegue a cada rinc\u00f3n.<\/p>\n<p>Hizo notar el \u00e9xito que Quintana Roo, el Caribe Mexicano, tuvo en el a\u00f1o 2022 con 19.6 millones de turistas, 30 millones de pasajeros en el aeropuerto de Canc\u00fan y m\u00e1s de 4 millones de cruceristas que llegaron a las costas quintanarroenses.<\/p>\n<p>La gobernadora de Quintana Roo fue enf\u00e1tica al se\u00f1alar que a trav\u00e9s del Nuevo Acuerdo por el Bienestar y Desarrollo se busca generar mayor prosperidad compartida en cada rinc\u00f3n por medio de la atracci\u00f3n de m\u00e1s inversi\u00f3n, empleo y desarrollo, principal objetivo de la presencia de la delegaci\u00f3n de promoci\u00f3n tur\u00edstica del Caribe Mexicano en Fitur.<\/p>\n<p>En la inauguraci\u00f3n participaron: Bernardo Cueto Riestra, secretario de Turismo de Quintana Roo; Javier Aranda, director general del Consejo de Promoci\u00f3n Tur\u00edstica de Quintana Roo; las presidentas municipales Atenea G\u00f3mez Ricalde, de Isla Mujeres; Lili Campos Miranda, de Solidaridad; Blanca Merari Tziu Mu\u00f1oz, de Puerto Morelos; Ana Paty Peralta de la Pe\u00f1a, de Benito Ju\u00e1rez; Juanita Alonso Marrufo, de Cozumel, Maricarmen Hern\u00e1ndez Sol\u00eds, de Felipe Carrillo Puerto y Yensunni Mart\u00ednez Hern\u00e1ndez, de Oth\u00f3n P. Blanco. (<a title=\"Acuerda Q.Roo promoci\u00f3n con embajada en Espa\u00f1a\" href=\"https:\/\/www.dev.nitu.mx\/index.php\/2023\/01\/17\/acuerda-q-roo-promocion-con-embajada-en-espana\/\" rel=\"bookmark\">Acuerda Q.Roo promoci\u00f3n con embajada en Espa\u00f1a<\/a>)<\/p>\n","protected":false},"excerpt":{"rendered":"<p>Luego del corte del list\u00f3n del Pabell\u00f3n M\u00e9xico se hizo lo propio con el espacio dedicado al Tren Maya. La gobernadora de Quintana Roo Mara Lezama destac\u00f3 esta obra espectacular que se inaugurar\u00e1 en diciembre de este a\u00f1o y que sin duda detonar\u00e1 el sureste de M\u00e9xico. Apunt\u00f3 que junto con el nuevo aeropuerto internacional [&hellip;]<\/p>\n","protected":false},"author":2,"featured_media":63054,"comment_status":"open","ping_status":"open","sticky":false,"template":"","format":"standard","meta":{"footnotes":""},"categories":[18475],"tags":[83,2703,14028,11427],"yoast_head":"<!-- This site is optimized with the Yoast SEO plugin v22.2 - https:\/\/yoast.com\/wordpress\/plugins\/seo\/ -->\n<title>Destaca Mara Lezama presencia de Tren Maya en FITUR - Nitu - Noticias de la Industria Turistica<\/title>\n<meta name=\"robots\" content=\"index, follow, max-snippet:-1, max-image-preview:large, max-video-preview:-1\" \/>\n<link rel=\"canonical\" href=\"https:\/\/nitu.mx\/index.php\/2023\/01\/18\/destaca-mara-lezama-presencia-de-tren-maya-en-fitur\/\" \/>\n<meta name=\"twitter:card\" content=\"summary_large_image\" \/>\n<meta name=\"twitter:title\" content=\"Destaca Mara Lezama presencia de Tren Maya en FITUR - Nitu - Noticias de la Industria Turistica\" \/>\n<meta name=\"twitter:description\" content=\"Luego del corte del list\u00f3n del Pabell\u00f3n M\u00e9xico se hizo lo propio con el espacio dedicado al Tren Maya. La gobernadora de Quintana Roo Mara Lezama destac\u00f3 esta obra espectacular que se inaugurar\u00e1 en diciembre de este a\u00f1o y que sin duda detonar\u00e1 el sureste de M\u00e9xico. Apunt\u00f3 que junto con el nuevo aeropuerto internacional [&hellip;]\" \/>\n<meta name=\"twitter:image\" content=\"https:\/\/nitu.mx\/wp-content\/uploads\/2023\/01\/CEECBA46-7D81-4809-989E-50F7FF0DE188.jpeg\" \/>\n<meta name=\"twitter:creator\" content=\"@Arturo_Medina_G\" \/>\n<meta name=\"twitter:site\" content=\"@Arturo_Medina_G\" \/>\n<meta name=\"twitter:label1\" content=\"Escrito por\" \/>\n\t<meta name=\"twitter:data1\" content=\"Arturo Medina\" \/>\n\t<meta name=\"twitter:label2\" content=\"Tiempo de lectura\" \/>\n\t<meta name=\"twitter:data2\" content=\"2 minutos\" \/>\n<script type=\"application\/ld+json\" class=\"yoast-schema-graph\">{\"@context\":\"https:\/\/schema.org\",\"@graph\":[{\"@type\":\"Article\",\"@id\":\"https:\/\/nitu.mx\/index.php\/2023\/01\/18\/destaca-mara-lezama-presencia-de-tren-maya-en-fitur\/#article\",\"isPartOf\":{\"@id\":\"https:\/\/nitu.mx\/index.php\/2023\/01\/18\/destaca-mara-lezama-presencia-de-tren-maya-en-fitur\/\"},\"author\":{\"name\":\"Arturo Medina\",\"@id\":\"https:\/\/nitu.mx\/#\/schema\/person\/ae7a53426417292d3dd07b45a33e01bc\"},\"headline\":\"Destaca Mara Lezama presencia de Tren Maya en FITUR\",\"datePublished\":\"2023-01-18T17:53:14+00:00\",\"dateModified\":\"2023-01-19T05:28:06+00:00\",\"mainEntityOfPage\":{\"@id\":\"https:\/\/nitu.mx\/index.php\/2023\/01\/18\/destaca-mara-lezama-presencia-de-tren-maya-en-fitur\/\"},\"wordCount\":318,\"commentCount\":0,\"publisher\":{\"@id\":\"https:\/\/nitu.mx\/#\/schema\/person\/ae7a53426417292d3dd07b45a33e01bc\"},\"image\":{\"@id\":\"https:\/\/nitu.mx\/index.php\/2023\/01\/18\/destaca-mara-lezama-presencia-de-tren-maya-en-fitur\/#primaryimage\"},\"thumbnailUrl\":\"https:\/\/nitu.mx\/wp-content\/uploads\/2023\/01\/CEECBA46-7D81-4809-989E-50F7FF0DE188.jpeg\",\"keywords\":[\"Caribe mexicano\",\"FITUR\",\"Mara Lezama\",\"Tren Maya\"],\"articleSection\":[\"Caribe Mexicano\"],\"inLanguage\":\"es-MX\",\"potentialAction\":[{\"@type\":\"CommentAction\",\"name\":\"Comment\",\"target\":[\"https:\/\/nitu.mx\/index.php\/2023\/01\/18\/destaca-mara-lezama-presencia-de-tren-maya-en-fitur\/#respond\"]}]},{\"@type\":\"WebPage\",\"@id\":\"https:\/\/nitu.mx\/index.php\/2023\/01\/18\/destaca-mara-lezama-presencia-de-tren-maya-en-fitur\/\",\"url\":\"https:\/\/nitu.mx\/index.php\/2023\/01\/18\/destaca-mara-lezama-presencia-de-tren-maya-en-fitur\/\",\"name\":\"Destaca Mara Lezama presencia de Tren Maya en FITUR - Nitu - Noticias de la Industria Turistica\",\"isPartOf\":{\"@id\":\"https:\/\/nitu.mx\/#website\"},\"primaryImageOfPage\":{\"@id\":\"https:\/\/nitu.mx\/index.php\/2023\/01\/18\/destaca-mara-lezama-presencia-de-tren-maya-en-fitur\/#primaryimage\"},\"image\":{\"@id\":\"https:\/\/nitu.mx\/index.php\/2023\/01\/18\/destaca-mara-lezama-presencia-de-tren-maya-en-fitur\/#primaryimage\"},\"thumbnailUrl\":\"https:\/\/nitu.mx\/wp-content\/uploads\/2023\/01\/CEECBA46-7D81-4809-989E-50F7FF0DE188.jpeg\",\"datePublished\":\"2023-01-18T17:53:14+00:00\",\"dateModified\":\"2023-01-19T05:28:06+00:00\",\"breadcrumb\":{\"@id\":\"https:\/\/nitu.mx\/index.php\/2023\/01\/18\/destaca-mara-lezama-presencia-de-tren-maya-en-fitur\/#breadcrumb\"},\"inLanguage\":\"es-MX\",\"potentialAction\":[{\"@type\":\"ReadAction\",\"target\":[\"https:\/\/nitu.mx\/index.php\/2023\/01\/18\/destaca-mara-lezama-presencia-de-tren-maya-en-fitur\/\"]}]},{\"@type\":\"ImageObject\",\"inLanguage\":\"es-MX\",\"@id\":\"https:\/\/nitu.mx\/index.php\/2023\/01\/18\/destaca-mara-lezama-presencia-de-tren-maya-en-fitur\/#primaryimage\",\"url\":\"https:\/\/nitu.mx\/wp-content\/uploads\/2023\/01\/CEECBA46-7D81-4809-989E-50F7FF0DE188.jpeg\",\"contentUrl\":\"https:\/\/nitu.mx\/wp-content\/uploads\/2023\/01\/CEECBA46-7D81-4809-989E-50F7FF0DE188.jpeg\",\"width\":1600,\"height\":1200},{\"@type\":\"BreadcrumbList\",\"@id\":\"https:\/\/nitu.mx\/index.php\/2023\/01\/18\/destaca-mara-lezama-presencia-de-tren-maya-en-fitur\/#breadcrumb\",\"itemListElement\":[{\"@type\":\"ListItem\",\"position\":1,\"name\":\"Inicio\",\"item\":\"https:\/\/nitu.mx\/\"},{\"@type\":\"ListItem\",\"position\":2,\"name\":\"Destaca Mara Lezama presencia de Tren Maya en FITUR\"}]},{\"@type\":\"WebSite\",\"@id\":\"https:\/\/nitu.mx\/#website\",\"url\":\"https:\/\/nitu.mx\/\",\"name\":\"Nitu - Noticias de la Industria Turistica\",\"description\":\"Noticias de la Industria Turistica\",\"publisher\":{\"@id\":\"https:\/\/nitu.mx\/#\/schema\/person\/ae7a53426417292d3dd07b45a33e01bc\"},\"alternateName\":\"Noticias de la Industria Turistica\",\"potentialAction\":[{\"@type\":\"SearchAction\",\"target\":{\"@type\":\"EntryPoint\",\"urlTemplate\":\"https:\/\/nitu.mx\/?s={search_term_string}\"},\"query-input\":\"required name=search_term_string\"}],\"inLanguage\":\"es-MX\"},{\"@type\":[\"Person\",\"Organization\"],\"@id\":\"https:\/\/nitu.mx\/#\/schema\/person\/ae7a53426417292d3dd07b45a33e01bc\",\"name\":\"Arturo Medina\",\"image\":{\"@type\":\"ImageObject\",\"inLanguage\":\"es-MX\",\"@id\":\"https:\/\/nitu.mx\/#\/schema\/person\/image\/\",\"url\":\"https:\/\/nitu.mx\/wp-content\/uploads\/2024\/04\/4A315622-1904-4D5C-B022-878CDC840E04-90x90-1.jpeg\",\"contentUrl\":\"https:\/\/nitu.mx\/wp-content\/uploads\/2024\/04\/4A315622-1904-4D5C-B022-878CDC840E04-90x90-1.jpeg\",\"width\":90,\"height\":90,\"caption\":\"Arturo Medina\"},\"logo\":{\"@id\":\"https:\/\/nitu.mx\/#\/schema\/person\/image\/\"},\"description\":\"Director NITU.mx, Egresado de la Escuela de Periodismo Carlos Septi\u00e9n Garc\u00eda. Periodista y analista especializado en turismo desde hace 35 a\u00f1os, radicado en Canc\u00fan Q.Roo. arturo@nitu.mx\",\"sameAs\":[\"https:\/\/nitu.mx\",\"https:\/\/www.facebook.com\/NITUmx\/\",\"medinacancun\",\"https:\/\/twitter.com\/@Arturo_Medina_G\"],\"url\":\"https:\/\/nitu.mx\/index.php\/author\/arturo-medina\/\"}]}<\/script>\n<!-- \/ Yoast SEO plugin. -->","yoast_head_json":{"title":"Destaca Mara Lezama presencia de Tren Maya en FITUR - Nitu - Noticias de la Industria Turistica","robots":{"index":"index","follow":"follow","max-snippet":"max-snippet:-1","max-image-preview":"max-image-preview:large","max-video-preview":"max-video-preview:-1"},"canonical":"https:\/\/nitu.mx\/index.php\/2023\/01\/18\/destaca-mara-lezama-presencia-de-tren-maya-en-fitur\/","twitter_card":"summary_large_image","twitter_title":"Destaca Mara Lezama presencia de Tren Maya en FITUR - Nitu - Noticias de la Industria Turistica","twitter_description":"Luego del corte del list\u00f3n del Pabell\u00f3n M\u00e9xico se hizo lo propio con el espacio dedicado al Tren Maya. La gobernadora de Quintana Roo Mara Lezama destac\u00f3 esta obra espectacular que se inaugurar\u00e1 en diciembre de este a\u00f1o y que sin duda detonar\u00e1 el sureste de M\u00e9xico. Apunt\u00f3 que junto con el nuevo aeropuerto internacional [&hellip;]","twitter_image":"https:\/\/nitu.mx\/wp-content\/uploads\/2023\/01\/CEECBA46-7D81-4809-989E-50F7FF0DE188.jpeg","twitter_creator":"@Arturo_Medina_G","twitter_site":"@Arturo_Medina_G","twitter_misc":{"Escrito por":"Arturo Medina","Tiempo de lectura":"2 minutos"},"schema":{"@context":"https:\/\/schema.org","@graph":[{"@type":"Article","@id":"https:\/\/nitu.mx\/index.php\/2023\/01\/18\/destaca-mara-lezama-presencia-de-tren-maya-en-fitur\/#article","isPartOf":{"@id":"https:\/\/nitu.mx\/index.php\/2023\/01\/18\/destaca-mara-lezama-presencia-de-tren-maya-en-fitur\/"},"author":{"name":"Arturo Medina","@id":"https:\/\/nitu.mx\/#\/schema\/person\/ae7a53426417292d3dd07b45a33e01bc"},"headline":"Destaca Mara Lezama presencia de Tren Maya en FITUR","datePublished":"2023-01-18T17:53:14+00:00","dateModified":"2023-01-19T05:28:06+00:00","mainEntityOfPage":{"@id":"https:\/\/nitu.mx\/index.php\/2023\/01\/18\/destaca-mara-lezama-presencia-de-tren-maya-en-fitur\/"},"wordCount":318,"commentCount":0,"publisher":{"@id":"https:\/\/nitu.mx\/#\/schema\/person\/ae7a53426417292d3dd07b45a33e01bc"},"image":{"@id":"https:\/\/nitu.mx\/index.php\/2023\/01\/18\/destaca-mara-lezama-presencia-de-tren-maya-en-fitur\/#primaryimage"},"thumbnailUrl":"https:\/\/nitu.mx\/wp-content\/uploads\/2023\/01\/CEECBA46-7D81-4809-989E-50F7FF0DE188.jpeg","keywords":["Caribe mexicano","FITUR","Mara Lezama","Tren Maya"],"articleSection":["Caribe Mexicano"],"inLanguage":"es-MX","potentialAction":[{"@type":"CommentAction","name":"Comment","target":["https:\/\/nitu.mx\/index.php\/2023\/01\/18\/destaca-mara-lezama-presencia-de-tren-maya-en-fitur\/#respond"]}]},{"@type":"WebPage","@id":"https:\/\/nitu.mx\/index.php\/2023\/01\/18\/destaca-mara-lezama-presencia-de-tren-maya-en-fitur\/","url":"https:\/\/nitu.mx\/index.php\/2023\/01\/18\/destaca-mara-lezama-presencia-de-tren-maya-en-fitur\/","name":"Destaca Mara Lezama presencia de Tren Maya en FITUR - Nitu - Noticias de la Industria Turistica","isPartOf":{"@id":"https:\/\/nitu.mx\/#website"},"primaryImageOfPage":{"@id":"https:\/\/nitu.mx\/index.php\/2023\/01\/18\/destaca-mara-lezama-presencia-de-tren-maya-en-fitur\/#primaryimage"},"image":{"@id":"https:\/\/nitu.mx\/index.php\/2023\/01\/18\/destaca-mara-lezama-presencia-de-tren-maya-en-fitur\/#primaryimage"},"thumbnailUrl":"https:\/\/nitu.mx\/wp-content\/uploads\/2023\/01\/CEECBA46-7D81-4809-989E-50F7FF0DE188.jpeg","datePublished":"2023-01-18T17:53:14+00:00","dateModified":"2023-01-19T05:28:06+00:00","breadcrumb":{"@id":"https:\/\/nitu.mx\/index.php\/2023\/01\/18\/destaca-mara-lezama-presencia-de-tren-maya-en-fitur\/#breadcrumb"},"inLanguage":"es-MX","potentialAction":[{"@type":"ReadAction","target":["https:\/\/nitu.mx\/index.php\/2023\/01\/18\/destaca-mara-lezama-presencia-de-tren-maya-en-fitur\/"]}]},{"@type":"ImageObject","inLanguage":"es-MX","@id":"https:\/\/nitu.mx\/index.php\/2023\/01\/18\/destaca-mara-lezama-presencia-de-tren-maya-en-fitur\/#primaryimage","url":"https:\/\/nitu.mx\/wp-content\/uploads\/2023\/01\/CEECBA46-7D81-4809-989E-50F7FF0DE188.jpeg","contentUrl":"https:\/\/nitu.mx\/wp-content\/uploads\/2023\/01\/CEECBA46-7D81-4809-989E-50F7FF0DE188.jpeg","width":1600,"height":1200},{"@type":"BreadcrumbList","@id":"https:\/\/nitu.mx\/index.php\/2023\/01\/18\/destaca-mara-lezama-presencia-de-tren-maya-en-fitur\/#breadcrumb","itemListElement":[{"@type":"ListItem","position":1,"name":"Inicio","item":"https:\/\/nitu.mx\/"},{"@type":"ListItem","position":2,"name":"Destaca Mara Lezama presencia de Tren Maya en FITUR"}]},{"@type":"WebSite","@id":"https:\/\/nitu.mx\/#website","url":"https:\/\/nitu.mx\/","name":"Nitu - Noticias de la Industria Turistica","description":"Noticias de la Industria Turistica","publisher":{"@id":"https:\/\/nitu.mx\/#\/schema\/person\/ae7a53426417292d3dd07b45a33e01bc"},"alternateName":"Noticias de la Industria Turistica","potentialAction":[{"@type":"SearchAction","target":{"@type":"EntryPoint","urlTemplate":"https:\/\/nitu.mx\/?s={search_term_string}"},"query-input":"required name=search_term_string"}],"inLanguage":"es-MX"},{"@type":["Person","Organization"],"@id":"https:\/\/nitu.mx\/#\/schema\/person\/ae7a53426417292d3dd07b45a33e01bc","name":"Arturo Medina","image":{"@type":"ImageObject","inLanguage":"es-MX","@id":"https:\/\/nitu.mx\/#\/schema\/person\/image\/","url":"https:\/\/nitu.mx\/wp-content\/uploads\/2024\/04\/4A315622-1904-4D5C-B022-878CDC840E04-90x90-1.jpeg","contentUrl":"https:\/\/nitu.mx\/wp-content\/uploads\/2024\/04\/4A315622-1904-4D5C-B022-878CDC840E04-90x90-1.jpeg","width":90,"height":90,"caption":"Arturo Medina"},"logo":{"@id":"https:\/\/nitu.mx\/#\/schema\/person\/image\/"},"description":"Director NITU.mx, Egresado de la Escuela de Periodismo Carlos Septi\u00e9n Garc\u00eda. Periodista y analista especializado en turismo desde hace 35 a\u00f1os, radicado en Canc\u00fan Q.Roo. arturo@nitu.mx","sameAs":["https:\/\/nitu.mx","https:\/\/www.facebook.com\/NITUmx\/","medinacancun","https:\/\/twitter.com\/@Arturo_Medina_G"],"url":"https:\/\/nitu.mx\/index.php\/author\/arturo-medina\/"}]}},"views":282,"_links":{"self":[{"href":"https:\/\/nitu.mx\/index.php\/wp-json\/wp\/v2\/posts\/63052"}],"collection":[{"href":"https:\/\/nitu.mx\/index.php\/wp-json\/wp\/v2\/posts"}],"about":[{"href":"https:\/\/nitu.mx\/index.php\/wp-json\/wp\/v2\/types\/post"}],"author":[{"embeddable":true,"href":"https:\/\/nitu.mx\/index.php\/wp-json\/wp\/v2\/users\/2"}],"replies":[{"embeddable":true,"href":"https:\/\/nitu.mx\/index.php\/wp-json\/wp\/v2\/comments?post=63052"}],"version-history":[{"count":2,"href":"https:\/\/nitu.mx\/index.php\/wp-json\/wp\/v2\/posts\/63052\/revisions"}],"predecessor-version":[{"id":63068,"href":"https:\/\/nitu.mx\/index.php\/wp-json\/wp\/v2\/posts\/63052\/revisions\/63068"}],"wp:featuredmedia":[{"embeddable":true,"href":"https:\/\/nitu.mx\/index.php\/wp-json\/wp\/v2\/media\/63054"}],"wp:attachment":[{"href":"https:\/\/nitu.mx\/index.php\/wp-json\/wp\/v2\/media?parent=63052"}],"wp:term":[{"taxonomy":"category","embeddable":true,"href":"https:\/\/nitu.mx\/index.php\/wp-json\/wp\/v2\/categories?post=63052"},{"taxonomy":"post_tag","embeddable":true,"href":"https:\/\/nitu.mx\/index.php\/wp-json\/wp\/v2\/tags?post=63052"}],"curies":[{"name":"wp","href":"https:\/\/api.w.org\/{rel}","templated":true}]}}