{"id":63029,"date":"2023-01-17T17:18:31","date_gmt":"2023-01-17T22:18:31","guid":{"rendered":"https:\/\/www.dev.nitu.mx\/?p=63029"},"modified":"2023-01-18T00:02:29","modified_gmt":"2023-01-18T05:02:29","slug":"estrechan-lazos-cancun-y-madrid-en-el-marco-de-fitur","status":"publish","type":"post","link":"https:\/\/nitu.mx\/index.php\/2023\/01\/17\/estrechan-lazos-cancun-y-madrid-en-el-marco-de-fitur\/","title":{"rendered":"Estrechan lazos Canc\u00fan y Madrid en el marco de FITUR"},"content":{"rendered":"<p>En el marco de su visita a Espa\u00f1a con motivo de la Feria Internacional de Turismo FITUR 2023, la Presidenta Municipal de Benito Ju\u00e1rez, Canc\u00fan, Ana Patricia Peralta, sostuvo una reuni\u00f3n en la Alcald\u00eda de Madrid, con la Vicealcaldesa Bego\u00f1a Villac\u00eds S\u00e1nchez, para estrechar lazos de colaboraci\u00f3n e intercambiar experiencias y proyectos de mejores pr\u00e1cticas de gobierno, turismo, desarrollo y prosperidad para sus ciudades.<\/p>\n<p>Ambas mun\u00edcipes, que dirigen ciudades destacadas en el mundo, sostuvieron un di\u00e1logo en la sede de la Alcald\u00eda de Madrid, en el que intercambiaron puntos de vista de cu\u00e1les son los componentes de eficiencia que pueden impulsar desde el Servicio P\u00fablico en las regiones en las que se desempe\u00f1an.<\/p>\n<p>La Presidenta Municipal de Benito Ju\u00e1rez, Canc\u00fan, resalt\u00f3 en la reuni\u00f3n que \u201cen Canc\u00fan est\u00e1n sucediendo cosas muy buenas. Canc\u00fan est\u00e1 en un momento de total recuperaci\u00f3n desde la pandemia y est\u00e1 rompiendo r\u00e9cords de visitantes. Se han mantenido a lo largo del a\u00f1o altas tasas de ocupaci\u00f3n hotelera y hay gran confianza de los inversionistas para establecer nuevos hoteles y negocios. Adem\u00e1s, la ciudad se encuentra en un momento de muy altas expectativas por las obras de infraestructura que realiza el Gobierno Federal como el Puente Vehicular Nichupt\u00e9, la estaci\u00f3n del Tren Maya y la renovaci\u00f3n de su principal avenida de acceso al aeropuerto: el boulevard Colosio. Canc\u00fan ser\u00e1 una ciudad renovada en este mismo a\u00f1o&#8221;.\u00a0<a title=\"Conforman Comit\u00e9 Ciudadano para supervisar gasto de Saneamiento Ambiental\" href=\"https:\/\/www.dev.nitu.mx\/index.php\/2023\/01\/11\/conforman-comite-ciudadano-para-supervisar-gasto-de-saneamiento-ambiental\/\" rel=\"bookmark\">(Conforman Comit\u00e9 Ciudadano para supervisar gasto de Saneamiento Ambiental<\/a>).<\/p>\n<p>Bego\u00f1a Villac\u00eds S\u00e1nchez es abogada, y adem\u00e1s de Vicealcaldesa, es portavoz del partido pol\u00edtico espa\u00f1ol Ciudadanos.<\/p>\n<p>En esta pl\u00e1tica entre dos mujeres pol\u00edticas j\u00f3venes que promueven el trabajo en unidad para mejorar la calidad de vida de los ciudadanos, se estrecharon los v\u00ednculos de colaboraci\u00f3n entre Canc\u00fan y Madrid, una de las grandes capitales del mundo, en temas como infraestructura urbana, deporte, cultura y diversidad tur\u00edstica, en el punto de partida de esta relaci\u00f3n entre municipios.<\/p>\n<p>Adem\u00e1s, en el di\u00e1logo fraterno y el intercambio de experiencias participaron el secretario municipal de Turismo, Juan Pablo de Zulueta Razo; el regidor presidente de la Comisi\u00f3n de Turismo, Ecolog\u00eda y Ambiente, Eduardo Kuyoc Mart\u00ednez; as\u00ed como integrantes del Ayuntamiento de Madrid.<\/p>\n","protected":false},"excerpt":{"rendered":"<p>En el marco de su visita a Espa\u00f1a con motivo de la Feria Internacional de Turismo FITUR 2023, la Presidenta Municipal de Benito Ju\u00e1rez, Canc\u00fan, Ana Patricia Peralta, sostuvo una reuni\u00f3n en la Alcald\u00eda de Madrid, con la Vicealcaldesa Bego\u00f1a Villac\u00eds S\u00e1nchez, para estrechar lazos de colaboraci\u00f3n e intercambiar experiencias y proyectos de mejores pr\u00e1cticas [&hellip;]<\/p>\n","protected":false},"author":2,"featured_media":63030,"comment_status":"open","ping_status":"open","sticky":false,"template":"","format":"standard","meta":{"footnotes":""},"categories":[21403],"tags":[23614,2703],"yoast_head":"<!-- This site is optimized with the Yoast SEO plugin v22.2 - https:\/\/yoast.com\/wordpress\/plugins\/seo\/ -->\n<title>Estrechan lazos Canc\u00fan y Madrid en el marco de FITUR - Nitu - Noticias de la Industria Turistica<\/title>\n<meta name=\"robots\" content=\"index, follow, max-snippet:-1, max-image-preview:large, max-video-preview:-1\" \/>\n<link rel=\"canonical\" href=\"https:\/\/nitu.mx\/index.php\/2023\/01\/17\/estrechan-lazos-cancun-y-madrid-en-el-marco-de-fitur\/\" \/>\n<meta name=\"twitter:card\" content=\"summary_large_image\" \/>\n<meta name=\"twitter:title\" content=\"Estrechan lazos Canc\u00fan y Madrid en el marco de FITUR - Nitu - Noticias de la Industria Turistica\" \/>\n<meta name=\"twitter:description\" content=\"En el marco de su visita a Espa\u00f1a con motivo de la Feria Internacional de Turismo FITUR 2023, la Presidenta Municipal de Benito Ju\u00e1rez, Canc\u00fan, Ana Patricia Peralta, sostuvo una reuni\u00f3n en la Alcald\u00eda de Madrid, con la Vicealcaldesa Bego\u00f1a Villac\u00eds S\u00e1nchez, para estrechar lazos de colaboraci\u00f3n e intercambiar experiencias y proyectos de mejores pr\u00e1cticas [&hellip;]\" \/>\n<meta name=\"twitter:image\" content=\"https:\/\/nitu.mx\/wp-content\/uploads\/2023\/01\/D6EFF62E-8ACE-4128-8116-DEC8F05E1F32.jpeg\" \/>\n<meta name=\"twitter:creator\" content=\"@Arturo_Medina_G\" \/>\n<meta name=\"twitter:site\" content=\"@Arturo_Medina_G\" \/>\n<meta name=\"twitter:label1\" content=\"Escrito por\" \/>\n\t<meta name=\"twitter:data1\" content=\"Arturo Medina\" \/>\n\t<meta name=\"twitter:label2\" content=\"Tiempo de lectura\" \/>\n\t<meta name=\"twitter:data2\" content=\"2 minutos\" \/>\n<script type=\"application\/ld+json\" class=\"yoast-schema-graph\">{\"@context\":\"https:\/\/schema.org\",\"@graph\":[{\"@type\":\"Article\",\"@id\":\"https:\/\/nitu.mx\/index.php\/2023\/01\/17\/estrechan-lazos-cancun-y-madrid-en-el-marco-de-fitur\/#article\",\"isPartOf\":{\"@id\":\"https:\/\/nitu.mx\/index.php\/2023\/01\/17\/estrechan-lazos-cancun-y-madrid-en-el-marco-de-fitur\/\"},\"author\":{\"name\":\"Arturo Medina\",\"@id\":\"https:\/\/nitu.mx\/#\/schema\/person\/ae7a53426417292d3dd07b45a33e01bc\"},\"headline\":\"Estrechan lazos Canc\u00fan y Madrid en el marco de FITUR\",\"datePublished\":\"2023-01-17T22:18:31+00:00\",\"dateModified\":\"2023-01-18T05:02:29+00:00\",\"mainEntityOfPage\":{\"@id\":\"https:\/\/nitu.mx\/index.php\/2023\/01\/17\/estrechan-lazos-cancun-y-madrid-en-el-marco-de-fitur\/\"},\"wordCount\":417,\"commentCount\":0,\"publisher\":{\"@id\":\"https:\/\/nitu.mx\/#\/schema\/person\/ae7a53426417292d3dd07b45a33e01bc\"},\"image\":{\"@id\":\"https:\/\/nitu.mx\/index.php\/2023\/01\/17\/estrechan-lazos-cancun-y-madrid-en-el-marco-de-fitur\/#primaryimage\"},\"thumbnailUrl\":\"https:\/\/nitu.mx\/wp-content\/uploads\/2023\/01\/D6EFF62E-8ACE-4128-8116-DEC8F05E1F32.jpeg\",\"keywords\":[\"Ana Patricia Peralta\",\"FITUR\"],\"articleSection\":[\"Canc\u00fan\"],\"inLanguage\":\"es-MX\",\"potentialAction\":[{\"@type\":\"CommentAction\",\"name\":\"Comment\",\"target\":[\"https:\/\/nitu.mx\/index.php\/2023\/01\/17\/estrechan-lazos-cancun-y-madrid-en-el-marco-de-fitur\/#respond\"]}]},{\"@type\":\"WebPage\",\"@id\":\"https:\/\/nitu.mx\/index.php\/2023\/01\/17\/estrechan-lazos-cancun-y-madrid-en-el-marco-de-fitur\/\",\"url\":\"https:\/\/nitu.mx\/index.php\/2023\/01\/17\/estrechan-lazos-cancun-y-madrid-en-el-marco-de-fitur\/\",\"name\":\"Estrechan lazos Canc\u00fan y Madrid en el marco de FITUR - Nitu - Noticias de la Industria Turistica\",\"isPartOf\":{\"@id\":\"https:\/\/nitu.mx\/#website\"},\"primaryImageOfPage\":{\"@id\":\"https:\/\/nitu.mx\/index.php\/2023\/01\/17\/estrechan-lazos-cancun-y-madrid-en-el-marco-de-fitur\/#primaryimage\"},\"image\":{\"@id\":\"https:\/\/nitu.mx\/index.php\/2023\/01\/17\/estrechan-lazos-cancun-y-madrid-en-el-marco-de-fitur\/#primaryimage\"},\"thumbnailUrl\":\"https:\/\/nitu.mx\/wp-content\/uploads\/2023\/01\/D6EFF62E-8ACE-4128-8116-DEC8F05E1F32.jpeg\",\"datePublished\":\"2023-01-17T22:18:31+00:00\",\"dateModified\":\"2023-01-18T05:02:29+00:00\",\"breadcrumb\":{\"@id\":\"https:\/\/nitu.mx\/index.php\/2023\/01\/17\/estrechan-lazos-cancun-y-madrid-en-el-marco-de-fitur\/#breadcrumb\"},\"inLanguage\":\"es-MX\",\"potentialAction\":[{\"@type\":\"ReadAction\",\"target\":[\"https:\/\/nitu.mx\/index.php\/2023\/01\/17\/estrechan-lazos-cancun-y-madrid-en-el-marco-de-fitur\/\"]}]},{\"@type\":\"ImageObject\",\"inLanguage\":\"es-MX\",\"@id\":\"https:\/\/nitu.mx\/index.php\/2023\/01\/17\/estrechan-lazos-cancun-y-madrid-en-el-marco-de-fitur\/#primaryimage\",\"url\":\"https:\/\/nitu.mx\/wp-content\/uploads\/2023\/01\/D6EFF62E-8ACE-4128-8116-DEC8F05E1F32.jpeg\",\"contentUrl\":\"https:\/\/nitu.mx\/wp-content\/uploads\/2023\/01\/D6EFF62E-8ACE-4128-8116-DEC8F05E1F32.jpeg\",\"width\":1280,\"height\":853},{\"@type\":\"BreadcrumbList\",\"@id\":\"https:\/\/nitu.mx\/index.php\/2023\/01\/17\/estrechan-lazos-cancun-y-madrid-en-el-marco-de-fitur\/#breadcrumb\",\"itemListElement\":[{\"@type\":\"ListItem\",\"position\":1,\"name\":\"Inicio\",\"item\":\"https:\/\/nitu.mx\/\"},{\"@type\":\"ListItem\",\"position\":2,\"name\":\"Estrechan lazos Canc\u00fan y Madrid en el marco de FITUR\"}]},{\"@type\":\"WebSite\",\"@id\":\"https:\/\/nitu.mx\/#website\",\"url\":\"https:\/\/nitu.mx\/\",\"name\":\"Nitu - Noticias de la Industria Turistica\",\"description\":\"Noticias de la Industria Turistica\",\"publisher\":{\"@id\":\"https:\/\/nitu.mx\/#\/schema\/person\/ae7a53426417292d3dd07b45a33e01bc\"},\"alternateName\":\"Noticias de la Industria Turistica\",\"potentialAction\":[{\"@type\":\"SearchAction\",\"target\":{\"@type\":\"EntryPoint\",\"urlTemplate\":\"https:\/\/nitu.mx\/?s={search_term_string}\"},\"query-input\":\"required name=search_term_string\"}],\"inLanguage\":\"es-MX\"},{\"@type\":[\"Person\",\"Organization\"],\"@id\":\"https:\/\/nitu.mx\/#\/schema\/person\/ae7a53426417292d3dd07b45a33e01bc\",\"name\":\"Arturo Medina\",\"image\":{\"@type\":\"ImageObject\",\"inLanguage\":\"es-MX\",\"@id\":\"https:\/\/nitu.mx\/#\/schema\/person\/image\/\",\"url\":\"https:\/\/nitu.mx\/wp-content\/uploads\/2024\/04\/4A315622-1904-4D5C-B022-878CDC840E04-90x90-1.jpeg\",\"contentUrl\":\"https:\/\/nitu.mx\/wp-content\/uploads\/2024\/04\/4A315622-1904-4D5C-B022-878CDC840E04-90x90-1.jpeg\",\"width\":90,\"height\":90,\"caption\":\"Arturo Medina\"},\"logo\":{\"@id\":\"https:\/\/nitu.mx\/#\/schema\/person\/image\/\"},\"description\":\"Director NITU.mx, Egresado de la Escuela de Periodismo Carlos Septi\u00e9n Garc\u00eda. Periodista y analista especializado en turismo desde hace 35 a\u00f1os, radicado en Canc\u00fan Q.Roo. arturo@nitu.mx\",\"sameAs\":[\"https:\/\/nitu.mx\",\"https:\/\/www.facebook.com\/NITUmx\/\",\"medinacancun\",\"https:\/\/twitter.com\/@Arturo_Medina_G\"],\"url\":\"https:\/\/nitu.mx\/index.php\/author\/arturo-medina\/\"}]}<\/script>\n<!-- \/ Yoast SEO plugin. -->","yoast_head_json":{"title":"Estrechan lazos Canc\u00fan y Madrid en el marco de FITUR - Nitu - Noticias de la Industria Turistica","robots":{"index":"index","follow":"follow","max-snippet":"max-snippet:-1","max-image-preview":"max-image-preview:large","max-video-preview":"max-video-preview:-1"},"canonical":"https:\/\/nitu.mx\/index.php\/2023\/01\/17\/estrechan-lazos-cancun-y-madrid-en-el-marco-de-fitur\/","twitter_card":"summary_large_image","twitter_title":"Estrechan lazos Canc\u00fan y Madrid en el marco de FITUR - Nitu - Noticias de la Industria Turistica","twitter_description":"En el marco de su visita a Espa\u00f1a con motivo de la Feria Internacional de Turismo FITUR 2023, la Presidenta Municipal de Benito Ju\u00e1rez, Canc\u00fan, Ana Patricia Peralta, sostuvo una reuni\u00f3n en la Alcald\u00eda de Madrid, con la Vicealcaldesa Bego\u00f1a Villac\u00eds S\u00e1nchez, para estrechar lazos de colaboraci\u00f3n e intercambiar experiencias y proyectos de mejores pr\u00e1cticas [&hellip;]","twitter_image":"https:\/\/nitu.mx\/wp-content\/uploads\/2023\/01\/D6EFF62E-8ACE-4128-8116-DEC8F05E1F32.jpeg","twitter_creator":"@Arturo_Medina_G","twitter_site":"@Arturo_Medina_G","twitter_misc":{"Escrito por":"Arturo Medina","Tiempo de lectura":"2 minutos"},"schema":{"@context":"https:\/\/schema.org","@graph":[{"@type":"Article","@id":"https:\/\/nitu.mx\/index.php\/2023\/01\/17\/estrechan-lazos-cancun-y-madrid-en-el-marco-de-fitur\/#article","isPartOf":{"@id":"https:\/\/nitu.mx\/index.php\/2023\/01\/17\/estrechan-lazos-cancun-y-madrid-en-el-marco-de-fitur\/"},"author":{"name":"Arturo Medina","@id":"https:\/\/nitu.mx\/#\/schema\/person\/ae7a53426417292d3dd07b45a33e01bc"},"headline":"Estrechan lazos Canc\u00fan y Madrid en el marco de FITUR","datePublished":"2023-01-17T22:18:31+00:00","dateModified":"2023-01-18T05:02:29+00:00","mainEntityOfPage":{"@id":"https:\/\/nitu.mx\/index.php\/2023\/01\/17\/estrechan-lazos-cancun-y-madrid-en-el-marco-de-fitur\/"},"wordCount":417,"commentCount":0,"publisher":{"@id":"https:\/\/nitu.mx\/#\/schema\/person\/ae7a53426417292d3dd07b45a33e01bc"},"image":{"@id":"https:\/\/nitu.mx\/index.php\/2023\/01\/17\/estrechan-lazos-cancun-y-madrid-en-el-marco-de-fitur\/#primaryimage"},"thumbnailUrl":"https:\/\/nitu.mx\/wp-content\/uploads\/2023\/01\/D6EFF62E-8ACE-4128-8116-DEC8F05E1F32.jpeg","keywords":["Ana Patricia Peralta","FITUR"],"articleSection":["Canc\u00fan"],"inLanguage":"es-MX","potentialAction":[{"@type":"CommentAction","name":"Comment","target":["https:\/\/nitu.mx\/index.php\/2023\/01\/17\/estrechan-lazos-cancun-y-madrid-en-el-marco-de-fitur\/#respond"]}]},{"@type":"WebPage","@id":"https:\/\/nitu.mx\/index.php\/2023\/01\/17\/estrechan-lazos-cancun-y-madrid-en-el-marco-de-fitur\/","url":"https:\/\/nitu.mx\/index.php\/2023\/01\/17\/estrechan-lazos-cancun-y-madrid-en-el-marco-de-fitur\/","name":"Estrechan lazos Canc\u00fan y Madrid en el marco de FITUR - Nitu - Noticias de la Industria Turistica","isPartOf":{"@id":"https:\/\/nitu.mx\/#website"},"primaryImageOfPage":{"@id":"https:\/\/nitu.mx\/index.php\/2023\/01\/17\/estrechan-lazos-cancun-y-madrid-en-el-marco-de-fitur\/#primaryimage"},"image":{"@id":"https:\/\/nitu.mx\/index.php\/2023\/01\/17\/estrechan-lazos-cancun-y-madrid-en-el-marco-de-fitur\/#primaryimage"},"thumbnailUrl":"https:\/\/nitu.mx\/wp-content\/uploads\/2023\/01\/D6EFF62E-8ACE-4128-8116-DEC8F05E1F32.jpeg","datePublished":"2023-01-17T22:18:31+00:00","dateModified":"2023-01-18T05:02:29+00:00","breadcrumb":{"@id":"https:\/\/nitu.mx\/index.php\/2023\/01\/17\/estrechan-lazos-cancun-y-madrid-en-el-marco-de-fitur\/#breadcrumb"},"inLanguage":"es-MX","potentialAction":[{"@type":"ReadAction","target":["https:\/\/nitu.mx\/index.php\/2023\/01\/17\/estrechan-lazos-cancun-y-madrid-en-el-marco-de-fitur\/"]}]},{"@type":"ImageObject","inLanguage":"es-MX","@id":"https:\/\/nitu.mx\/index.php\/2023\/01\/17\/estrechan-lazos-cancun-y-madrid-en-el-marco-de-fitur\/#primaryimage","url":"https:\/\/nitu.mx\/wp-content\/uploads\/2023\/01\/D6EFF62E-8ACE-4128-8116-DEC8F05E1F32.jpeg","contentUrl":"https:\/\/nitu.mx\/wp-content\/uploads\/2023\/01\/D6EFF62E-8ACE-4128-8116-DEC8F05E1F32.jpeg","width":1280,"height":853},{"@type":"BreadcrumbList","@id":"https:\/\/nitu.mx\/index.php\/2023\/01\/17\/estrechan-lazos-cancun-y-madrid-en-el-marco-de-fitur\/#breadcrumb","itemListElement":[{"@type":"ListItem","position":1,"name":"Inicio","item":"https:\/\/nitu.mx\/"},{"@type":"ListItem","position":2,"name":"Estrechan lazos Canc\u00fan y Madrid en el marco de FITUR"}]},{"@type":"WebSite","@id":"https:\/\/nitu.mx\/#website","url":"https:\/\/nitu.mx\/","name":"Nitu - Noticias de la Industria Turistica","description":"Noticias de la Industria Turistica","publisher":{"@id":"https:\/\/nitu.mx\/#\/schema\/person\/ae7a53426417292d3dd07b45a33e01bc"},"alternateName":"Noticias de la Industria Turistica","potentialAction":[{"@type":"SearchAction","target":{"@type":"EntryPoint","urlTemplate":"https:\/\/nitu.mx\/?s={search_term_string}"},"query-input":"required name=search_term_string"}],"inLanguage":"es-MX"},{"@type":["Person","Organization"],"@id":"https:\/\/nitu.mx\/#\/schema\/person\/ae7a53426417292d3dd07b45a33e01bc","name":"Arturo Medina","image":{"@type":"ImageObject","inLanguage":"es-MX","@id":"https:\/\/nitu.mx\/#\/schema\/person\/image\/","url":"https:\/\/nitu.mx\/wp-content\/uploads\/2024\/04\/4A315622-1904-4D5C-B022-878CDC840E04-90x90-1.jpeg","contentUrl":"https:\/\/nitu.mx\/wp-content\/uploads\/2024\/04\/4A315622-1904-4D5C-B022-878CDC840E04-90x90-1.jpeg","width":90,"height":90,"caption":"Arturo Medina"},"logo":{"@id":"https:\/\/nitu.mx\/#\/schema\/person\/image\/"},"description":"Director NITU.mx, Egresado de la Escuela de Periodismo Carlos Septi\u00e9n Garc\u00eda. Periodista y analista especializado en turismo desde hace 35 a\u00f1os, radicado en Canc\u00fan Q.Roo. arturo@nitu.mx","sameAs":["https:\/\/nitu.mx","https:\/\/www.facebook.com\/NITUmx\/","medinacancun","https:\/\/twitter.com\/@Arturo_Medina_G"],"url":"https:\/\/nitu.mx\/index.php\/author\/arturo-medina\/"}]}},"views":266,"_links":{"self":[{"href":"https:\/\/nitu.mx\/index.php\/wp-json\/wp\/v2\/posts\/63029"}],"collection":[{"href":"https:\/\/nitu.mx\/index.php\/wp-json\/wp\/v2\/posts"}],"about":[{"href":"https:\/\/nitu.mx\/index.php\/wp-json\/wp\/v2\/types\/post"}],"author":[{"embeddable":true,"href":"https:\/\/nitu.mx\/index.php\/wp-json\/wp\/v2\/users\/2"}],"replies":[{"embeddable":true,"href":"https:\/\/nitu.mx\/index.php\/wp-json\/wp\/v2\/comments?post=63029"}],"version-history":[{"count":2,"href":"https:\/\/nitu.mx\/index.php\/wp-json\/wp\/v2\/posts\/63029\/revisions"}],"predecessor-version":[{"id":63045,"href":"https:\/\/nitu.mx\/index.php\/wp-json\/wp\/v2\/posts\/63029\/revisions\/63045"}],"wp:featuredmedia":[{"embeddable":true,"href":"https:\/\/nitu.mx\/index.php\/wp-json\/wp\/v2\/media\/63030"}],"wp:attachment":[{"href":"https:\/\/nitu.mx\/index.php\/wp-json\/wp\/v2\/media?parent=63029"}],"wp:term":[{"taxonomy":"category","embeddable":true,"href":"https:\/\/nitu.mx\/index.php\/wp-json\/wp\/v2\/categories?post=63029"},{"taxonomy":"post_tag","embeddable":true,"href":"https:\/\/nitu.mx\/index.php\/wp-json\/wp\/v2\/tags?post=63029"}],"curies":[{"name":"wp","href":"https:\/\/api.w.org\/{rel}","templated":true}]}}