{"id":63023,"date":"2023-01-17T08:39:11","date_gmt":"2023-01-17T13:39:11","guid":{"rendered":"https:\/\/www.dev.nitu.mx\/?p=63023"},"modified":"2023-01-17T23:59:03","modified_gmt":"2023-01-18T04:59:03","slug":"confirma-hyatt-en-fitur-5-mil-habitaciones-mas-para-q-roo","status":"publish","type":"post","link":"https:\/\/nitu.mx\/index.php\/2023\/01\/17\/confirma-hyatt-en-fitur-5-mil-habitaciones-mas-para-q-roo\/","title":{"rendered":"Confirma Hyatt, en FITUR, 5 mil habitaciones m\u00e1s para Q.Roo"},"content":{"rendered":"<p>La gobernadora de Quintana Roo, Mara Lezama Espinosa, se reuni\u00f3 con el CEO y directivos de la cadena de hoteles Hyatt, el grupo con mayor presencia en el estado, marco en el que conversaron sobre los proyectos de crecimiento, as\u00ed como planes de inversi\u00f3n y coincidieron en desarrollar acciones de impacto social que permita tanto profesionalizar el servicio de calidad mundial que tiene el estado, como de cuidar al bien m\u00e1s preciado que son a las manos trabajadoras y sus familias.<\/p>\n<p>En su segundo d\u00eda de agenda en la FITUR 2023, la Gobernadora se reuni\u00f3 con Mark Hoplamazian, presidente y CEO de Hyatt Hotel Coporation y Gonzalo del Pe\u00f3n, presidente del Grupo Inclusive Collection, Hyatt Americas &amp; Global Commercial, directivos y empresarios que reconocieron a Quintana Roo como un estado y destino seguro para la inversi\u00f3n, donde este 2023 abrir\u00e1n dos nuevos centros de hospedaje en Tulum e Isla Mujeres con 5 mil habitaciones.<\/p>\n<p>Mara Lezama explic\u00f3 que Quintana Roo es el destino tur\u00edstico m\u00e1s importante en M\u00e9xico, no solo por lo que representa actualmente, con un total de 127 mil 399 habitaciones en sus mil 331 hoteles, sino por el enorme potencial de crecimiento que se tiene con la construcci\u00f3n de cuatro mil 691 habitaciones de hotel que est\u00e1n en proceso en este 2023.<\/p>\n<p>La gobernadora se\u00f1al\u00f3 que Quintana Roo es un estado noble, donde hay seguridad y condiciones para el crecimiento, pero \u201clo m\u00e1s importante es cuidar las condiciones de los trabajadores para que sus familias est\u00e9n cada vez mejor y sientan en sus casas, parte de este \u00e9xito tur\u00edstico, vi\u00e9ndose reflejado un mejor nivel de vida\u201d.<\/p>\n<p>Destac\u00f3 que la prosperidad debe ser compartida, tal como se establece en el Nuevo Acuerdo por el Bienestar y Desarrollo para que se alcance el bienestar social y comunitario a trav\u00e9s de un trabajo conjunto del gobierno con la iniciativa privada que permita que el beneficio de crecimiento tanto del norte como del sur del estado.<\/p>\n<p>Se\u00f1al\u00f3 que su gobierno trabaja para que todos los municipios sean atractivos, reconocidos y reciban al mundo para la mejor experiencia, incluso con diversificaci\u00f3n tur\u00edstica con la apertura de nuevas zonas arqueol\u00f3gicas, rutas que permitir\u00e1n generar nuevos atractivos adem\u00e1s de la proyecci\u00f3n que dar\u00e1 el Tren Maya y sus 1,500 kil\u00f3metros que estar\u00e1 arrancando a finales de a\u00f1o.<\/p>\n<p>Mara Lezama a\u00f1adi\u00f3 que con el apoyo del Gobierno de M\u00e9xico se tiene una inversi\u00f3n hist\u00f3rica en obras de infraestructura como el bulevar Colosio, el aeropuerto de Tulum, el Puente Nichupt\u00e9, entre otras.<\/p>\n<p>Por su parte, Mark Hoplamazian, presidente y CEO de Hyatt Hotel Coporation destac\u00f3 que la diversificaci\u00f3n de servicios en el estado a trav\u00e9s de sus hoteles que permiten dar opciones a todo el mundo en Quintana Roo y la apuesta es a seguir invirtiendo para su expansi\u00f3n, as\u00ed como en proyectos sociales para sus trabajadoras y trabajadores.\u00a0<a title=\"Hyatt cambiar\u00e1 identidad de marca de AMR Collection a Inclusive Collection\" href=\"https:\/\/www.dev.nitu.mx\/index.php\/2022\/12\/15\/hyatt-cambiara-identidad-de-marca-de-amr-collection-a-inclusive-collection\/\" rel=\"bookmark\">(Hyatt cambiar\u00e1 identidad de marca de AMR Collection a Inclusive Collection<\/a>).<\/p>\n<p>Coincidieron en la importancia de trabajar para generar bienestar a las familias quintanarroenses y ofrecieron trabajar juntos con el Gobierno del Estado que encabeza Mara Lezama para generar proyectos que beneficien a su fuerza laboral, especialmente con los hijos de los trabajadores.<\/p>\n<p>Durante la reuni\u00f3n acompa\u00f1aron a la gobernadora Mara Lezama, el secretario de Turismo en Quintana Roo, Bernardo Cueto Riestra; el director general del CTPQ, Javier Aranda y el director de Promoci\u00f3n Jorge Luis T\u00e9llez.<\/p>\n","protected":false},"excerpt":{"rendered":"<p>La gobernadora de Quintana Roo, Mara Lezama Espinosa, se reuni\u00f3 con el CEO y directivos de la cadena de hoteles Hyatt, el grupo con mayor presencia en el estado, marco en el que conversaron sobre los proyectos de crecimiento, as\u00ed como planes de inversi\u00f3n y coincidieron en desarrollar acciones de impacto social que permita tanto [&hellip;]<\/p>\n","protected":false},"author":2,"featured_media":63025,"comment_status":"open","ping_status":"open","sticky":false,"template":"","format":"standard","meta":{"footnotes":""},"categories":[18475,2],"tags":[83,2302,14028],"yoast_head":"<!-- This site is optimized with the Yoast SEO plugin v22.2 - https:\/\/yoast.com\/wordpress\/plugins\/seo\/ -->\n<title>Confirma Hyatt, en FITUR, 5 mil habitaciones m\u00e1s para Q.Roo - Nitu - Noticias de la Industria Turistica<\/title>\n<meta name=\"robots\" content=\"index, follow, max-snippet:-1, max-image-preview:large, max-video-preview:-1\" \/>\n<link rel=\"canonical\" href=\"https:\/\/nitu.mx\/index.php\/2023\/01\/17\/confirma-hyatt-en-fitur-5-mil-habitaciones-mas-para-q-roo\/\" \/>\n<meta name=\"twitter:card\" content=\"summary_large_image\" \/>\n<meta name=\"twitter:title\" content=\"Confirma Hyatt, en FITUR, 5 mil habitaciones m\u00e1s para Q.Roo - Nitu - Noticias de la Industria Turistica\" \/>\n<meta name=\"twitter:description\" content=\"La gobernadora de Quintana Roo, Mara Lezama Espinosa, se reuni\u00f3 con el CEO y directivos de la cadena de hoteles Hyatt, el grupo con mayor presencia en el estado, marco en el que conversaron sobre los proyectos de crecimiento, as\u00ed como planes de inversi\u00f3n y coincidieron en desarrollar acciones de impacto social que permita tanto [&hellip;]\" \/>\n<meta name=\"twitter:image\" content=\"https:\/\/nitu.mx\/wp-content\/uploads\/2023\/01\/B1985A19-1B3D-46E0-87A9-97BF25FAF282.jpeg\" \/>\n<meta name=\"twitter:creator\" content=\"@Arturo_Medina_G\" \/>\n<meta name=\"twitter:site\" content=\"@Arturo_Medina_G\" \/>\n<meta name=\"twitter:label1\" content=\"Escrito por\" \/>\n\t<meta name=\"twitter:data1\" content=\"Arturo Medina\" \/>\n\t<meta name=\"twitter:label2\" content=\"Tiempo de lectura\" \/>\n\t<meta name=\"twitter:data2\" content=\"3 minutos\" \/>\n<script type=\"application\/ld+json\" class=\"yoast-schema-graph\">{\"@context\":\"https:\/\/schema.org\",\"@graph\":[{\"@type\":\"Article\",\"@id\":\"https:\/\/nitu.mx\/index.php\/2023\/01\/17\/confirma-hyatt-en-fitur-5-mil-habitaciones-mas-para-q-roo\/#article\",\"isPartOf\":{\"@id\":\"https:\/\/nitu.mx\/index.php\/2023\/01\/17\/confirma-hyatt-en-fitur-5-mil-habitaciones-mas-para-q-roo\/\"},\"author\":{\"name\":\"Arturo Medina\",\"@id\":\"https:\/\/nitu.mx\/#\/schema\/person\/ae7a53426417292d3dd07b45a33e01bc\"},\"headline\":\"Confirma Hyatt, en FITUR, 5 mil habitaciones m\u00e1s para Q.Roo\",\"datePublished\":\"2023-01-17T13:39:11+00:00\",\"dateModified\":\"2023-01-18T04:59:03+00:00\",\"mainEntityOfPage\":{\"@id\":\"https:\/\/nitu.mx\/index.php\/2023\/01\/17\/confirma-hyatt-en-fitur-5-mil-habitaciones-mas-para-q-roo\/\"},\"wordCount\":599,\"commentCount\":0,\"publisher\":{\"@id\":\"https:\/\/nitu.mx\/#\/schema\/person\/ae7a53426417292d3dd07b45a33e01bc\"},\"image\":{\"@id\":\"https:\/\/nitu.mx\/index.php\/2023\/01\/17\/confirma-hyatt-en-fitur-5-mil-habitaciones-mas-para-q-roo\/#primaryimage\"},\"thumbnailUrl\":\"https:\/\/nitu.mx\/wp-content\/uploads\/2023\/01\/B1985A19-1B3D-46E0-87A9-97BF25FAF282.jpeg\",\"keywords\":[\"Caribe mexicano\",\"Hyatt\",\"Mara Lezama\"],\"articleSection\":[\"Caribe Mexicano\",\"Hoteles\"],\"inLanguage\":\"es-MX\",\"potentialAction\":[{\"@type\":\"CommentAction\",\"name\":\"Comment\",\"target\":[\"https:\/\/nitu.mx\/index.php\/2023\/01\/17\/confirma-hyatt-en-fitur-5-mil-habitaciones-mas-para-q-roo\/#respond\"]}]},{\"@type\":\"WebPage\",\"@id\":\"https:\/\/nitu.mx\/index.php\/2023\/01\/17\/confirma-hyatt-en-fitur-5-mil-habitaciones-mas-para-q-roo\/\",\"url\":\"https:\/\/nitu.mx\/index.php\/2023\/01\/17\/confirma-hyatt-en-fitur-5-mil-habitaciones-mas-para-q-roo\/\",\"name\":\"Confirma Hyatt, en FITUR, 5 mil habitaciones m\u00e1s para Q.Roo - Nitu - Noticias de la Industria Turistica\",\"isPartOf\":{\"@id\":\"https:\/\/nitu.mx\/#website\"},\"primaryImageOfPage\":{\"@id\":\"https:\/\/nitu.mx\/index.php\/2023\/01\/17\/confirma-hyatt-en-fitur-5-mil-habitaciones-mas-para-q-roo\/#primaryimage\"},\"image\":{\"@id\":\"https:\/\/nitu.mx\/index.php\/2023\/01\/17\/confirma-hyatt-en-fitur-5-mil-habitaciones-mas-para-q-roo\/#primaryimage\"},\"thumbnailUrl\":\"https:\/\/nitu.mx\/wp-content\/uploads\/2023\/01\/B1985A19-1B3D-46E0-87A9-97BF25FAF282.jpeg\",\"datePublished\":\"2023-01-17T13:39:11+00:00\",\"dateModified\":\"2023-01-18T04:59:03+00:00\",\"breadcrumb\":{\"@id\":\"https:\/\/nitu.mx\/index.php\/2023\/01\/17\/confirma-hyatt-en-fitur-5-mil-habitaciones-mas-para-q-roo\/#breadcrumb\"},\"inLanguage\":\"es-MX\",\"potentialAction\":[{\"@type\":\"ReadAction\",\"target\":[\"https:\/\/nitu.mx\/index.php\/2023\/01\/17\/confirma-hyatt-en-fitur-5-mil-habitaciones-mas-para-q-roo\/\"]}]},{\"@type\":\"ImageObject\",\"inLanguage\":\"es-MX\",\"@id\":\"https:\/\/nitu.mx\/index.php\/2023\/01\/17\/confirma-hyatt-en-fitur-5-mil-habitaciones-mas-para-q-roo\/#primaryimage\",\"url\":\"https:\/\/nitu.mx\/wp-content\/uploads\/2023\/01\/B1985A19-1B3D-46E0-87A9-97BF25FAF282.jpeg\",\"contentUrl\":\"https:\/\/nitu.mx\/wp-content\/uploads\/2023\/01\/B1985A19-1B3D-46E0-87A9-97BF25FAF282.jpeg\",\"width\":1600,\"height\":1012},{\"@type\":\"BreadcrumbList\",\"@id\":\"https:\/\/nitu.mx\/index.php\/2023\/01\/17\/confirma-hyatt-en-fitur-5-mil-habitaciones-mas-para-q-roo\/#breadcrumb\",\"itemListElement\":[{\"@type\":\"ListItem\",\"position\":1,\"name\":\"Inicio\",\"item\":\"https:\/\/nitu.mx\/\"},{\"@type\":\"ListItem\",\"position\":2,\"name\":\"Confirma Hyatt, en FITUR, 5 mil habitaciones m\u00e1s para Q.Roo\"}]},{\"@type\":\"WebSite\",\"@id\":\"https:\/\/nitu.mx\/#website\",\"url\":\"https:\/\/nitu.mx\/\",\"name\":\"Nitu - Noticias de la Industria Turistica\",\"description\":\"Noticias de la Industria Turistica\",\"publisher\":{\"@id\":\"https:\/\/nitu.mx\/#\/schema\/person\/ae7a53426417292d3dd07b45a33e01bc\"},\"alternateName\":\"Noticias de la Industria Turistica\",\"potentialAction\":[{\"@type\":\"SearchAction\",\"target\":{\"@type\":\"EntryPoint\",\"urlTemplate\":\"https:\/\/nitu.mx\/?s={search_term_string}\"},\"query-input\":\"required name=search_term_string\"}],\"inLanguage\":\"es-MX\"},{\"@type\":[\"Person\",\"Organization\"],\"@id\":\"https:\/\/nitu.mx\/#\/schema\/person\/ae7a53426417292d3dd07b45a33e01bc\",\"name\":\"Arturo Medina\",\"image\":{\"@type\":\"ImageObject\",\"inLanguage\":\"es-MX\",\"@id\":\"https:\/\/nitu.mx\/#\/schema\/person\/image\/\",\"url\":\"https:\/\/nitu.mx\/wp-content\/uploads\/2024\/04\/4A315622-1904-4D5C-B022-878CDC840E04-90x90-1.jpeg\",\"contentUrl\":\"https:\/\/nitu.mx\/wp-content\/uploads\/2024\/04\/4A315622-1904-4D5C-B022-878CDC840E04-90x90-1.jpeg\",\"width\":90,\"height\":90,\"caption\":\"Arturo Medina\"},\"logo\":{\"@id\":\"https:\/\/nitu.mx\/#\/schema\/person\/image\/\"},\"description\":\"Director NITU.mx, Egresado de la Escuela de Periodismo Carlos Septi\u00e9n Garc\u00eda. Periodista y analista especializado en turismo desde hace 35 a\u00f1os, radicado en Canc\u00fan Q.Roo. arturo@nitu.mx\",\"sameAs\":[\"https:\/\/nitu.mx\",\"https:\/\/www.facebook.com\/NITUmx\/\",\"medinacancun\",\"https:\/\/twitter.com\/@Arturo_Medina_G\"],\"url\":\"https:\/\/nitu.mx\/index.php\/author\/arturo-medina\/\"}]}<\/script>\n<!-- \/ Yoast SEO plugin. -->","yoast_head_json":{"title":"Confirma Hyatt, en FITUR, 5 mil habitaciones m\u00e1s para Q.Roo - Nitu - Noticias de la Industria Turistica","robots":{"index":"index","follow":"follow","max-snippet":"max-snippet:-1","max-image-preview":"max-image-preview:large","max-video-preview":"max-video-preview:-1"},"canonical":"https:\/\/nitu.mx\/index.php\/2023\/01\/17\/confirma-hyatt-en-fitur-5-mil-habitaciones-mas-para-q-roo\/","twitter_card":"summary_large_image","twitter_title":"Confirma Hyatt, en FITUR, 5 mil habitaciones m\u00e1s para Q.Roo - Nitu - Noticias de la Industria Turistica","twitter_description":"La gobernadora de Quintana Roo, Mara Lezama Espinosa, se reuni\u00f3 con el CEO y directivos de la cadena de hoteles Hyatt, el grupo con mayor presencia en el estado, marco en el que conversaron sobre los proyectos de crecimiento, as\u00ed como planes de inversi\u00f3n y coincidieron en desarrollar acciones de impacto social que permita tanto [&hellip;]","twitter_image":"https:\/\/nitu.mx\/wp-content\/uploads\/2023\/01\/B1985A19-1B3D-46E0-87A9-97BF25FAF282.jpeg","twitter_creator":"@Arturo_Medina_G","twitter_site":"@Arturo_Medina_G","twitter_misc":{"Escrito por":"Arturo Medina","Tiempo de lectura":"3 minutos"},"schema":{"@context":"https:\/\/schema.org","@graph":[{"@type":"Article","@id":"https:\/\/nitu.mx\/index.php\/2023\/01\/17\/confirma-hyatt-en-fitur-5-mil-habitaciones-mas-para-q-roo\/#article","isPartOf":{"@id":"https:\/\/nitu.mx\/index.php\/2023\/01\/17\/confirma-hyatt-en-fitur-5-mil-habitaciones-mas-para-q-roo\/"},"author":{"name":"Arturo Medina","@id":"https:\/\/nitu.mx\/#\/schema\/person\/ae7a53426417292d3dd07b45a33e01bc"},"headline":"Confirma Hyatt, en FITUR, 5 mil habitaciones m\u00e1s para Q.Roo","datePublished":"2023-01-17T13:39:11+00:00","dateModified":"2023-01-18T04:59:03+00:00","mainEntityOfPage":{"@id":"https:\/\/nitu.mx\/index.php\/2023\/01\/17\/confirma-hyatt-en-fitur-5-mil-habitaciones-mas-para-q-roo\/"},"wordCount":599,"commentCount":0,"publisher":{"@id":"https:\/\/nitu.mx\/#\/schema\/person\/ae7a53426417292d3dd07b45a33e01bc"},"image":{"@id":"https:\/\/nitu.mx\/index.php\/2023\/01\/17\/confirma-hyatt-en-fitur-5-mil-habitaciones-mas-para-q-roo\/#primaryimage"},"thumbnailUrl":"https:\/\/nitu.mx\/wp-content\/uploads\/2023\/01\/B1985A19-1B3D-46E0-87A9-97BF25FAF282.jpeg","keywords":["Caribe mexicano","Hyatt","Mara Lezama"],"articleSection":["Caribe Mexicano","Hoteles"],"inLanguage":"es-MX","potentialAction":[{"@type":"CommentAction","name":"Comment","target":["https:\/\/nitu.mx\/index.php\/2023\/01\/17\/confirma-hyatt-en-fitur-5-mil-habitaciones-mas-para-q-roo\/#respond"]}]},{"@type":"WebPage","@id":"https:\/\/nitu.mx\/index.php\/2023\/01\/17\/confirma-hyatt-en-fitur-5-mil-habitaciones-mas-para-q-roo\/","url":"https:\/\/nitu.mx\/index.php\/2023\/01\/17\/confirma-hyatt-en-fitur-5-mil-habitaciones-mas-para-q-roo\/","name":"Confirma Hyatt, en FITUR, 5 mil habitaciones m\u00e1s para Q.Roo - Nitu - Noticias de la Industria Turistica","isPartOf":{"@id":"https:\/\/nitu.mx\/#website"},"primaryImageOfPage":{"@id":"https:\/\/nitu.mx\/index.php\/2023\/01\/17\/confirma-hyatt-en-fitur-5-mil-habitaciones-mas-para-q-roo\/#primaryimage"},"image":{"@id":"https:\/\/nitu.mx\/index.php\/2023\/01\/17\/confirma-hyatt-en-fitur-5-mil-habitaciones-mas-para-q-roo\/#primaryimage"},"thumbnailUrl":"https:\/\/nitu.mx\/wp-content\/uploads\/2023\/01\/B1985A19-1B3D-46E0-87A9-97BF25FAF282.jpeg","datePublished":"2023-01-17T13:39:11+00:00","dateModified":"2023-01-18T04:59:03+00:00","breadcrumb":{"@id":"https:\/\/nitu.mx\/index.php\/2023\/01\/17\/confirma-hyatt-en-fitur-5-mil-habitaciones-mas-para-q-roo\/#breadcrumb"},"inLanguage":"es-MX","potentialAction":[{"@type":"ReadAction","target":["https:\/\/nitu.mx\/index.php\/2023\/01\/17\/confirma-hyatt-en-fitur-5-mil-habitaciones-mas-para-q-roo\/"]}]},{"@type":"ImageObject","inLanguage":"es-MX","@id":"https:\/\/nitu.mx\/index.php\/2023\/01\/17\/confirma-hyatt-en-fitur-5-mil-habitaciones-mas-para-q-roo\/#primaryimage","url":"https:\/\/nitu.mx\/wp-content\/uploads\/2023\/01\/B1985A19-1B3D-46E0-87A9-97BF25FAF282.jpeg","contentUrl":"https:\/\/nitu.mx\/wp-content\/uploads\/2023\/01\/B1985A19-1B3D-46E0-87A9-97BF25FAF282.jpeg","width":1600,"height":1012},{"@type":"BreadcrumbList","@id":"https:\/\/nitu.mx\/index.php\/2023\/01\/17\/confirma-hyatt-en-fitur-5-mil-habitaciones-mas-para-q-roo\/#breadcrumb","itemListElement":[{"@type":"ListItem","position":1,"name":"Inicio","item":"https:\/\/nitu.mx\/"},{"@type":"ListItem","position":2,"name":"Confirma Hyatt, en FITUR, 5 mil habitaciones m\u00e1s para Q.Roo"}]},{"@type":"WebSite","@id":"https:\/\/nitu.mx\/#website","url":"https:\/\/nitu.mx\/","name":"Nitu - Noticias de la Industria Turistica","description":"Noticias de la Industria Turistica","publisher":{"@id":"https:\/\/nitu.mx\/#\/schema\/person\/ae7a53426417292d3dd07b45a33e01bc"},"alternateName":"Noticias de la Industria Turistica","potentialAction":[{"@type":"SearchAction","target":{"@type":"EntryPoint","urlTemplate":"https:\/\/nitu.mx\/?s={search_term_string}"},"query-input":"required name=search_term_string"}],"inLanguage":"es-MX"},{"@type":["Person","Organization"],"@id":"https:\/\/nitu.mx\/#\/schema\/person\/ae7a53426417292d3dd07b45a33e01bc","name":"Arturo Medina","image":{"@type":"ImageObject","inLanguage":"es-MX","@id":"https:\/\/nitu.mx\/#\/schema\/person\/image\/","url":"https:\/\/nitu.mx\/wp-content\/uploads\/2024\/04\/4A315622-1904-4D5C-B022-878CDC840E04-90x90-1.jpeg","contentUrl":"https:\/\/nitu.mx\/wp-content\/uploads\/2024\/04\/4A315622-1904-4D5C-B022-878CDC840E04-90x90-1.jpeg","width":90,"height":90,"caption":"Arturo Medina"},"logo":{"@id":"https:\/\/nitu.mx\/#\/schema\/person\/image\/"},"description":"Director NITU.mx, Egresado de la Escuela de Periodismo Carlos Septi\u00e9n Garc\u00eda. Periodista y analista especializado en turismo desde hace 35 a\u00f1os, radicado en Canc\u00fan Q.Roo. arturo@nitu.mx","sameAs":["https:\/\/nitu.mx","https:\/\/www.facebook.com\/NITUmx\/","medinacancun","https:\/\/twitter.com\/@Arturo_Medina_G"],"url":"https:\/\/nitu.mx\/index.php\/author\/arturo-medina\/"}]}},"views":286,"_links":{"self":[{"href":"https:\/\/nitu.mx\/index.php\/wp-json\/wp\/v2\/posts\/63023"}],"collection":[{"href":"https:\/\/nitu.mx\/index.php\/wp-json\/wp\/v2\/posts"}],"about":[{"href":"https:\/\/nitu.mx\/index.php\/wp-json\/wp\/v2\/types\/post"}],"author":[{"embeddable":true,"href":"https:\/\/nitu.mx\/index.php\/wp-json\/wp\/v2\/users\/2"}],"replies":[{"embeddable":true,"href":"https:\/\/nitu.mx\/index.php\/wp-json\/wp\/v2\/comments?post=63023"}],"version-history":[{"count":3,"href":"https:\/\/nitu.mx\/index.php\/wp-json\/wp\/v2\/posts\/63023\/revisions"}],"predecessor-version":[{"id":63044,"href":"https:\/\/nitu.mx\/index.php\/wp-json\/wp\/v2\/posts\/63023\/revisions\/63044"}],"wp:featuredmedia":[{"embeddable":true,"href":"https:\/\/nitu.mx\/index.php\/wp-json\/wp\/v2\/media\/63025"}],"wp:attachment":[{"href":"https:\/\/nitu.mx\/index.php\/wp-json\/wp\/v2\/media?parent=63023"}],"wp:term":[{"taxonomy":"category","embeddable":true,"href":"https:\/\/nitu.mx\/index.php\/wp-json\/wp\/v2\/categories?post=63023"},{"taxonomy":"post_tag","embeddable":true,"href":"https:\/\/nitu.mx\/index.php\/wp-json\/wp\/v2\/tags?post=63023"}],"curies":[{"name":"wp","href":"https:\/\/api.w.org\/{rel}","templated":true}]}}