{"id":62936,"date":"2023-01-11T01:03:57","date_gmt":"2023-01-11T06:03:57","guid":{"rendered":"https:\/\/www.dev.nitu.mx\/?p=62936"},"modified":"2023-01-11T01:05:31","modified_gmt":"2023-01-11T06:05:31","slug":"conforman-comite-ciudadano-para-supervisar-gasto-de-saneamiento-ambiental","status":"publish","type":"post","link":"https:\/\/nitu.mx\/index.php\/2023\/01\/11\/conforman-comite-ciudadano-para-supervisar-gasto-de-saneamiento-ambiental\/","title":{"rendered":"Conforman Comit\u00e9 Ciudadano para supervisar gasto de Saneamiento Ambiental"},"content":{"rendered":"<p><span class=\"s16\"><span class=\"bumpedFont15\">\u201cNecesitamos que el \u00e9xito tur\u00edstico de Canc\u00fan se refleje en cada una de las colonias de nuestra ciudad, en mejor infraestructura, equip<\/span><\/span><span class=\"s16\"><span class=\"bumpedFont15\">amiento para los polic\u00edas, en nuestras playas para mantenerlas limpias inclusive en temporada de sargazo, en infraestructura deportiva y en cada uno de los proyectos que se estar\u00e1n decidiendo con su ayuda\u201d, resalt\u00f3 la presidenta municipal, Ana Patricia Per<\/span><\/span><span class=\"s16\"><span class=\"bumpedFont15\">alta, en la instalaci\u00f3n formal del Comit\u00e9 Ciudadano de seguimiento a la aplicaci\u00f3n de los recursos p\u00fablicos que se generen por concepto de Derecho de Saneamiento Ambiental del municipio de Benito Ju\u00e1rez.<\/span><\/span><\/p>\n<p><span class=\"s16\"><span class=\"bumpedFont15\">En el evento en el \u201cSal\u00f3n Presidentes\u201d del Palacio Municipal, subray\u00f3 que el ejercicio de dicho ingreso ser\u00e1 con total transparencia y con el debido seguimi<\/span><\/span><span class=\"s16\"><span class=\"bumpedFont15\">ento a los diferentes rubros de acuerdo a las necesidades ciudadanas, gracias a la sinergia que se establecer\u00e1 con los empresarios que forman parte de este cuerpo colegiado.<\/span><\/span><\/p>\n<p><span class=\"s16\"><span class=\"bumpedFont15\">En ese marco, anunci\u00f3 que en 2022 se recaudaron en ese rubro 296.1 millones de pe<\/span><\/span><span class=\"s16\"><span class=\"bumpedFont15\">sos, por lo que la estimaci\u00f3n de la Ley de Ingresos para este ejercicio fiscal es captar aproximadamente 677 millones de pesos, es decir, se buscar\u00e1 duplicar la cifra, para sumar ese monto a las gestiones con la autoridad estatal y federal.<\/span><\/span><\/p>\n<p><span class=\"s16\"><span class=\"bumpedFont15\">La instalaci\u00f3n del citado Comit\u00e9 que estuvo encabezada por la presidenta municipal, Ana Paty Per<\/span><\/span><span class=\"s16\"><span class=\"bumpedFont15\">alta de la Pe\u00f1a, fue en \u201cfast track\u201d y no se invit\u00f3 a la prensa, en la cual estuvieron la mayor\u00eda de regidores, as\u00ed como tambi\u00e9n el s\u00edndico municipal, Pablo Guti\u00e9rrez y el secretario del Ayuntamiento, Jorge Aguilar Osorio.<\/span><\/span><\/p>\n<p><span class=\"s16\"><span class=\"bumpedFont15\">El comit\u00e9 ciudadano est\u00e1 conformado por: Jes\u00fas Almaguer Salazar y Guadalupe Rebeca Bravo Carranza, en representaci\u00f3n de la Asociaci\u00f3n de Hoteles de Quintana Roo A. C.; Elsa Miriam Cort\u00e9s Franco y Javier Guillermo Vales Gonz\u00e1lez, en representaci\u00f3n de la Aso<\/span><\/span><span class=\"s16\"><span class=\"bumpedFont15\">ciaci\u00f3n de Clubes Vacacionales A. C. y Ang\u00e9lica Fr\u00edas Gonz\u00e1lez, en representaci\u00f3n del Centro Empresarial de Quintana Roo.\u00a0<\/span><\/span><a title=\"Tiene Canc\u00fan su Secretar\u00eda de Turismo\" href=\"https:\/\/www.dev.nitu.mx\/index.php\/2023\/01\/03\/tiene-cancun-su-secretaria-de-turismo\/\" rel=\"bookmark\">(Tiene Canc\u00fan su Secretar\u00eda de Turismo<\/a>).<\/p>\n","protected":false},"excerpt":{"rendered":"<p>\u201cNecesitamos que el \u00e9xito tur\u00edstico de Canc\u00fan se refleje en cada una de las colonias de nuestra ciudad, en mejor infraestructura, equipamiento para los polic\u00edas, en nuestras playas para mantenerlas limpias inclusive en temporada de sargazo, en infraestructura deportiva y en cada uno de los proyectos que se estar\u00e1n decidiendo con su ayuda\u201d, resalt\u00f3 la [&hellip;]<\/p>\n","protected":false},"author":2,"featured_media":62939,"comment_status":"open","ping_status":"open","sticky":false,"template":"","format":"standard","meta":{"footnotes":""},"categories":[21403],"tags":[23614,43,91],"yoast_head":"<!-- This site is optimized with the Yoast SEO plugin v22.2 - https:\/\/yoast.com\/wordpress\/plugins\/seo\/ -->\n<title>Conforman Comit\u00e9 Ciudadano para supervisar gasto de Saneamiento Ambiental - Nitu - Noticias de la Industria Turistica<\/title>\n<meta name=\"robots\" content=\"index, follow, max-snippet:-1, max-image-preview:large, max-video-preview:-1\" \/>\n<link rel=\"canonical\" href=\"https:\/\/nitu.mx\/index.php\/2023\/01\/11\/conforman-comite-ciudadano-para-supervisar-gasto-de-saneamiento-ambiental\/\" \/>\n<meta name=\"twitter:card\" content=\"summary_large_image\" \/>\n<meta name=\"twitter:title\" content=\"Conforman Comit\u00e9 Ciudadano para supervisar gasto de Saneamiento Ambiental - Nitu - Noticias de la Industria Turistica\" \/>\n<meta name=\"twitter:description\" content=\"\u201cNecesitamos que el \u00e9xito tur\u00edstico de Canc\u00fan se refleje en cada una de las colonias de nuestra ciudad, en mejor infraestructura, equipamiento para los polic\u00edas, en nuestras playas para mantenerlas limpias inclusive en temporada de sargazo, en infraestructura deportiva y en cada uno de los proyectos que se estar\u00e1n decidiendo con su ayuda\u201d, resalt\u00f3 la [&hellip;]\" \/>\n<meta name=\"twitter:image\" content=\"https:\/\/nitu.mx\/wp-content\/uploads\/2023\/01\/6F47707A-6022-4B76-A76A-BCC7C8240C7E.jpeg\" \/>\n<meta name=\"twitter:creator\" content=\"@Arturo_Medina_G\" \/>\n<meta name=\"twitter:site\" content=\"@Arturo_Medina_G\" \/>\n<meta name=\"twitter:label1\" content=\"Escrito por\" \/>\n\t<meta name=\"twitter:data1\" content=\"Arturo Medina\" \/>\n\t<meta name=\"twitter:label2\" content=\"Tiempo de lectura\" \/>\n\t<meta name=\"twitter:data2\" content=\"2 minutos\" \/>\n<script type=\"application\/ld+json\" class=\"yoast-schema-graph\">{\"@context\":\"https:\/\/schema.org\",\"@graph\":[{\"@type\":\"Article\",\"@id\":\"https:\/\/nitu.mx\/index.php\/2023\/01\/11\/conforman-comite-ciudadano-para-supervisar-gasto-de-saneamiento-ambiental\/#article\",\"isPartOf\":{\"@id\":\"https:\/\/nitu.mx\/index.php\/2023\/01\/11\/conforman-comite-ciudadano-para-supervisar-gasto-de-saneamiento-ambiental\/\"},\"author\":{\"name\":\"Arturo Medina\",\"@id\":\"https:\/\/nitu.mx\/#\/schema\/person\/ae7a53426417292d3dd07b45a33e01bc\"},\"headline\":\"Conforman Comit\u00e9 Ciudadano para supervisar gasto de Saneamiento Ambiental\",\"datePublished\":\"2023-01-11T06:03:57+00:00\",\"dateModified\":\"2023-01-11T06:05:31+00:00\",\"mainEntityOfPage\":{\"@id\":\"https:\/\/nitu.mx\/index.php\/2023\/01\/11\/conforman-comite-ciudadano-para-supervisar-gasto-de-saneamiento-ambiental\/\"},\"wordCount\":358,\"commentCount\":0,\"publisher\":{\"@id\":\"https:\/\/nitu.mx\/#\/schema\/person\/ae7a53426417292d3dd07b45a33e01bc\"},\"image\":{\"@id\":\"https:\/\/nitu.mx\/index.php\/2023\/01\/11\/conforman-comite-ciudadano-para-supervisar-gasto-de-saneamiento-ambiental\/#primaryimage\"},\"thumbnailUrl\":\"https:\/\/nitu.mx\/wp-content\/uploads\/2023\/01\/6F47707A-6022-4B76-A76A-BCC7C8240C7E.jpeg\",\"keywords\":[\"Ana Patricia Peralta\",\"Canc\u00fan\",\"Jes\u00fas Almaguer Salazar\"],\"articleSection\":[\"Canc\u00fan\"],\"inLanguage\":\"es-MX\",\"potentialAction\":[{\"@type\":\"CommentAction\",\"name\":\"Comment\",\"target\":[\"https:\/\/nitu.mx\/index.php\/2023\/01\/11\/conforman-comite-ciudadano-para-supervisar-gasto-de-saneamiento-ambiental\/#respond\"]}]},{\"@type\":\"WebPage\",\"@id\":\"https:\/\/nitu.mx\/index.php\/2023\/01\/11\/conforman-comite-ciudadano-para-supervisar-gasto-de-saneamiento-ambiental\/\",\"url\":\"https:\/\/nitu.mx\/index.php\/2023\/01\/11\/conforman-comite-ciudadano-para-supervisar-gasto-de-saneamiento-ambiental\/\",\"name\":\"Conforman Comit\u00e9 Ciudadano para supervisar gasto de Saneamiento Ambiental - Nitu - Noticias de la Industria Turistica\",\"isPartOf\":{\"@id\":\"https:\/\/nitu.mx\/#website\"},\"primaryImageOfPage\":{\"@id\":\"https:\/\/nitu.mx\/index.php\/2023\/01\/11\/conforman-comite-ciudadano-para-supervisar-gasto-de-saneamiento-ambiental\/#primaryimage\"},\"image\":{\"@id\":\"https:\/\/nitu.mx\/index.php\/2023\/01\/11\/conforman-comite-ciudadano-para-supervisar-gasto-de-saneamiento-ambiental\/#primaryimage\"},\"thumbnailUrl\":\"https:\/\/nitu.mx\/wp-content\/uploads\/2023\/01\/6F47707A-6022-4B76-A76A-BCC7C8240C7E.jpeg\",\"datePublished\":\"2023-01-11T06:03:57+00:00\",\"dateModified\":\"2023-01-11T06:05:31+00:00\",\"breadcrumb\":{\"@id\":\"https:\/\/nitu.mx\/index.php\/2023\/01\/11\/conforman-comite-ciudadano-para-supervisar-gasto-de-saneamiento-ambiental\/#breadcrumb\"},\"inLanguage\":\"es-MX\",\"potentialAction\":[{\"@type\":\"ReadAction\",\"target\":[\"https:\/\/nitu.mx\/index.php\/2023\/01\/11\/conforman-comite-ciudadano-para-supervisar-gasto-de-saneamiento-ambiental\/\"]}]},{\"@type\":\"ImageObject\",\"inLanguage\":\"es-MX\",\"@id\":\"https:\/\/nitu.mx\/index.php\/2023\/01\/11\/conforman-comite-ciudadano-para-supervisar-gasto-de-saneamiento-ambiental\/#primaryimage\",\"url\":\"https:\/\/nitu.mx\/wp-content\/uploads\/2023\/01\/6F47707A-6022-4B76-A76A-BCC7C8240C7E.jpeg\",\"contentUrl\":\"https:\/\/nitu.mx\/wp-content\/uploads\/2023\/01\/6F47707A-6022-4B76-A76A-BCC7C8240C7E.jpeg\",\"width\":720,\"height\":405},{\"@type\":\"BreadcrumbList\",\"@id\":\"https:\/\/nitu.mx\/index.php\/2023\/01\/11\/conforman-comite-ciudadano-para-supervisar-gasto-de-saneamiento-ambiental\/#breadcrumb\",\"itemListElement\":[{\"@type\":\"ListItem\",\"position\":1,\"name\":\"Inicio\",\"item\":\"https:\/\/nitu.mx\/\"},{\"@type\":\"ListItem\",\"position\":2,\"name\":\"Conforman Comit\u00e9 Ciudadano para supervisar gasto de Saneamiento Ambiental\"}]},{\"@type\":\"WebSite\",\"@id\":\"https:\/\/nitu.mx\/#website\",\"url\":\"https:\/\/nitu.mx\/\",\"name\":\"Nitu - Noticias de la Industria Turistica\",\"description\":\"Noticias de la Industria Turistica\",\"publisher\":{\"@id\":\"https:\/\/nitu.mx\/#\/schema\/person\/ae7a53426417292d3dd07b45a33e01bc\"},\"alternateName\":\"Noticias de la Industria Turistica\",\"potentialAction\":[{\"@type\":\"SearchAction\",\"target\":{\"@type\":\"EntryPoint\",\"urlTemplate\":\"https:\/\/nitu.mx\/?s={search_term_string}\"},\"query-input\":\"required name=search_term_string\"}],\"inLanguage\":\"es-MX\"},{\"@type\":[\"Person\",\"Organization\"],\"@id\":\"https:\/\/nitu.mx\/#\/schema\/person\/ae7a53426417292d3dd07b45a33e01bc\",\"name\":\"Arturo Medina\",\"image\":{\"@type\":\"ImageObject\",\"inLanguage\":\"es-MX\",\"@id\":\"https:\/\/nitu.mx\/#\/schema\/person\/image\/\",\"url\":\"https:\/\/nitu.mx\/wp-content\/uploads\/2024\/04\/4A315622-1904-4D5C-B022-878CDC840E04-90x90-1.jpeg\",\"contentUrl\":\"https:\/\/nitu.mx\/wp-content\/uploads\/2024\/04\/4A315622-1904-4D5C-B022-878CDC840E04-90x90-1.jpeg\",\"width\":90,\"height\":90,\"caption\":\"Arturo Medina\"},\"logo\":{\"@id\":\"https:\/\/nitu.mx\/#\/schema\/person\/image\/\"},\"description\":\"Director NITU.mx, Egresado de la Escuela de Periodismo Carlos Septi\u00e9n Garc\u00eda. Periodista y analista especializado en turismo desde hace 35 a\u00f1os, radicado en Canc\u00fan Q.Roo. arturo@nitu.mx\",\"sameAs\":[\"https:\/\/nitu.mx\",\"https:\/\/www.facebook.com\/NITUmx\/\",\"medinacancun\",\"https:\/\/twitter.com\/@Arturo_Medina_G\"],\"url\":\"https:\/\/nitu.mx\/index.php\/author\/arturo-medina\/\"}]}<\/script>\n<!-- \/ Yoast SEO plugin. -->","yoast_head_json":{"title":"Conforman Comit\u00e9 Ciudadano para supervisar gasto de Saneamiento Ambiental - Nitu - Noticias de la Industria Turistica","robots":{"index":"index","follow":"follow","max-snippet":"max-snippet:-1","max-image-preview":"max-image-preview:large","max-video-preview":"max-video-preview:-1"},"canonical":"https:\/\/nitu.mx\/index.php\/2023\/01\/11\/conforman-comite-ciudadano-para-supervisar-gasto-de-saneamiento-ambiental\/","twitter_card":"summary_large_image","twitter_title":"Conforman Comit\u00e9 Ciudadano para supervisar gasto de Saneamiento Ambiental - Nitu - Noticias de la Industria Turistica","twitter_description":"\u201cNecesitamos que el \u00e9xito tur\u00edstico de Canc\u00fan se refleje en cada una de las colonias de nuestra ciudad, en mejor infraestructura, equipamiento para los polic\u00edas, en nuestras playas para mantenerlas limpias inclusive en temporada de sargazo, en infraestructura deportiva y en cada uno de los proyectos que se estar\u00e1n decidiendo con su ayuda\u201d, resalt\u00f3 la [&hellip;]","twitter_image":"https:\/\/nitu.mx\/wp-content\/uploads\/2023\/01\/6F47707A-6022-4B76-A76A-BCC7C8240C7E.jpeg","twitter_creator":"@Arturo_Medina_G","twitter_site":"@Arturo_Medina_G","twitter_misc":{"Escrito por":"Arturo Medina","Tiempo de lectura":"2 minutos"},"schema":{"@context":"https:\/\/schema.org","@graph":[{"@type":"Article","@id":"https:\/\/nitu.mx\/index.php\/2023\/01\/11\/conforman-comite-ciudadano-para-supervisar-gasto-de-saneamiento-ambiental\/#article","isPartOf":{"@id":"https:\/\/nitu.mx\/index.php\/2023\/01\/11\/conforman-comite-ciudadano-para-supervisar-gasto-de-saneamiento-ambiental\/"},"author":{"name":"Arturo Medina","@id":"https:\/\/nitu.mx\/#\/schema\/person\/ae7a53426417292d3dd07b45a33e01bc"},"headline":"Conforman Comit\u00e9 Ciudadano para supervisar gasto de Saneamiento Ambiental","datePublished":"2023-01-11T06:03:57+00:00","dateModified":"2023-01-11T06:05:31+00:00","mainEntityOfPage":{"@id":"https:\/\/nitu.mx\/index.php\/2023\/01\/11\/conforman-comite-ciudadano-para-supervisar-gasto-de-saneamiento-ambiental\/"},"wordCount":358,"commentCount":0,"publisher":{"@id":"https:\/\/nitu.mx\/#\/schema\/person\/ae7a53426417292d3dd07b45a33e01bc"},"image":{"@id":"https:\/\/nitu.mx\/index.php\/2023\/01\/11\/conforman-comite-ciudadano-para-supervisar-gasto-de-saneamiento-ambiental\/#primaryimage"},"thumbnailUrl":"https:\/\/nitu.mx\/wp-content\/uploads\/2023\/01\/6F47707A-6022-4B76-A76A-BCC7C8240C7E.jpeg","keywords":["Ana Patricia Peralta","Canc\u00fan","Jes\u00fas Almaguer Salazar"],"articleSection":["Canc\u00fan"],"inLanguage":"es-MX","potentialAction":[{"@type":"CommentAction","name":"Comment","target":["https:\/\/nitu.mx\/index.php\/2023\/01\/11\/conforman-comite-ciudadano-para-supervisar-gasto-de-saneamiento-ambiental\/#respond"]}]},{"@type":"WebPage","@id":"https:\/\/nitu.mx\/index.php\/2023\/01\/11\/conforman-comite-ciudadano-para-supervisar-gasto-de-saneamiento-ambiental\/","url":"https:\/\/nitu.mx\/index.php\/2023\/01\/11\/conforman-comite-ciudadano-para-supervisar-gasto-de-saneamiento-ambiental\/","name":"Conforman Comit\u00e9 Ciudadano para supervisar gasto de Saneamiento Ambiental - Nitu - Noticias de la Industria Turistica","isPartOf":{"@id":"https:\/\/nitu.mx\/#website"},"primaryImageOfPage":{"@id":"https:\/\/nitu.mx\/index.php\/2023\/01\/11\/conforman-comite-ciudadano-para-supervisar-gasto-de-saneamiento-ambiental\/#primaryimage"},"image":{"@id":"https:\/\/nitu.mx\/index.php\/2023\/01\/11\/conforman-comite-ciudadano-para-supervisar-gasto-de-saneamiento-ambiental\/#primaryimage"},"thumbnailUrl":"https:\/\/nitu.mx\/wp-content\/uploads\/2023\/01\/6F47707A-6022-4B76-A76A-BCC7C8240C7E.jpeg","datePublished":"2023-01-11T06:03:57+00:00","dateModified":"2023-01-11T06:05:31+00:00","breadcrumb":{"@id":"https:\/\/nitu.mx\/index.php\/2023\/01\/11\/conforman-comite-ciudadano-para-supervisar-gasto-de-saneamiento-ambiental\/#breadcrumb"},"inLanguage":"es-MX","potentialAction":[{"@type":"ReadAction","target":["https:\/\/nitu.mx\/index.php\/2023\/01\/11\/conforman-comite-ciudadano-para-supervisar-gasto-de-saneamiento-ambiental\/"]}]},{"@type":"ImageObject","inLanguage":"es-MX","@id":"https:\/\/nitu.mx\/index.php\/2023\/01\/11\/conforman-comite-ciudadano-para-supervisar-gasto-de-saneamiento-ambiental\/#primaryimage","url":"https:\/\/nitu.mx\/wp-content\/uploads\/2023\/01\/6F47707A-6022-4B76-A76A-BCC7C8240C7E.jpeg","contentUrl":"https:\/\/nitu.mx\/wp-content\/uploads\/2023\/01\/6F47707A-6022-4B76-A76A-BCC7C8240C7E.jpeg","width":720,"height":405},{"@type":"BreadcrumbList","@id":"https:\/\/nitu.mx\/index.php\/2023\/01\/11\/conforman-comite-ciudadano-para-supervisar-gasto-de-saneamiento-ambiental\/#breadcrumb","itemListElement":[{"@type":"ListItem","position":1,"name":"Inicio","item":"https:\/\/nitu.mx\/"},{"@type":"ListItem","position":2,"name":"Conforman Comit\u00e9 Ciudadano para supervisar gasto de Saneamiento Ambiental"}]},{"@type":"WebSite","@id":"https:\/\/nitu.mx\/#website","url":"https:\/\/nitu.mx\/","name":"Nitu - Noticias de la Industria Turistica","description":"Noticias de la Industria Turistica","publisher":{"@id":"https:\/\/nitu.mx\/#\/schema\/person\/ae7a53426417292d3dd07b45a33e01bc"},"alternateName":"Noticias de la Industria Turistica","potentialAction":[{"@type":"SearchAction","target":{"@type":"EntryPoint","urlTemplate":"https:\/\/nitu.mx\/?s={search_term_string}"},"query-input":"required name=search_term_string"}],"inLanguage":"es-MX"},{"@type":["Person","Organization"],"@id":"https:\/\/nitu.mx\/#\/schema\/person\/ae7a53426417292d3dd07b45a33e01bc","name":"Arturo Medina","image":{"@type":"ImageObject","inLanguage":"es-MX","@id":"https:\/\/nitu.mx\/#\/schema\/person\/image\/","url":"https:\/\/nitu.mx\/wp-content\/uploads\/2024\/04\/4A315622-1904-4D5C-B022-878CDC840E04-90x90-1.jpeg","contentUrl":"https:\/\/nitu.mx\/wp-content\/uploads\/2024\/04\/4A315622-1904-4D5C-B022-878CDC840E04-90x90-1.jpeg","width":90,"height":90,"caption":"Arturo Medina"},"logo":{"@id":"https:\/\/nitu.mx\/#\/schema\/person\/image\/"},"description":"Director NITU.mx, Egresado de la Escuela de Periodismo Carlos Septi\u00e9n Garc\u00eda. Periodista y analista especializado en turismo desde hace 35 a\u00f1os, radicado en Canc\u00fan Q.Roo. arturo@nitu.mx","sameAs":["https:\/\/nitu.mx","https:\/\/www.facebook.com\/NITUmx\/","medinacancun","https:\/\/twitter.com\/@Arturo_Medina_G"],"url":"https:\/\/nitu.mx\/index.php\/author\/arturo-medina\/"}]}},"views":628,"_links":{"self":[{"href":"https:\/\/nitu.mx\/index.php\/wp-json\/wp\/v2\/posts\/62936"}],"collection":[{"href":"https:\/\/nitu.mx\/index.php\/wp-json\/wp\/v2\/posts"}],"about":[{"href":"https:\/\/nitu.mx\/index.php\/wp-json\/wp\/v2\/types\/post"}],"author":[{"embeddable":true,"href":"https:\/\/nitu.mx\/index.php\/wp-json\/wp\/v2\/users\/2"}],"replies":[{"embeddable":true,"href":"https:\/\/nitu.mx\/index.php\/wp-json\/wp\/v2\/comments?post=62936"}],"version-history":[{"count":4,"href":"https:\/\/nitu.mx\/index.php\/wp-json\/wp\/v2\/posts\/62936\/revisions"}],"predecessor-version":[{"id":62952,"href":"https:\/\/nitu.mx\/index.php\/wp-json\/wp\/v2\/posts\/62936\/revisions\/62952"}],"wp:featuredmedia":[{"embeddable":true,"href":"https:\/\/nitu.mx\/index.php\/wp-json\/wp\/v2\/media\/62939"}],"wp:attachment":[{"href":"https:\/\/nitu.mx\/index.php\/wp-json\/wp\/v2\/media?parent=62936"}],"wp:term":[{"taxonomy":"category","embeddable":true,"href":"https:\/\/nitu.mx\/index.php\/wp-json\/wp\/v2\/categories?post=62936"},{"taxonomy":"post_tag","embeddable":true,"href":"https:\/\/nitu.mx\/index.php\/wp-json\/wp\/v2\/tags?post=62936"}],"curies":[{"name":"wp","href":"https:\/\/api.w.org\/{rel}","templated":true}]}}