{"id":62906,"date":"2023-01-08T16:16:17","date_gmt":"2023-01-08T21:16:17","guid":{"rendered":"https:\/\/www.dev.nitu.mx\/?p=62906"},"modified":"2023-01-09T00:50:20","modified_gmt":"2023-01-09T05:50:20","slug":"registra-sectur-737-compradores-para-tianguis-turistico-en-cdmx","status":"publish","type":"post","link":"https:\/\/nitu.mx\/index.php\/2023\/01\/08\/registra-sectur-737-compradores-para-tianguis-turistico-en-cdmx\/","title":{"rendered":"Registra Sectur 737 compradores para Tianguis Tur\u00edstico en CDMX"},"content":{"rendered":"<p>A 12 semanas de que se lleve a cabo el evento m\u00e1s importante de la industria tur\u00edstica de M\u00e9xico, el secretario de Turismo federal, Miguel Torruco Marqu\u00e9s, inform\u00f3 que para el Tianguis Tur\u00edstico M\u00e9xico 2023, que se celebrar\u00e1 por primera vez en la Ciudad de M\u00e9xico, se ha registrado 737 compradores de 450 empresas provenientes de 44 naciones, adem\u00e1s de nuestro pa\u00eds, lo que representa el mayor n\u00famero respecto al mismo periodo previo a las ediciones anteriores.<\/p>\n<p style=\"font-weight: 400;\">El titular de la Secretar\u00eda de Turismo (Sectur) detall\u00f3 que, al comparar la edici\u00f3n 47 con las previas, se tiene que, a 12 semanas de la celebraci\u00f3n del evento, en Acapulco 2015, se hab\u00edan registrado 191 compradores; en Guadalajara 2016, se ten\u00edan 442; en Acapulco 2017, se reportaban 334; en Mazatl\u00e1n 2018, eran 379; y en M\u00e9rida 2021, se reportaban 644. Respecto a las ediciones de 2019 y 2022 en Acapulco, a la s\u00e9ptima semana previa al Tianguis Tur\u00edstico se hab\u00edan registrado 496 y 793 compradores, respectivamente.<\/p>\n<p style=\"font-weight: 400;\">Se\u00f1al\u00f3 que el Tianguis Tur\u00edstico M\u00e9xico 2023 se llevar\u00e1 a cabo en el Centro Citibanamex de la Ciudad de M\u00e9xico, que contar\u00e1 con un \u00e1rea de exposici\u00f3n de 34 mil metros cuadrados, y en la que est\u00e1 confirmada la participaci\u00f3n de las 32 entidades federativas del pa\u00eds.<\/p>\n<p style=\"font-weight: 400;\">Adem\u00e1s, acudir\u00e1n municipios y los principales actores del turismo nacional e internacional, as\u00ed como un espacio para el Tren Maya y el Aeropuerto Internacional Felipe \u00c1ngeles (AIFA).<\/p>\n<p style=\"font-weight: 400;\">Torruco Marqu\u00e9s precis\u00f3 que para esta edici\u00f3n est\u00e1 confirmada la presencia de distinguidos invitados de alto nivel de car\u00e1cter internacional, entre ellos, ministros de Turismo, y hosted buyers interesados en el producto tur\u00edstico de M\u00e9xico.<\/p>\n<p style=\"font-weight: 400;\">Indic\u00f3 que como parte del programa acad\u00e9mico, se llevar\u00e1n a cabo ponencias magistrales como la de Rosario Mar\u00edn, primera mujer de origen mexicano en desempe\u00f1arse como Tesorera de los Estados Unidos de Am\u00e9rica; as\u00ed como la de Carlos Slim Domit, presidente del Consejo de Administraci\u00f3n de Telmex.<\/p>\n<p style=\"font-weight: 400;\">Aunado a esto, hasta el momento est\u00e1n programados 20 seminarios virtuales con diversas tem\u00e1ticas relacionadas con las tendencias del turismo; as\u00ed como 11 viajes de familiarizaci\u00f3n, \u00e9stos en coordinaci\u00f3n con los estados y municipios.<\/p>\n<p style=\"font-weight: 400;\">El secretario de Turismo destac\u00f3 que la edici\u00f3n 47 del Tianguis Tur\u00edstico M\u00e9xico ser\u00e1 la tercera con car\u00e1cter inclusivo, con el prop\u00f3sito de resaltar la importancia de la inclusi\u00f3n y la accesibilidad como eje de desarrollo econ\u00f3mico y social del sector tur\u00edstico.<\/p>\n<p style=\"font-weight: 400;\">Subray\u00f3 que ser\u00e1 la primera vez que se contar\u00e1 con la participaci\u00f3n de pabellones internacionales, destacando la presencia de los pa\u00edses de la Organizaci\u00f3n del Mundo Maya:\u00a0Belice, El Salvador, Guatemala, Honduras, junto con M\u00e9xico,\u00a0como en una regi\u00f3n con un producto multidestino integrado; as\u00ed como l\u00edneas a\u00e9reas internacionales.<\/p>\n<p style=\"font-weight: 400;\">En el marco del Tianguis Tur\u00edstico M\u00e9xico 2023, tambi\u00e9n ser\u00e1 la primera vez que se intervendr\u00e1 la capital del pa\u00eds con actividades culturales de los 32 estados del pa\u00eds en algunos de los escenarios representativos de la ciudad.<\/p>\n<p style=\"font-weight: 400;\">\u201cLa fiesta m\u00e1s importante del turismo en Am\u00e9rica Latina por primera vez en su historia se llevar\u00e1 a cabo en la capital del pa\u00eds del 26 al 29 de marzo; y romper\u00e1 todas las marcas de las ediciones anteriores. Les reitero la invitaci\u00f3n a que nos acompa\u00f1en\u201d, concluy\u00f3 Torruco Marqu\u00e9s.\u00a0\u00a0<a title=\"Avanza organizaci\u00f3n del Tianguis Tur\u00edstico de CDMX 2023\" href=\"https:\/\/www.dev.nitu.mx\/index.php\/2022\/07\/25\/avanza-organizacion-del-tianguis-turistico-de-cdmx-2023\/\" rel=\"bookmark\">(Avanza organizaci\u00f3n del Tianguis Tur\u00edstico de CDMX 2023<\/a>).<\/p>\n","protected":false},"excerpt":{"rendered":"<p>A 12 semanas de que se lleve a cabo el evento m\u00e1s importante de la industria tur\u00edstica de M\u00e9xico, el secretario de Turismo federal, Miguel Torruco Marqu\u00e9s, inform\u00f3 que para el Tianguis Tur\u00edstico M\u00e9xico 2023, que se celebrar\u00e1 por primera vez en la Ciudad de M\u00e9xico, se ha registrado 737 compradores de 450 empresas provenientes [&hellip;]<\/p>\n","protected":false},"author":17,"featured_media":62907,"comment_status":"open","ping_status":"open","sticky":false,"template":"","format":"standard","meta":{"footnotes":""},"categories":[12],"tags":[587,910,93,1064],"yoast_head":"<!-- This site is optimized with the Yoast SEO plugin v22.2 - https:\/\/yoast.com\/wordpress\/plugins\/seo\/ -->\n<title>Registra Sectur 737 compradores para Tianguis Tur\u00edstico en CDMX - Nitu - Noticias de la Industria Turistica<\/title>\n<meta name=\"robots\" content=\"index, follow, max-snippet:-1, max-image-preview:large, max-video-preview:-1\" \/>\n<link rel=\"canonical\" href=\"https:\/\/nitu.mx\/index.php\/2023\/01\/08\/registra-sectur-737-compradores-para-tianguis-turistico-en-cdmx\/\" \/>\n<meta name=\"twitter:card\" content=\"summary_large_image\" \/>\n<meta name=\"twitter:title\" content=\"Registra Sectur 737 compradores para Tianguis Tur\u00edstico en CDMX - Nitu - Noticias de la Industria Turistica\" \/>\n<meta name=\"twitter:description\" content=\"A 12 semanas de que se lleve a cabo el evento m\u00e1s importante de la industria tur\u00edstica de M\u00e9xico, el secretario de Turismo federal, Miguel Torruco Marqu\u00e9s, inform\u00f3 que para el Tianguis Tur\u00edstico M\u00e9xico 2023, que se celebrar\u00e1 por primera vez en la Ciudad de M\u00e9xico, se ha registrado 737 compradores de 450 empresas provenientes [&hellip;]\" \/>\n<meta name=\"twitter:image\" content=\"https:\/\/nitu.mx\/wp-content\/uploads\/2023\/01\/Tianguis-Tur\u00edstico.jpg\" \/>\n<meta name=\"twitter:creator\" content=\"@NITUmx\" \/>\n<meta name=\"twitter:site\" content=\"@Arturo_Medina_G\" \/>\n<meta name=\"twitter:label1\" content=\"Escrito por\" \/>\n\t<meta name=\"twitter:data1\" content=\"Redacci\u00f3n\" \/>\n\t<meta name=\"twitter:label2\" content=\"Tiempo de lectura\" \/>\n\t<meta name=\"twitter:data2\" content=\"3 minutos\" \/>\n<script type=\"application\/ld+json\" class=\"yoast-schema-graph\">{\"@context\":\"https:\/\/schema.org\",\"@graph\":[{\"@type\":\"Article\",\"@id\":\"https:\/\/nitu.mx\/index.php\/2023\/01\/08\/registra-sectur-737-compradores-para-tianguis-turistico-en-cdmx\/#article\",\"isPartOf\":{\"@id\":\"https:\/\/nitu.mx\/index.php\/2023\/01\/08\/registra-sectur-737-compradores-para-tianguis-turistico-en-cdmx\/\"},\"author\":{\"name\":\"Redacci\u00f3n\",\"@id\":\"https:\/\/nitu.mx\/#\/schema\/person\/4a28fe9bd65924f7c90623773daf1b0b\"},\"headline\":\"Registra Sectur 737 compradores para Tianguis Tur\u00edstico en CDMX\",\"datePublished\":\"2023-01-08T21:16:17+00:00\",\"dateModified\":\"2023-01-09T05:50:20+00:00\",\"mainEntityOfPage\":{\"@id\":\"https:\/\/nitu.mx\/index.php\/2023\/01\/08\/registra-sectur-737-compradores-para-tianguis-turistico-en-cdmx\/\"},\"wordCount\":590,\"commentCount\":0,\"publisher\":{\"@id\":\"https:\/\/nitu.mx\/#\/schema\/person\/ae7a53426417292d3dd07b45a33e01bc\"},\"image\":{\"@id\":\"https:\/\/nitu.mx\/index.php\/2023\/01\/08\/registra-sectur-737-compradores-para-tianguis-turistico-en-cdmx\/#primaryimage\"},\"thumbnailUrl\":\"https:\/\/nitu.mx\/wp-content\/uploads\/2023\/01\/Tianguis-Tur\u00edstico.jpg\",\"keywords\":[\"CDMX\",\"Miguel Torruco\",\"Sectur\",\"Tianguis Tur\u00edstico\"],\"articleSection\":[\"Marketing\"],\"inLanguage\":\"es-MX\",\"potentialAction\":[{\"@type\":\"CommentAction\",\"name\":\"Comment\",\"target\":[\"https:\/\/nitu.mx\/index.php\/2023\/01\/08\/registra-sectur-737-compradores-para-tianguis-turistico-en-cdmx\/#respond\"]}]},{\"@type\":\"WebPage\",\"@id\":\"https:\/\/nitu.mx\/index.php\/2023\/01\/08\/registra-sectur-737-compradores-para-tianguis-turistico-en-cdmx\/\",\"url\":\"https:\/\/nitu.mx\/index.php\/2023\/01\/08\/registra-sectur-737-compradores-para-tianguis-turistico-en-cdmx\/\",\"name\":\"Registra Sectur 737 compradores para Tianguis Tur\u00edstico en CDMX - Nitu - Noticias de la Industria Turistica\",\"isPartOf\":{\"@id\":\"https:\/\/nitu.mx\/#website\"},\"primaryImageOfPage\":{\"@id\":\"https:\/\/nitu.mx\/index.php\/2023\/01\/08\/registra-sectur-737-compradores-para-tianguis-turistico-en-cdmx\/#primaryimage\"},\"image\":{\"@id\":\"https:\/\/nitu.mx\/index.php\/2023\/01\/08\/registra-sectur-737-compradores-para-tianguis-turistico-en-cdmx\/#primaryimage\"},\"thumbnailUrl\":\"https:\/\/nitu.mx\/wp-content\/uploads\/2023\/01\/Tianguis-Tur\u00edstico.jpg\",\"datePublished\":\"2023-01-08T21:16:17+00:00\",\"dateModified\":\"2023-01-09T05:50:20+00:00\",\"breadcrumb\":{\"@id\":\"https:\/\/nitu.mx\/index.php\/2023\/01\/08\/registra-sectur-737-compradores-para-tianguis-turistico-en-cdmx\/#breadcrumb\"},\"inLanguage\":\"es-MX\",\"potentialAction\":[{\"@type\":\"ReadAction\",\"target\":[\"https:\/\/nitu.mx\/index.php\/2023\/01\/08\/registra-sectur-737-compradores-para-tianguis-turistico-en-cdmx\/\"]}]},{\"@type\":\"ImageObject\",\"inLanguage\":\"es-MX\",\"@id\":\"https:\/\/nitu.mx\/index.php\/2023\/01\/08\/registra-sectur-737-compradores-para-tianguis-turistico-en-cdmx\/#primaryimage\",\"url\":\"https:\/\/nitu.mx\/wp-content\/uploads\/2023\/01\/Tianguis-Tur\u00edstico.jpg\",\"contentUrl\":\"https:\/\/nitu.mx\/wp-content\/uploads\/2023\/01\/Tianguis-Tur\u00edstico.jpg\",\"width\":1200,\"height\":675,\"caption\":\"Tianguis Tur\u00edstico M\u00e9xico\"},{\"@type\":\"BreadcrumbList\",\"@id\":\"https:\/\/nitu.mx\/index.php\/2023\/01\/08\/registra-sectur-737-compradores-para-tianguis-turistico-en-cdmx\/#breadcrumb\",\"itemListElement\":[{\"@type\":\"ListItem\",\"position\":1,\"name\":\"Inicio\",\"item\":\"https:\/\/nitu.mx\/\"},{\"@type\":\"ListItem\",\"position\":2,\"name\":\"Registra Sectur 737 compradores para Tianguis Tur\u00edstico en CDMX\"}]},{\"@type\":\"WebSite\",\"@id\":\"https:\/\/nitu.mx\/#website\",\"url\":\"https:\/\/nitu.mx\/\",\"name\":\"Nitu - Noticias de la Industria Turistica\",\"description\":\"Noticias de la Industria Turistica\",\"publisher\":{\"@id\":\"https:\/\/nitu.mx\/#\/schema\/person\/ae7a53426417292d3dd07b45a33e01bc\"},\"alternateName\":\"Noticias de la Industria Turistica\",\"potentialAction\":[{\"@type\":\"SearchAction\",\"target\":{\"@type\":\"EntryPoint\",\"urlTemplate\":\"https:\/\/nitu.mx\/?s={search_term_string}\"},\"query-input\":\"required name=search_term_string\"}],\"inLanguage\":\"es-MX\"},{\"@type\":[\"Person\",\"Organization\"],\"@id\":\"https:\/\/nitu.mx\/#\/schema\/person\/ae7a53426417292d3dd07b45a33e01bc\",\"name\":\"Arturo Medina\",\"image\":{\"@type\":\"ImageObject\",\"inLanguage\":\"es-MX\",\"@id\":\"https:\/\/nitu.mx\/#\/schema\/person\/image\/\",\"url\":\"https:\/\/nitu.mx\/wp-content\/uploads\/2024\/04\/4A315622-1904-4D5C-B022-878CDC840E04-90x90-1.jpeg\",\"contentUrl\":\"https:\/\/nitu.mx\/wp-content\/uploads\/2024\/04\/4A315622-1904-4D5C-B022-878CDC840E04-90x90-1.jpeg\",\"width\":90,\"height\":90,\"caption\":\"Arturo Medina\"},\"logo\":{\"@id\":\"https:\/\/nitu.mx\/#\/schema\/person\/image\/\"},\"description\":\"Director NITU.mx, Egresado de la Escuela de Periodismo Carlos Septi\u00e9n Garc\u00eda. Periodista y analista especializado en turismo desde hace 35 a\u00f1os, radicado en Canc\u00fan Q.Roo. arturo@nitu.mx\",\"sameAs\":[\"https:\/\/nitu.mx\",\"https:\/\/www.facebook.com\/NITUmx\/\",\"medinacancun\",\"https:\/\/twitter.com\/@Arturo_Medina_G\"]},{\"@type\":\"Person\",\"@id\":\"https:\/\/nitu.mx\/#\/schema\/person\/4a28fe9bd65924f7c90623773daf1b0b\",\"name\":\"Redacci\u00f3n\",\"image\":{\"@type\":\"ImageObject\",\"inLanguage\":\"es-MX\",\"@id\":\"https:\/\/nitu.mx\/#\/schema\/person\/image\/\",\"url\":\"https:\/\/secure.gravatar.com\/avatar\/5dd011c8ccfc5cd7e4c81e42252aab38?s=96&d=mm&r=g\",\"contentUrl\":\"https:\/\/secure.gravatar.com\/avatar\/5dd011c8ccfc5cd7e4c81e42252aab38?s=96&d=mm&r=g\",\"caption\":\"Redacci\u00f3n\"},\"url\":\"https:\/\/nitu.mx\/index.php\/author\/redaccion\/\"}]}<\/script>\n<!-- \/ Yoast SEO plugin. -->","yoast_head_json":{"title":"Registra Sectur 737 compradores para Tianguis Tur\u00edstico en CDMX - Nitu - Noticias de la Industria Turistica","robots":{"index":"index","follow":"follow","max-snippet":"max-snippet:-1","max-image-preview":"max-image-preview:large","max-video-preview":"max-video-preview:-1"},"canonical":"https:\/\/nitu.mx\/index.php\/2023\/01\/08\/registra-sectur-737-compradores-para-tianguis-turistico-en-cdmx\/","twitter_card":"summary_large_image","twitter_title":"Registra Sectur 737 compradores para Tianguis Tur\u00edstico en CDMX - Nitu - Noticias de la Industria Turistica","twitter_description":"A 12 semanas de que se lleve a cabo el evento m\u00e1s importante de la industria tur\u00edstica de M\u00e9xico, el secretario de Turismo federal, Miguel Torruco Marqu\u00e9s, inform\u00f3 que para el Tianguis Tur\u00edstico M\u00e9xico 2023, que se celebrar\u00e1 por primera vez en la Ciudad de M\u00e9xico, se ha registrado 737 compradores de 450 empresas provenientes [&hellip;]","twitter_image":"https:\/\/nitu.mx\/wp-content\/uploads\/2023\/01\/Tianguis-Tur\u00edstico.jpg","twitter_creator":"@NITUmx","twitter_site":"@Arturo_Medina_G","twitter_misc":{"Escrito por":"Redacci\u00f3n","Tiempo de lectura":"3 minutos"},"schema":{"@context":"https:\/\/schema.org","@graph":[{"@type":"Article","@id":"https:\/\/nitu.mx\/index.php\/2023\/01\/08\/registra-sectur-737-compradores-para-tianguis-turistico-en-cdmx\/#article","isPartOf":{"@id":"https:\/\/nitu.mx\/index.php\/2023\/01\/08\/registra-sectur-737-compradores-para-tianguis-turistico-en-cdmx\/"},"author":{"name":"Redacci\u00f3n","@id":"https:\/\/nitu.mx\/#\/schema\/person\/4a28fe9bd65924f7c90623773daf1b0b"},"headline":"Registra Sectur 737 compradores para Tianguis Tur\u00edstico en CDMX","datePublished":"2023-01-08T21:16:17+00:00","dateModified":"2023-01-09T05:50:20+00:00","mainEntityOfPage":{"@id":"https:\/\/nitu.mx\/index.php\/2023\/01\/08\/registra-sectur-737-compradores-para-tianguis-turistico-en-cdmx\/"},"wordCount":590,"commentCount":0,"publisher":{"@id":"https:\/\/nitu.mx\/#\/schema\/person\/ae7a53426417292d3dd07b45a33e01bc"},"image":{"@id":"https:\/\/nitu.mx\/index.php\/2023\/01\/08\/registra-sectur-737-compradores-para-tianguis-turistico-en-cdmx\/#primaryimage"},"thumbnailUrl":"https:\/\/nitu.mx\/wp-content\/uploads\/2023\/01\/Tianguis-Tur\u00edstico.jpg","keywords":["CDMX","Miguel Torruco","Sectur","Tianguis Tur\u00edstico"],"articleSection":["Marketing"],"inLanguage":"es-MX","potentialAction":[{"@type":"CommentAction","name":"Comment","target":["https:\/\/nitu.mx\/index.php\/2023\/01\/08\/registra-sectur-737-compradores-para-tianguis-turistico-en-cdmx\/#respond"]}]},{"@type":"WebPage","@id":"https:\/\/nitu.mx\/index.php\/2023\/01\/08\/registra-sectur-737-compradores-para-tianguis-turistico-en-cdmx\/","url":"https:\/\/nitu.mx\/index.php\/2023\/01\/08\/registra-sectur-737-compradores-para-tianguis-turistico-en-cdmx\/","name":"Registra Sectur 737 compradores para Tianguis Tur\u00edstico en CDMX - Nitu - Noticias de la Industria Turistica","isPartOf":{"@id":"https:\/\/nitu.mx\/#website"},"primaryImageOfPage":{"@id":"https:\/\/nitu.mx\/index.php\/2023\/01\/08\/registra-sectur-737-compradores-para-tianguis-turistico-en-cdmx\/#primaryimage"},"image":{"@id":"https:\/\/nitu.mx\/index.php\/2023\/01\/08\/registra-sectur-737-compradores-para-tianguis-turistico-en-cdmx\/#primaryimage"},"thumbnailUrl":"https:\/\/nitu.mx\/wp-content\/uploads\/2023\/01\/Tianguis-Tur\u00edstico.jpg","datePublished":"2023-01-08T21:16:17+00:00","dateModified":"2023-01-09T05:50:20+00:00","breadcrumb":{"@id":"https:\/\/nitu.mx\/index.php\/2023\/01\/08\/registra-sectur-737-compradores-para-tianguis-turistico-en-cdmx\/#breadcrumb"},"inLanguage":"es-MX","potentialAction":[{"@type":"ReadAction","target":["https:\/\/nitu.mx\/index.php\/2023\/01\/08\/registra-sectur-737-compradores-para-tianguis-turistico-en-cdmx\/"]}]},{"@type":"ImageObject","inLanguage":"es-MX","@id":"https:\/\/nitu.mx\/index.php\/2023\/01\/08\/registra-sectur-737-compradores-para-tianguis-turistico-en-cdmx\/#primaryimage","url":"https:\/\/nitu.mx\/wp-content\/uploads\/2023\/01\/Tianguis-Tur\u00edstico.jpg","contentUrl":"https:\/\/nitu.mx\/wp-content\/uploads\/2023\/01\/Tianguis-Tur\u00edstico.jpg","width":1200,"height":675,"caption":"Tianguis Tur\u00edstico M\u00e9xico"},{"@type":"BreadcrumbList","@id":"https:\/\/nitu.mx\/index.php\/2023\/01\/08\/registra-sectur-737-compradores-para-tianguis-turistico-en-cdmx\/#breadcrumb","itemListElement":[{"@type":"ListItem","position":1,"name":"Inicio","item":"https:\/\/nitu.mx\/"},{"@type":"ListItem","position":2,"name":"Registra Sectur 737 compradores para Tianguis Tur\u00edstico en CDMX"}]},{"@type":"WebSite","@id":"https:\/\/nitu.mx\/#website","url":"https:\/\/nitu.mx\/","name":"Nitu - Noticias de la Industria Turistica","description":"Noticias de la Industria Turistica","publisher":{"@id":"https:\/\/nitu.mx\/#\/schema\/person\/ae7a53426417292d3dd07b45a33e01bc"},"alternateName":"Noticias de la Industria Turistica","potentialAction":[{"@type":"SearchAction","target":{"@type":"EntryPoint","urlTemplate":"https:\/\/nitu.mx\/?s={search_term_string}"},"query-input":"required name=search_term_string"}],"inLanguage":"es-MX"},{"@type":["Person","Organization"],"@id":"https:\/\/nitu.mx\/#\/schema\/person\/ae7a53426417292d3dd07b45a33e01bc","name":"Arturo Medina","image":{"@type":"ImageObject","inLanguage":"es-MX","@id":"https:\/\/nitu.mx\/#\/schema\/person\/image\/","url":"https:\/\/nitu.mx\/wp-content\/uploads\/2024\/04\/4A315622-1904-4D5C-B022-878CDC840E04-90x90-1.jpeg","contentUrl":"https:\/\/nitu.mx\/wp-content\/uploads\/2024\/04\/4A315622-1904-4D5C-B022-878CDC840E04-90x90-1.jpeg","width":90,"height":90,"caption":"Arturo Medina"},"logo":{"@id":"https:\/\/nitu.mx\/#\/schema\/person\/image\/"},"description":"Director NITU.mx, Egresado de la Escuela de Periodismo Carlos Septi\u00e9n Garc\u00eda. Periodista y analista especializado en turismo desde hace 35 a\u00f1os, radicado en Canc\u00fan Q.Roo. arturo@nitu.mx","sameAs":["https:\/\/nitu.mx","https:\/\/www.facebook.com\/NITUmx\/","medinacancun","https:\/\/twitter.com\/@Arturo_Medina_G"]},{"@type":"Person","@id":"https:\/\/nitu.mx\/#\/schema\/person\/4a28fe9bd65924f7c90623773daf1b0b","name":"Redacci\u00f3n","image":{"@type":"ImageObject","inLanguage":"es-MX","@id":"https:\/\/nitu.mx\/#\/schema\/person\/image\/","url":"https:\/\/secure.gravatar.com\/avatar\/5dd011c8ccfc5cd7e4c81e42252aab38?s=96&d=mm&r=g","contentUrl":"https:\/\/secure.gravatar.com\/avatar\/5dd011c8ccfc5cd7e4c81e42252aab38?s=96&d=mm&r=g","caption":"Redacci\u00f3n"},"url":"https:\/\/nitu.mx\/index.php\/author\/redaccion\/"}]}},"views":270,"_links":{"self":[{"href":"https:\/\/nitu.mx\/index.php\/wp-json\/wp\/v2\/posts\/62906"}],"collection":[{"href":"https:\/\/nitu.mx\/index.php\/wp-json\/wp\/v2\/posts"}],"about":[{"href":"https:\/\/nitu.mx\/index.php\/wp-json\/wp\/v2\/types\/post"}],"author":[{"embeddable":true,"href":"https:\/\/nitu.mx\/index.php\/wp-json\/wp\/v2\/users\/17"}],"replies":[{"embeddable":true,"href":"https:\/\/nitu.mx\/index.php\/wp-json\/wp\/v2\/comments?post=62906"}],"version-history":[{"count":1,"href":"https:\/\/nitu.mx\/index.php\/wp-json\/wp\/v2\/posts\/62906\/revisions"}],"predecessor-version":[{"id":62908,"href":"https:\/\/nitu.mx\/index.php\/wp-json\/wp\/v2\/posts\/62906\/revisions\/62908"}],"wp:featuredmedia":[{"embeddable":true,"href":"https:\/\/nitu.mx\/index.php\/wp-json\/wp\/v2\/media\/62907"}],"wp:attachment":[{"href":"https:\/\/nitu.mx\/index.php\/wp-json\/wp\/v2\/media?parent=62906"}],"wp:term":[{"taxonomy":"category","embeddable":true,"href":"https:\/\/nitu.mx\/index.php\/wp-json\/wp\/v2\/categories?post=62906"},{"taxonomy":"post_tag","embeddable":true,"href":"https:\/\/nitu.mx\/index.php\/wp-json\/wp\/v2\/tags?post=62906"}],"curies":[{"name":"wp","href":"https:\/\/api.w.org\/{rel}","templated":true}]}}