{"id":62896,"date":"2023-01-06T01:02:34","date_gmt":"2023-01-06T06:02:34","guid":{"rendered":"https:\/\/www.dev.nitu.mx\/?p=62896"},"modified":"2023-01-06T01:05:28","modified_gmt":"2023-01-06T06:05:28","slug":"en-vilo-la-apertura-de-aeropuertos-de-mazatlan-los-mochis-y-culiacan","status":"publish","type":"post","link":"https:\/\/nitu.mx\/index.php\/2023\/01\/06\/en-vilo-la-apertura-de-aeropuertos-de-mazatlan-los-mochis-y-culiacan\/","title":{"rendered":"En vilo la apertura de aeropuertos de Mazatl\u00e1n, Los Mochis y Culiac\u00e1n"},"content":{"rendered":"<p>Tras la detenci\u00f3n de Ovidio &#8220;N&#8221;, en Culiac\u00e1n, Sinaloa, que deriv\u00f3 en el cierre de los aeropuertos de Mazatl\u00e1n, Los Mochis y de la misma capital sinaloense, este jueves 5 de enero, la reapertura de las terminales a\u00e9reas sigue pendiente, ante los hechos de violencia registrados en la regi\u00f3n.<\/p>\n<p>El operativo que termin\u00f3 en la detenci\u00f3n del objetivo inici\u00f3 durante la madrugada del jueves, y para las 8:30 de la ma\u00f1ana se informaba que desde ese momento y hasta las 22 horas, el aeropuerto de Culiac\u00e1n permanecer\u00eda cerrado por seguridad de los pasajeros.<\/p>\n<p>Por la noche, a trav\u00e9s de su cuente de Twitter, el Aeropuerto de Culiac\u00e1n inform\u00f3 que &#8220;en coordinaci\u00f3n con las autoridades aeroportuarias, se ha determinado que el aeropuerto permanecer\u00e1 CERRADO a vuelos comerciales, se evaluar\u00e1 en el transcurso de la ma\u00f1ana del viernes su reapertura&#8221;.<\/p>\n<p>En tanto, el Aeropuerto de Mazatl\u00e1n, el principal destino tur\u00edstico de la entidad, public\u00f3 que &#8220;en coordinaci\u00f3n con las autoridades aeroportuarias, se ha determinado que el aeropuerto permanecer\u00e1 cerrado a vuelos comerciales hasta las 10 am del d\u00eda viernes. Te recomendamos contactar a tu l\u00ednea a\u00e9rea ante cualquier duda sobre tu vuelo&#8221;.<\/p>\n<p>Hasta la noche del jueves, el Aeropuerto de Los Mochis, otro importante destino de Sinaloa, no hab\u00eda notificado si permanecer\u00eda cerrado este viernes 6 de enero.<\/p>\n<p>Al respecto, las aerol\u00edneas tomaron medidas de protecci\u00f3n para sus pasajeros, como el caso de Aerom\u00e9xico, quien anunci\u00f3: &#8220;Ante los hechos ocurridos el d\u00eda de hoy, quedan canceladas las operaciones programadas para hoy desde\/hacia Culiac\u00e1n, Los Mochis y Mazatl\u00e1n. Tendremos pol\u00edticas de protecci\u00f3n sin costo para que puedas reagendar tu viaje. Te mantendremos informado&#8221;.\u00a0<a title=\"Swoop incrementa vuelos a Canc\u00fan, Los Cabos, Mazatl\u00e1n y Puerto Vallarta\" href=\"https:\/\/www.dev.nitu.mx\/index.php\/2022\/12\/14\/swoop-incrementa-vuelos-a-cancun-los-cabos-mazatlan-y-puerto-vallarta\/\" rel=\"bookmark\">(Swoop incrementa vuelos a Canc\u00fan, Los Cabos, Mazatl\u00e1n y Puerto Vallarta<\/a>).<\/p>\n<p>Cabe destacar que una de las aeronaves de Aerom\u00e9xico recibi\u00f3 un impacto de bala, como lo dio a conocer. &#8220;Esta ma\u00f1ana se detect\u00f3 un impacto de bala en el fuselaje de un equipo Embraer 190 que estaba listo para operar el vuelo AM165 en la ruta Culiac\u00e1n-Ciudad de M\u00e9xico, mismo que fue cancelado por<br \/>\nrazones de seguridad&#8221;.<\/p>\n<p>En el mensaje se agrega: &#8220;El avi\u00f3n nunca inici\u00f3 su carrera de despegue. Tras este incidente se activaron los protocolos de la compa\u00f1\u00eda y se dio aviso a las autoridades correspondientes, con quienes coordinaremos las investigaciones. Los clientes y colaboradores se encuentran a salvo. Aerom\u00e9xico reitera que la seguridad de clientes y colaboradores es y seguir\u00e1 siendo su m\u00e1s alta prioridad&#8221;.<\/p>\n<p>Por su parte, Volaris dio a conocer que &#8220;derivado de los cierres de los aeropuertos de Culiac\u00e1n, Mazatl\u00e1n y Los Mochis nuestros vuelos de y hacia esos destinos, se encuentran cancelados. Esta suspensi\u00f3n de actividades puede ocasionar distintos retrasos y cancelaciones en nuestra red de rutas. Para Volaris la seguridad de la ciudadan\u00eda, Clientes y Embajadores es primero, por lo que agradecemos su comprensi\u00f3n. Nuestros clientes afectados recibir\u00e1n un correo electr\u00f3nico con las opciones para cambio de vuelo&#8221;.\u00a0<a title=\"Volaris anuncia nuevas rutas a Canc\u00fan desde Morelia y Culiac\u00e1n\" href=\"https:\/\/www.dev.nitu.mx\/index.php\/2022\/01\/12\/volaris-anuncia-nuevas-rutas-a-cancun-desde-morelia-y-culiacan\/\" rel=\"bookmark\">(Volaris anuncia nuevas rutas a Canc\u00fan desde Morelia y Culiac\u00e1n<\/a>)<\/p>\n<p>Viva Aerobus se sum\u00f3 a los mensajes de protecci\u00f3n para sus clientes, se\u00f1alando que ante los bloqueos y eventos reportados hoy en las ciudades de Culiac\u00e1n y Mazatl\u00e1n, por seguridad de los usuarios y del personal involucrado en la operaci\u00f3n, las autoridades competentes han decidido cerrar temporalmente ambos aeropuertos. &#8220;Estaremos compartiendo las actualizaciones sobre dichos cierres, as\u00ed como las afectaciones a nuestros vuelos. Por consiguiente, te pedimos, atentamente, mantenerte al pendiente de nuestros canales digitales\u00a0para conocer cualquier cambio en tu itinerario de vuelo&#8221;.<\/p>\n<p>&nbsp;<\/p>\n","protected":false},"excerpt":{"rendered":"<p>Tras la detenci\u00f3n de Ovidio &#8220;N&#8221;, en Culiac\u00e1n, Sinaloa, que deriv\u00f3 en el cierre de los aeropuertos de Mazatl\u00e1n, Los Mochis y de la misma capital sinaloense, este jueves 5 de enero, la reapertura de las terminales a\u00e9reas sigue pendiente, ante los hechos de violencia registrados en la regi\u00f3n. El operativo que termin\u00f3 en la [&hellip;]<\/p>\n","protected":false},"author":17,"featured_media":62900,"comment_status":"open","ping_status":"open","sticky":false,"template":"","format":"standard","meta":{"footnotes":""},"categories":[19462],"tags":[30,2592,10104,443,2178,2102,131],"yoast_head":"<!-- This site is optimized with the Yoast SEO plugin v22.2 - https:\/\/yoast.com\/wordpress\/plugins\/seo\/ -->\n<title>En vilo la apertura de aeropuertos de Mazatl\u00e1n, Los Mochis y Culiac\u00e1n - Nitu - Noticias de la Industria Turistica<\/title>\n<meta name=\"robots\" content=\"index, follow, max-snippet:-1, max-image-preview:large, max-video-preview:-1\" \/>\n<link rel=\"canonical\" href=\"https:\/\/nitu.mx\/index.php\/2023\/01\/06\/en-vilo-la-apertura-de-aeropuertos-de-mazatlan-los-mochis-y-culiacan\/\" \/>\n<meta name=\"twitter:card\" content=\"summary_large_image\" \/>\n<meta name=\"twitter:title\" content=\"En vilo la apertura de aeropuertos de Mazatl\u00e1n, Los Mochis y Culiac\u00e1n - Nitu - Noticias de la Industria Turistica\" \/>\n<meta name=\"twitter:description\" content=\"Tras la detenci\u00f3n de Ovidio &#8220;N&#8221;, en Culiac\u00e1n, Sinaloa, que deriv\u00f3 en el cierre de los aeropuertos de Mazatl\u00e1n, Los Mochis y de la misma capital sinaloense, este jueves 5 de enero, la reapertura de las terminales a\u00e9reas sigue pendiente, ante los hechos de violencia registrados en la regi\u00f3n. El operativo que termin\u00f3 en la [&hellip;]\" \/>\n<meta name=\"twitter:image\" content=\"https:\/\/nitu.mx\/wp-content\/uploads\/2023\/01\/Aeropuerto-Culiacan.jpg\" \/>\n<meta name=\"twitter:creator\" content=\"@NITUmx\" \/>\n<meta name=\"twitter:site\" content=\"@Arturo_Medina_G\" \/>\n<meta name=\"twitter:label1\" content=\"Escrito por\" \/>\n\t<meta name=\"twitter:data1\" content=\"Redacci\u00f3n\" \/>\n\t<meta name=\"twitter:label2\" content=\"Tiempo de lectura\" \/>\n\t<meta name=\"twitter:data2\" content=\"3 minutos\" \/>\n<script type=\"application\/ld+json\" class=\"yoast-schema-graph\">{\"@context\":\"https:\/\/schema.org\",\"@graph\":[{\"@type\":\"Article\",\"@id\":\"https:\/\/nitu.mx\/index.php\/2023\/01\/06\/en-vilo-la-apertura-de-aeropuertos-de-mazatlan-los-mochis-y-culiacan\/#article\",\"isPartOf\":{\"@id\":\"https:\/\/nitu.mx\/index.php\/2023\/01\/06\/en-vilo-la-apertura-de-aeropuertos-de-mazatlan-los-mochis-y-culiacan\/\"},\"author\":{\"name\":\"Redacci\u00f3n\",\"@id\":\"https:\/\/nitu.mx\/#\/schema\/person\/4a28fe9bd65924f7c90623773daf1b0b\"},\"headline\":\"En vilo la apertura de aeropuertos de Mazatl\u00e1n, Los Mochis y Culiac\u00e1n\",\"datePublished\":\"2023-01-06T06:02:34+00:00\",\"dateModified\":\"2023-01-06T06:05:28+00:00\",\"mainEntityOfPage\":{\"@id\":\"https:\/\/nitu.mx\/index.php\/2023\/01\/06\/en-vilo-la-apertura-de-aeropuertos-de-mazatlan-los-mochis-y-culiacan\/\"},\"wordCount\":634,\"commentCount\":0,\"publisher\":{\"@id\":\"https:\/\/nitu.mx\/#\/schema\/person\/ae7a53426417292d3dd07b45a33e01bc\"},\"image\":{\"@id\":\"https:\/\/nitu.mx\/index.php\/2023\/01\/06\/en-vilo-la-apertura-de-aeropuertos-de-mazatlan-los-mochis-y-culiacan\/#primaryimage\"},\"thumbnailUrl\":\"https:\/\/nitu.mx\/wp-content\/uploads\/2023\/01\/Aeropuerto-Culiacan.jpg\",\"keywords\":[\"Aerom\u00e9xico\",\"Culiac\u00e1n\",\"Los Mochis\",\"Mazatl\u00e1n\",\"Sinaloa\",\"Viva Aerobus\",\"Volaris\"],\"articleSection\":[\"Aeropuertos\"],\"inLanguage\":\"es-MX\",\"potentialAction\":[{\"@type\":\"CommentAction\",\"name\":\"Comment\",\"target\":[\"https:\/\/nitu.mx\/index.php\/2023\/01\/06\/en-vilo-la-apertura-de-aeropuertos-de-mazatlan-los-mochis-y-culiacan\/#respond\"]}]},{\"@type\":\"WebPage\",\"@id\":\"https:\/\/nitu.mx\/index.php\/2023\/01\/06\/en-vilo-la-apertura-de-aeropuertos-de-mazatlan-los-mochis-y-culiacan\/\",\"url\":\"https:\/\/nitu.mx\/index.php\/2023\/01\/06\/en-vilo-la-apertura-de-aeropuertos-de-mazatlan-los-mochis-y-culiacan\/\",\"name\":\"En vilo la apertura de aeropuertos de Mazatl\u00e1n, Los Mochis y Culiac\u00e1n - Nitu - Noticias de la Industria Turistica\",\"isPartOf\":{\"@id\":\"https:\/\/nitu.mx\/#website\"},\"primaryImageOfPage\":{\"@id\":\"https:\/\/nitu.mx\/index.php\/2023\/01\/06\/en-vilo-la-apertura-de-aeropuertos-de-mazatlan-los-mochis-y-culiacan\/#primaryimage\"},\"image\":{\"@id\":\"https:\/\/nitu.mx\/index.php\/2023\/01\/06\/en-vilo-la-apertura-de-aeropuertos-de-mazatlan-los-mochis-y-culiacan\/#primaryimage\"},\"thumbnailUrl\":\"https:\/\/nitu.mx\/wp-content\/uploads\/2023\/01\/Aeropuerto-Culiacan.jpg\",\"datePublished\":\"2023-01-06T06:02:34+00:00\",\"dateModified\":\"2023-01-06T06:05:28+00:00\",\"breadcrumb\":{\"@id\":\"https:\/\/nitu.mx\/index.php\/2023\/01\/06\/en-vilo-la-apertura-de-aeropuertos-de-mazatlan-los-mochis-y-culiacan\/#breadcrumb\"},\"inLanguage\":\"es-MX\",\"potentialAction\":[{\"@type\":\"ReadAction\",\"target\":[\"https:\/\/nitu.mx\/index.php\/2023\/01\/06\/en-vilo-la-apertura-de-aeropuertos-de-mazatlan-los-mochis-y-culiacan\/\"]}]},{\"@type\":\"ImageObject\",\"inLanguage\":\"es-MX\",\"@id\":\"https:\/\/nitu.mx\/index.php\/2023\/01\/06\/en-vilo-la-apertura-de-aeropuertos-de-mazatlan-los-mochis-y-culiacan\/#primaryimage\",\"url\":\"https:\/\/nitu.mx\/wp-content\/uploads\/2023\/01\/Aeropuerto-Culiacan.jpg\",\"contentUrl\":\"https:\/\/nitu.mx\/wp-content\/uploads\/2023\/01\/Aeropuerto-Culiacan.jpg\",\"width\":1366,\"height\":768,\"caption\":\"Culiac\u00e1n\"},{\"@type\":\"BreadcrumbList\",\"@id\":\"https:\/\/nitu.mx\/index.php\/2023\/01\/06\/en-vilo-la-apertura-de-aeropuertos-de-mazatlan-los-mochis-y-culiacan\/#breadcrumb\",\"itemListElement\":[{\"@type\":\"ListItem\",\"position\":1,\"name\":\"Inicio\",\"item\":\"https:\/\/nitu.mx\/\"},{\"@type\":\"ListItem\",\"position\":2,\"name\":\"En vilo la apertura de aeropuertos de Mazatl\u00e1n, Los Mochis y Culiac\u00e1n\"}]},{\"@type\":\"WebSite\",\"@id\":\"https:\/\/nitu.mx\/#website\",\"url\":\"https:\/\/nitu.mx\/\",\"name\":\"Nitu - Noticias de la Industria Turistica\",\"description\":\"Noticias de la Industria Turistica\",\"publisher\":{\"@id\":\"https:\/\/nitu.mx\/#\/schema\/person\/ae7a53426417292d3dd07b45a33e01bc\"},\"alternateName\":\"Noticias de la Industria Turistica\",\"potentialAction\":[{\"@type\":\"SearchAction\",\"target\":{\"@type\":\"EntryPoint\",\"urlTemplate\":\"https:\/\/nitu.mx\/?s={search_term_string}\"},\"query-input\":\"required name=search_term_string\"}],\"inLanguage\":\"es-MX\"},{\"@type\":[\"Person\",\"Organization\"],\"@id\":\"https:\/\/nitu.mx\/#\/schema\/person\/ae7a53426417292d3dd07b45a33e01bc\",\"name\":\"Arturo Medina\",\"image\":{\"@type\":\"ImageObject\",\"inLanguage\":\"es-MX\",\"@id\":\"https:\/\/nitu.mx\/#\/schema\/person\/image\/\",\"url\":\"https:\/\/nitu.mx\/wp-content\/uploads\/2024\/04\/4A315622-1904-4D5C-B022-878CDC840E04-90x90-1.jpeg\",\"contentUrl\":\"https:\/\/nitu.mx\/wp-content\/uploads\/2024\/04\/4A315622-1904-4D5C-B022-878CDC840E04-90x90-1.jpeg\",\"width\":90,\"height\":90,\"caption\":\"Arturo Medina\"},\"logo\":{\"@id\":\"https:\/\/nitu.mx\/#\/schema\/person\/image\/\"},\"description\":\"Director NITU.mx, Egresado de la Escuela de Periodismo Carlos Septi\u00e9n Garc\u00eda. Periodista y analista especializado en turismo desde hace 35 a\u00f1os, radicado en Canc\u00fan Q.Roo. arturo@nitu.mx\",\"sameAs\":[\"https:\/\/nitu.mx\",\"https:\/\/www.facebook.com\/NITUmx\/\",\"medinacancun\",\"https:\/\/twitter.com\/@Arturo_Medina_G\"]},{\"@type\":\"Person\",\"@id\":\"https:\/\/nitu.mx\/#\/schema\/person\/4a28fe9bd65924f7c90623773daf1b0b\",\"name\":\"Redacci\u00f3n\",\"image\":{\"@type\":\"ImageObject\",\"inLanguage\":\"es-MX\",\"@id\":\"https:\/\/nitu.mx\/#\/schema\/person\/image\/\",\"url\":\"https:\/\/secure.gravatar.com\/avatar\/5dd011c8ccfc5cd7e4c81e42252aab38?s=96&d=mm&r=g\",\"contentUrl\":\"https:\/\/secure.gravatar.com\/avatar\/5dd011c8ccfc5cd7e4c81e42252aab38?s=96&d=mm&r=g\",\"caption\":\"Redacci\u00f3n\"},\"url\":\"https:\/\/nitu.mx\/index.php\/author\/redaccion\/\"}]}<\/script>\n<!-- \/ Yoast SEO plugin. -->","yoast_head_json":{"title":"En vilo la apertura de aeropuertos de Mazatl\u00e1n, Los Mochis y Culiac\u00e1n - Nitu - Noticias de la Industria Turistica","robots":{"index":"index","follow":"follow","max-snippet":"max-snippet:-1","max-image-preview":"max-image-preview:large","max-video-preview":"max-video-preview:-1"},"canonical":"https:\/\/nitu.mx\/index.php\/2023\/01\/06\/en-vilo-la-apertura-de-aeropuertos-de-mazatlan-los-mochis-y-culiacan\/","twitter_card":"summary_large_image","twitter_title":"En vilo la apertura de aeropuertos de Mazatl\u00e1n, Los Mochis y Culiac\u00e1n - Nitu - Noticias de la Industria Turistica","twitter_description":"Tras la detenci\u00f3n de Ovidio &#8220;N&#8221;, en Culiac\u00e1n, Sinaloa, que deriv\u00f3 en el cierre de los aeropuertos de Mazatl\u00e1n, Los Mochis y de la misma capital sinaloense, este jueves 5 de enero, la reapertura de las terminales a\u00e9reas sigue pendiente, ante los hechos de violencia registrados en la regi\u00f3n. El operativo que termin\u00f3 en la [&hellip;]","twitter_image":"https:\/\/nitu.mx\/wp-content\/uploads\/2023\/01\/Aeropuerto-Culiacan.jpg","twitter_creator":"@NITUmx","twitter_site":"@Arturo_Medina_G","twitter_misc":{"Escrito por":"Redacci\u00f3n","Tiempo de lectura":"3 minutos"},"schema":{"@context":"https:\/\/schema.org","@graph":[{"@type":"Article","@id":"https:\/\/nitu.mx\/index.php\/2023\/01\/06\/en-vilo-la-apertura-de-aeropuertos-de-mazatlan-los-mochis-y-culiacan\/#article","isPartOf":{"@id":"https:\/\/nitu.mx\/index.php\/2023\/01\/06\/en-vilo-la-apertura-de-aeropuertos-de-mazatlan-los-mochis-y-culiacan\/"},"author":{"name":"Redacci\u00f3n","@id":"https:\/\/nitu.mx\/#\/schema\/person\/4a28fe9bd65924f7c90623773daf1b0b"},"headline":"En vilo la apertura de aeropuertos de Mazatl\u00e1n, Los Mochis y Culiac\u00e1n","datePublished":"2023-01-06T06:02:34+00:00","dateModified":"2023-01-06T06:05:28+00:00","mainEntityOfPage":{"@id":"https:\/\/nitu.mx\/index.php\/2023\/01\/06\/en-vilo-la-apertura-de-aeropuertos-de-mazatlan-los-mochis-y-culiacan\/"},"wordCount":634,"commentCount":0,"publisher":{"@id":"https:\/\/nitu.mx\/#\/schema\/person\/ae7a53426417292d3dd07b45a33e01bc"},"image":{"@id":"https:\/\/nitu.mx\/index.php\/2023\/01\/06\/en-vilo-la-apertura-de-aeropuertos-de-mazatlan-los-mochis-y-culiacan\/#primaryimage"},"thumbnailUrl":"https:\/\/nitu.mx\/wp-content\/uploads\/2023\/01\/Aeropuerto-Culiacan.jpg","keywords":["Aerom\u00e9xico","Culiac\u00e1n","Los Mochis","Mazatl\u00e1n","Sinaloa","Viva Aerobus","Volaris"],"articleSection":["Aeropuertos"],"inLanguage":"es-MX","potentialAction":[{"@type":"CommentAction","name":"Comment","target":["https:\/\/nitu.mx\/index.php\/2023\/01\/06\/en-vilo-la-apertura-de-aeropuertos-de-mazatlan-los-mochis-y-culiacan\/#respond"]}]},{"@type":"WebPage","@id":"https:\/\/nitu.mx\/index.php\/2023\/01\/06\/en-vilo-la-apertura-de-aeropuertos-de-mazatlan-los-mochis-y-culiacan\/","url":"https:\/\/nitu.mx\/index.php\/2023\/01\/06\/en-vilo-la-apertura-de-aeropuertos-de-mazatlan-los-mochis-y-culiacan\/","name":"En vilo la apertura de aeropuertos de Mazatl\u00e1n, Los Mochis y Culiac\u00e1n - Nitu - Noticias de la Industria Turistica","isPartOf":{"@id":"https:\/\/nitu.mx\/#website"},"primaryImageOfPage":{"@id":"https:\/\/nitu.mx\/index.php\/2023\/01\/06\/en-vilo-la-apertura-de-aeropuertos-de-mazatlan-los-mochis-y-culiacan\/#primaryimage"},"image":{"@id":"https:\/\/nitu.mx\/index.php\/2023\/01\/06\/en-vilo-la-apertura-de-aeropuertos-de-mazatlan-los-mochis-y-culiacan\/#primaryimage"},"thumbnailUrl":"https:\/\/nitu.mx\/wp-content\/uploads\/2023\/01\/Aeropuerto-Culiacan.jpg","datePublished":"2023-01-06T06:02:34+00:00","dateModified":"2023-01-06T06:05:28+00:00","breadcrumb":{"@id":"https:\/\/nitu.mx\/index.php\/2023\/01\/06\/en-vilo-la-apertura-de-aeropuertos-de-mazatlan-los-mochis-y-culiacan\/#breadcrumb"},"inLanguage":"es-MX","potentialAction":[{"@type":"ReadAction","target":["https:\/\/nitu.mx\/index.php\/2023\/01\/06\/en-vilo-la-apertura-de-aeropuertos-de-mazatlan-los-mochis-y-culiacan\/"]}]},{"@type":"ImageObject","inLanguage":"es-MX","@id":"https:\/\/nitu.mx\/index.php\/2023\/01\/06\/en-vilo-la-apertura-de-aeropuertos-de-mazatlan-los-mochis-y-culiacan\/#primaryimage","url":"https:\/\/nitu.mx\/wp-content\/uploads\/2023\/01\/Aeropuerto-Culiacan.jpg","contentUrl":"https:\/\/nitu.mx\/wp-content\/uploads\/2023\/01\/Aeropuerto-Culiacan.jpg","width":1366,"height":768,"caption":"Culiac\u00e1n"},{"@type":"BreadcrumbList","@id":"https:\/\/nitu.mx\/index.php\/2023\/01\/06\/en-vilo-la-apertura-de-aeropuertos-de-mazatlan-los-mochis-y-culiacan\/#breadcrumb","itemListElement":[{"@type":"ListItem","position":1,"name":"Inicio","item":"https:\/\/nitu.mx\/"},{"@type":"ListItem","position":2,"name":"En vilo la apertura de aeropuertos de Mazatl\u00e1n, Los Mochis y Culiac\u00e1n"}]},{"@type":"WebSite","@id":"https:\/\/nitu.mx\/#website","url":"https:\/\/nitu.mx\/","name":"Nitu - Noticias de la Industria Turistica","description":"Noticias de la Industria Turistica","publisher":{"@id":"https:\/\/nitu.mx\/#\/schema\/person\/ae7a53426417292d3dd07b45a33e01bc"},"alternateName":"Noticias de la Industria Turistica","potentialAction":[{"@type":"SearchAction","target":{"@type":"EntryPoint","urlTemplate":"https:\/\/nitu.mx\/?s={search_term_string}"},"query-input":"required name=search_term_string"}],"inLanguage":"es-MX"},{"@type":["Person","Organization"],"@id":"https:\/\/nitu.mx\/#\/schema\/person\/ae7a53426417292d3dd07b45a33e01bc","name":"Arturo Medina","image":{"@type":"ImageObject","inLanguage":"es-MX","@id":"https:\/\/nitu.mx\/#\/schema\/person\/image\/","url":"https:\/\/nitu.mx\/wp-content\/uploads\/2024\/04\/4A315622-1904-4D5C-B022-878CDC840E04-90x90-1.jpeg","contentUrl":"https:\/\/nitu.mx\/wp-content\/uploads\/2024\/04\/4A315622-1904-4D5C-B022-878CDC840E04-90x90-1.jpeg","width":90,"height":90,"caption":"Arturo Medina"},"logo":{"@id":"https:\/\/nitu.mx\/#\/schema\/person\/image\/"},"description":"Director NITU.mx, Egresado de la Escuela de Periodismo Carlos Septi\u00e9n Garc\u00eda. Periodista y analista especializado en turismo desde hace 35 a\u00f1os, radicado en Canc\u00fan Q.Roo. arturo@nitu.mx","sameAs":["https:\/\/nitu.mx","https:\/\/www.facebook.com\/NITUmx\/","medinacancun","https:\/\/twitter.com\/@Arturo_Medina_G"]},{"@type":"Person","@id":"https:\/\/nitu.mx\/#\/schema\/person\/4a28fe9bd65924f7c90623773daf1b0b","name":"Redacci\u00f3n","image":{"@type":"ImageObject","inLanguage":"es-MX","@id":"https:\/\/nitu.mx\/#\/schema\/person\/image\/","url":"https:\/\/secure.gravatar.com\/avatar\/5dd011c8ccfc5cd7e4c81e42252aab38?s=96&d=mm&r=g","contentUrl":"https:\/\/secure.gravatar.com\/avatar\/5dd011c8ccfc5cd7e4c81e42252aab38?s=96&d=mm&r=g","caption":"Redacci\u00f3n"},"url":"https:\/\/nitu.mx\/index.php\/author\/redaccion\/"}]}},"views":376,"_links":{"self":[{"href":"https:\/\/nitu.mx\/index.php\/wp-json\/wp\/v2\/posts\/62896"}],"collection":[{"href":"https:\/\/nitu.mx\/index.php\/wp-json\/wp\/v2\/posts"}],"about":[{"href":"https:\/\/nitu.mx\/index.php\/wp-json\/wp\/v2\/types\/post"}],"author":[{"embeddable":true,"href":"https:\/\/nitu.mx\/index.php\/wp-json\/wp\/v2\/users\/17"}],"replies":[{"embeddable":true,"href":"https:\/\/nitu.mx\/index.php\/wp-json\/wp\/v2\/comments?post=62896"}],"version-history":[{"count":3,"href":"https:\/\/nitu.mx\/index.php\/wp-json\/wp\/v2\/posts\/62896\/revisions"}],"predecessor-version":[{"id":62901,"href":"https:\/\/nitu.mx\/index.php\/wp-json\/wp\/v2\/posts\/62896\/revisions\/62901"}],"wp:featuredmedia":[{"embeddable":true,"href":"https:\/\/nitu.mx\/index.php\/wp-json\/wp\/v2\/media\/62900"}],"wp:attachment":[{"href":"https:\/\/nitu.mx\/index.php\/wp-json\/wp\/v2\/media?parent=62896"}],"wp:term":[{"taxonomy":"category","embeddable":true,"href":"https:\/\/nitu.mx\/index.php\/wp-json\/wp\/v2\/categories?post=62896"},{"taxonomy":"post_tag","embeddable":true,"href":"https:\/\/nitu.mx\/index.php\/wp-json\/wp\/v2\/tags?post=62896"}],"curies":[{"name":"wp","href":"https:\/\/api.w.org\/{rel}","templated":true}]}}