{"id":62834,"date":"2023-01-03T01:27:25","date_gmt":"2023-01-03T06:27:25","guid":{"rendered":"https:\/\/www.dev.nitu.mx\/?p=62834"},"modified":"2023-01-03T01:32:29","modified_gmt":"2023-01-03T06:32:29","slug":"tiene-cancun-su-secretaria-de-turismo","status":"publish","type":"post","link":"https:\/\/nitu.mx\/index.php\/2023\/01\/03\/tiene-cancun-su-secretaria-de-turismo\/","title":{"rendered":"Tiene Canc\u00fan su Secretar\u00eda de Turismo"},"content":{"rendered":"<p style=\"font-weight: 400;\">A partir de este domingo 01 de enero de 2023, tal como fue aprobado por Cabildo, la Direcci\u00f3n General de Turismo Municipal se eleva a categor\u00eda de Secretar\u00eda Municipal de Turismo, inform\u00f3 la presidenta municipal de Benito Ju\u00e1rez, Ana Patricia Peralta. Esta cambio permitir\u00e1 consolidar el v\u00ednculo local, estatal, nacional e internacional, as\u00ed como fortalecer esta principal actividad y rama econ\u00f3mica en Canc\u00fan.<\/p>\n<p style=\"font-weight: 400;\">\u201cSe hizo una reforma al reglamento y se convierte, en lugar de direcci\u00f3n en Secretar\u00eda de Turismo; esto no va a tener impacto presupuestal, fui muy enf\u00e1tica en eso, pero s\u00ed lo que necesit\u00e1bamos es que la dependencia se fortaleciera, porque es muy importante en nuestro destino y estoy segura que vamos a hacer un gran trabajo\u201d, resalt\u00f3.<\/p>\n<p style=\"font-weight: 400;\">En entrevista, record\u00f3 que durante la Vig\u00e9sima Quinta Sesi\u00f3n Ordinaria, realizada el pasado 15 de septiembre, el Cabildo de Benito Ju\u00e1rez vot\u00f3 por unanimidad promover este cambio de nivel, por lo que en el mismo acuerdo se incluy\u00f3 que se le transfieran las unidades administrativas de la Jefatura del Departamento de Hermanamientos y la Coordinaci\u00f3n de Asuntos Internacionales, ambas de la direcci\u00f3n de Relaciones P\u00fablicas.<\/p>\n<p style=\"font-weight: 400;\">En tanto, el pasado 23 de diciembre el mismo cuerpo cabildar acept\u00f3 por unanimidad la expedici\u00f3n del reglamento de la Secretar\u00eda, para otorgarle certeza jur\u00eddica en su actuar apegado al quehacer tur\u00edstico del municipio, lo cual fue impulsado desde a\u00f1os atr\u00e1s por la gobernadora Mara Lezama.<\/p>\n<p style=\"font-weight: 400;\">\u201cSobre todo tambi\u00e9n se va a dar continuidad en los hermanamientos; es una reestructura m\u00e1s que nada eso, pero con una agenda muy bien implementada y obviamente d\u00e1ndole seguimiento al turismo sustentable que es por donde nos tenemos que ir\u201d, expres\u00f3.<\/p>\n<p style=\"font-weight: 400;\">Al respecto, el ahora secretario de Turismo Municipal, Juan Pablo de Zulueta Razo, reiter\u00f3 que no habr\u00e1 impacto presupuestal por esta modificaci\u00f3n y explic\u00f3 que el cambio permitir\u00e1 trabajar con alianzas comerciales con hoteles y prestadores de servicios tur\u00edsticos, as\u00ed como con las diferentes instancias gubernamentales como son Gobierno de M\u00e9xico y Gobierno del Estado, para potencializar los beneficios de Canc\u00fan y de esta industria econ\u00f3mica.<\/p>\n<p style=\"font-weight: 400;\">\u201cVamos a seguir trabajando con convenios y que se apliquen los programas del sector m\u00e1s importantes en cinco ejes tur\u00edsticos: deportivo, educativo, cultural, m\u00e9dico y social\u201d, dijo.<\/p>\n<p style=\"font-weight: 400;\">Explic\u00f3 que, por ejemplo, en el \u00faltimo rubro se buscar\u00e1 que se vea reflejado en las familias cancunenses todos esos r\u00e9cords y cifras con las que cerr\u00f3 Canc\u00fan el 2022, tras dos a\u00f1os de la pandemia por COVID-19, por lo que debe acabarse con la premisa de que hay dos vidas distintas: una en la zona hotelera y una en el centro de la ciudad; al igual que se mantendr\u00e1 el v\u00ednculo con el cuerpo de representantes diplom\u00e1ticos acreditados en Canc\u00fan para dar asistencia a trav\u00e9s de la Casa Consular.\u00a0<a title=\"Casa consular de Canc\u00fan extiende horario para atender a turistas\" href=\"https:\/\/www.dev.nitu.mx\/index.php\/2023\/01\/03\/casa-consular-de-cancun-extiende-horario-para-atender-a-turistas\/\" rel=\"bookmark\">(Casa consular de Canc\u00fan extiende horario para atender a turistas<\/a>).<\/p>\n<p style=\"font-weight: 400;\">\u201cQueremos que toda la poblaci\u00f3n y nuestros turistas vengan y disfruten tambi\u00e9n de la zona fundacional, de espacios como Malec\u00f3n Tajamar, en el cual tuvimos eventos culturales exitosos como Hanal Pix\u00e1n y Festival Navide\u00f1o\u201d, finaliz\u00f3.<\/p>\n","protected":false},"excerpt":{"rendered":"<p>A partir de este domingo 01 de enero de 2023, tal como fue aprobado por Cabildo, la Direcci\u00f3n General de Turismo Municipal se eleva a categor\u00eda de Secretar\u00eda Municipal de Turismo, inform\u00f3 la presidenta municipal de Benito Ju\u00e1rez, Ana Patricia Peralta. Esta cambio permitir\u00e1 consolidar el v\u00ednculo local, estatal, nacional e internacional, as\u00ed como fortalecer [&hellip;]<\/p>\n","protected":false},"author":2,"featured_media":60702,"comment_status":"open","ping_status":"open","sticky":false,"template":"","format":"standard","meta":{"footnotes":""},"categories":[21403],"tags":[23614,43,23726,254],"yoast_head":"<!-- This site is optimized with the Yoast SEO plugin v22.2 - https:\/\/yoast.com\/wordpress\/plugins\/seo\/ -->\n<title>Tiene Canc\u00fan su Secretar\u00eda de Turismo - Nitu - Noticias de la Industria Turistica<\/title>\n<meta name=\"robots\" content=\"index, follow, max-snippet:-1, max-image-preview:large, max-video-preview:-1\" \/>\n<link rel=\"canonical\" href=\"https:\/\/nitu.mx\/index.php\/2023\/01\/03\/tiene-cancun-su-secretaria-de-turismo\/\" \/>\n<meta name=\"twitter:card\" content=\"summary_large_image\" \/>\n<meta name=\"twitter:title\" content=\"Tiene Canc\u00fan su Secretar\u00eda de Turismo - Nitu - Noticias de la Industria Turistica\" \/>\n<meta name=\"twitter:description\" content=\"A partir de este domingo 01 de enero de 2023, tal como fue aprobado por Cabildo, la Direcci\u00f3n General de Turismo Municipal se eleva a categor\u00eda de Secretar\u00eda Municipal de Turismo, inform\u00f3 la presidenta municipal de Benito Ju\u00e1rez, Ana Patricia Peralta. Esta cambio permitir\u00e1 consolidar el v\u00ednculo local, estatal, nacional e internacional, as\u00ed como fortalecer [&hellip;]\" \/>\n<meta name=\"twitter:image\" content=\"https:\/\/nitu.mx\/wp-content\/uploads\/2022\/08\/Seadust-Cancun-Family-Resort.jpg\" \/>\n<meta name=\"twitter:creator\" content=\"@Arturo_Medina_G\" \/>\n<meta name=\"twitter:site\" content=\"@Arturo_Medina_G\" \/>\n<meta name=\"twitter:label1\" content=\"Escrito por\" \/>\n\t<meta name=\"twitter:data1\" content=\"Arturo Medina\" \/>\n\t<meta name=\"twitter:label2\" content=\"Tiempo de lectura\" \/>\n\t<meta name=\"twitter:data2\" content=\"3 minutos\" \/>\n<script type=\"application\/ld+json\" class=\"yoast-schema-graph\">{\"@context\":\"https:\/\/schema.org\",\"@graph\":[{\"@type\":\"Article\",\"@id\":\"https:\/\/nitu.mx\/index.php\/2023\/01\/03\/tiene-cancun-su-secretaria-de-turismo\/#article\",\"isPartOf\":{\"@id\":\"https:\/\/nitu.mx\/index.php\/2023\/01\/03\/tiene-cancun-su-secretaria-de-turismo\/\"},\"author\":{\"name\":\"Arturo Medina\",\"@id\":\"https:\/\/nitu.mx\/#\/schema\/person\/ae7a53426417292d3dd07b45a33e01bc\"},\"headline\":\"Tiene Canc\u00fan su Secretar\u00eda de Turismo\",\"datePublished\":\"2023-01-03T06:27:25+00:00\",\"dateModified\":\"2023-01-03T06:32:29+00:00\",\"mainEntityOfPage\":{\"@id\":\"https:\/\/nitu.mx\/index.php\/2023\/01\/03\/tiene-cancun-su-secretaria-de-turismo\/\"},\"wordCount\":551,\"commentCount\":0,\"publisher\":{\"@id\":\"https:\/\/nitu.mx\/#\/schema\/person\/ae7a53426417292d3dd07b45a33e01bc\"},\"image\":{\"@id\":\"https:\/\/nitu.mx\/index.php\/2023\/01\/03\/tiene-cancun-su-secretaria-de-turismo\/#primaryimage\"},\"thumbnailUrl\":\"https:\/\/nitu.mx\/wp-content\/uploads\/2022\/08\/Seadust-Cancun-Family-Resort.jpg\",\"keywords\":[\"Ana Patricia Peralta\",\"Canc\u00fan\",\"Juan Pablo de Zulueta\",\"Secretar\u00eda de Turismo\"],\"articleSection\":[\"Canc\u00fan\"],\"inLanguage\":\"es-MX\",\"potentialAction\":[{\"@type\":\"CommentAction\",\"name\":\"Comment\",\"target\":[\"https:\/\/nitu.mx\/index.php\/2023\/01\/03\/tiene-cancun-su-secretaria-de-turismo\/#respond\"]}]},{\"@type\":\"WebPage\",\"@id\":\"https:\/\/nitu.mx\/index.php\/2023\/01\/03\/tiene-cancun-su-secretaria-de-turismo\/\",\"url\":\"https:\/\/nitu.mx\/index.php\/2023\/01\/03\/tiene-cancun-su-secretaria-de-turismo\/\",\"name\":\"Tiene Canc\u00fan su Secretar\u00eda de Turismo - Nitu - Noticias de la Industria Turistica\",\"isPartOf\":{\"@id\":\"https:\/\/nitu.mx\/#website\"},\"primaryImageOfPage\":{\"@id\":\"https:\/\/nitu.mx\/index.php\/2023\/01\/03\/tiene-cancun-su-secretaria-de-turismo\/#primaryimage\"},\"image\":{\"@id\":\"https:\/\/nitu.mx\/index.php\/2023\/01\/03\/tiene-cancun-su-secretaria-de-turismo\/#primaryimage\"},\"thumbnailUrl\":\"https:\/\/nitu.mx\/wp-content\/uploads\/2022\/08\/Seadust-Cancun-Family-Resort.jpg\",\"datePublished\":\"2023-01-03T06:27:25+00:00\",\"dateModified\":\"2023-01-03T06:32:29+00:00\",\"breadcrumb\":{\"@id\":\"https:\/\/nitu.mx\/index.php\/2023\/01\/03\/tiene-cancun-su-secretaria-de-turismo\/#breadcrumb\"},\"inLanguage\":\"es-MX\",\"potentialAction\":[{\"@type\":\"ReadAction\",\"target\":[\"https:\/\/nitu.mx\/index.php\/2023\/01\/03\/tiene-cancun-su-secretaria-de-turismo\/\"]}]},{\"@type\":\"ImageObject\",\"inLanguage\":\"es-MX\",\"@id\":\"https:\/\/nitu.mx\/index.php\/2023\/01\/03\/tiene-cancun-su-secretaria-de-turismo\/#primaryimage\",\"url\":\"https:\/\/nitu.mx\/wp-content\/uploads\/2022\/08\/Seadust-Cancun-Family-Resort.jpg\",\"contentUrl\":\"https:\/\/nitu.mx\/wp-content\/uploads\/2022\/08\/Seadust-Cancun-Family-Resort.jpg\",\"width\":1200,\"height\":675,\"caption\":\"Playa Hotels & Resorts Allianz Travel\"},{\"@type\":\"BreadcrumbList\",\"@id\":\"https:\/\/nitu.mx\/index.php\/2023\/01\/03\/tiene-cancun-su-secretaria-de-turismo\/#breadcrumb\",\"itemListElement\":[{\"@type\":\"ListItem\",\"position\":1,\"name\":\"Inicio\",\"item\":\"https:\/\/nitu.mx\/\"},{\"@type\":\"ListItem\",\"position\":2,\"name\":\"Tiene Canc\u00fan su Secretar\u00eda de Turismo\"}]},{\"@type\":\"WebSite\",\"@id\":\"https:\/\/nitu.mx\/#website\",\"url\":\"https:\/\/nitu.mx\/\",\"name\":\"Nitu - Noticias de la Industria Turistica\",\"description\":\"Noticias de la Industria Turistica\",\"publisher\":{\"@id\":\"https:\/\/nitu.mx\/#\/schema\/person\/ae7a53426417292d3dd07b45a33e01bc\"},\"alternateName\":\"Noticias de la Industria Turistica\",\"potentialAction\":[{\"@type\":\"SearchAction\",\"target\":{\"@type\":\"EntryPoint\",\"urlTemplate\":\"https:\/\/nitu.mx\/?s={search_term_string}\"},\"query-input\":\"required name=search_term_string\"}],\"inLanguage\":\"es-MX\"},{\"@type\":[\"Person\",\"Organization\"],\"@id\":\"https:\/\/nitu.mx\/#\/schema\/person\/ae7a53426417292d3dd07b45a33e01bc\",\"name\":\"Arturo Medina\",\"image\":{\"@type\":\"ImageObject\",\"inLanguage\":\"es-MX\",\"@id\":\"https:\/\/nitu.mx\/#\/schema\/person\/image\/\",\"url\":\"https:\/\/nitu.mx\/wp-content\/uploads\/2024\/04\/4A315622-1904-4D5C-B022-878CDC840E04-90x90-1.jpeg\",\"contentUrl\":\"https:\/\/nitu.mx\/wp-content\/uploads\/2024\/04\/4A315622-1904-4D5C-B022-878CDC840E04-90x90-1.jpeg\",\"width\":90,\"height\":90,\"caption\":\"Arturo Medina\"},\"logo\":{\"@id\":\"https:\/\/nitu.mx\/#\/schema\/person\/image\/\"},\"description\":\"Director NITU.mx, Egresado de la Escuela de Periodismo Carlos Septi\u00e9n Garc\u00eda. Periodista y analista especializado en turismo desde hace 35 a\u00f1os, radicado en Canc\u00fan Q.Roo. arturo@nitu.mx\",\"sameAs\":[\"https:\/\/nitu.mx\",\"https:\/\/www.facebook.com\/NITUmx\/\",\"medinacancun\",\"https:\/\/twitter.com\/@Arturo_Medina_G\"],\"url\":\"https:\/\/nitu.mx\/index.php\/author\/arturo-medina\/\"}]}<\/script>\n<!-- \/ Yoast SEO plugin. -->","yoast_head_json":{"title":"Tiene Canc\u00fan su Secretar\u00eda de Turismo - Nitu - Noticias de la Industria Turistica","robots":{"index":"index","follow":"follow","max-snippet":"max-snippet:-1","max-image-preview":"max-image-preview:large","max-video-preview":"max-video-preview:-1"},"canonical":"https:\/\/nitu.mx\/index.php\/2023\/01\/03\/tiene-cancun-su-secretaria-de-turismo\/","twitter_card":"summary_large_image","twitter_title":"Tiene Canc\u00fan su Secretar\u00eda de Turismo - Nitu - Noticias de la Industria Turistica","twitter_description":"A partir de este domingo 01 de enero de 2023, tal como fue aprobado por Cabildo, la Direcci\u00f3n General de Turismo Municipal se eleva a categor\u00eda de Secretar\u00eda Municipal de Turismo, inform\u00f3 la presidenta municipal de Benito Ju\u00e1rez, Ana Patricia Peralta. Esta cambio permitir\u00e1 consolidar el v\u00ednculo local, estatal, nacional e internacional, as\u00ed como fortalecer [&hellip;]","twitter_image":"https:\/\/nitu.mx\/wp-content\/uploads\/2022\/08\/Seadust-Cancun-Family-Resort.jpg","twitter_creator":"@Arturo_Medina_G","twitter_site":"@Arturo_Medina_G","twitter_misc":{"Escrito por":"Arturo Medina","Tiempo de lectura":"3 minutos"},"schema":{"@context":"https:\/\/schema.org","@graph":[{"@type":"Article","@id":"https:\/\/nitu.mx\/index.php\/2023\/01\/03\/tiene-cancun-su-secretaria-de-turismo\/#article","isPartOf":{"@id":"https:\/\/nitu.mx\/index.php\/2023\/01\/03\/tiene-cancun-su-secretaria-de-turismo\/"},"author":{"name":"Arturo Medina","@id":"https:\/\/nitu.mx\/#\/schema\/person\/ae7a53426417292d3dd07b45a33e01bc"},"headline":"Tiene Canc\u00fan su Secretar\u00eda de Turismo","datePublished":"2023-01-03T06:27:25+00:00","dateModified":"2023-01-03T06:32:29+00:00","mainEntityOfPage":{"@id":"https:\/\/nitu.mx\/index.php\/2023\/01\/03\/tiene-cancun-su-secretaria-de-turismo\/"},"wordCount":551,"commentCount":0,"publisher":{"@id":"https:\/\/nitu.mx\/#\/schema\/person\/ae7a53426417292d3dd07b45a33e01bc"},"image":{"@id":"https:\/\/nitu.mx\/index.php\/2023\/01\/03\/tiene-cancun-su-secretaria-de-turismo\/#primaryimage"},"thumbnailUrl":"https:\/\/nitu.mx\/wp-content\/uploads\/2022\/08\/Seadust-Cancun-Family-Resort.jpg","keywords":["Ana Patricia Peralta","Canc\u00fan","Juan Pablo de Zulueta","Secretar\u00eda de Turismo"],"articleSection":["Canc\u00fan"],"inLanguage":"es-MX","potentialAction":[{"@type":"CommentAction","name":"Comment","target":["https:\/\/nitu.mx\/index.php\/2023\/01\/03\/tiene-cancun-su-secretaria-de-turismo\/#respond"]}]},{"@type":"WebPage","@id":"https:\/\/nitu.mx\/index.php\/2023\/01\/03\/tiene-cancun-su-secretaria-de-turismo\/","url":"https:\/\/nitu.mx\/index.php\/2023\/01\/03\/tiene-cancun-su-secretaria-de-turismo\/","name":"Tiene Canc\u00fan su Secretar\u00eda de Turismo - Nitu - Noticias de la Industria Turistica","isPartOf":{"@id":"https:\/\/nitu.mx\/#website"},"primaryImageOfPage":{"@id":"https:\/\/nitu.mx\/index.php\/2023\/01\/03\/tiene-cancun-su-secretaria-de-turismo\/#primaryimage"},"image":{"@id":"https:\/\/nitu.mx\/index.php\/2023\/01\/03\/tiene-cancun-su-secretaria-de-turismo\/#primaryimage"},"thumbnailUrl":"https:\/\/nitu.mx\/wp-content\/uploads\/2022\/08\/Seadust-Cancun-Family-Resort.jpg","datePublished":"2023-01-03T06:27:25+00:00","dateModified":"2023-01-03T06:32:29+00:00","breadcrumb":{"@id":"https:\/\/nitu.mx\/index.php\/2023\/01\/03\/tiene-cancun-su-secretaria-de-turismo\/#breadcrumb"},"inLanguage":"es-MX","potentialAction":[{"@type":"ReadAction","target":["https:\/\/nitu.mx\/index.php\/2023\/01\/03\/tiene-cancun-su-secretaria-de-turismo\/"]}]},{"@type":"ImageObject","inLanguage":"es-MX","@id":"https:\/\/nitu.mx\/index.php\/2023\/01\/03\/tiene-cancun-su-secretaria-de-turismo\/#primaryimage","url":"https:\/\/nitu.mx\/wp-content\/uploads\/2022\/08\/Seadust-Cancun-Family-Resort.jpg","contentUrl":"https:\/\/nitu.mx\/wp-content\/uploads\/2022\/08\/Seadust-Cancun-Family-Resort.jpg","width":1200,"height":675,"caption":"Playa Hotels & Resorts Allianz Travel"},{"@type":"BreadcrumbList","@id":"https:\/\/nitu.mx\/index.php\/2023\/01\/03\/tiene-cancun-su-secretaria-de-turismo\/#breadcrumb","itemListElement":[{"@type":"ListItem","position":1,"name":"Inicio","item":"https:\/\/nitu.mx\/"},{"@type":"ListItem","position":2,"name":"Tiene Canc\u00fan su Secretar\u00eda de Turismo"}]},{"@type":"WebSite","@id":"https:\/\/nitu.mx\/#website","url":"https:\/\/nitu.mx\/","name":"Nitu - Noticias de la Industria Turistica","description":"Noticias de la Industria Turistica","publisher":{"@id":"https:\/\/nitu.mx\/#\/schema\/person\/ae7a53426417292d3dd07b45a33e01bc"},"alternateName":"Noticias de la Industria Turistica","potentialAction":[{"@type":"SearchAction","target":{"@type":"EntryPoint","urlTemplate":"https:\/\/nitu.mx\/?s={search_term_string}"},"query-input":"required name=search_term_string"}],"inLanguage":"es-MX"},{"@type":["Person","Organization"],"@id":"https:\/\/nitu.mx\/#\/schema\/person\/ae7a53426417292d3dd07b45a33e01bc","name":"Arturo Medina","image":{"@type":"ImageObject","inLanguage":"es-MX","@id":"https:\/\/nitu.mx\/#\/schema\/person\/image\/","url":"https:\/\/nitu.mx\/wp-content\/uploads\/2024\/04\/4A315622-1904-4D5C-B022-878CDC840E04-90x90-1.jpeg","contentUrl":"https:\/\/nitu.mx\/wp-content\/uploads\/2024\/04\/4A315622-1904-4D5C-B022-878CDC840E04-90x90-1.jpeg","width":90,"height":90,"caption":"Arturo Medina"},"logo":{"@id":"https:\/\/nitu.mx\/#\/schema\/person\/image\/"},"description":"Director NITU.mx, Egresado de la Escuela de Periodismo Carlos Septi\u00e9n Garc\u00eda. Periodista y analista especializado en turismo desde hace 35 a\u00f1os, radicado en Canc\u00fan Q.Roo. arturo@nitu.mx","sameAs":["https:\/\/nitu.mx","https:\/\/www.facebook.com\/NITUmx\/","medinacancun","https:\/\/twitter.com\/@Arturo_Medina_G"],"url":"https:\/\/nitu.mx\/index.php\/author\/arturo-medina\/"}]}},"views":829,"_links":{"self":[{"href":"https:\/\/nitu.mx\/index.php\/wp-json\/wp\/v2\/posts\/62834"}],"collection":[{"href":"https:\/\/nitu.mx\/index.php\/wp-json\/wp\/v2\/posts"}],"about":[{"href":"https:\/\/nitu.mx\/index.php\/wp-json\/wp\/v2\/types\/post"}],"author":[{"embeddable":true,"href":"https:\/\/nitu.mx\/index.php\/wp-json\/wp\/v2\/users\/2"}],"replies":[{"embeddable":true,"href":"https:\/\/nitu.mx\/index.php\/wp-json\/wp\/v2\/comments?post=62834"}],"version-history":[{"count":4,"href":"https:\/\/nitu.mx\/index.php\/wp-json\/wp\/v2\/posts\/62834\/revisions"}],"predecessor-version":[{"id":62841,"href":"https:\/\/nitu.mx\/index.php\/wp-json\/wp\/v2\/posts\/62834\/revisions\/62841"}],"wp:featuredmedia":[{"embeddable":true,"href":"https:\/\/nitu.mx\/index.php\/wp-json\/wp\/v2\/media\/60702"}],"wp:attachment":[{"href":"https:\/\/nitu.mx\/index.php\/wp-json\/wp\/v2\/media?parent=62834"}],"wp:term":[{"taxonomy":"category","embeddable":true,"href":"https:\/\/nitu.mx\/index.php\/wp-json\/wp\/v2\/categories?post=62834"},{"taxonomy":"post_tag","embeddable":true,"href":"https:\/\/nitu.mx\/index.php\/wp-json\/wp\/v2\/tags?post=62834"}],"curies":[{"name":"wp","href":"https:\/\/api.w.org\/{rel}","templated":true}]}}