{"id":62832,"date":"2023-01-03T01:15:02","date_gmt":"2023-01-03T06:15:02","guid":{"rendered":"https:\/\/www.dev.nitu.mx\/?p=62832"},"modified":"2023-01-03T01:28:55","modified_gmt":"2023-01-03T06:28:55","slug":"casa-consular-de-cancun-extiende-horario-para-atender-a-turistas","status":"publish","type":"post","link":"https:\/\/nitu.mx\/index.php\/2023\/01\/03\/casa-consular-de-cancun-extiende-horario-para-atender-a-turistas\/","title":{"rendered":"Casa consular de Canc\u00fan extiende horario para atender a turistas"},"content":{"rendered":"<p style=\"font-weight: 400;\">Como parte del compromiso del gobierno que encabeza la presidenta municipal de Benito Ju\u00e1rez (Canc\u00fan), Ana Patricia Peralta, para reforzar la atenci\u00f3n y asesor\u00edas proporcionadas a los turistas en la zona hotelera, a partir de este lunes 02 de enero, la Casa Consular ampliar\u00e1 su horario de 9:00 a 16:00 horas a 9:00 a 21:00 horas, adem\u00e1s de que contar\u00e1 con guardias fines de semana, inform\u00f3 el secretario municipal de Turismo, Juan Pablo de Zulueta Razo.<\/p>\n<p style=\"font-weight: 400;\">\u201cNosotros tenemos que asistir a los viajeros todo el tiempo. Lo que hacemos en la Casa Consular es tener el contacto directo con los c\u00f3nsules para darle seguimiento a solicitudes, quejas o inconvenientes de sus connacionales en su estancia\u201d, explic\u00f3.<\/p>\n<p style=\"font-weight: 400;\">Detall\u00f3 que las situaciones m\u00e1s comunes que padecen los extranjeros son: extrav\u00edo de pasaporte, detenci\u00f3n por parte de una autoridad por una falta administrativa o percance automovil\u00edstico, entre otros, los cuales pueden reportar en las oficinas que est\u00e1n al interior de la Polic\u00eda Tur\u00edstica, ubicada en el kil\u00f3metro 13 del Boulevard Kukulc\u00e1n.<\/p>\n<p style=\"font-weight: 400;\">\u201cDamos el asesoramiento y nos regimos por lo que nos permite la ley, por eso tenemos el cuerpo diplom\u00e1tico acreditado en Quintana Roo con los que estamos trabajando de la mano; ellos tienen el contacto directo con Juzgados C\u00edvicos para enviar los reportes en caso de que haya una situaci\u00f3n fuera de lo normal\u201d, dijo.<\/p>\n<p style=\"font-weight: 400;\">Indic\u00f3 que tambi\u00e9n se les acompa\u00f1a a los visitantes que necesiten hacer una denuncia contra lo que consideren acto o abuso de autoridad, por lo que se acord\u00f3 con dichos representantes consulares en la ciudad para que ellos lleven tambi\u00e9n una bit\u00e1cora y se le d\u00e9 seguimiento a cada caso con las instancias policiales que correspondan.<\/p>\n<p style=\"font-weight: 400;\">\u201cNo queremos que se lleven un mal sabor de boca, es importante, por eso si tienen alguna situaci\u00f3n que reportar, les pedimos que nos llamen sin miedo para apoyarlos, no est\u00e1n solos y los vamos a asesorar en cualquier caso, porque ese es nuestro trabajo\u201d, subray\u00f3.\u00a0<a title=\"Planea ASUR reactivar terminal uno en Canc\u00fan ante creciente demanda\" href=\"https:\/\/www.dev.nitu.mx\/index.php\/2023\/01\/02\/planea-asur-reactivar-terminal-uno-en-cancun-ante-creciente-demanda\/\" rel=\"bookmark\">(Planea ASUR reactivar terminal uno en Canc\u00fan ante creciente demanda<\/a>).<\/p>\n","protected":false},"excerpt":{"rendered":"<p>Como parte del compromiso del gobierno que encabeza la presidenta municipal de Benito Ju\u00e1rez (Canc\u00fan), Ana Patricia Peralta, para reforzar la atenci\u00f3n y asesor\u00edas proporcionadas a los turistas en la zona hotelera, a partir de este lunes 02 de enero, la Casa Consular ampliar\u00e1 su horario de 9:00 a 16:00 horas a 9:00 a 21:00 [&hellip;]<\/p>\n","protected":false},"author":2,"featured_media":62833,"comment_status":"open","ping_status":"open","sticky":false,"template":"","format":"standard","meta":{"footnotes":""},"categories":[21403],"tags":[23614,43,23728],"yoast_head":"<!-- This site is optimized with the Yoast SEO plugin v22.2 - https:\/\/yoast.com\/wordpress\/plugins\/seo\/ -->\n<title>Casa consular de Canc\u00fan extiende horario para atender a turistas - Nitu - Noticias de la Industria Turistica<\/title>\n<meta name=\"robots\" content=\"index, follow, max-snippet:-1, max-image-preview:large, max-video-preview:-1\" \/>\n<link rel=\"canonical\" href=\"https:\/\/nitu.mx\/index.php\/2023\/01\/03\/casa-consular-de-cancun-extiende-horario-para-atender-a-turistas\/\" \/>\n<meta name=\"twitter:card\" content=\"summary_large_image\" \/>\n<meta name=\"twitter:title\" content=\"Casa consular de Canc\u00fan extiende horario para atender a turistas - Nitu - Noticias de la Industria Turistica\" \/>\n<meta name=\"twitter:description\" content=\"Como parte del compromiso del gobierno que encabeza la presidenta municipal de Benito Ju\u00e1rez (Canc\u00fan), Ana Patricia Peralta, para reforzar la atenci\u00f3n y asesor\u00edas proporcionadas a los turistas en la zona hotelera, a partir de este lunes 02 de enero, la Casa Consular ampliar\u00e1 su horario de 9:00 a 16:00 horas a 9:00 a 21:00 [&hellip;]\" \/>\n<meta name=\"twitter:image\" content=\"https:\/\/nitu.mx\/wp-content\/uploads\/2023\/01\/3AB0ACBA-7C35-458B-8D7A-C76021BE4DE0.jpeg\" \/>\n<meta name=\"twitter:creator\" content=\"@Arturo_Medina_G\" \/>\n<meta name=\"twitter:site\" content=\"@Arturo_Medina_G\" \/>\n<meta name=\"twitter:label1\" content=\"Escrito por\" \/>\n\t<meta name=\"twitter:data1\" content=\"Arturo Medina\" \/>\n\t<meta name=\"twitter:label2\" content=\"Tiempo de lectura\" \/>\n\t<meta name=\"twitter:data2\" content=\"2 minutos\" \/>\n<script type=\"application\/ld+json\" class=\"yoast-schema-graph\">{\"@context\":\"https:\/\/schema.org\",\"@graph\":[{\"@type\":\"Article\",\"@id\":\"https:\/\/nitu.mx\/index.php\/2023\/01\/03\/casa-consular-de-cancun-extiende-horario-para-atender-a-turistas\/#article\",\"isPartOf\":{\"@id\":\"https:\/\/nitu.mx\/index.php\/2023\/01\/03\/casa-consular-de-cancun-extiende-horario-para-atender-a-turistas\/\"},\"author\":{\"name\":\"Arturo Medina\",\"@id\":\"https:\/\/nitu.mx\/#\/schema\/person\/ae7a53426417292d3dd07b45a33e01bc\"},\"headline\":\"Casa consular de Canc\u00fan extiende horario para atender a turistas\",\"datePublished\":\"2023-01-03T06:15:02+00:00\",\"dateModified\":\"2023-01-03T06:28:55+00:00\",\"mainEntityOfPage\":{\"@id\":\"https:\/\/nitu.mx\/index.php\/2023\/01\/03\/casa-consular-de-cancun-extiende-horario-para-atender-a-turistas\/\"},\"wordCount\":365,\"commentCount\":0,\"publisher\":{\"@id\":\"https:\/\/nitu.mx\/#\/schema\/person\/ae7a53426417292d3dd07b45a33e01bc\"},\"image\":{\"@id\":\"https:\/\/nitu.mx\/index.php\/2023\/01\/03\/casa-consular-de-cancun-extiende-horario-para-atender-a-turistas\/#primaryimage\"},\"thumbnailUrl\":\"https:\/\/nitu.mx\/wp-content\/uploads\/2023\/01\/3AB0ACBA-7C35-458B-8D7A-C76021BE4DE0.jpeg\",\"keywords\":[\"Ana Patricia Peralta\",\"Canc\u00fan\",\"casa consular\"],\"articleSection\":[\"Canc\u00fan\"],\"inLanguage\":\"es-MX\",\"potentialAction\":[{\"@type\":\"CommentAction\",\"name\":\"Comment\",\"target\":[\"https:\/\/nitu.mx\/index.php\/2023\/01\/03\/casa-consular-de-cancun-extiende-horario-para-atender-a-turistas\/#respond\"]}]},{\"@type\":\"WebPage\",\"@id\":\"https:\/\/nitu.mx\/index.php\/2023\/01\/03\/casa-consular-de-cancun-extiende-horario-para-atender-a-turistas\/\",\"url\":\"https:\/\/nitu.mx\/index.php\/2023\/01\/03\/casa-consular-de-cancun-extiende-horario-para-atender-a-turistas\/\",\"name\":\"Casa consular de Canc\u00fan extiende horario para atender a turistas - Nitu - Noticias de la Industria Turistica\",\"isPartOf\":{\"@id\":\"https:\/\/nitu.mx\/#website\"},\"primaryImageOfPage\":{\"@id\":\"https:\/\/nitu.mx\/index.php\/2023\/01\/03\/casa-consular-de-cancun-extiende-horario-para-atender-a-turistas\/#primaryimage\"},\"image\":{\"@id\":\"https:\/\/nitu.mx\/index.php\/2023\/01\/03\/casa-consular-de-cancun-extiende-horario-para-atender-a-turistas\/#primaryimage\"},\"thumbnailUrl\":\"https:\/\/nitu.mx\/wp-content\/uploads\/2023\/01\/3AB0ACBA-7C35-458B-8D7A-C76021BE4DE0.jpeg\",\"datePublished\":\"2023-01-03T06:15:02+00:00\",\"dateModified\":\"2023-01-03T06:28:55+00:00\",\"breadcrumb\":{\"@id\":\"https:\/\/nitu.mx\/index.php\/2023\/01\/03\/casa-consular-de-cancun-extiende-horario-para-atender-a-turistas\/#breadcrumb\"},\"inLanguage\":\"es-MX\",\"potentialAction\":[{\"@type\":\"ReadAction\",\"target\":[\"https:\/\/nitu.mx\/index.php\/2023\/01\/03\/casa-consular-de-cancun-extiende-horario-para-atender-a-turistas\/\"]}]},{\"@type\":\"ImageObject\",\"inLanguage\":\"es-MX\",\"@id\":\"https:\/\/nitu.mx\/index.php\/2023\/01\/03\/casa-consular-de-cancun-extiende-horario-para-atender-a-turistas\/#primaryimage\",\"url\":\"https:\/\/nitu.mx\/wp-content\/uploads\/2023\/01\/3AB0ACBA-7C35-458B-8D7A-C76021BE4DE0.jpeg\",\"contentUrl\":\"https:\/\/nitu.mx\/wp-content\/uploads\/2023\/01\/3AB0ACBA-7C35-458B-8D7A-C76021BE4DE0.jpeg\",\"width\":1600,\"height\":1200,\"caption\":\"Casa Consular\"},{\"@type\":\"BreadcrumbList\",\"@id\":\"https:\/\/nitu.mx\/index.php\/2023\/01\/03\/casa-consular-de-cancun-extiende-horario-para-atender-a-turistas\/#breadcrumb\",\"itemListElement\":[{\"@type\":\"ListItem\",\"position\":1,\"name\":\"Inicio\",\"item\":\"https:\/\/nitu.mx\/\"},{\"@type\":\"ListItem\",\"position\":2,\"name\":\"Casa consular de Canc\u00fan extiende horario para atender a turistas\"}]},{\"@type\":\"WebSite\",\"@id\":\"https:\/\/nitu.mx\/#website\",\"url\":\"https:\/\/nitu.mx\/\",\"name\":\"Nitu - Noticias de la Industria Turistica\",\"description\":\"Noticias de la Industria Turistica\",\"publisher\":{\"@id\":\"https:\/\/nitu.mx\/#\/schema\/person\/ae7a53426417292d3dd07b45a33e01bc\"},\"alternateName\":\"Noticias de la Industria Turistica\",\"potentialAction\":[{\"@type\":\"SearchAction\",\"target\":{\"@type\":\"EntryPoint\",\"urlTemplate\":\"https:\/\/nitu.mx\/?s={search_term_string}\"},\"query-input\":\"required name=search_term_string\"}],\"inLanguage\":\"es-MX\"},{\"@type\":[\"Person\",\"Organization\"],\"@id\":\"https:\/\/nitu.mx\/#\/schema\/person\/ae7a53426417292d3dd07b45a33e01bc\",\"name\":\"Arturo Medina\",\"image\":{\"@type\":\"ImageObject\",\"inLanguage\":\"es-MX\",\"@id\":\"https:\/\/nitu.mx\/#\/schema\/person\/image\/\",\"url\":\"https:\/\/nitu.mx\/wp-content\/uploads\/2024\/04\/4A315622-1904-4D5C-B022-878CDC840E04-90x90-1.jpeg\",\"contentUrl\":\"https:\/\/nitu.mx\/wp-content\/uploads\/2024\/04\/4A315622-1904-4D5C-B022-878CDC840E04-90x90-1.jpeg\",\"width\":90,\"height\":90,\"caption\":\"Arturo Medina\"},\"logo\":{\"@id\":\"https:\/\/nitu.mx\/#\/schema\/person\/image\/\"},\"description\":\"Director NITU.mx, Egresado de la Escuela de Periodismo Carlos Septi\u00e9n Garc\u00eda. Periodista y analista especializado en turismo desde hace 35 a\u00f1os, radicado en Canc\u00fan Q.Roo. arturo@nitu.mx\",\"sameAs\":[\"https:\/\/nitu.mx\",\"https:\/\/www.facebook.com\/NITUmx\/\",\"medinacancun\",\"https:\/\/twitter.com\/@Arturo_Medina_G\"],\"url\":\"https:\/\/nitu.mx\/index.php\/author\/arturo-medina\/\"}]}<\/script>\n<!-- \/ Yoast SEO plugin. -->","yoast_head_json":{"title":"Casa consular de Canc\u00fan extiende horario para atender a turistas - Nitu - Noticias de la Industria Turistica","robots":{"index":"index","follow":"follow","max-snippet":"max-snippet:-1","max-image-preview":"max-image-preview:large","max-video-preview":"max-video-preview:-1"},"canonical":"https:\/\/nitu.mx\/index.php\/2023\/01\/03\/casa-consular-de-cancun-extiende-horario-para-atender-a-turistas\/","twitter_card":"summary_large_image","twitter_title":"Casa consular de Canc\u00fan extiende horario para atender a turistas - Nitu - Noticias de la Industria Turistica","twitter_description":"Como parte del compromiso del gobierno que encabeza la presidenta municipal de Benito Ju\u00e1rez (Canc\u00fan), Ana Patricia Peralta, para reforzar la atenci\u00f3n y asesor\u00edas proporcionadas a los turistas en la zona hotelera, a partir de este lunes 02 de enero, la Casa Consular ampliar\u00e1 su horario de 9:00 a 16:00 horas a 9:00 a 21:00 [&hellip;]","twitter_image":"https:\/\/nitu.mx\/wp-content\/uploads\/2023\/01\/3AB0ACBA-7C35-458B-8D7A-C76021BE4DE0.jpeg","twitter_creator":"@Arturo_Medina_G","twitter_site":"@Arturo_Medina_G","twitter_misc":{"Escrito por":"Arturo Medina","Tiempo de lectura":"2 minutos"},"schema":{"@context":"https:\/\/schema.org","@graph":[{"@type":"Article","@id":"https:\/\/nitu.mx\/index.php\/2023\/01\/03\/casa-consular-de-cancun-extiende-horario-para-atender-a-turistas\/#article","isPartOf":{"@id":"https:\/\/nitu.mx\/index.php\/2023\/01\/03\/casa-consular-de-cancun-extiende-horario-para-atender-a-turistas\/"},"author":{"name":"Arturo Medina","@id":"https:\/\/nitu.mx\/#\/schema\/person\/ae7a53426417292d3dd07b45a33e01bc"},"headline":"Casa consular de Canc\u00fan extiende horario para atender a turistas","datePublished":"2023-01-03T06:15:02+00:00","dateModified":"2023-01-03T06:28:55+00:00","mainEntityOfPage":{"@id":"https:\/\/nitu.mx\/index.php\/2023\/01\/03\/casa-consular-de-cancun-extiende-horario-para-atender-a-turistas\/"},"wordCount":365,"commentCount":0,"publisher":{"@id":"https:\/\/nitu.mx\/#\/schema\/person\/ae7a53426417292d3dd07b45a33e01bc"},"image":{"@id":"https:\/\/nitu.mx\/index.php\/2023\/01\/03\/casa-consular-de-cancun-extiende-horario-para-atender-a-turistas\/#primaryimage"},"thumbnailUrl":"https:\/\/nitu.mx\/wp-content\/uploads\/2023\/01\/3AB0ACBA-7C35-458B-8D7A-C76021BE4DE0.jpeg","keywords":["Ana Patricia Peralta","Canc\u00fan","casa consular"],"articleSection":["Canc\u00fan"],"inLanguage":"es-MX","potentialAction":[{"@type":"CommentAction","name":"Comment","target":["https:\/\/nitu.mx\/index.php\/2023\/01\/03\/casa-consular-de-cancun-extiende-horario-para-atender-a-turistas\/#respond"]}]},{"@type":"WebPage","@id":"https:\/\/nitu.mx\/index.php\/2023\/01\/03\/casa-consular-de-cancun-extiende-horario-para-atender-a-turistas\/","url":"https:\/\/nitu.mx\/index.php\/2023\/01\/03\/casa-consular-de-cancun-extiende-horario-para-atender-a-turistas\/","name":"Casa consular de Canc\u00fan extiende horario para atender a turistas - Nitu - Noticias de la Industria Turistica","isPartOf":{"@id":"https:\/\/nitu.mx\/#website"},"primaryImageOfPage":{"@id":"https:\/\/nitu.mx\/index.php\/2023\/01\/03\/casa-consular-de-cancun-extiende-horario-para-atender-a-turistas\/#primaryimage"},"image":{"@id":"https:\/\/nitu.mx\/index.php\/2023\/01\/03\/casa-consular-de-cancun-extiende-horario-para-atender-a-turistas\/#primaryimage"},"thumbnailUrl":"https:\/\/nitu.mx\/wp-content\/uploads\/2023\/01\/3AB0ACBA-7C35-458B-8D7A-C76021BE4DE0.jpeg","datePublished":"2023-01-03T06:15:02+00:00","dateModified":"2023-01-03T06:28:55+00:00","breadcrumb":{"@id":"https:\/\/nitu.mx\/index.php\/2023\/01\/03\/casa-consular-de-cancun-extiende-horario-para-atender-a-turistas\/#breadcrumb"},"inLanguage":"es-MX","potentialAction":[{"@type":"ReadAction","target":["https:\/\/nitu.mx\/index.php\/2023\/01\/03\/casa-consular-de-cancun-extiende-horario-para-atender-a-turistas\/"]}]},{"@type":"ImageObject","inLanguage":"es-MX","@id":"https:\/\/nitu.mx\/index.php\/2023\/01\/03\/casa-consular-de-cancun-extiende-horario-para-atender-a-turistas\/#primaryimage","url":"https:\/\/nitu.mx\/wp-content\/uploads\/2023\/01\/3AB0ACBA-7C35-458B-8D7A-C76021BE4DE0.jpeg","contentUrl":"https:\/\/nitu.mx\/wp-content\/uploads\/2023\/01\/3AB0ACBA-7C35-458B-8D7A-C76021BE4DE0.jpeg","width":1600,"height":1200,"caption":"Casa Consular"},{"@type":"BreadcrumbList","@id":"https:\/\/nitu.mx\/index.php\/2023\/01\/03\/casa-consular-de-cancun-extiende-horario-para-atender-a-turistas\/#breadcrumb","itemListElement":[{"@type":"ListItem","position":1,"name":"Inicio","item":"https:\/\/nitu.mx\/"},{"@type":"ListItem","position":2,"name":"Casa consular de Canc\u00fan extiende horario para atender a turistas"}]},{"@type":"WebSite","@id":"https:\/\/nitu.mx\/#website","url":"https:\/\/nitu.mx\/","name":"Nitu - Noticias de la Industria Turistica","description":"Noticias de la Industria Turistica","publisher":{"@id":"https:\/\/nitu.mx\/#\/schema\/person\/ae7a53426417292d3dd07b45a33e01bc"},"alternateName":"Noticias de la Industria Turistica","potentialAction":[{"@type":"SearchAction","target":{"@type":"EntryPoint","urlTemplate":"https:\/\/nitu.mx\/?s={search_term_string}"},"query-input":"required name=search_term_string"}],"inLanguage":"es-MX"},{"@type":["Person","Organization"],"@id":"https:\/\/nitu.mx\/#\/schema\/person\/ae7a53426417292d3dd07b45a33e01bc","name":"Arturo Medina","image":{"@type":"ImageObject","inLanguage":"es-MX","@id":"https:\/\/nitu.mx\/#\/schema\/person\/image\/","url":"https:\/\/nitu.mx\/wp-content\/uploads\/2024\/04\/4A315622-1904-4D5C-B022-878CDC840E04-90x90-1.jpeg","contentUrl":"https:\/\/nitu.mx\/wp-content\/uploads\/2024\/04\/4A315622-1904-4D5C-B022-878CDC840E04-90x90-1.jpeg","width":90,"height":90,"caption":"Arturo Medina"},"logo":{"@id":"https:\/\/nitu.mx\/#\/schema\/person\/image\/"},"description":"Director NITU.mx, Egresado de la Escuela de Periodismo Carlos Septi\u00e9n Garc\u00eda. Periodista y analista especializado en turismo desde hace 35 a\u00f1os, radicado en Canc\u00fan Q.Roo. arturo@nitu.mx","sameAs":["https:\/\/nitu.mx","https:\/\/www.facebook.com\/NITUmx\/","medinacancun","https:\/\/twitter.com\/@Arturo_Medina_G"],"url":"https:\/\/nitu.mx\/index.php\/author\/arturo-medina\/"}]}},"views":854,"_links":{"self":[{"href":"https:\/\/nitu.mx\/index.php\/wp-json\/wp\/v2\/posts\/62832"}],"collection":[{"href":"https:\/\/nitu.mx\/index.php\/wp-json\/wp\/v2\/posts"}],"about":[{"href":"https:\/\/nitu.mx\/index.php\/wp-json\/wp\/v2\/types\/post"}],"author":[{"embeddable":true,"href":"https:\/\/nitu.mx\/index.php\/wp-json\/wp\/v2\/users\/2"}],"replies":[{"embeddable":true,"href":"https:\/\/nitu.mx\/index.php\/wp-json\/wp\/v2\/comments?post=62832"}],"version-history":[{"count":2,"href":"https:\/\/nitu.mx\/index.php\/wp-json\/wp\/v2\/posts\/62832\/revisions"}],"predecessor-version":[{"id":62838,"href":"https:\/\/nitu.mx\/index.php\/wp-json\/wp\/v2\/posts\/62832\/revisions\/62838"}],"wp:featuredmedia":[{"embeddable":true,"href":"https:\/\/nitu.mx\/index.php\/wp-json\/wp\/v2\/media\/62833"}],"wp:attachment":[{"href":"https:\/\/nitu.mx\/index.php\/wp-json\/wp\/v2\/media?parent=62832"}],"wp:term":[{"taxonomy":"category","embeddable":true,"href":"https:\/\/nitu.mx\/index.php\/wp-json\/wp\/v2\/categories?post=62832"},{"taxonomy":"post_tag","embeddable":true,"href":"https:\/\/nitu.mx\/index.php\/wp-json\/wp\/v2\/tags?post=62832"}],"curies":[{"name":"wp","href":"https:\/\/api.w.org\/{rel}","templated":true}]}}