{"id":62827,"date":"2023-01-02T23:20:11","date_gmt":"2023-01-03T04:20:11","guid":{"rendered":"https:\/\/www.dev.nitu.mx\/?p=62827"},"modified":"2023-01-03T01:28:37","modified_gmt":"2023-01-03T06:28:37","slug":"proyectos-de-turismo-que-estaran-listos-en-2023","status":"publish","type":"post","link":"https:\/\/nitu.mx\/index.php\/2023\/01\/02\/proyectos-de-turismo-que-estaran-listos-en-2023\/","title":{"rendered":"Proyectos de turismo que estar\u00e1n listos en 2023"},"content":{"rendered":"<p>La Secretar\u00eda de Turismo (Sectur) anunci\u00f3 que\u00a0durante 2023 quedar\u00e1n concluidos grandes proyectos\u00a0que fomentar\u00e1n el turismo en nuestro pa\u00eds, iniciados en la actual administraci\u00f3n, y que contribuir\u00e1n a diversificar la derrama econ\u00f3mica de esta importante actividad.<\/p>\n<p style=\"font-weight: 400;\">El titular de Sectur, Miguel Torruco Marqu\u00e9s, destac\u00f3 que en diciembre de 2023 ser\u00e1 inaugurado el Tren Maya, obra insignia que detonar\u00e1 el turismo en el sureste de M\u00e9xico, para abatir a\u00f1os de rezago en esta regi\u00f3n.<\/p>\n<p style=\"font-weight: 400;\">Puntualiz\u00f3 que este proyecto de gran envergadura\u00a0dispone de la mayor inversi\u00f3n en turismo de los \u00faltimos 60 a\u00f1os, y\u00a0a lo largo de 1,524 kil\u00f3metros de v\u00eda f\u00e9rrea contar\u00e1 con 20 estaciones, mejorar\u00e1 la calidad de vida de los habitantes de Yucat\u00e1n, Quintana Roo, Campeche, Tabasco y Chiapas, al conectar con 190 atractivos tur\u00edsticos de alto impacto.<\/p>\n<p style=\"font-weight: 400;\">Torruco Marqu\u00e9s precis\u00f3 que as\u00ed como esta obra, la Secretar\u00eda a su cargo trabaja en el desarrollo de productos \u2018ancla\u2019 en los diferentes estados del pa\u00eds, con el prop\u00f3sito de diversificar la actividad tur\u00edstica, as\u00ed como incrementar el gasto per c\u00e1pita de los visitantes.<\/p>\n<p style=\"font-weight: 400;\">En este sentido, indic\u00f3 que este a\u00f1o ser\u00e1 inaugurado el Acuario Mar de Cort\u00e9s, en Mazatl\u00e1n, Sinaloa, el cual se posicionar\u00e1 como el m\u00e1s grande de Am\u00e9rica Latina, y complementar\u00e1 la experiencia de los viajeros a este destino del Pac\u00edfico mexicano, junto\u00a0al ya inaugurado\u00a0Callej\u00f3n de los Beatles, entre otros atractivos tur\u00edsticos.<\/p>\n<p style=\"font-weight: 400;\">Se\u00f1al\u00f3 que este producto \u2018ancla\u2019 se sumar\u00e1 a otros que se han inaugurado en otras entidades como el\u00a0Museo de la Hoteler\u00eda Mexicana, en Orizaba, Veracruz; el Museo Armando Manzanero, en M\u00e9rida, Yucat\u00e1n; la Arena GNP Seguros, escenario del Abierto Mexicano de Tenis, en Acapulco, Guerrero; y el Barrio Chino (La Chinesca) en Mexicali, Baja California.<\/p>\n<p style=\"font-weight: 400;\">El secretario de Turismo subray\u00f3 que del 26 al 29 de marzo de 2023 se llevar\u00e1 a cabo la edici\u00f3n 47 del Tianguis Tur\u00edstico M\u00e9xico, que por primera vez ser\u00e1 en la Ciudad de M\u00e9xico, y la cual romper\u00e1 todas las marcas registradas en las 46 ediciones anteriores.<\/p>\n<p style=\"font-weight: 400;\">Asimismo, en el segundo semestre del a\u00f1o, Pachuca, Hidalgo, recibir\u00e1 la quinta edici\u00f3n del Tianguis de Pueblos M\u00e1gicos, al ser la sede bienal de este encuentro que re\u00fane a las 132 localidades que tienen este nombramiento, y que en 2022 se consolidaron como el nuevo rostro tur\u00edstico de M\u00e9xico.<\/p>\n<p style=\"font-weight: 400;\">De igual manera, en 2023 se llevar\u00e1 a cabo la segunda edici\u00f3n del Tianguis Internacional de Pueblos M\u00e1gicos, en Los \u00c1ngeles, California, al ser el principal estado emisor de turistas hacia nuestro pa\u00eds, y tras el \u00e9xito registrado en la primera edici\u00f3n, realizada en abril del a\u00f1o pasado en Barcelona, Espa\u00f1a.<\/p>\n<p style=\"font-weight: 400;\">El titular de Sectur enfatiz\u00f3 la importancia de la conectividad a\u00e9rea como piedra angular de la actividad tur\u00edstica, raz\u00f3n por la cual, para este a\u00f1o se prev\u00e9 inicie operaciones el Aeropuerto de Barrancas del Cobre, en Creel, Chihuahua; y se trabaja en la ampliaci\u00f3n y remodelaci\u00f3n de los\u00a0aeropuertos de Tepic, Nayarit; de Tamu\u00edn, San Luis Potos\u00ed; Puerto Escondido, Oaxaca; as\u00ed como la construcci\u00f3n del Aeropuerto de Tulum, en Quintana Roo.<\/p>\n<p style=\"font-weight: 400;\">Adem\u00e1s, se concretar\u00e1n proyectos estrat\u00e9gicos como\u00a0la autopista que conectar\u00e1 la ciudad de Oaxaca con el\u00a0Istmo de Tehuantepec; el Tren Interurbano M\u00e9xico-Toluca; y las obras que facilitar\u00e1n la conectividad del Aeropuerto Internacional Felipe \u00c1ngeles con el centro de la Ciudad de M\u00e9xico, como la ampliaci\u00f3n del Tren Suburbano.<\/p>\n<p style=\"font-weight: 400;\">Torruco Marqu\u00e9s afirm\u00f3 que pese a las cr\u00edticas, los grandes proyectos de turismo catapultar\u00e1n a M\u00e9xico como potencia a nivel mundial, al reiterar que desde que inici\u00f3 la recuperaci\u00f3n del sector, luego de la pandemia de Covid-19, en 2021, nuestro pa\u00eds se coloc\u00f3, de manera coyuntural, en el segundo lugar en llegada de turistas internacionales, solo por debajo de Francia; sin embargo, tambi\u00e9n se posicion\u00f3 en el noveno lugar en captaci\u00f3n de divisas por turismo, y el 29 en gasto per c\u00e1pita, cuando al inicio de la administraci\u00f3n, en estos rubros est\u00e1bamos en los sitios 17 y 40, respectivamente.\u00a0<a title=\"Sectur destaca avances en proyectos tur\u00edsticos en el pa\u00eds\" href=\"https:\/\/www.dev.nitu.mx\/index.php\/2022\/11\/24\/sectur-destaca-avances-en-proyectos-turisticos-en-el-pais\/\" rel=\"bookmark\">(Sectur destaca avances en proyectos tur\u00edsticos en el pa\u00eds<\/a>).<\/p>\n<p style=\"font-weight: 400;\">Aunado a ello, para el tercer trimestre de 2022, la Inversi\u00f3n Extranjera Directa Tur\u00edstica super\u00f3 el m\u00e1ximo hist\u00f3rico registrado, con 3 mil 147.3 millones de d\u00f3lares; y de acuerdo con las expectativas, al cierre del a\u00f1o pasado se habr\u00e1n captado 27 mil 429 millones de d\u00f3lares por turismo, esto superar\u00e1 en 11.6% lo registrado en 2019.<\/p>\n<p style=\"font-weight: 400;\">Resalt\u00f3 que todo esto fue posible, sin endeudamiento y con el estrecho trabajo de los tres \u00f3rdenes de gobierno, as\u00ed como el apoyo del sector privado; con quienes sigue el trabajo de la mano para afianzar a M\u00e9xico como potencia en materia tur\u00edstica y econ\u00f3mica.\u00a0<a title=\"Sectur ajusta expectativa de ingreso de divisas por turismo a 27 mil MDD\" href=\"https:\/\/www.dev.nitu.mx\/index.php\/2022\/12\/06\/sectur-ajusta-expectativa-de-ingreso-de-divisas-por-turismo-a-27-mil-mdd\/\" rel=\"bookmark\">(Sectur ajusta expectativa de ingreso de divisas por turismo a 27 mil MDD<\/a>).<\/p>\n","protected":false},"excerpt":{"rendered":"<p>La Secretar\u00eda de Turismo (Sectur) anunci\u00f3 que\u00a0durante 2023 quedar\u00e1n concluidos grandes proyectos\u00a0que fomentar\u00e1n el turismo en nuestro pa\u00eds, iniciados en la actual administraci\u00f3n, y que contribuir\u00e1n a diversificar la derrama econ\u00f3mica de esta importante actividad. El titular de Sectur, Miguel Torruco Marqu\u00e9s, destac\u00f3 que en diciembre de 2023 ser\u00e1 inaugurado el Tren Maya, obra insignia [&hellip;]<\/p>\n","protected":false},"author":17,"featured_media":62828,"comment_status":"open","ping_status":"open","sticky":false,"template":"","format":"standard","meta":{"footnotes":""},"categories":[12],"tags":[2625,443,910,93,11427],"yoast_head":"<!-- This site is optimized with the Yoast SEO plugin v22.2 - https:\/\/yoast.com\/wordpress\/plugins\/seo\/ -->\n<title>Proyectos de turismo que estar\u00e1n listos en 2023 - Nitu - Noticias de la Industria Turistica<\/title>\n<meta name=\"robots\" content=\"index, follow, max-snippet:-1, max-image-preview:large, max-video-preview:-1\" \/>\n<link rel=\"canonical\" href=\"https:\/\/nitu.mx\/index.php\/2023\/01\/02\/proyectos-de-turismo-que-estaran-listos-en-2023\/\" \/>\n<meta name=\"twitter:card\" content=\"summary_large_image\" \/>\n<meta name=\"twitter:title\" content=\"Proyectos de turismo que estar\u00e1n listos en 2023 - Nitu - Noticias de la Industria Turistica\" \/>\n<meta name=\"twitter:description\" content=\"La Secretar\u00eda de Turismo (Sectur) anunci\u00f3 que\u00a0durante 2023 quedar\u00e1n concluidos grandes proyectos\u00a0que fomentar\u00e1n el turismo en nuestro pa\u00eds, iniciados en la actual administraci\u00f3n, y que contribuir\u00e1n a diversificar la derrama econ\u00f3mica de esta importante actividad. El titular de Sectur, Miguel Torruco Marqu\u00e9s, destac\u00f3 que en diciembre de 2023 ser\u00e1 inaugurado el Tren Maya, obra insignia [&hellip;]\" \/>\n<meta name=\"twitter:image\" content=\"https:\/\/nitu.mx\/wp-content\/uploads\/2023\/01\/Barrancas-del-Cobre.jpg\" \/>\n<meta name=\"twitter:creator\" content=\"@NITUmx\" \/>\n<meta name=\"twitter:site\" content=\"@Arturo_Medina_G\" \/>\n<meta name=\"twitter:label1\" content=\"Escrito por\" \/>\n\t<meta name=\"twitter:data1\" content=\"Redacci\u00f3n\" \/>\n\t<meta name=\"twitter:label2\" content=\"Tiempo de lectura\" \/>\n\t<meta name=\"twitter:data2\" content=\"4 minutos\" \/>\n<script type=\"application\/ld+json\" class=\"yoast-schema-graph\">{\"@context\":\"https:\/\/schema.org\",\"@graph\":[{\"@type\":\"Article\",\"@id\":\"https:\/\/nitu.mx\/index.php\/2023\/01\/02\/proyectos-de-turismo-que-estaran-listos-en-2023\/#article\",\"isPartOf\":{\"@id\":\"https:\/\/nitu.mx\/index.php\/2023\/01\/02\/proyectos-de-turismo-que-estaran-listos-en-2023\/\"},\"author\":{\"name\":\"Redacci\u00f3n\",\"@id\":\"https:\/\/nitu.mx\/#\/schema\/person\/4a28fe9bd65924f7c90623773daf1b0b\"},\"headline\":\"Proyectos de turismo que estar\u00e1n listos en 2023\",\"datePublished\":\"2023-01-03T04:20:11+00:00\",\"dateModified\":\"2023-01-03T06:28:37+00:00\",\"mainEntityOfPage\":{\"@id\":\"https:\/\/nitu.mx\/index.php\/2023\/01\/02\/proyectos-de-turismo-que-estaran-listos-en-2023\/\"},\"wordCount\":848,\"commentCount\":0,\"publisher\":{\"@id\":\"https:\/\/nitu.mx\/#\/schema\/person\/ae7a53426417292d3dd07b45a33e01bc\"},\"image\":{\"@id\":\"https:\/\/nitu.mx\/index.php\/2023\/01\/02\/proyectos-de-turismo-que-estaran-listos-en-2023\/#primaryimage\"},\"thumbnailUrl\":\"https:\/\/nitu.mx\/wp-content\/uploads\/2023\/01\/Barrancas-del-Cobre.jpg\",\"keywords\":[\"aeropuertos\",\"Mazatl\u00e1n\",\"Miguel Torruco\",\"Sectur\",\"Tren Maya\"],\"articleSection\":[\"Marketing\"],\"inLanguage\":\"es-MX\",\"potentialAction\":[{\"@type\":\"CommentAction\",\"name\":\"Comment\",\"target\":[\"https:\/\/nitu.mx\/index.php\/2023\/01\/02\/proyectos-de-turismo-que-estaran-listos-en-2023\/#respond\"]}]},{\"@type\":\"WebPage\",\"@id\":\"https:\/\/nitu.mx\/index.php\/2023\/01\/02\/proyectos-de-turismo-que-estaran-listos-en-2023\/\",\"url\":\"https:\/\/nitu.mx\/index.php\/2023\/01\/02\/proyectos-de-turismo-que-estaran-listos-en-2023\/\",\"name\":\"Proyectos de turismo que estar\u00e1n listos en 2023 - Nitu - Noticias de la Industria Turistica\",\"isPartOf\":{\"@id\":\"https:\/\/nitu.mx\/#website\"},\"primaryImageOfPage\":{\"@id\":\"https:\/\/nitu.mx\/index.php\/2023\/01\/02\/proyectos-de-turismo-que-estaran-listos-en-2023\/#primaryimage\"},\"image\":{\"@id\":\"https:\/\/nitu.mx\/index.php\/2023\/01\/02\/proyectos-de-turismo-que-estaran-listos-en-2023\/#primaryimage\"},\"thumbnailUrl\":\"https:\/\/nitu.mx\/wp-content\/uploads\/2023\/01\/Barrancas-del-Cobre.jpg\",\"datePublished\":\"2023-01-03T04:20:11+00:00\",\"dateModified\":\"2023-01-03T06:28:37+00:00\",\"breadcrumb\":{\"@id\":\"https:\/\/nitu.mx\/index.php\/2023\/01\/02\/proyectos-de-turismo-que-estaran-listos-en-2023\/#breadcrumb\"},\"inLanguage\":\"es-MX\",\"potentialAction\":[{\"@type\":\"ReadAction\",\"target\":[\"https:\/\/nitu.mx\/index.php\/2023\/01\/02\/proyectos-de-turismo-que-estaran-listos-en-2023\/\"]}]},{\"@type\":\"ImageObject\",\"inLanguage\":\"es-MX\",\"@id\":\"https:\/\/nitu.mx\/index.php\/2023\/01\/02\/proyectos-de-turismo-que-estaran-listos-en-2023\/#primaryimage\",\"url\":\"https:\/\/nitu.mx\/wp-content\/uploads\/2023\/01\/Barrancas-del-Cobre.jpg\",\"contentUrl\":\"https:\/\/nitu.mx\/wp-content\/uploads\/2023\/01\/Barrancas-del-Cobre.jpg\",\"width\":1200,\"height\":675,\"caption\":\"Creel, Chihuahua\"},{\"@type\":\"BreadcrumbList\",\"@id\":\"https:\/\/nitu.mx\/index.php\/2023\/01\/02\/proyectos-de-turismo-que-estaran-listos-en-2023\/#breadcrumb\",\"itemListElement\":[{\"@type\":\"ListItem\",\"position\":1,\"name\":\"Inicio\",\"item\":\"https:\/\/nitu.mx\/\"},{\"@type\":\"ListItem\",\"position\":2,\"name\":\"Proyectos de turismo que estar\u00e1n listos en 2023\"}]},{\"@type\":\"WebSite\",\"@id\":\"https:\/\/nitu.mx\/#website\",\"url\":\"https:\/\/nitu.mx\/\",\"name\":\"Nitu - Noticias de la Industria Turistica\",\"description\":\"Noticias de la Industria Turistica\",\"publisher\":{\"@id\":\"https:\/\/nitu.mx\/#\/schema\/person\/ae7a53426417292d3dd07b45a33e01bc\"},\"alternateName\":\"Noticias de la Industria Turistica\",\"potentialAction\":[{\"@type\":\"SearchAction\",\"target\":{\"@type\":\"EntryPoint\",\"urlTemplate\":\"https:\/\/nitu.mx\/?s={search_term_string}\"},\"query-input\":\"required name=search_term_string\"}],\"inLanguage\":\"es-MX\"},{\"@type\":[\"Person\",\"Organization\"],\"@id\":\"https:\/\/nitu.mx\/#\/schema\/person\/ae7a53426417292d3dd07b45a33e01bc\",\"name\":\"Arturo Medina\",\"image\":{\"@type\":\"ImageObject\",\"inLanguage\":\"es-MX\",\"@id\":\"https:\/\/nitu.mx\/#\/schema\/person\/image\/\",\"url\":\"https:\/\/nitu.mx\/wp-content\/uploads\/2024\/04\/4A315622-1904-4D5C-B022-878CDC840E04-90x90-1.jpeg\",\"contentUrl\":\"https:\/\/nitu.mx\/wp-content\/uploads\/2024\/04\/4A315622-1904-4D5C-B022-878CDC840E04-90x90-1.jpeg\",\"width\":90,\"height\":90,\"caption\":\"Arturo Medina\"},\"logo\":{\"@id\":\"https:\/\/nitu.mx\/#\/schema\/person\/image\/\"},\"description\":\"Director NITU.mx, Egresado de la Escuela de Periodismo Carlos Septi\u00e9n Garc\u00eda. Periodista y analista especializado en turismo desde hace 35 a\u00f1os, radicado en Canc\u00fan Q.Roo. arturo@nitu.mx\",\"sameAs\":[\"https:\/\/nitu.mx\",\"https:\/\/www.facebook.com\/NITUmx\/\",\"medinacancun\",\"https:\/\/twitter.com\/@Arturo_Medina_G\"]},{\"@type\":\"Person\",\"@id\":\"https:\/\/nitu.mx\/#\/schema\/person\/4a28fe9bd65924f7c90623773daf1b0b\",\"name\":\"Redacci\u00f3n\",\"image\":{\"@type\":\"ImageObject\",\"inLanguage\":\"es-MX\",\"@id\":\"https:\/\/nitu.mx\/#\/schema\/person\/image\/\",\"url\":\"https:\/\/secure.gravatar.com\/avatar\/5dd011c8ccfc5cd7e4c81e42252aab38?s=96&d=mm&r=g\",\"contentUrl\":\"https:\/\/secure.gravatar.com\/avatar\/5dd011c8ccfc5cd7e4c81e42252aab38?s=96&d=mm&r=g\",\"caption\":\"Redacci\u00f3n\"},\"url\":\"https:\/\/nitu.mx\/index.php\/author\/redaccion\/\"}]}<\/script>\n<!-- \/ Yoast SEO plugin. -->","yoast_head_json":{"title":"Proyectos de turismo que estar\u00e1n listos en 2023 - Nitu - Noticias de la Industria Turistica","robots":{"index":"index","follow":"follow","max-snippet":"max-snippet:-1","max-image-preview":"max-image-preview:large","max-video-preview":"max-video-preview:-1"},"canonical":"https:\/\/nitu.mx\/index.php\/2023\/01\/02\/proyectos-de-turismo-que-estaran-listos-en-2023\/","twitter_card":"summary_large_image","twitter_title":"Proyectos de turismo que estar\u00e1n listos en 2023 - Nitu - Noticias de la Industria Turistica","twitter_description":"La Secretar\u00eda de Turismo (Sectur) anunci\u00f3 que\u00a0durante 2023 quedar\u00e1n concluidos grandes proyectos\u00a0que fomentar\u00e1n el turismo en nuestro pa\u00eds, iniciados en la actual administraci\u00f3n, y que contribuir\u00e1n a diversificar la derrama econ\u00f3mica de esta importante actividad. El titular de Sectur, Miguel Torruco Marqu\u00e9s, destac\u00f3 que en diciembre de 2023 ser\u00e1 inaugurado el Tren Maya, obra insignia [&hellip;]","twitter_image":"https:\/\/nitu.mx\/wp-content\/uploads\/2023\/01\/Barrancas-del-Cobre.jpg","twitter_creator":"@NITUmx","twitter_site":"@Arturo_Medina_G","twitter_misc":{"Escrito por":"Redacci\u00f3n","Tiempo de lectura":"4 minutos"},"schema":{"@context":"https:\/\/schema.org","@graph":[{"@type":"Article","@id":"https:\/\/nitu.mx\/index.php\/2023\/01\/02\/proyectos-de-turismo-que-estaran-listos-en-2023\/#article","isPartOf":{"@id":"https:\/\/nitu.mx\/index.php\/2023\/01\/02\/proyectos-de-turismo-que-estaran-listos-en-2023\/"},"author":{"name":"Redacci\u00f3n","@id":"https:\/\/nitu.mx\/#\/schema\/person\/4a28fe9bd65924f7c90623773daf1b0b"},"headline":"Proyectos de turismo que estar\u00e1n listos en 2023","datePublished":"2023-01-03T04:20:11+00:00","dateModified":"2023-01-03T06:28:37+00:00","mainEntityOfPage":{"@id":"https:\/\/nitu.mx\/index.php\/2023\/01\/02\/proyectos-de-turismo-que-estaran-listos-en-2023\/"},"wordCount":848,"commentCount":0,"publisher":{"@id":"https:\/\/nitu.mx\/#\/schema\/person\/ae7a53426417292d3dd07b45a33e01bc"},"image":{"@id":"https:\/\/nitu.mx\/index.php\/2023\/01\/02\/proyectos-de-turismo-que-estaran-listos-en-2023\/#primaryimage"},"thumbnailUrl":"https:\/\/nitu.mx\/wp-content\/uploads\/2023\/01\/Barrancas-del-Cobre.jpg","keywords":["aeropuertos","Mazatl\u00e1n","Miguel Torruco","Sectur","Tren Maya"],"articleSection":["Marketing"],"inLanguage":"es-MX","potentialAction":[{"@type":"CommentAction","name":"Comment","target":["https:\/\/nitu.mx\/index.php\/2023\/01\/02\/proyectos-de-turismo-que-estaran-listos-en-2023\/#respond"]}]},{"@type":"WebPage","@id":"https:\/\/nitu.mx\/index.php\/2023\/01\/02\/proyectos-de-turismo-que-estaran-listos-en-2023\/","url":"https:\/\/nitu.mx\/index.php\/2023\/01\/02\/proyectos-de-turismo-que-estaran-listos-en-2023\/","name":"Proyectos de turismo que estar\u00e1n listos en 2023 - Nitu - Noticias de la Industria Turistica","isPartOf":{"@id":"https:\/\/nitu.mx\/#website"},"primaryImageOfPage":{"@id":"https:\/\/nitu.mx\/index.php\/2023\/01\/02\/proyectos-de-turismo-que-estaran-listos-en-2023\/#primaryimage"},"image":{"@id":"https:\/\/nitu.mx\/index.php\/2023\/01\/02\/proyectos-de-turismo-que-estaran-listos-en-2023\/#primaryimage"},"thumbnailUrl":"https:\/\/nitu.mx\/wp-content\/uploads\/2023\/01\/Barrancas-del-Cobre.jpg","datePublished":"2023-01-03T04:20:11+00:00","dateModified":"2023-01-03T06:28:37+00:00","breadcrumb":{"@id":"https:\/\/nitu.mx\/index.php\/2023\/01\/02\/proyectos-de-turismo-que-estaran-listos-en-2023\/#breadcrumb"},"inLanguage":"es-MX","potentialAction":[{"@type":"ReadAction","target":["https:\/\/nitu.mx\/index.php\/2023\/01\/02\/proyectos-de-turismo-que-estaran-listos-en-2023\/"]}]},{"@type":"ImageObject","inLanguage":"es-MX","@id":"https:\/\/nitu.mx\/index.php\/2023\/01\/02\/proyectos-de-turismo-que-estaran-listos-en-2023\/#primaryimage","url":"https:\/\/nitu.mx\/wp-content\/uploads\/2023\/01\/Barrancas-del-Cobre.jpg","contentUrl":"https:\/\/nitu.mx\/wp-content\/uploads\/2023\/01\/Barrancas-del-Cobre.jpg","width":1200,"height":675,"caption":"Creel, Chihuahua"},{"@type":"BreadcrumbList","@id":"https:\/\/nitu.mx\/index.php\/2023\/01\/02\/proyectos-de-turismo-que-estaran-listos-en-2023\/#breadcrumb","itemListElement":[{"@type":"ListItem","position":1,"name":"Inicio","item":"https:\/\/nitu.mx\/"},{"@type":"ListItem","position":2,"name":"Proyectos de turismo que estar\u00e1n listos en 2023"}]},{"@type":"WebSite","@id":"https:\/\/nitu.mx\/#website","url":"https:\/\/nitu.mx\/","name":"Nitu - Noticias de la Industria Turistica","description":"Noticias de la Industria Turistica","publisher":{"@id":"https:\/\/nitu.mx\/#\/schema\/person\/ae7a53426417292d3dd07b45a33e01bc"},"alternateName":"Noticias de la Industria Turistica","potentialAction":[{"@type":"SearchAction","target":{"@type":"EntryPoint","urlTemplate":"https:\/\/nitu.mx\/?s={search_term_string}"},"query-input":"required name=search_term_string"}],"inLanguage":"es-MX"},{"@type":["Person","Organization"],"@id":"https:\/\/nitu.mx\/#\/schema\/person\/ae7a53426417292d3dd07b45a33e01bc","name":"Arturo Medina","image":{"@type":"ImageObject","inLanguage":"es-MX","@id":"https:\/\/nitu.mx\/#\/schema\/person\/image\/","url":"https:\/\/nitu.mx\/wp-content\/uploads\/2024\/04\/4A315622-1904-4D5C-B022-878CDC840E04-90x90-1.jpeg","contentUrl":"https:\/\/nitu.mx\/wp-content\/uploads\/2024\/04\/4A315622-1904-4D5C-B022-878CDC840E04-90x90-1.jpeg","width":90,"height":90,"caption":"Arturo Medina"},"logo":{"@id":"https:\/\/nitu.mx\/#\/schema\/person\/image\/"},"description":"Director NITU.mx, Egresado de la Escuela de Periodismo Carlos Septi\u00e9n Garc\u00eda. Periodista y analista especializado en turismo desde hace 35 a\u00f1os, radicado en Canc\u00fan Q.Roo. arturo@nitu.mx","sameAs":["https:\/\/nitu.mx","https:\/\/www.facebook.com\/NITUmx\/","medinacancun","https:\/\/twitter.com\/@Arturo_Medina_G"]},{"@type":"Person","@id":"https:\/\/nitu.mx\/#\/schema\/person\/4a28fe9bd65924f7c90623773daf1b0b","name":"Redacci\u00f3n","image":{"@type":"ImageObject","inLanguage":"es-MX","@id":"https:\/\/nitu.mx\/#\/schema\/person\/image\/","url":"https:\/\/secure.gravatar.com\/avatar\/5dd011c8ccfc5cd7e4c81e42252aab38?s=96&d=mm&r=g","contentUrl":"https:\/\/secure.gravatar.com\/avatar\/5dd011c8ccfc5cd7e4c81e42252aab38?s=96&d=mm&r=g","caption":"Redacci\u00f3n"},"url":"https:\/\/nitu.mx\/index.php\/author\/redaccion\/"}]}},"views":350,"_links":{"self":[{"href":"https:\/\/nitu.mx\/index.php\/wp-json\/wp\/v2\/posts\/62827"}],"collection":[{"href":"https:\/\/nitu.mx\/index.php\/wp-json\/wp\/v2\/posts"}],"about":[{"href":"https:\/\/nitu.mx\/index.php\/wp-json\/wp\/v2\/types\/post"}],"author":[{"embeddable":true,"href":"https:\/\/nitu.mx\/index.php\/wp-json\/wp\/v2\/users\/17"}],"replies":[{"embeddable":true,"href":"https:\/\/nitu.mx\/index.php\/wp-json\/wp\/v2\/comments?post=62827"}],"version-history":[{"count":1,"href":"https:\/\/nitu.mx\/index.php\/wp-json\/wp\/v2\/posts\/62827\/revisions"}],"predecessor-version":[{"id":62829,"href":"https:\/\/nitu.mx\/index.php\/wp-json\/wp\/v2\/posts\/62827\/revisions\/62829"}],"wp:featuredmedia":[{"embeddable":true,"href":"https:\/\/nitu.mx\/index.php\/wp-json\/wp\/v2\/media\/62828"}],"wp:attachment":[{"href":"https:\/\/nitu.mx\/index.php\/wp-json\/wp\/v2\/media?parent=62827"}],"wp:term":[{"taxonomy":"category","embeddable":true,"href":"https:\/\/nitu.mx\/index.php\/wp-json\/wp\/v2\/categories?post=62827"},{"taxonomy":"post_tag","embeddable":true,"href":"https:\/\/nitu.mx\/index.php\/wp-json\/wp\/v2\/tags?post=62827"}],"curies":[{"name":"wp","href":"https:\/\/api.w.org\/{rel}","templated":true}]}}