{"id":62819,"date":"2023-01-02T01:03:44","date_gmt":"2023-01-02T06:03:44","guid":{"rendered":"https:\/\/www.dev.nitu.mx\/?p=62819"},"modified":"2023-01-02T01:03:57","modified_gmt":"2023-01-02T06:03:57","slug":"planea-asur-reactivar-terminal-uno-en-cancun-ante-creciente-demanda","status":"publish","type":"post","link":"https:\/\/nitu.mx\/index.php\/2023\/01\/02\/planea-asur-reactivar-terminal-uno-en-cancun-ante-creciente-demanda\/","title":{"rendered":"Planea ASUR reactivar terminal uno en Canc\u00fan ante creciente demanda"},"content":{"rendered":"<p>Luego de la saturaci\u00f3n de las tres terminales que opera ASUR en el Aeropuerto Internacional de Canc\u00fan, se considera el proyecto de reactivar la terminal 1 que est\u00e1n sin operar desde la inauguraci\u00f3n de la terminal 4.<\/p>\n<p>La inversi\u00f3n que se deber\u00e1 hacer es considerable, pues tras el hurac\u00e1n Wilma la estructura del edificio terminal se da\u00f1\u00f3 y aunque fue utilizada parcialmente por Viva Aerobus y Magnicharters antes de que estuviera lista la terminal 4, si se le quiere utilizar completa deber\u00e1 \u00a0sufrir grandes transformaciones.<\/p>\n<p>Aunque podr\u00eda ayudar ante el crecimiento de la demanda que ha tenido el aeropuerto que recientemente lleg\u00f3 a 30 millones de pasajeros y que creci\u00f3 casi 20 por ciento respecto al 2019 (a\u00f1o de referencia pre pandemia) la terminal 1 no cuenta con muchas de las comodidades de un aeropuerto moderno, son solo 7 puertas sin aeropasillos, ya que originalmente fue creada para vuelos charter.<\/p>\n<p>Aunque las fuentes consultadas no dieron montos ni fechas, parece que ASUR tendr\u00e1 que adelantar los planes de crecimiento del Aeropuerto, ya que el 31 de octubre de 2017 cuando se inaugur\u00f3 la terminal 4 se previa que con esta infraestructura se ampliar\u00eda su capacidad para transportar hasta 31 millones de pasajeros misma que pr\u00e1cticamente se alcanz\u00f3 este reci\u00e9n terminado 2022.<\/p>\n","protected":false},"excerpt":{"rendered":"<p>Luego de la saturaci\u00f3n de las tres terminales que opera ASUR en el Aeropuerto Internacional de Canc\u00fan, se considera el proyecto de reactivar la terminal 1 que est\u00e1n sin operar desde la inauguraci\u00f3n de la terminal 4. La inversi\u00f3n que se deber\u00e1 hacer es considerable, pues tras el hurac\u00e1n Wilma la estructura del edificio terminal [&hellip;]<\/p>\n","protected":false},"author":2,"featured_media":5307,"comment_status":"open","ping_status":"open","sticky":false,"template":"","format":"standard","meta":{"footnotes":""},"categories":[19462],"tags":[3233,198,1339,7111,2102],"yoast_head":"<!-- This site is optimized with the Yoast SEO plugin v22.2 - https:\/\/yoast.com\/wordpress\/plugins\/seo\/ -->\n<title>Planea ASUR reactivar terminal uno en Canc\u00fan ante creciente demanda - Nitu - Noticias de la Industria Turistica<\/title>\n<meta name=\"robots\" content=\"index, follow, max-snippet:-1, max-image-preview:large, max-video-preview:-1\" \/>\n<link rel=\"canonical\" href=\"https:\/\/nitu.mx\/index.php\/2023\/01\/02\/planea-asur-reactivar-terminal-uno-en-cancun-ante-creciente-demanda\/\" \/>\n<meta name=\"twitter:card\" content=\"summary_large_image\" \/>\n<meta name=\"twitter:title\" content=\"Planea ASUR reactivar terminal uno en Canc\u00fan ante creciente demanda - Nitu - Noticias de la Industria Turistica\" \/>\n<meta name=\"twitter:description\" content=\"Luego de la saturaci\u00f3n de las tres terminales que opera ASUR en el Aeropuerto Internacional de Canc\u00fan, se considera el proyecto de reactivar la terminal 1 que est\u00e1n sin operar desde la inauguraci\u00f3n de la terminal 4. La inversi\u00f3n que se deber\u00e1 hacer es considerable, pues tras el hurac\u00e1n Wilma la estructura del edificio terminal [&hellip;]\" \/>\n<meta name=\"twitter:image\" content=\"https:\/\/nitu.mx\/wp-content\/uploads\/2016\/12\/Aeropuerto-Canc\u00fan.jpg\" \/>\n<meta name=\"twitter:creator\" content=\"@Arturo_Medina_G\" \/>\n<meta name=\"twitter:site\" content=\"@Arturo_Medina_G\" \/>\n<meta name=\"twitter:label1\" content=\"Escrito por\" \/>\n\t<meta name=\"twitter:data1\" content=\"Arturo Medina\" \/>\n\t<meta name=\"twitter:label2\" content=\"Tiempo de lectura\" \/>\n\t<meta name=\"twitter:data2\" content=\"1 minuto\" \/>\n<script type=\"application\/ld+json\" class=\"yoast-schema-graph\">{\"@context\":\"https:\/\/schema.org\",\"@graph\":[{\"@type\":\"Article\",\"@id\":\"https:\/\/nitu.mx\/index.php\/2023\/01\/02\/planea-asur-reactivar-terminal-uno-en-cancun-ante-creciente-demanda\/#article\",\"isPartOf\":{\"@id\":\"https:\/\/nitu.mx\/index.php\/2023\/01\/02\/planea-asur-reactivar-terminal-uno-en-cancun-ante-creciente-demanda\/\"},\"author\":{\"name\":\"Arturo Medina\",\"@id\":\"https:\/\/nitu.mx\/#\/schema\/person\/ae7a53426417292d3dd07b45a33e01bc\"},\"headline\":\"Planea ASUR reactivar terminal uno en Canc\u00fan ante creciente demanda\",\"datePublished\":\"2023-01-02T06:03:44+00:00\",\"dateModified\":\"2023-01-02T06:03:57+00:00\",\"mainEntityOfPage\":{\"@id\":\"https:\/\/nitu.mx\/index.php\/2023\/01\/02\/planea-asur-reactivar-terminal-uno-en-cancun-ante-creciente-demanda\/\"},\"wordCount\":220,\"commentCount\":0,\"publisher\":{\"@id\":\"https:\/\/nitu.mx\/#\/schema\/person\/ae7a53426417292d3dd07b45a33e01bc\"},\"image\":{\"@id\":\"https:\/\/nitu.mx\/index.php\/2023\/01\/02\/planea-asur-reactivar-terminal-uno-en-cancun-ante-creciente-demanda\/#primaryimage\"},\"thumbnailUrl\":\"https:\/\/nitu.mx\/wp-content\/uploads\/2016\/12\/Aeropuerto-Canc\u00fan.jpg\",\"keywords\":[\"Aeropuerto de Canc\u00fan\",\"ASUR\",\"Magnicharters\",\"Terminal 1\",\"Viva Aerobus\"],\"articleSection\":[\"Aeropuertos\"],\"inLanguage\":\"es-MX\",\"potentialAction\":[{\"@type\":\"CommentAction\",\"name\":\"Comment\",\"target\":[\"https:\/\/nitu.mx\/index.php\/2023\/01\/02\/planea-asur-reactivar-terminal-uno-en-cancun-ante-creciente-demanda\/#respond\"]}]},{\"@type\":\"WebPage\",\"@id\":\"https:\/\/nitu.mx\/index.php\/2023\/01\/02\/planea-asur-reactivar-terminal-uno-en-cancun-ante-creciente-demanda\/\",\"url\":\"https:\/\/nitu.mx\/index.php\/2023\/01\/02\/planea-asur-reactivar-terminal-uno-en-cancun-ante-creciente-demanda\/\",\"name\":\"Planea ASUR reactivar terminal uno en Canc\u00fan ante creciente demanda - Nitu - Noticias de la Industria Turistica\",\"isPartOf\":{\"@id\":\"https:\/\/nitu.mx\/#website\"},\"primaryImageOfPage\":{\"@id\":\"https:\/\/nitu.mx\/index.php\/2023\/01\/02\/planea-asur-reactivar-terminal-uno-en-cancun-ante-creciente-demanda\/#primaryimage\"},\"image\":{\"@id\":\"https:\/\/nitu.mx\/index.php\/2023\/01\/02\/planea-asur-reactivar-terminal-uno-en-cancun-ante-creciente-demanda\/#primaryimage\"},\"thumbnailUrl\":\"https:\/\/nitu.mx\/wp-content\/uploads\/2016\/12\/Aeropuerto-Canc\u00fan.jpg\",\"datePublished\":\"2023-01-02T06:03:44+00:00\",\"dateModified\":\"2023-01-02T06:03:57+00:00\",\"breadcrumb\":{\"@id\":\"https:\/\/nitu.mx\/index.php\/2023\/01\/02\/planea-asur-reactivar-terminal-uno-en-cancun-ante-creciente-demanda\/#breadcrumb\"},\"inLanguage\":\"es-MX\",\"potentialAction\":[{\"@type\":\"ReadAction\",\"target\":[\"https:\/\/nitu.mx\/index.php\/2023\/01\/02\/planea-asur-reactivar-terminal-uno-en-cancun-ante-creciente-demanda\/\"]}]},{\"@type\":\"ImageObject\",\"inLanguage\":\"es-MX\",\"@id\":\"https:\/\/nitu.mx\/index.php\/2023\/01\/02\/planea-asur-reactivar-terminal-uno-en-cancun-ante-creciente-demanda\/#primaryimage\",\"url\":\"https:\/\/nitu.mx\/wp-content\/uploads\/2016\/12\/Aeropuerto-Canc\u00fan.jpg\",\"contentUrl\":\"https:\/\/nitu.mx\/wp-content\/uploads\/2016\/12\/Aeropuerto-Canc\u00fan.jpg\",\"width\":923,\"height\":585,\"caption\":\"Hotel en el Aeropuerto Canc\u00fan\"},{\"@type\":\"BreadcrumbList\",\"@id\":\"https:\/\/nitu.mx\/index.php\/2023\/01\/02\/planea-asur-reactivar-terminal-uno-en-cancun-ante-creciente-demanda\/#breadcrumb\",\"itemListElement\":[{\"@type\":\"ListItem\",\"position\":1,\"name\":\"Inicio\",\"item\":\"https:\/\/nitu.mx\/\"},{\"@type\":\"ListItem\",\"position\":2,\"name\":\"Planea ASUR reactivar terminal uno en Canc\u00fan ante creciente demanda\"}]},{\"@type\":\"WebSite\",\"@id\":\"https:\/\/nitu.mx\/#website\",\"url\":\"https:\/\/nitu.mx\/\",\"name\":\"Nitu - Noticias de la Industria Turistica\",\"description\":\"Noticias de la Industria Turistica\",\"publisher\":{\"@id\":\"https:\/\/nitu.mx\/#\/schema\/person\/ae7a53426417292d3dd07b45a33e01bc\"},\"alternateName\":\"Noticias de la Industria Turistica\",\"potentialAction\":[{\"@type\":\"SearchAction\",\"target\":{\"@type\":\"EntryPoint\",\"urlTemplate\":\"https:\/\/nitu.mx\/?s={search_term_string}\"},\"query-input\":\"required name=search_term_string\"}],\"inLanguage\":\"es-MX\"},{\"@type\":[\"Person\",\"Organization\"],\"@id\":\"https:\/\/nitu.mx\/#\/schema\/person\/ae7a53426417292d3dd07b45a33e01bc\",\"name\":\"Arturo Medina\",\"image\":{\"@type\":\"ImageObject\",\"inLanguage\":\"es-MX\",\"@id\":\"https:\/\/nitu.mx\/#\/schema\/person\/image\/\",\"url\":\"https:\/\/nitu.mx\/wp-content\/uploads\/2024\/04\/4A315622-1904-4D5C-B022-878CDC840E04-90x90-1.jpeg\",\"contentUrl\":\"https:\/\/nitu.mx\/wp-content\/uploads\/2024\/04\/4A315622-1904-4D5C-B022-878CDC840E04-90x90-1.jpeg\",\"width\":90,\"height\":90,\"caption\":\"Arturo Medina\"},\"logo\":{\"@id\":\"https:\/\/nitu.mx\/#\/schema\/person\/image\/\"},\"description\":\"Director NITU.mx, Egresado de la Escuela de Periodismo Carlos Septi\u00e9n Garc\u00eda. Periodista y analista especializado en turismo desde hace 35 a\u00f1os, radicado en Canc\u00fan Q.Roo. arturo@nitu.mx\",\"sameAs\":[\"https:\/\/nitu.mx\",\"https:\/\/www.facebook.com\/NITUmx\/\",\"medinacancun\",\"https:\/\/twitter.com\/@Arturo_Medina_G\"],\"url\":\"https:\/\/nitu.mx\/index.php\/author\/arturo-medina\/\"}]}<\/script>\n<!-- \/ Yoast SEO plugin. -->","yoast_head_json":{"title":"Planea ASUR reactivar terminal uno en Canc\u00fan ante creciente demanda - Nitu - Noticias de la Industria Turistica","robots":{"index":"index","follow":"follow","max-snippet":"max-snippet:-1","max-image-preview":"max-image-preview:large","max-video-preview":"max-video-preview:-1"},"canonical":"https:\/\/nitu.mx\/index.php\/2023\/01\/02\/planea-asur-reactivar-terminal-uno-en-cancun-ante-creciente-demanda\/","twitter_card":"summary_large_image","twitter_title":"Planea ASUR reactivar terminal uno en Canc\u00fan ante creciente demanda - Nitu - Noticias de la Industria Turistica","twitter_description":"Luego de la saturaci\u00f3n de las tres terminales que opera ASUR en el Aeropuerto Internacional de Canc\u00fan, se considera el proyecto de reactivar la terminal 1 que est\u00e1n sin operar desde la inauguraci\u00f3n de la terminal 4. La inversi\u00f3n que se deber\u00e1 hacer es considerable, pues tras el hurac\u00e1n Wilma la estructura del edificio terminal [&hellip;]","twitter_image":"https:\/\/nitu.mx\/wp-content\/uploads\/2016\/12\/Aeropuerto-Canc\u00fan.jpg","twitter_creator":"@Arturo_Medina_G","twitter_site":"@Arturo_Medina_G","twitter_misc":{"Escrito por":"Arturo Medina","Tiempo de lectura":"1 minuto"},"schema":{"@context":"https:\/\/schema.org","@graph":[{"@type":"Article","@id":"https:\/\/nitu.mx\/index.php\/2023\/01\/02\/planea-asur-reactivar-terminal-uno-en-cancun-ante-creciente-demanda\/#article","isPartOf":{"@id":"https:\/\/nitu.mx\/index.php\/2023\/01\/02\/planea-asur-reactivar-terminal-uno-en-cancun-ante-creciente-demanda\/"},"author":{"name":"Arturo Medina","@id":"https:\/\/nitu.mx\/#\/schema\/person\/ae7a53426417292d3dd07b45a33e01bc"},"headline":"Planea ASUR reactivar terminal uno en Canc\u00fan ante creciente demanda","datePublished":"2023-01-02T06:03:44+00:00","dateModified":"2023-01-02T06:03:57+00:00","mainEntityOfPage":{"@id":"https:\/\/nitu.mx\/index.php\/2023\/01\/02\/planea-asur-reactivar-terminal-uno-en-cancun-ante-creciente-demanda\/"},"wordCount":220,"commentCount":0,"publisher":{"@id":"https:\/\/nitu.mx\/#\/schema\/person\/ae7a53426417292d3dd07b45a33e01bc"},"image":{"@id":"https:\/\/nitu.mx\/index.php\/2023\/01\/02\/planea-asur-reactivar-terminal-uno-en-cancun-ante-creciente-demanda\/#primaryimage"},"thumbnailUrl":"https:\/\/nitu.mx\/wp-content\/uploads\/2016\/12\/Aeropuerto-Canc\u00fan.jpg","keywords":["Aeropuerto de Canc\u00fan","ASUR","Magnicharters","Terminal 1","Viva Aerobus"],"articleSection":["Aeropuertos"],"inLanguage":"es-MX","potentialAction":[{"@type":"CommentAction","name":"Comment","target":["https:\/\/nitu.mx\/index.php\/2023\/01\/02\/planea-asur-reactivar-terminal-uno-en-cancun-ante-creciente-demanda\/#respond"]}]},{"@type":"WebPage","@id":"https:\/\/nitu.mx\/index.php\/2023\/01\/02\/planea-asur-reactivar-terminal-uno-en-cancun-ante-creciente-demanda\/","url":"https:\/\/nitu.mx\/index.php\/2023\/01\/02\/planea-asur-reactivar-terminal-uno-en-cancun-ante-creciente-demanda\/","name":"Planea ASUR reactivar terminal uno en Canc\u00fan ante creciente demanda - Nitu - Noticias de la Industria Turistica","isPartOf":{"@id":"https:\/\/nitu.mx\/#website"},"primaryImageOfPage":{"@id":"https:\/\/nitu.mx\/index.php\/2023\/01\/02\/planea-asur-reactivar-terminal-uno-en-cancun-ante-creciente-demanda\/#primaryimage"},"image":{"@id":"https:\/\/nitu.mx\/index.php\/2023\/01\/02\/planea-asur-reactivar-terminal-uno-en-cancun-ante-creciente-demanda\/#primaryimage"},"thumbnailUrl":"https:\/\/nitu.mx\/wp-content\/uploads\/2016\/12\/Aeropuerto-Canc\u00fan.jpg","datePublished":"2023-01-02T06:03:44+00:00","dateModified":"2023-01-02T06:03:57+00:00","breadcrumb":{"@id":"https:\/\/nitu.mx\/index.php\/2023\/01\/02\/planea-asur-reactivar-terminal-uno-en-cancun-ante-creciente-demanda\/#breadcrumb"},"inLanguage":"es-MX","potentialAction":[{"@type":"ReadAction","target":["https:\/\/nitu.mx\/index.php\/2023\/01\/02\/planea-asur-reactivar-terminal-uno-en-cancun-ante-creciente-demanda\/"]}]},{"@type":"ImageObject","inLanguage":"es-MX","@id":"https:\/\/nitu.mx\/index.php\/2023\/01\/02\/planea-asur-reactivar-terminal-uno-en-cancun-ante-creciente-demanda\/#primaryimage","url":"https:\/\/nitu.mx\/wp-content\/uploads\/2016\/12\/Aeropuerto-Canc\u00fan.jpg","contentUrl":"https:\/\/nitu.mx\/wp-content\/uploads\/2016\/12\/Aeropuerto-Canc\u00fan.jpg","width":923,"height":585,"caption":"Hotel en el Aeropuerto Canc\u00fan"},{"@type":"BreadcrumbList","@id":"https:\/\/nitu.mx\/index.php\/2023\/01\/02\/planea-asur-reactivar-terminal-uno-en-cancun-ante-creciente-demanda\/#breadcrumb","itemListElement":[{"@type":"ListItem","position":1,"name":"Inicio","item":"https:\/\/nitu.mx\/"},{"@type":"ListItem","position":2,"name":"Planea ASUR reactivar terminal uno en Canc\u00fan ante creciente demanda"}]},{"@type":"WebSite","@id":"https:\/\/nitu.mx\/#website","url":"https:\/\/nitu.mx\/","name":"Nitu - Noticias de la Industria Turistica","description":"Noticias de la Industria Turistica","publisher":{"@id":"https:\/\/nitu.mx\/#\/schema\/person\/ae7a53426417292d3dd07b45a33e01bc"},"alternateName":"Noticias de la Industria Turistica","potentialAction":[{"@type":"SearchAction","target":{"@type":"EntryPoint","urlTemplate":"https:\/\/nitu.mx\/?s={search_term_string}"},"query-input":"required name=search_term_string"}],"inLanguage":"es-MX"},{"@type":["Person","Organization"],"@id":"https:\/\/nitu.mx\/#\/schema\/person\/ae7a53426417292d3dd07b45a33e01bc","name":"Arturo Medina","image":{"@type":"ImageObject","inLanguage":"es-MX","@id":"https:\/\/nitu.mx\/#\/schema\/person\/image\/","url":"https:\/\/nitu.mx\/wp-content\/uploads\/2024\/04\/4A315622-1904-4D5C-B022-878CDC840E04-90x90-1.jpeg","contentUrl":"https:\/\/nitu.mx\/wp-content\/uploads\/2024\/04\/4A315622-1904-4D5C-B022-878CDC840E04-90x90-1.jpeg","width":90,"height":90,"caption":"Arturo Medina"},"logo":{"@id":"https:\/\/nitu.mx\/#\/schema\/person\/image\/"},"description":"Director NITU.mx, Egresado de la Escuela de Periodismo Carlos Septi\u00e9n Garc\u00eda. Periodista y analista especializado en turismo desde hace 35 a\u00f1os, radicado en Canc\u00fan Q.Roo. arturo@nitu.mx","sameAs":["https:\/\/nitu.mx","https:\/\/www.facebook.com\/NITUmx\/","medinacancun","https:\/\/twitter.com\/@Arturo_Medina_G"],"url":"https:\/\/nitu.mx\/index.php\/author\/arturo-medina\/"}]}},"views":568,"_links":{"self":[{"href":"https:\/\/nitu.mx\/index.php\/wp-json\/wp\/v2\/posts\/62819"}],"collection":[{"href":"https:\/\/nitu.mx\/index.php\/wp-json\/wp\/v2\/posts"}],"about":[{"href":"https:\/\/nitu.mx\/index.php\/wp-json\/wp\/v2\/types\/post"}],"author":[{"embeddable":true,"href":"https:\/\/nitu.mx\/index.php\/wp-json\/wp\/v2\/users\/2"}],"replies":[{"embeddable":true,"href":"https:\/\/nitu.mx\/index.php\/wp-json\/wp\/v2\/comments?post=62819"}],"version-history":[{"count":4,"href":"https:\/\/nitu.mx\/index.php\/wp-json\/wp\/v2\/posts\/62819\/revisions"}],"predecessor-version":[{"id":62823,"href":"https:\/\/nitu.mx\/index.php\/wp-json\/wp\/v2\/posts\/62819\/revisions\/62823"}],"wp:featuredmedia":[{"embeddable":true,"href":"https:\/\/nitu.mx\/index.php\/wp-json\/wp\/v2\/media\/5307"}],"wp:attachment":[{"href":"https:\/\/nitu.mx\/index.php\/wp-json\/wp\/v2\/media?parent=62819"}],"wp:term":[{"taxonomy":"category","embeddable":true,"href":"https:\/\/nitu.mx\/index.php\/wp-json\/wp\/v2\/categories?post=62819"},{"taxonomy":"post_tag","embeddable":true,"href":"https:\/\/nitu.mx\/index.php\/wp-json\/wp\/v2\/tags?post=62819"}],"curies":[{"name":"wp","href":"https:\/\/api.w.org\/{rel}","templated":true}]}}