{"id":62671,"date":"2022-12-20T00:00:03","date_gmt":"2022-12-20T05:00:03","guid":{"rendered":"https:\/\/www.dev.nitu.mx\/?p=62671"},"modified":"2022-12-20T00:20:31","modified_gmt":"2022-12-20T05:20:31","slug":"aloft-crece-en-el-caribe-mexicano-con-nuevo-hotel-en-playa-del-carmen","status":"publish","type":"post","link":"https:\/\/nitu.mx\/index.php\/2022\/12\/20\/aloft-crece-en-el-caribe-mexicano-con-nuevo-hotel-en-playa-del-carmen\/","title":{"rendered":"Aloft crece en el Caribe Mexicano con nuevo hotel en Playa del Carmen"},"content":{"rendered":"<p style=\"font-weight: 400;\">Aloft Hotels, la marca hotelera para los fan\u00e1ticos de la m\u00fasica y viajeros impulsados por el dise\u00f1o, que es parte del portafolio de 30 extraordinarias marcas de Marriott Bonvoy, lleg\u00f3 a Playa del Carmen.<\/p>\n<p style=\"font-weight: 400;\">Siendo el tercer Aloft Hotel en el Caribe Mexicano, Aloft Playa del Carmen est\u00e1 ubicado a una calle de la vibrante y din\u00e1mica Quinta Avenida, un lugar emblem\u00e1tico rodeado de restaurantes, bares, tiendas y a pocos pasos de sus hermosas playas.<\/p>\n<p style=\"font-weight: 400;\"><span style=\"font-weight: 400;\">Este nuevo hotel cuenta con 167 habitaciones para el descanso y comodidad de los hu\u00e9spedes que gustan de espacios pr\u00e1cticos equipados con todo lo necesario para satisfacer sus necesidades.<\/span><\/p>\n<p style=\"font-weight: 400;\">\u201cEl posicionamiento de la marca Aloft est\u00e1 anclado en tres principales pasiones: la m\u00fasica, el dise\u00f1o y la tecnolog\u00eda, y estamos muy emocionados de llevar este concepto a una de las playas m\u00e1s hermosas de M\u00e9xico\u201d coment\u00f3 Brian King, presidente de Marriott International en el Caribe y Latinoam\u00e9rica.<\/p>\n<p style=\"font-weight: 400;\">\u201cEl viajero Aloft es muy independiente, siempre encuentra nuevas formas de expresarse y lo estamos invitando a explorar y experimentar sus pasiones en Playa del Carmen\u201d, agreg\u00f3 el directivo.<\/p>\n<p style=\"font-weight: 400;\">La historia de Playa del Carmen se remonta a los pobladores mayas que habitaron la zona conocida como Xaman-H\u00e1. Hay vestigios de construcciones prehisp\u00e1nicas en la zona de Playacar.<\/p>\n<p style=\"font-weight: 400;\">De Xcaret y de estas costas sal\u00edan cada a\u00f1o creyentes para ofrecerle tributo a Ixchel, la diosa maya que ten\u00eda su santuario principal en Cozumel. Por eso, hoy Playa del Carmen es un destino cosmopolita visitado por turistas de todo el mundo.<\/p>\n<p style=\"font-weight: 400;\">Los modernos y c\u00f3modos espacios p\u00fablicos del Aloft Playa del Carmen fueron dise\u00f1ados para crear un ambiente ideal para la interacci\u00f3n de hu\u00e9spedes y visitantes: el W XYZ bar y el Re:mix lounge son los escenarios perfectos para escuchar las propuestas musicales de artistas locales, degustar c\u00f3cteles inspirados en la m\u00fasica o jugar una partida de billar; el restaurante de cocina internacional Nook y la oferta de comida para llevar Re:fuel by Aloft satisfar\u00e1n a los viajeros hambrientos.<\/p>\n<p style=\"font-weight: 400;\">Por \u00faltimo, en la azotea de la propiedad, los hu\u00e9spedes pueden disfrutar del Splash Rooftop que cuenta con dos piscinas infinitas con un ambiente lounge y espectaculares vistas al mar y a la ciudad.<\/p>\n<p style=\"font-weight: 400;\">Aloft Playa del Carmen ser\u00e1 un refugio para los n\u00f3madas digitales con espacios de trabajo exclusivos, tres salas equipadas con tecnolog\u00eda audiovisual y WiFi de alta velocidad, con una capacidad para 20 personas, as\u00ed como dos espacios privados ideales para videoconferencias.<\/p>\n<p style=\"font-weight: 400;\">Para mayor comodidad de los hu\u00e9spedes, la propiedad ofrece varias funciones de alta tecnolog\u00eda, incluyendo un programa de llave m\u00f3vil para acceder a las habitaciones.<\/p>\n<p style=\"font-weight: 400;\">El hotel tambi\u00e9n ofrece servicios especiales como el programa para ni\u00f1os Camp Aloft, el programa para mascotas ARF (Animals R Fun) y el espacio Live at Aloft, que presenta a m\u00fasicos locales.\u00a0<a title=\"Marriott International lleva su proyecto Aloft a Tulum\" href=\"https:\/\/www.dev.nitu.mx\/index.php\/2021\/01\/07\/marriott-international-lleva-su-proyecto-aloft-a-tulum\/\" rel=\"bookmark\">(Marriott International lleva su proyecto Aloft a Tulum<\/a>)<\/p>\n","protected":false},"excerpt":{"rendered":"<p>Aloft Hotels, la marca hotelera para los fan\u00e1ticos de la m\u00fasica y viajeros impulsados por el dise\u00f1o, que es parte del portafolio de 30 extraordinarias marcas de Marriott Bonvoy, lleg\u00f3 a Playa del Carmen. Siendo el tercer Aloft Hotel en el Caribe Mexicano, Aloft Playa del Carmen est\u00e1 ubicado a una calle de la vibrante [&hellip;]<\/p>\n","protected":false},"author":17,"featured_media":62672,"comment_status":"open","ping_status":"open","sticky":false,"template":"","format":"standard","meta":{"footnotes":""},"categories":[2],"tags":[4196,15561,405],"yoast_head":"<!-- This site is optimized with the Yoast SEO plugin v22.2 - https:\/\/yoast.com\/wordpress\/plugins\/seo\/ -->\n<title>Aloft crece en el Caribe Mexicano con nuevo hotel en Playa del Carmen - Nitu - Noticias de la Industria Turistica<\/title>\n<meta name=\"robots\" content=\"index, follow, max-snippet:-1, max-image-preview:large, max-video-preview:-1\" \/>\n<link rel=\"canonical\" href=\"https:\/\/nitu.mx\/index.php\/2022\/12\/20\/aloft-crece-en-el-caribe-mexicano-con-nuevo-hotel-en-playa-del-carmen\/\" \/>\n<meta name=\"twitter:card\" content=\"summary_large_image\" \/>\n<meta name=\"twitter:title\" content=\"Aloft crece en el Caribe Mexicano con nuevo hotel en Playa del Carmen - Nitu - Noticias de la Industria Turistica\" \/>\n<meta name=\"twitter:description\" content=\"Aloft Hotels, la marca hotelera para los fan\u00e1ticos de la m\u00fasica y viajeros impulsados por el dise\u00f1o, que es parte del portafolio de 30 extraordinarias marcas de Marriott Bonvoy, lleg\u00f3 a Playa del Carmen. Siendo el tercer Aloft Hotel en el Caribe Mexicano, Aloft Playa del Carmen est\u00e1 ubicado a una calle de la vibrante [&hellip;]\" \/>\n<meta name=\"twitter:image\" content=\"https:\/\/nitu.mx\/wp-content\/uploads\/2022\/12\/Aloft-Playa-del-Carmen.jpg\" \/>\n<meta name=\"twitter:creator\" content=\"@NITUmx\" \/>\n<meta name=\"twitter:site\" content=\"@Arturo_Medina_G\" \/>\n<meta name=\"twitter:label1\" content=\"Escrito por\" \/>\n\t<meta name=\"twitter:data1\" content=\"Redacci\u00f3n\" \/>\n\t<meta name=\"twitter:label2\" content=\"Tiempo de lectura\" \/>\n\t<meta name=\"twitter:data2\" content=\"3 minutos\" \/>\n<script type=\"application\/ld+json\" class=\"yoast-schema-graph\">{\"@context\":\"https:\/\/schema.org\",\"@graph\":[{\"@type\":\"Article\",\"@id\":\"https:\/\/nitu.mx\/index.php\/2022\/12\/20\/aloft-crece-en-el-caribe-mexicano-con-nuevo-hotel-en-playa-del-carmen\/#article\",\"isPartOf\":{\"@id\":\"https:\/\/nitu.mx\/index.php\/2022\/12\/20\/aloft-crece-en-el-caribe-mexicano-con-nuevo-hotel-en-playa-del-carmen\/\"},\"author\":{\"name\":\"Redacci\u00f3n\",\"@id\":\"https:\/\/nitu.mx\/#\/schema\/person\/4a28fe9bd65924f7c90623773daf1b0b\"},\"headline\":\"Aloft crece en el Caribe Mexicano con nuevo hotel en Playa del Carmen\",\"datePublished\":\"2022-12-20T05:00:03+00:00\",\"dateModified\":\"2022-12-20T05:20:31+00:00\",\"mainEntityOfPage\":{\"@id\":\"https:\/\/nitu.mx\/index.php\/2022\/12\/20\/aloft-crece-en-el-caribe-mexicano-con-nuevo-hotel-en-playa-del-carmen\/\"},\"wordCount\":516,\"commentCount\":0,\"publisher\":{\"@id\":\"https:\/\/nitu.mx\/#\/schema\/person\/ae7a53426417292d3dd07b45a33e01bc\"},\"image\":{\"@id\":\"https:\/\/nitu.mx\/index.php\/2022\/12\/20\/aloft-crece-en-el-caribe-mexicano-con-nuevo-hotel-en-playa-del-carmen\/#primaryimage\"},\"thumbnailUrl\":\"https:\/\/nitu.mx\/wp-content\/uploads\/2022\/12\/Aloft-Playa-del-Carmen.jpg\",\"keywords\":[\"Aloft\",\"Marriott Bonvoy\",\"Playa del Carmen\"],\"articleSection\":[\"Hoteles\"],\"inLanguage\":\"es-MX\",\"potentialAction\":[{\"@type\":\"CommentAction\",\"name\":\"Comment\",\"target\":[\"https:\/\/nitu.mx\/index.php\/2022\/12\/20\/aloft-crece-en-el-caribe-mexicano-con-nuevo-hotel-en-playa-del-carmen\/#respond\"]}]},{\"@type\":\"WebPage\",\"@id\":\"https:\/\/nitu.mx\/index.php\/2022\/12\/20\/aloft-crece-en-el-caribe-mexicano-con-nuevo-hotel-en-playa-del-carmen\/\",\"url\":\"https:\/\/nitu.mx\/index.php\/2022\/12\/20\/aloft-crece-en-el-caribe-mexicano-con-nuevo-hotel-en-playa-del-carmen\/\",\"name\":\"Aloft crece en el Caribe Mexicano con nuevo hotel en Playa del Carmen - Nitu - Noticias de la Industria Turistica\",\"isPartOf\":{\"@id\":\"https:\/\/nitu.mx\/#website\"},\"primaryImageOfPage\":{\"@id\":\"https:\/\/nitu.mx\/index.php\/2022\/12\/20\/aloft-crece-en-el-caribe-mexicano-con-nuevo-hotel-en-playa-del-carmen\/#primaryimage\"},\"image\":{\"@id\":\"https:\/\/nitu.mx\/index.php\/2022\/12\/20\/aloft-crece-en-el-caribe-mexicano-con-nuevo-hotel-en-playa-del-carmen\/#primaryimage\"},\"thumbnailUrl\":\"https:\/\/nitu.mx\/wp-content\/uploads\/2022\/12\/Aloft-Playa-del-Carmen.jpg\",\"datePublished\":\"2022-12-20T05:00:03+00:00\",\"dateModified\":\"2022-12-20T05:20:31+00:00\",\"breadcrumb\":{\"@id\":\"https:\/\/nitu.mx\/index.php\/2022\/12\/20\/aloft-crece-en-el-caribe-mexicano-con-nuevo-hotel-en-playa-del-carmen\/#breadcrumb\"},\"inLanguage\":\"es-MX\",\"potentialAction\":[{\"@type\":\"ReadAction\",\"target\":[\"https:\/\/nitu.mx\/index.php\/2022\/12\/20\/aloft-crece-en-el-caribe-mexicano-con-nuevo-hotel-en-playa-del-carmen\/\"]}]},{\"@type\":\"ImageObject\",\"inLanguage\":\"es-MX\",\"@id\":\"https:\/\/nitu.mx\/index.php\/2022\/12\/20\/aloft-crece-en-el-caribe-mexicano-con-nuevo-hotel-en-playa-del-carmen\/#primaryimage\",\"url\":\"https:\/\/nitu.mx\/wp-content\/uploads\/2022\/12\/Aloft-Playa-del-Carmen.jpg\",\"contentUrl\":\"https:\/\/nitu.mx\/wp-content\/uploads\/2022\/12\/Aloft-Playa-del-Carmen.jpg\",\"width\":1200,\"height\":675,\"caption\":\"Aloft Hotels\"},{\"@type\":\"BreadcrumbList\",\"@id\":\"https:\/\/nitu.mx\/index.php\/2022\/12\/20\/aloft-crece-en-el-caribe-mexicano-con-nuevo-hotel-en-playa-del-carmen\/#breadcrumb\",\"itemListElement\":[{\"@type\":\"ListItem\",\"position\":1,\"name\":\"Inicio\",\"item\":\"https:\/\/nitu.mx\/\"},{\"@type\":\"ListItem\",\"position\":2,\"name\":\"Aloft crece en el Caribe Mexicano con nuevo hotel en Playa del Carmen\"}]},{\"@type\":\"WebSite\",\"@id\":\"https:\/\/nitu.mx\/#website\",\"url\":\"https:\/\/nitu.mx\/\",\"name\":\"Nitu - Noticias de la Industria Turistica\",\"description\":\"Noticias de la Industria Turistica\",\"publisher\":{\"@id\":\"https:\/\/nitu.mx\/#\/schema\/person\/ae7a53426417292d3dd07b45a33e01bc\"},\"alternateName\":\"Noticias de la Industria Turistica\",\"potentialAction\":[{\"@type\":\"SearchAction\",\"target\":{\"@type\":\"EntryPoint\",\"urlTemplate\":\"https:\/\/nitu.mx\/?s={search_term_string}\"},\"query-input\":\"required name=search_term_string\"}],\"inLanguage\":\"es-MX\"},{\"@type\":[\"Person\",\"Organization\"],\"@id\":\"https:\/\/nitu.mx\/#\/schema\/person\/ae7a53426417292d3dd07b45a33e01bc\",\"name\":\"Arturo Medina\",\"image\":{\"@type\":\"ImageObject\",\"inLanguage\":\"es-MX\",\"@id\":\"https:\/\/nitu.mx\/#\/schema\/person\/image\/\",\"url\":\"https:\/\/nitu.mx\/wp-content\/uploads\/2024\/04\/4A315622-1904-4D5C-B022-878CDC840E04-90x90-1.jpeg\",\"contentUrl\":\"https:\/\/nitu.mx\/wp-content\/uploads\/2024\/04\/4A315622-1904-4D5C-B022-878CDC840E04-90x90-1.jpeg\",\"width\":90,\"height\":90,\"caption\":\"Arturo Medina\"},\"logo\":{\"@id\":\"https:\/\/nitu.mx\/#\/schema\/person\/image\/\"},\"description\":\"Director NITU.mx, Egresado de la Escuela de Periodismo Carlos Septi\u00e9n Garc\u00eda. Periodista y analista especializado en turismo desde hace 35 a\u00f1os, radicado en Canc\u00fan Q.Roo. arturo@nitu.mx\",\"sameAs\":[\"https:\/\/nitu.mx\",\"https:\/\/www.facebook.com\/NITUmx\/\",\"medinacancun\",\"https:\/\/twitter.com\/@Arturo_Medina_G\"]},{\"@type\":\"Person\",\"@id\":\"https:\/\/nitu.mx\/#\/schema\/person\/4a28fe9bd65924f7c90623773daf1b0b\",\"name\":\"Redacci\u00f3n\",\"image\":{\"@type\":\"ImageObject\",\"inLanguage\":\"es-MX\",\"@id\":\"https:\/\/nitu.mx\/#\/schema\/person\/image\/\",\"url\":\"https:\/\/secure.gravatar.com\/avatar\/5dd011c8ccfc5cd7e4c81e42252aab38?s=96&d=mm&r=g\",\"contentUrl\":\"https:\/\/secure.gravatar.com\/avatar\/5dd011c8ccfc5cd7e4c81e42252aab38?s=96&d=mm&r=g\",\"caption\":\"Redacci\u00f3n\"},\"url\":\"https:\/\/nitu.mx\/index.php\/author\/redaccion\/\"}]}<\/script>\n<!-- \/ Yoast SEO plugin. -->","yoast_head_json":{"title":"Aloft crece en el Caribe Mexicano con nuevo hotel en Playa del Carmen - Nitu - Noticias de la Industria Turistica","robots":{"index":"index","follow":"follow","max-snippet":"max-snippet:-1","max-image-preview":"max-image-preview:large","max-video-preview":"max-video-preview:-1"},"canonical":"https:\/\/nitu.mx\/index.php\/2022\/12\/20\/aloft-crece-en-el-caribe-mexicano-con-nuevo-hotel-en-playa-del-carmen\/","twitter_card":"summary_large_image","twitter_title":"Aloft crece en el Caribe Mexicano con nuevo hotel en Playa del Carmen - Nitu - Noticias de la Industria Turistica","twitter_description":"Aloft Hotels, la marca hotelera para los fan\u00e1ticos de la m\u00fasica y viajeros impulsados por el dise\u00f1o, que es parte del portafolio de 30 extraordinarias marcas de Marriott Bonvoy, lleg\u00f3 a Playa del Carmen. Siendo el tercer Aloft Hotel en el Caribe Mexicano, Aloft Playa del Carmen est\u00e1 ubicado a una calle de la vibrante [&hellip;]","twitter_image":"https:\/\/nitu.mx\/wp-content\/uploads\/2022\/12\/Aloft-Playa-del-Carmen.jpg","twitter_creator":"@NITUmx","twitter_site":"@Arturo_Medina_G","twitter_misc":{"Escrito por":"Redacci\u00f3n","Tiempo de lectura":"3 minutos"},"schema":{"@context":"https:\/\/schema.org","@graph":[{"@type":"Article","@id":"https:\/\/nitu.mx\/index.php\/2022\/12\/20\/aloft-crece-en-el-caribe-mexicano-con-nuevo-hotel-en-playa-del-carmen\/#article","isPartOf":{"@id":"https:\/\/nitu.mx\/index.php\/2022\/12\/20\/aloft-crece-en-el-caribe-mexicano-con-nuevo-hotel-en-playa-del-carmen\/"},"author":{"name":"Redacci\u00f3n","@id":"https:\/\/nitu.mx\/#\/schema\/person\/4a28fe9bd65924f7c90623773daf1b0b"},"headline":"Aloft crece en el Caribe Mexicano con nuevo hotel en Playa del Carmen","datePublished":"2022-12-20T05:00:03+00:00","dateModified":"2022-12-20T05:20:31+00:00","mainEntityOfPage":{"@id":"https:\/\/nitu.mx\/index.php\/2022\/12\/20\/aloft-crece-en-el-caribe-mexicano-con-nuevo-hotel-en-playa-del-carmen\/"},"wordCount":516,"commentCount":0,"publisher":{"@id":"https:\/\/nitu.mx\/#\/schema\/person\/ae7a53426417292d3dd07b45a33e01bc"},"image":{"@id":"https:\/\/nitu.mx\/index.php\/2022\/12\/20\/aloft-crece-en-el-caribe-mexicano-con-nuevo-hotel-en-playa-del-carmen\/#primaryimage"},"thumbnailUrl":"https:\/\/nitu.mx\/wp-content\/uploads\/2022\/12\/Aloft-Playa-del-Carmen.jpg","keywords":["Aloft","Marriott Bonvoy","Playa del Carmen"],"articleSection":["Hoteles"],"inLanguage":"es-MX","potentialAction":[{"@type":"CommentAction","name":"Comment","target":["https:\/\/nitu.mx\/index.php\/2022\/12\/20\/aloft-crece-en-el-caribe-mexicano-con-nuevo-hotel-en-playa-del-carmen\/#respond"]}]},{"@type":"WebPage","@id":"https:\/\/nitu.mx\/index.php\/2022\/12\/20\/aloft-crece-en-el-caribe-mexicano-con-nuevo-hotel-en-playa-del-carmen\/","url":"https:\/\/nitu.mx\/index.php\/2022\/12\/20\/aloft-crece-en-el-caribe-mexicano-con-nuevo-hotel-en-playa-del-carmen\/","name":"Aloft crece en el Caribe Mexicano con nuevo hotel en Playa del Carmen - Nitu - Noticias de la Industria Turistica","isPartOf":{"@id":"https:\/\/nitu.mx\/#website"},"primaryImageOfPage":{"@id":"https:\/\/nitu.mx\/index.php\/2022\/12\/20\/aloft-crece-en-el-caribe-mexicano-con-nuevo-hotel-en-playa-del-carmen\/#primaryimage"},"image":{"@id":"https:\/\/nitu.mx\/index.php\/2022\/12\/20\/aloft-crece-en-el-caribe-mexicano-con-nuevo-hotel-en-playa-del-carmen\/#primaryimage"},"thumbnailUrl":"https:\/\/nitu.mx\/wp-content\/uploads\/2022\/12\/Aloft-Playa-del-Carmen.jpg","datePublished":"2022-12-20T05:00:03+00:00","dateModified":"2022-12-20T05:20:31+00:00","breadcrumb":{"@id":"https:\/\/nitu.mx\/index.php\/2022\/12\/20\/aloft-crece-en-el-caribe-mexicano-con-nuevo-hotel-en-playa-del-carmen\/#breadcrumb"},"inLanguage":"es-MX","potentialAction":[{"@type":"ReadAction","target":["https:\/\/nitu.mx\/index.php\/2022\/12\/20\/aloft-crece-en-el-caribe-mexicano-con-nuevo-hotel-en-playa-del-carmen\/"]}]},{"@type":"ImageObject","inLanguage":"es-MX","@id":"https:\/\/nitu.mx\/index.php\/2022\/12\/20\/aloft-crece-en-el-caribe-mexicano-con-nuevo-hotel-en-playa-del-carmen\/#primaryimage","url":"https:\/\/nitu.mx\/wp-content\/uploads\/2022\/12\/Aloft-Playa-del-Carmen.jpg","contentUrl":"https:\/\/nitu.mx\/wp-content\/uploads\/2022\/12\/Aloft-Playa-del-Carmen.jpg","width":1200,"height":675,"caption":"Aloft Hotels"},{"@type":"BreadcrumbList","@id":"https:\/\/nitu.mx\/index.php\/2022\/12\/20\/aloft-crece-en-el-caribe-mexicano-con-nuevo-hotel-en-playa-del-carmen\/#breadcrumb","itemListElement":[{"@type":"ListItem","position":1,"name":"Inicio","item":"https:\/\/nitu.mx\/"},{"@type":"ListItem","position":2,"name":"Aloft crece en el Caribe Mexicano con nuevo hotel en Playa del Carmen"}]},{"@type":"WebSite","@id":"https:\/\/nitu.mx\/#website","url":"https:\/\/nitu.mx\/","name":"Nitu - Noticias de la Industria Turistica","description":"Noticias de la Industria Turistica","publisher":{"@id":"https:\/\/nitu.mx\/#\/schema\/person\/ae7a53426417292d3dd07b45a33e01bc"},"alternateName":"Noticias de la Industria Turistica","potentialAction":[{"@type":"SearchAction","target":{"@type":"EntryPoint","urlTemplate":"https:\/\/nitu.mx\/?s={search_term_string}"},"query-input":"required name=search_term_string"}],"inLanguage":"es-MX"},{"@type":["Person","Organization"],"@id":"https:\/\/nitu.mx\/#\/schema\/person\/ae7a53426417292d3dd07b45a33e01bc","name":"Arturo Medina","image":{"@type":"ImageObject","inLanguage":"es-MX","@id":"https:\/\/nitu.mx\/#\/schema\/person\/image\/","url":"https:\/\/nitu.mx\/wp-content\/uploads\/2024\/04\/4A315622-1904-4D5C-B022-878CDC840E04-90x90-1.jpeg","contentUrl":"https:\/\/nitu.mx\/wp-content\/uploads\/2024\/04\/4A315622-1904-4D5C-B022-878CDC840E04-90x90-1.jpeg","width":90,"height":90,"caption":"Arturo Medina"},"logo":{"@id":"https:\/\/nitu.mx\/#\/schema\/person\/image\/"},"description":"Director NITU.mx, Egresado de la Escuela de Periodismo Carlos Septi\u00e9n Garc\u00eda. Periodista y analista especializado en turismo desde hace 35 a\u00f1os, radicado en Canc\u00fan Q.Roo. arturo@nitu.mx","sameAs":["https:\/\/nitu.mx","https:\/\/www.facebook.com\/NITUmx\/","medinacancun","https:\/\/twitter.com\/@Arturo_Medina_G"]},{"@type":"Person","@id":"https:\/\/nitu.mx\/#\/schema\/person\/4a28fe9bd65924f7c90623773daf1b0b","name":"Redacci\u00f3n","image":{"@type":"ImageObject","inLanguage":"es-MX","@id":"https:\/\/nitu.mx\/#\/schema\/person\/image\/","url":"https:\/\/secure.gravatar.com\/avatar\/5dd011c8ccfc5cd7e4c81e42252aab38?s=96&d=mm&r=g","contentUrl":"https:\/\/secure.gravatar.com\/avatar\/5dd011c8ccfc5cd7e4c81e42252aab38?s=96&d=mm&r=g","caption":"Redacci\u00f3n"},"url":"https:\/\/nitu.mx\/index.php\/author\/redaccion\/"}]}},"views":477,"_links":{"self":[{"href":"https:\/\/nitu.mx\/index.php\/wp-json\/wp\/v2\/posts\/62671"}],"collection":[{"href":"https:\/\/nitu.mx\/index.php\/wp-json\/wp\/v2\/posts"}],"about":[{"href":"https:\/\/nitu.mx\/index.php\/wp-json\/wp\/v2\/types\/post"}],"author":[{"embeddable":true,"href":"https:\/\/nitu.mx\/index.php\/wp-json\/wp\/v2\/users\/17"}],"replies":[{"embeddable":true,"href":"https:\/\/nitu.mx\/index.php\/wp-json\/wp\/v2\/comments?post=62671"}],"version-history":[{"count":2,"href":"https:\/\/nitu.mx\/index.php\/wp-json\/wp\/v2\/posts\/62671\/revisions"}],"predecessor-version":[{"id":62674,"href":"https:\/\/nitu.mx\/index.php\/wp-json\/wp\/v2\/posts\/62671\/revisions\/62674"}],"wp:featuredmedia":[{"embeddable":true,"href":"https:\/\/nitu.mx\/index.php\/wp-json\/wp\/v2\/media\/62672"}],"wp:attachment":[{"href":"https:\/\/nitu.mx\/index.php\/wp-json\/wp\/v2\/media?parent=62671"}],"wp:term":[{"taxonomy":"category","embeddable":true,"href":"https:\/\/nitu.mx\/index.php\/wp-json\/wp\/v2\/categories?post=62671"},{"taxonomy":"post_tag","embeddable":true,"href":"https:\/\/nitu.mx\/index.php\/wp-json\/wp\/v2\/tags?post=62671"}],"curies":[{"name":"wp","href":"https:\/\/api.w.org\/{rel}","templated":true}]}}