{"id":62620,"date":"2022-12-14T23:35:21","date_gmt":"2022-12-15T04:35:21","guid":{"rendered":"https:\/\/www.dev.nitu.mx\/?p=62620"},"modified":"2022-12-15T00:49:44","modified_gmt":"2022-12-15T05:49:44","slug":"viva-aerobus-crece-en-el-aifa-con-rutas-a-la-habana-y-tijuana","status":"publish","type":"post","link":"https:\/\/nitu.mx\/index.php\/2022\/12\/14\/viva-aerobus-crece-en-el-aifa-con-rutas-a-la-habana-y-tijuana\/","title":{"rendered":"Viva Aerobus crece en el AIFA con rutas a La Habana y Tijuana"},"content":{"rendered":"<p>Viva Aerobus contin\u00faa la expansi\u00f3n de sus operaciones en el Aeropuerto Internacional Felipe \u00c1ngeles (AIFA) con la inauguraci\u00f3n de\u00a0su primera ruta internacional regular con destino a La Habana y el inicio de operaciones de su ruta de temporada invernal a Tijuana, disponible hasta el 10 de enero. Ambos servicios ofrecen un vuelo diario y son operados con la flota m\u00e1s joven de M\u00e9xico con una edad promedio de 5 a\u00f1os, destac\u00f3 la l\u00ednea a\u00e9rea.<\/p>\n<p style=\"font-weight: 400;\">Este mi\u00e9rcoles, a las 08:55 horas, el primer vuelo a la capital cubana desde el AIFA fue despedido con un ba\u00f1o de agua a manera de festejo por este nuevo puente a\u00e9reo que acerca ambos pa\u00edses; este vuelo aterriz\u00f3 en el Aeropuerto Internacional Jos\u00e9 Mart\u00ed a las 12:45 hrs. M\u00e1s tarde, hacia las 17:45 horas, tambi\u00e9n se realiz\u00f3 la partida del vuelo inaugural de la ruta a Tijuana, cuya llegada a la ciudad fronteriza fue a las 19:40 hora local.<\/p>\n<p style=\"font-weight: 400;\">\u201cEl crecimiento de Viva Aerobus en nuestro aeropuerto es prueba de la calidad en el servicio e infraestructura de punta con la que atendemos a todos los pasajeros. Agradecemos la confianza de Viva Aerobus y su compromiso por fortalecer la conectividad de la Zona Metropolitana del Valle de M\u00e9xico. Juntos seguiremos transportando a m\u00e1s pasajeros; hoy por hoy, en el AIFA ya sumamos m\u00e1s de 8 mil pasajeros diarios, en promedio\u201d, afirm\u00f3 Isidoro Pastor, director general del AIFA.<\/p>\n<p style=\"font-weight: 400;\">Con estas inauguraciones, la aerol\u00ednea mexicana de bajo costo ya suma siete rutas desde\/hacia el AIFA, volando a Acapulco, Canc\u00fan, Monterrey, Oaxaca, Puerto Escondido, Tijuana y La Habana.<\/p>\n<p style=\"font-weight: 400;\">\u201cSeguimos ampliando nuestra oferta en el nuevo Aeropuerto de la Ciudad de M\u00e9xico para darle a todos nuestros pasajeros m\u00e1s opciones para que viajen, con toda comodidad y al mejor precio, desde distintos puntos del \u00e1rea metropolitana. Es un aeropuerto con un gran potencial por su capacidad e infraestructura y con estas dos nuevas rutas conectamos a la capital con uno de los pasos fronterizos m\u00e1s importantes del mundo y con un pa\u00eds que comparte grandes lazos con M\u00e9xico\u201d, explic\u00f3 Juan Carlos Zuazua, director general de Viva Aerobus.<\/p>\n<p style=\"font-weight: 400;\">La selecci\u00f3n de estas nuevas dos rutas por parte de Viva Aerobus responde al gran potencial de mercado en dichos destinos. Por un lado, de acuerdo con la m\u00e1s reciente informaci\u00f3n de la\u00a0Secretar\u00eda de Turismo, la llegada de visitantes cubanos v\u00eda a\u00e9rea de enero a septiembre del 2022 increment\u00f3 en un 654% en comparaci\u00f3n con el mismo periodo del 2021, sumando m\u00e1s de 50 mil turistas de la isla.<\/p>\n<p style=\"font-weight: 400;\">Por otra parte, el servicio a Tijuana atiende las necesidades de conectividad\u00a0durante la temporada vacacional de fin de a\u00f1o tanto entre el norte y centro del pa\u00eds, como entre M\u00e9xico y Estados Unidos.<\/p>\n<p style=\"font-weight: 400;\">Y es que adem\u00e1s de los vuelos directos entre ambas ciudades, Viva Aerobus ofrece a sus pasajeros la posibilidad de trasladarse f\u00e1cilmente desde el Aeropuerto Internacional de Tijuana a San Diego mediante el puente peatonal Cross Border Express (CBX). Para ello, los pasajeros pueden adquirir su boleto para cruzar dicho puente en cualquiera de los canales de venta de la aerol\u00ednea.\u00a0<a title=\"Viva Aerobus ronda los 2 millones de pasajeros en noviembre\" href=\"https:\/\/www.dev.nitu.mx\/index.php\/2022\/12\/08\/viva-aerobus-ronda-los-2-millones-de-pasajeros-en-noviembre\/\" rel=\"bookmark\">(Viva Aerobus ronda los 2 millones de pasajeros en noviembre<\/a>).<\/p>\n","protected":false},"excerpt":{"rendered":"<p>Viva Aerobus contin\u00faa la expansi\u00f3n de sus operaciones en el Aeropuerto Internacional Felipe \u00c1ngeles (AIFA) con la inauguraci\u00f3n de\u00a0su primera ruta internacional regular con destino a La Habana y el inicio de operaciones de su ruta de temporada invernal a Tijuana, disponible hasta el 10 de enero. Ambos servicios ofrecen un vuelo diario y son [&hellip;]<\/p>\n","protected":false},"author":17,"featured_media":62621,"comment_status":"open","ping_status":"open","sticky":false,"template":"","format":"standard","meta":{"footnotes":""},"categories":[29],"tags":[21925,295,485,489,2102],"yoast_head":"<!-- This site is optimized with the Yoast SEO plugin v22.2 - https:\/\/yoast.com\/wordpress\/plugins\/seo\/ -->\n<title>Viva Aerobus crece en el AIFA con rutas a La Habana y Tijuana - Nitu - Noticias de la Industria Turistica<\/title>\n<meta name=\"robots\" content=\"index, follow, max-snippet:-1, max-image-preview:large, max-video-preview:-1\" \/>\n<link rel=\"canonical\" href=\"https:\/\/nitu.mx\/index.php\/2022\/12\/14\/viva-aerobus-crece-en-el-aifa-con-rutas-a-la-habana-y-tijuana\/\" \/>\n<meta name=\"twitter:card\" content=\"summary_large_image\" \/>\n<meta name=\"twitter:title\" content=\"Viva Aerobus crece en el AIFA con rutas a La Habana y Tijuana - Nitu - Noticias de la Industria Turistica\" \/>\n<meta name=\"twitter:description\" content=\"Viva Aerobus contin\u00faa la expansi\u00f3n de sus operaciones en el Aeropuerto Internacional Felipe \u00c1ngeles (AIFA) con la inauguraci\u00f3n de\u00a0su primera ruta internacional regular con destino a La Habana y el inicio de operaciones de su ruta de temporada invernal a Tijuana, disponible hasta el 10 de enero. Ambos servicios ofrecen un vuelo diario y son [&hellip;]\" \/>\n<meta name=\"twitter:image\" content=\"https:\/\/nitu.mx\/wp-content\/uploads\/2022\/12\/Viva-Aerobus-AIFA-La-Habana.jpg\" \/>\n<meta name=\"twitter:creator\" content=\"@NITUmx\" \/>\n<meta name=\"twitter:site\" content=\"@Arturo_Medina_G\" \/>\n<meta name=\"twitter:label1\" content=\"Escrito por\" \/>\n\t<meta name=\"twitter:data1\" content=\"Redacci\u00f3n\" \/>\n\t<meta name=\"twitter:label2\" content=\"Tiempo de lectura\" \/>\n\t<meta name=\"twitter:data2\" content=\"3 minutos\" \/>\n<script type=\"application\/ld+json\" class=\"yoast-schema-graph\">{\"@context\":\"https:\/\/schema.org\",\"@graph\":[{\"@type\":\"Article\",\"@id\":\"https:\/\/nitu.mx\/index.php\/2022\/12\/14\/viva-aerobus-crece-en-el-aifa-con-rutas-a-la-habana-y-tijuana\/#article\",\"isPartOf\":{\"@id\":\"https:\/\/nitu.mx\/index.php\/2022\/12\/14\/viva-aerobus-crece-en-el-aifa-con-rutas-a-la-habana-y-tijuana\/\"},\"author\":{\"name\":\"Redacci\u00f3n\",\"@id\":\"https:\/\/nitu.mx\/#\/schema\/person\/4a28fe9bd65924f7c90623773daf1b0b\"},\"headline\":\"Viva Aerobus crece en el AIFA con rutas a La Habana y Tijuana\",\"datePublished\":\"2022-12-15T04:35:21+00:00\",\"dateModified\":\"2022-12-15T05:49:44+00:00\",\"mainEntityOfPage\":{\"@id\":\"https:\/\/nitu.mx\/index.php\/2022\/12\/14\/viva-aerobus-crece-en-el-aifa-con-rutas-a-la-habana-y-tijuana\/\"},\"wordCount\":564,\"commentCount\":0,\"publisher\":{\"@id\":\"https:\/\/nitu.mx\/#\/schema\/person\/ae7a53426417292d3dd07b45a33e01bc\"},\"image\":{\"@id\":\"https:\/\/nitu.mx\/index.php\/2022\/12\/14\/viva-aerobus-crece-en-el-aifa-con-rutas-a-la-habana-y-tijuana\/#primaryimage\"},\"thumbnailUrl\":\"https:\/\/nitu.mx\/wp-content\/uploads\/2022\/12\/Viva-Aerobus-AIFA-La-Habana.jpg\",\"keywords\":[\"AIFA\",\"Juan Carlos Zuazua\",\"La Habana\",\"Tijuana\",\"Viva Aerobus\"],\"articleSection\":[\"Aerol\u00edneas\"],\"inLanguage\":\"es-MX\",\"potentialAction\":[{\"@type\":\"CommentAction\",\"name\":\"Comment\",\"target\":[\"https:\/\/nitu.mx\/index.php\/2022\/12\/14\/viva-aerobus-crece-en-el-aifa-con-rutas-a-la-habana-y-tijuana\/#respond\"]}]},{\"@type\":\"WebPage\",\"@id\":\"https:\/\/nitu.mx\/index.php\/2022\/12\/14\/viva-aerobus-crece-en-el-aifa-con-rutas-a-la-habana-y-tijuana\/\",\"url\":\"https:\/\/nitu.mx\/index.php\/2022\/12\/14\/viva-aerobus-crece-en-el-aifa-con-rutas-a-la-habana-y-tijuana\/\",\"name\":\"Viva Aerobus crece en el AIFA con rutas a La Habana y Tijuana - Nitu - Noticias de la Industria Turistica\",\"isPartOf\":{\"@id\":\"https:\/\/nitu.mx\/#website\"},\"primaryImageOfPage\":{\"@id\":\"https:\/\/nitu.mx\/index.php\/2022\/12\/14\/viva-aerobus-crece-en-el-aifa-con-rutas-a-la-habana-y-tijuana\/#primaryimage\"},\"image\":{\"@id\":\"https:\/\/nitu.mx\/index.php\/2022\/12\/14\/viva-aerobus-crece-en-el-aifa-con-rutas-a-la-habana-y-tijuana\/#primaryimage\"},\"thumbnailUrl\":\"https:\/\/nitu.mx\/wp-content\/uploads\/2022\/12\/Viva-Aerobus-AIFA-La-Habana.jpg\",\"datePublished\":\"2022-12-15T04:35:21+00:00\",\"dateModified\":\"2022-12-15T05:49:44+00:00\",\"breadcrumb\":{\"@id\":\"https:\/\/nitu.mx\/index.php\/2022\/12\/14\/viva-aerobus-crece-en-el-aifa-con-rutas-a-la-habana-y-tijuana\/#breadcrumb\"},\"inLanguage\":\"es-MX\",\"potentialAction\":[{\"@type\":\"ReadAction\",\"target\":[\"https:\/\/nitu.mx\/index.php\/2022\/12\/14\/viva-aerobus-crece-en-el-aifa-con-rutas-a-la-habana-y-tijuana\/\"]}]},{\"@type\":\"ImageObject\",\"inLanguage\":\"es-MX\",\"@id\":\"https:\/\/nitu.mx\/index.php\/2022\/12\/14\/viva-aerobus-crece-en-el-aifa-con-rutas-a-la-habana-y-tijuana\/#primaryimage\",\"url\":\"https:\/\/nitu.mx\/wp-content\/uploads\/2022\/12\/Viva-Aerobus-AIFA-La-Habana.jpg\",\"contentUrl\":\"https:\/\/nitu.mx\/wp-content\/uploads\/2022\/12\/Viva-Aerobus-AIFA-La-Habana.jpg\",\"width\":1200,\"height\":675,\"caption\":\"Viva Aerobus\"},{\"@type\":\"BreadcrumbList\",\"@id\":\"https:\/\/nitu.mx\/index.php\/2022\/12\/14\/viva-aerobus-crece-en-el-aifa-con-rutas-a-la-habana-y-tijuana\/#breadcrumb\",\"itemListElement\":[{\"@type\":\"ListItem\",\"position\":1,\"name\":\"Inicio\",\"item\":\"https:\/\/nitu.mx\/\"},{\"@type\":\"ListItem\",\"position\":2,\"name\":\"Viva Aerobus crece en el AIFA con rutas a La Habana y Tijuana\"}]},{\"@type\":\"WebSite\",\"@id\":\"https:\/\/nitu.mx\/#website\",\"url\":\"https:\/\/nitu.mx\/\",\"name\":\"Nitu - Noticias de la Industria Turistica\",\"description\":\"Noticias de la Industria Turistica\",\"publisher\":{\"@id\":\"https:\/\/nitu.mx\/#\/schema\/person\/ae7a53426417292d3dd07b45a33e01bc\"},\"alternateName\":\"Noticias de la Industria Turistica\",\"potentialAction\":[{\"@type\":\"SearchAction\",\"target\":{\"@type\":\"EntryPoint\",\"urlTemplate\":\"https:\/\/nitu.mx\/?s={search_term_string}\"},\"query-input\":\"required name=search_term_string\"}],\"inLanguage\":\"es-MX\"},{\"@type\":[\"Person\",\"Organization\"],\"@id\":\"https:\/\/nitu.mx\/#\/schema\/person\/ae7a53426417292d3dd07b45a33e01bc\",\"name\":\"Arturo Medina\",\"image\":{\"@type\":\"ImageObject\",\"inLanguage\":\"es-MX\",\"@id\":\"https:\/\/nitu.mx\/#\/schema\/person\/image\/\",\"url\":\"https:\/\/nitu.mx\/wp-content\/uploads\/2024\/04\/4A315622-1904-4D5C-B022-878CDC840E04-90x90-1.jpeg\",\"contentUrl\":\"https:\/\/nitu.mx\/wp-content\/uploads\/2024\/04\/4A315622-1904-4D5C-B022-878CDC840E04-90x90-1.jpeg\",\"width\":90,\"height\":90,\"caption\":\"Arturo Medina\"},\"logo\":{\"@id\":\"https:\/\/nitu.mx\/#\/schema\/person\/image\/\"},\"description\":\"Director NITU.mx, Egresado de la Escuela de Periodismo Carlos Septi\u00e9n Garc\u00eda. Periodista y analista especializado en turismo desde hace 35 a\u00f1os, radicado en Canc\u00fan Q.Roo. arturo@nitu.mx\",\"sameAs\":[\"https:\/\/nitu.mx\",\"https:\/\/www.facebook.com\/NITUmx\/\",\"medinacancun\",\"https:\/\/twitter.com\/@Arturo_Medina_G\"]},{\"@type\":\"Person\",\"@id\":\"https:\/\/nitu.mx\/#\/schema\/person\/4a28fe9bd65924f7c90623773daf1b0b\",\"name\":\"Redacci\u00f3n\",\"image\":{\"@type\":\"ImageObject\",\"inLanguage\":\"es-MX\",\"@id\":\"https:\/\/nitu.mx\/#\/schema\/person\/image\/\",\"url\":\"https:\/\/secure.gravatar.com\/avatar\/5dd011c8ccfc5cd7e4c81e42252aab38?s=96&d=mm&r=g\",\"contentUrl\":\"https:\/\/secure.gravatar.com\/avatar\/5dd011c8ccfc5cd7e4c81e42252aab38?s=96&d=mm&r=g\",\"caption\":\"Redacci\u00f3n\"},\"url\":\"https:\/\/nitu.mx\/index.php\/author\/redaccion\/\"}]}<\/script>\n<!-- \/ Yoast SEO plugin. -->","yoast_head_json":{"title":"Viva Aerobus crece en el AIFA con rutas a La Habana y Tijuana - Nitu - Noticias de la Industria Turistica","robots":{"index":"index","follow":"follow","max-snippet":"max-snippet:-1","max-image-preview":"max-image-preview:large","max-video-preview":"max-video-preview:-1"},"canonical":"https:\/\/nitu.mx\/index.php\/2022\/12\/14\/viva-aerobus-crece-en-el-aifa-con-rutas-a-la-habana-y-tijuana\/","twitter_card":"summary_large_image","twitter_title":"Viva Aerobus crece en el AIFA con rutas a La Habana y Tijuana - Nitu - Noticias de la Industria Turistica","twitter_description":"Viva Aerobus contin\u00faa la expansi\u00f3n de sus operaciones en el Aeropuerto Internacional Felipe \u00c1ngeles (AIFA) con la inauguraci\u00f3n de\u00a0su primera ruta internacional regular con destino a La Habana y el inicio de operaciones de su ruta de temporada invernal a Tijuana, disponible hasta el 10 de enero. Ambos servicios ofrecen un vuelo diario y son [&hellip;]","twitter_image":"https:\/\/nitu.mx\/wp-content\/uploads\/2022\/12\/Viva-Aerobus-AIFA-La-Habana.jpg","twitter_creator":"@NITUmx","twitter_site":"@Arturo_Medina_G","twitter_misc":{"Escrito por":"Redacci\u00f3n","Tiempo de lectura":"3 minutos"},"schema":{"@context":"https:\/\/schema.org","@graph":[{"@type":"Article","@id":"https:\/\/nitu.mx\/index.php\/2022\/12\/14\/viva-aerobus-crece-en-el-aifa-con-rutas-a-la-habana-y-tijuana\/#article","isPartOf":{"@id":"https:\/\/nitu.mx\/index.php\/2022\/12\/14\/viva-aerobus-crece-en-el-aifa-con-rutas-a-la-habana-y-tijuana\/"},"author":{"name":"Redacci\u00f3n","@id":"https:\/\/nitu.mx\/#\/schema\/person\/4a28fe9bd65924f7c90623773daf1b0b"},"headline":"Viva Aerobus crece en el AIFA con rutas a La Habana y Tijuana","datePublished":"2022-12-15T04:35:21+00:00","dateModified":"2022-12-15T05:49:44+00:00","mainEntityOfPage":{"@id":"https:\/\/nitu.mx\/index.php\/2022\/12\/14\/viva-aerobus-crece-en-el-aifa-con-rutas-a-la-habana-y-tijuana\/"},"wordCount":564,"commentCount":0,"publisher":{"@id":"https:\/\/nitu.mx\/#\/schema\/person\/ae7a53426417292d3dd07b45a33e01bc"},"image":{"@id":"https:\/\/nitu.mx\/index.php\/2022\/12\/14\/viva-aerobus-crece-en-el-aifa-con-rutas-a-la-habana-y-tijuana\/#primaryimage"},"thumbnailUrl":"https:\/\/nitu.mx\/wp-content\/uploads\/2022\/12\/Viva-Aerobus-AIFA-La-Habana.jpg","keywords":["AIFA","Juan Carlos Zuazua","La Habana","Tijuana","Viva Aerobus"],"articleSection":["Aerol\u00edneas"],"inLanguage":"es-MX","potentialAction":[{"@type":"CommentAction","name":"Comment","target":["https:\/\/nitu.mx\/index.php\/2022\/12\/14\/viva-aerobus-crece-en-el-aifa-con-rutas-a-la-habana-y-tijuana\/#respond"]}]},{"@type":"WebPage","@id":"https:\/\/nitu.mx\/index.php\/2022\/12\/14\/viva-aerobus-crece-en-el-aifa-con-rutas-a-la-habana-y-tijuana\/","url":"https:\/\/nitu.mx\/index.php\/2022\/12\/14\/viva-aerobus-crece-en-el-aifa-con-rutas-a-la-habana-y-tijuana\/","name":"Viva Aerobus crece en el AIFA con rutas a La Habana y Tijuana - Nitu - Noticias de la Industria Turistica","isPartOf":{"@id":"https:\/\/nitu.mx\/#website"},"primaryImageOfPage":{"@id":"https:\/\/nitu.mx\/index.php\/2022\/12\/14\/viva-aerobus-crece-en-el-aifa-con-rutas-a-la-habana-y-tijuana\/#primaryimage"},"image":{"@id":"https:\/\/nitu.mx\/index.php\/2022\/12\/14\/viva-aerobus-crece-en-el-aifa-con-rutas-a-la-habana-y-tijuana\/#primaryimage"},"thumbnailUrl":"https:\/\/nitu.mx\/wp-content\/uploads\/2022\/12\/Viva-Aerobus-AIFA-La-Habana.jpg","datePublished":"2022-12-15T04:35:21+00:00","dateModified":"2022-12-15T05:49:44+00:00","breadcrumb":{"@id":"https:\/\/nitu.mx\/index.php\/2022\/12\/14\/viva-aerobus-crece-en-el-aifa-con-rutas-a-la-habana-y-tijuana\/#breadcrumb"},"inLanguage":"es-MX","potentialAction":[{"@type":"ReadAction","target":["https:\/\/nitu.mx\/index.php\/2022\/12\/14\/viva-aerobus-crece-en-el-aifa-con-rutas-a-la-habana-y-tijuana\/"]}]},{"@type":"ImageObject","inLanguage":"es-MX","@id":"https:\/\/nitu.mx\/index.php\/2022\/12\/14\/viva-aerobus-crece-en-el-aifa-con-rutas-a-la-habana-y-tijuana\/#primaryimage","url":"https:\/\/nitu.mx\/wp-content\/uploads\/2022\/12\/Viva-Aerobus-AIFA-La-Habana.jpg","contentUrl":"https:\/\/nitu.mx\/wp-content\/uploads\/2022\/12\/Viva-Aerobus-AIFA-La-Habana.jpg","width":1200,"height":675,"caption":"Viva Aerobus"},{"@type":"BreadcrumbList","@id":"https:\/\/nitu.mx\/index.php\/2022\/12\/14\/viva-aerobus-crece-en-el-aifa-con-rutas-a-la-habana-y-tijuana\/#breadcrumb","itemListElement":[{"@type":"ListItem","position":1,"name":"Inicio","item":"https:\/\/nitu.mx\/"},{"@type":"ListItem","position":2,"name":"Viva Aerobus crece en el AIFA con rutas a La Habana y Tijuana"}]},{"@type":"WebSite","@id":"https:\/\/nitu.mx\/#website","url":"https:\/\/nitu.mx\/","name":"Nitu - Noticias de la Industria Turistica","description":"Noticias de la Industria Turistica","publisher":{"@id":"https:\/\/nitu.mx\/#\/schema\/person\/ae7a53426417292d3dd07b45a33e01bc"},"alternateName":"Noticias de la Industria Turistica","potentialAction":[{"@type":"SearchAction","target":{"@type":"EntryPoint","urlTemplate":"https:\/\/nitu.mx\/?s={search_term_string}"},"query-input":"required name=search_term_string"}],"inLanguage":"es-MX"},{"@type":["Person","Organization"],"@id":"https:\/\/nitu.mx\/#\/schema\/person\/ae7a53426417292d3dd07b45a33e01bc","name":"Arturo Medina","image":{"@type":"ImageObject","inLanguage":"es-MX","@id":"https:\/\/nitu.mx\/#\/schema\/person\/image\/","url":"https:\/\/nitu.mx\/wp-content\/uploads\/2024\/04\/4A315622-1904-4D5C-B022-878CDC840E04-90x90-1.jpeg","contentUrl":"https:\/\/nitu.mx\/wp-content\/uploads\/2024\/04\/4A315622-1904-4D5C-B022-878CDC840E04-90x90-1.jpeg","width":90,"height":90,"caption":"Arturo Medina"},"logo":{"@id":"https:\/\/nitu.mx\/#\/schema\/person\/image\/"},"description":"Director NITU.mx, Egresado de la Escuela de Periodismo Carlos Septi\u00e9n Garc\u00eda. Periodista y analista especializado en turismo desde hace 35 a\u00f1os, radicado en Canc\u00fan Q.Roo. arturo@nitu.mx","sameAs":["https:\/\/nitu.mx","https:\/\/www.facebook.com\/NITUmx\/","medinacancun","https:\/\/twitter.com\/@Arturo_Medina_G"]},{"@type":"Person","@id":"https:\/\/nitu.mx\/#\/schema\/person\/4a28fe9bd65924f7c90623773daf1b0b","name":"Redacci\u00f3n","image":{"@type":"ImageObject","inLanguage":"es-MX","@id":"https:\/\/nitu.mx\/#\/schema\/person\/image\/","url":"https:\/\/secure.gravatar.com\/avatar\/5dd011c8ccfc5cd7e4c81e42252aab38?s=96&d=mm&r=g","contentUrl":"https:\/\/secure.gravatar.com\/avatar\/5dd011c8ccfc5cd7e4c81e42252aab38?s=96&d=mm&r=g","caption":"Redacci\u00f3n"},"url":"https:\/\/nitu.mx\/index.php\/author\/redaccion\/"}]}},"views":423,"_links":{"self":[{"href":"https:\/\/nitu.mx\/index.php\/wp-json\/wp\/v2\/posts\/62620"}],"collection":[{"href":"https:\/\/nitu.mx\/index.php\/wp-json\/wp\/v2\/posts"}],"about":[{"href":"https:\/\/nitu.mx\/index.php\/wp-json\/wp\/v2\/types\/post"}],"author":[{"embeddable":true,"href":"https:\/\/nitu.mx\/index.php\/wp-json\/wp\/v2\/users\/17"}],"replies":[{"embeddable":true,"href":"https:\/\/nitu.mx\/index.php\/wp-json\/wp\/v2\/comments?post=62620"}],"version-history":[{"count":1,"href":"https:\/\/nitu.mx\/index.php\/wp-json\/wp\/v2\/posts\/62620\/revisions"}],"predecessor-version":[{"id":62622,"href":"https:\/\/nitu.mx\/index.php\/wp-json\/wp\/v2\/posts\/62620\/revisions\/62622"}],"wp:featuredmedia":[{"embeddable":true,"href":"https:\/\/nitu.mx\/index.php\/wp-json\/wp\/v2\/media\/62621"}],"wp:attachment":[{"href":"https:\/\/nitu.mx\/index.php\/wp-json\/wp\/v2\/media?parent=62620"}],"wp:term":[{"taxonomy":"category","embeddable":true,"href":"https:\/\/nitu.mx\/index.php\/wp-json\/wp\/v2\/categories?post=62620"},{"taxonomy":"post_tag","embeddable":true,"href":"https:\/\/nitu.mx\/index.php\/wp-json\/wp\/v2\/tags?post=62620"}],"curies":[{"name":"wp","href":"https:\/\/api.w.org\/{rel}","templated":true}]}}