{"id":62530,"date":"2022-12-07T01:24:27","date_gmt":"2022-12-07T06:24:27","guid":{"rendered":"https:\/\/www.dev.nitu.mx\/?p=62530"},"modified":"2022-12-07T01:27:47","modified_gmt":"2022-12-07T06:27:47","slug":"cumple-cirque-du-soleil-8-anos-en-riviera-maya","status":"publish","type":"post","link":"https:\/\/nitu.mx\/index.php\/2022\/12\/07\/cumple-cirque-du-soleil-8-anos-en-riviera-maya\/","title":{"rendered":"Cumple Cirque du Soleil 8 a\u00f1os en Riviera Maya"},"content":{"rendered":"<p>Con m\u00e1s de dos mil 430 funciones y alrededor de un mill\u00f3n 135 mil 500 visitantes desde 2014, JOY\u00c0, celebr\u00f3 un a\u00f1o m\u00e1s como el \u00fanico espect\u00e1culo residente de Cirque du Soleil en M\u00e9xico, alcanzando ocho a\u00f1os como el lugar donde las familias y amigos se re\u00fanen para compartir momentos inolvidables.<\/p>\n<p>Cirque du Soleil JOY\u00c0 celebra su octavo aniversario como el primer show residente de Cirque du Soleil en Am\u00e9rica Latina, el primer espect\u00e1culo de este tipo en un resort y el \u00fanico espect\u00e1culo del Cirque du Soleil que incluye una experiencia culinaria inmersiva. JOY\u00c0 marca el inicio de una s\u00f3lida colaboraci\u00f3n con Grupo Vidanta.<\/p>\n<p>JOY\u00c0 se presenta, de acuerdo a sus creadores, como un homenaje a M\u00e9xico, una conquista creativa, una celebraci\u00f3n a la naturaleza y un tributo al poder de la amistad y la familia.<\/p>\n<p>A lo largo de las temporadas de JOY\u00c0, Cirque du Soleil ha reunido para este espect\u00e1culo a un equipo de los mejores acr\u00f3batas, aerialistas, artistas, malabaristas, bailarines, cantantes y t\u00e9cnicos de diferentes partes del mundo, como Mongolia, Ucrania, Francia, Espa\u00f1a, Inglaterra, Jap\u00f3n, Argentina, Cuba, Brasil, China, Colombia, Estados Unidos y, por supuesto, M\u00e9xico.<\/p>\n<p>A trav\u00e9s de esta alianza de ocho a\u00f1os entre Grupo Vidanta y Cirque du Soleil, m\u00e1s de un mill\u00f3n 135 mil 500 invitados han experimentado una categor\u00eda completamente nueva de entretenimiento inmersivo en M\u00e9xico&#8221;, dijo Iv\u00e1n Ch\u00e1vez, vicepresidente Ejecutivo de Grupo Vidanta. &#8220;Estamos sumamente orgullosos de trabajar con los cientos de artistas, dise\u00f1adores, chefs, camareros y todo el personal que se une para hacer posible JOY\u00c0, y de tener la oportunidad de compartir esta extraordinaria experiencia con personas de todo el mundo&#8221;.\u00a0<a title=\"Grupo Vidanta: 5 experiencias en Riviera Maya, Los Cabos y Riviera Nayarit\" href=\"https:\/\/www.dev.nitu.mx\/index.php\/2022\/07\/06\/grupo-vidanta-5-experiencias-en-riviera-maya-los-cabos-y-riviera-nayarit\/\" rel=\"bookmark\">(Grupo Vidanta: 5 experiencias en Riviera Maya, Los Cabos y Riviera Nayarit<\/a>)<\/p>\n","protected":false},"excerpt":{"rendered":"<p>Con m\u00e1s de dos mil 430 funciones y alrededor de un mill\u00f3n 135 mil 500 visitantes desde 2014, JOY\u00c0, celebr\u00f3 un a\u00f1o m\u00e1s como el \u00fanico espect\u00e1culo residente de Cirque du Soleil en M\u00e9xico, alcanzando ocho a\u00f1os como el lugar donde las familias y amigos se re\u00fanen para compartir momentos inolvidables. Cirque du Soleil JOY\u00c0 [&hellip;]<\/p>\n","protected":false},"author":2,"featured_media":62531,"comment_status":"open","ping_status":"open","sticky":false,"template":"","format":"standard","meta":{"footnotes":""},"categories":[18475,19193],"tags":[2194,938,6312,2195],"yoast_head":"<!-- This site is optimized with the Yoast SEO plugin v22.2 - https:\/\/yoast.com\/wordpress\/plugins\/seo\/ -->\n<title>Cumple Cirque du Soleil 8 a\u00f1os en Riviera Maya - Nitu - Noticias de la Industria Turistica<\/title>\n<meta name=\"robots\" content=\"index, follow, max-snippet:-1, max-image-preview:large, max-video-preview:-1\" \/>\n<link rel=\"canonical\" href=\"https:\/\/nitu.mx\/index.php\/2022\/12\/07\/cumple-cirque-du-soleil-8-anos-en-riviera-maya\/\" \/>\n<meta name=\"twitter:card\" content=\"summary_large_image\" \/>\n<meta name=\"twitter:title\" content=\"Cumple Cirque du Soleil 8 a\u00f1os en Riviera Maya - Nitu - Noticias de la Industria Turistica\" \/>\n<meta name=\"twitter:description\" content=\"Con m\u00e1s de dos mil 430 funciones y alrededor de un mill\u00f3n 135 mil 500 visitantes desde 2014, JOY\u00c0, celebr\u00f3 un a\u00f1o m\u00e1s como el \u00fanico espect\u00e1culo residente de Cirque du Soleil en M\u00e9xico, alcanzando ocho a\u00f1os como el lugar donde las familias y amigos se re\u00fanen para compartir momentos inolvidables. Cirque du Soleil JOY\u00c0 [&hellip;]\" \/>\n<meta name=\"twitter:image\" content=\"https:\/\/nitu.mx\/wp-content\/uploads\/2022\/12\/834F6045-E29C-4F4E-8E48-1698777774AE.jpeg\" \/>\n<meta name=\"twitter:creator\" content=\"@Arturo_Medina_G\" \/>\n<meta name=\"twitter:site\" content=\"@Arturo_Medina_G\" \/>\n<meta name=\"twitter:label1\" content=\"Escrito por\" \/>\n\t<meta name=\"twitter:data1\" content=\"Arturo Medina\" \/>\n\t<meta name=\"twitter:label2\" content=\"Tiempo de lectura\" \/>\n\t<meta name=\"twitter:data2\" content=\"2 minutos\" \/>\n<script type=\"application\/ld+json\" class=\"yoast-schema-graph\">{\"@context\":\"https:\/\/schema.org\",\"@graph\":[{\"@type\":\"Article\",\"@id\":\"https:\/\/nitu.mx\/index.php\/2022\/12\/07\/cumple-cirque-du-soleil-8-anos-en-riviera-maya\/#article\",\"isPartOf\":{\"@id\":\"https:\/\/nitu.mx\/index.php\/2022\/12\/07\/cumple-cirque-du-soleil-8-anos-en-riviera-maya\/\"},\"author\":{\"name\":\"Arturo Medina\",\"@id\":\"https:\/\/nitu.mx\/#\/schema\/person\/ae7a53426417292d3dd07b45a33e01bc\"},\"headline\":\"Cumple Cirque du Soleil 8 a\u00f1os en Riviera Maya\",\"datePublished\":\"2022-12-07T06:24:27+00:00\",\"dateModified\":\"2022-12-07T06:27:47+00:00\",\"mainEntityOfPage\":{\"@id\":\"https:\/\/nitu.mx\/index.php\/2022\/12\/07\/cumple-cirque-du-soleil-8-anos-en-riviera-maya\/\"},\"wordCount\":316,\"commentCount\":0,\"publisher\":{\"@id\":\"https:\/\/nitu.mx\/#\/schema\/person\/ae7a53426417292d3dd07b45a33e01bc\"},\"image\":{\"@id\":\"https:\/\/nitu.mx\/index.php\/2022\/12\/07\/cumple-cirque-du-soleil-8-anos-en-riviera-maya\/#primaryimage\"},\"thumbnailUrl\":\"https:\/\/nitu.mx\/wp-content\/uploads\/2022\/12\/834F6045-E29C-4F4E-8E48-1698777774AE.jpeg\",\"keywords\":[\"Cirque du Soleil\",\"Grupo Vidanta\",\"Iv\u00e1n Ch\u00e1vez\",\"Joy\u00e1\"],\"articleSection\":[\"Caribe Mexicano\",\"Riviera Maya\"],\"inLanguage\":\"es-MX\",\"potentialAction\":[{\"@type\":\"CommentAction\",\"name\":\"Comment\",\"target\":[\"https:\/\/nitu.mx\/index.php\/2022\/12\/07\/cumple-cirque-du-soleil-8-anos-en-riviera-maya\/#respond\"]}]},{\"@type\":\"WebPage\",\"@id\":\"https:\/\/nitu.mx\/index.php\/2022\/12\/07\/cumple-cirque-du-soleil-8-anos-en-riviera-maya\/\",\"url\":\"https:\/\/nitu.mx\/index.php\/2022\/12\/07\/cumple-cirque-du-soleil-8-anos-en-riviera-maya\/\",\"name\":\"Cumple Cirque du Soleil 8 a\u00f1os en Riviera Maya - Nitu - Noticias de la Industria Turistica\",\"isPartOf\":{\"@id\":\"https:\/\/nitu.mx\/#website\"},\"primaryImageOfPage\":{\"@id\":\"https:\/\/nitu.mx\/index.php\/2022\/12\/07\/cumple-cirque-du-soleil-8-anos-en-riviera-maya\/#primaryimage\"},\"image\":{\"@id\":\"https:\/\/nitu.mx\/index.php\/2022\/12\/07\/cumple-cirque-du-soleil-8-anos-en-riviera-maya\/#primaryimage\"},\"thumbnailUrl\":\"https:\/\/nitu.mx\/wp-content\/uploads\/2022\/12\/834F6045-E29C-4F4E-8E48-1698777774AE.jpeg\",\"datePublished\":\"2022-12-07T06:24:27+00:00\",\"dateModified\":\"2022-12-07T06:27:47+00:00\",\"breadcrumb\":{\"@id\":\"https:\/\/nitu.mx\/index.php\/2022\/12\/07\/cumple-cirque-du-soleil-8-anos-en-riviera-maya\/#breadcrumb\"},\"inLanguage\":\"es-MX\",\"potentialAction\":[{\"@type\":\"ReadAction\",\"target\":[\"https:\/\/nitu.mx\/index.php\/2022\/12\/07\/cumple-cirque-du-soleil-8-anos-en-riviera-maya\/\"]}]},{\"@type\":\"ImageObject\",\"inLanguage\":\"es-MX\",\"@id\":\"https:\/\/nitu.mx\/index.php\/2022\/12\/07\/cumple-cirque-du-soleil-8-anos-en-riviera-maya\/#primaryimage\",\"url\":\"https:\/\/nitu.mx\/wp-content\/uploads\/2022\/12\/834F6045-E29C-4F4E-8E48-1698777774AE.jpeg\",\"contentUrl\":\"https:\/\/nitu.mx\/wp-content\/uploads\/2022\/12\/834F6045-E29C-4F4E-8E48-1698777774AE.jpeg\",\"width\":2400,\"height\":1597},{\"@type\":\"BreadcrumbList\",\"@id\":\"https:\/\/nitu.mx\/index.php\/2022\/12\/07\/cumple-cirque-du-soleil-8-anos-en-riviera-maya\/#breadcrumb\",\"itemListElement\":[{\"@type\":\"ListItem\",\"position\":1,\"name\":\"Inicio\",\"item\":\"https:\/\/nitu.mx\/\"},{\"@type\":\"ListItem\",\"position\":2,\"name\":\"Cumple Cirque du Soleil 8 a\u00f1os en Riviera Maya\"}]},{\"@type\":\"WebSite\",\"@id\":\"https:\/\/nitu.mx\/#website\",\"url\":\"https:\/\/nitu.mx\/\",\"name\":\"Nitu - Noticias de la Industria Turistica\",\"description\":\"Noticias de la Industria Turistica\",\"publisher\":{\"@id\":\"https:\/\/nitu.mx\/#\/schema\/person\/ae7a53426417292d3dd07b45a33e01bc\"},\"alternateName\":\"Noticias de la Industria Turistica\",\"potentialAction\":[{\"@type\":\"SearchAction\",\"target\":{\"@type\":\"EntryPoint\",\"urlTemplate\":\"https:\/\/nitu.mx\/?s={search_term_string}\"},\"query-input\":\"required name=search_term_string\"}],\"inLanguage\":\"es-MX\"},{\"@type\":[\"Person\",\"Organization\"],\"@id\":\"https:\/\/nitu.mx\/#\/schema\/person\/ae7a53426417292d3dd07b45a33e01bc\",\"name\":\"Arturo Medina\",\"image\":{\"@type\":\"ImageObject\",\"inLanguage\":\"es-MX\",\"@id\":\"https:\/\/nitu.mx\/#\/schema\/person\/image\/\",\"url\":\"https:\/\/nitu.mx\/wp-content\/uploads\/2024\/04\/4A315622-1904-4D5C-B022-878CDC840E04-90x90-1.jpeg\",\"contentUrl\":\"https:\/\/nitu.mx\/wp-content\/uploads\/2024\/04\/4A315622-1904-4D5C-B022-878CDC840E04-90x90-1.jpeg\",\"width\":90,\"height\":90,\"caption\":\"Arturo Medina\"},\"logo\":{\"@id\":\"https:\/\/nitu.mx\/#\/schema\/person\/image\/\"},\"description\":\"Director NITU.mx, Egresado de la Escuela de Periodismo Carlos Septi\u00e9n Garc\u00eda. Periodista y analista especializado en turismo desde hace 35 a\u00f1os, radicado en Canc\u00fan Q.Roo. arturo@nitu.mx\",\"sameAs\":[\"https:\/\/nitu.mx\",\"https:\/\/www.facebook.com\/NITUmx\/\",\"medinacancun\",\"https:\/\/twitter.com\/@Arturo_Medina_G\"],\"url\":\"https:\/\/nitu.mx\/index.php\/author\/arturo-medina\/\"}]}<\/script>\n<!-- \/ Yoast SEO plugin. -->","yoast_head_json":{"title":"Cumple Cirque du Soleil 8 a\u00f1os en Riviera Maya - Nitu - Noticias de la Industria Turistica","robots":{"index":"index","follow":"follow","max-snippet":"max-snippet:-1","max-image-preview":"max-image-preview:large","max-video-preview":"max-video-preview:-1"},"canonical":"https:\/\/nitu.mx\/index.php\/2022\/12\/07\/cumple-cirque-du-soleil-8-anos-en-riviera-maya\/","twitter_card":"summary_large_image","twitter_title":"Cumple Cirque du Soleil 8 a\u00f1os en Riviera Maya - Nitu - Noticias de la Industria Turistica","twitter_description":"Con m\u00e1s de dos mil 430 funciones y alrededor de un mill\u00f3n 135 mil 500 visitantes desde 2014, JOY\u00c0, celebr\u00f3 un a\u00f1o m\u00e1s como el \u00fanico espect\u00e1culo residente de Cirque du Soleil en M\u00e9xico, alcanzando ocho a\u00f1os como el lugar donde las familias y amigos se re\u00fanen para compartir momentos inolvidables. Cirque du Soleil JOY\u00c0 [&hellip;]","twitter_image":"https:\/\/nitu.mx\/wp-content\/uploads\/2022\/12\/834F6045-E29C-4F4E-8E48-1698777774AE.jpeg","twitter_creator":"@Arturo_Medina_G","twitter_site":"@Arturo_Medina_G","twitter_misc":{"Escrito por":"Arturo Medina","Tiempo de lectura":"2 minutos"},"schema":{"@context":"https:\/\/schema.org","@graph":[{"@type":"Article","@id":"https:\/\/nitu.mx\/index.php\/2022\/12\/07\/cumple-cirque-du-soleil-8-anos-en-riviera-maya\/#article","isPartOf":{"@id":"https:\/\/nitu.mx\/index.php\/2022\/12\/07\/cumple-cirque-du-soleil-8-anos-en-riviera-maya\/"},"author":{"name":"Arturo Medina","@id":"https:\/\/nitu.mx\/#\/schema\/person\/ae7a53426417292d3dd07b45a33e01bc"},"headline":"Cumple Cirque du Soleil 8 a\u00f1os en Riviera Maya","datePublished":"2022-12-07T06:24:27+00:00","dateModified":"2022-12-07T06:27:47+00:00","mainEntityOfPage":{"@id":"https:\/\/nitu.mx\/index.php\/2022\/12\/07\/cumple-cirque-du-soleil-8-anos-en-riviera-maya\/"},"wordCount":316,"commentCount":0,"publisher":{"@id":"https:\/\/nitu.mx\/#\/schema\/person\/ae7a53426417292d3dd07b45a33e01bc"},"image":{"@id":"https:\/\/nitu.mx\/index.php\/2022\/12\/07\/cumple-cirque-du-soleil-8-anos-en-riviera-maya\/#primaryimage"},"thumbnailUrl":"https:\/\/nitu.mx\/wp-content\/uploads\/2022\/12\/834F6045-E29C-4F4E-8E48-1698777774AE.jpeg","keywords":["Cirque du Soleil","Grupo Vidanta","Iv\u00e1n Ch\u00e1vez","Joy\u00e1"],"articleSection":["Caribe Mexicano","Riviera Maya"],"inLanguage":"es-MX","potentialAction":[{"@type":"CommentAction","name":"Comment","target":["https:\/\/nitu.mx\/index.php\/2022\/12\/07\/cumple-cirque-du-soleil-8-anos-en-riviera-maya\/#respond"]}]},{"@type":"WebPage","@id":"https:\/\/nitu.mx\/index.php\/2022\/12\/07\/cumple-cirque-du-soleil-8-anos-en-riviera-maya\/","url":"https:\/\/nitu.mx\/index.php\/2022\/12\/07\/cumple-cirque-du-soleil-8-anos-en-riviera-maya\/","name":"Cumple Cirque du Soleil 8 a\u00f1os en Riviera Maya - Nitu - Noticias de la Industria Turistica","isPartOf":{"@id":"https:\/\/nitu.mx\/#website"},"primaryImageOfPage":{"@id":"https:\/\/nitu.mx\/index.php\/2022\/12\/07\/cumple-cirque-du-soleil-8-anos-en-riviera-maya\/#primaryimage"},"image":{"@id":"https:\/\/nitu.mx\/index.php\/2022\/12\/07\/cumple-cirque-du-soleil-8-anos-en-riviera-maya\/#primaryimage"},"thumbnailUrl":"https:\/\/nitu.mx\/wp-content\/uploads\/2022\/12\/834F6045-E29C-4F4E-8E48-1698777774AE.jpeg","datePublished":"2022-12-07T06:24:27+00:00","dateModified":"2022-12-07T06:27:47+00:00","breadcrumb":{"@id":"https:\/\/nitu.mx\/index.php\/2022\/12\/07\/cumple-cirque-du-soleil-8-anos-en-riviera-maya\/#breadcrumb"},"inLanguage":"es-MX","potentialAction":[{"@type":"ReadAction","target":["https:\/\/nitu.mx\/index.php\/2022\/12\/07\/cumple-cirque-du-soleil-8-anos-en-riviera-maya\/"]}]},{"@type":"ImageObject","inLanguage":"es-MX","@id":"https:\/\/nitu.mx\/index.php\/2022\/12\/07\/cumple-cirque-du-soleil-8-anos-en-riviera-maya\/#primaryimage","url":"https:\/\/nitu.mx\/wp-content\/uploads\/2022\/12\/834F6045-E29C-4F4E-8E48-1698777774AE.jpeg","contentUrl":"https:\/\/nitu.mx\/wp-content\/uploads\/2022\/12\/834F6045-E29C-4F4E-8E48-1698777774AE.jpeg","width":2400,"height":1597},{"@type":"BreadcrumbList","@id":"https:\/\/nitu.mx\/index.php\/2022\/12\/07\/cumple-cirque-du-soleil-8-anos-en-riviera-maya\/#breadcrumb","itemListElement":[{"@type":"ListItem","position":1,"name":"Inicio","item":"https:\/\/nitu.mx\/"},{"@type":"ListItem","position":2,"name":"Cumple Cirque du Soleil 8 a\u00f1os en Riviera Maya"}]},{"@type":"WebSite","@id":"https:\/\/nitu.mx\/#website","url":"https:\/\/nitu.mx\/","name":"Nitu - Noticias de la Industria Turistica","description":"Noticias de la Industria Turistica","publisher":{"@id":"https:\/\/nitu.mx\/#\/schema\/person\/ae7a53426417292d3dd07b45a33e01bc"},"alternateName":"Noticias de la Industria Turistica","potentialAction":[{"@type":"SearchAction","target":{"@type":"EntryPoint","urlTemplate":"https:\/\/nitu.mx\/?s={search_term_string}"},"query-input":"required name=search_term_string"}],"inLanguage":"es-MX"},{"@type":["Person","Organization"],"@id":"https:\/\/nitu.mx\/#\/schema\/person\/ae7a53426417292d3dd07b45a33e01bc","name":"Arturo Medina","image":{"@type":"ImageObject","inLanguage":"es-MX","@id":"https:\/\/nitu.mx\/#\/schema\/person\/image\/","url":"https:\/\/nitu.mx\/wp-content\/uploads\/2024\/04\/4A315622-1904-4D5C-B022-878CDC840E04-90x90-1.jpeg","contentUrl":"https:\/\/nitu.mx\/wp-content\/uploads\/2024\/04\/4A315622-1904-4D5C-B022-878CDC840E04-90x90-1.jpeg","width":90,"height":90,"caption":"Arturo Medina"},"logo":{"@id":"https:\/\/nitu.mx\/#\/schema\/person\/image\/"},"description":"Director NITU.mx, Egresado de la Escuela de Periodismo Carlos Septi\u00e9n Garc\u00eda. Periodista y analista especializado en turismo desde hace 35 a\u00f1os, radicado en Canc\u00fan Q.Roo. arturo@nitu.mx","sameAs":["https:\/\/nitu.mx","https:\/\/www.facebook.com\/NITUmx\/","medinacancun","https:\/\/twitter.com\/@Arturo_Medina_G"],"url":"https:\/\/nitu.mx\/index.php\/author\/arturo-medina\/"}]}},"views":451,"_links":{"self":[{"href":"https:\/\/nitu.mx\/index.php\/wp-json\/wp\/v2\/posts\/62530"}],"collection":[{"href":"https:\/\/nitu.mx\/index.php\/wp-json\/wp\/v2\/posts"}],"about":[{"href":"https:\/\/nitu.mx\/index.php\/wp-json\/wp\/v2\/types\/post"}],"author":[{"embeddable":true,"href":"https:\/\/nitu.mx\/index.php\/wp-json\/wp\/v2\/users\/2"}],"replies":[{"embeddable":true,"href":"https:\/\/nitu.mx\/index.php\/wp-json\/wp\/v2\/comments?post=62530"}],"version-history":[{"count":2,"href":"https:\/\/nitu.mx\/index.php\/wp-json\/wp\/v2\/posts\/62530\/revisions"}],"predecessor-version":[{"id":62548,"href":"https:\/\/nitu.mx\/index.php\/wp-json\/wp\/v2\/posts\/62530\/revisions\/62548"}],"wp:featuredmedia":[{"embeddable":true,"href":"https:\/\/nitu.mx\/index.php\/wp-json\/wp\/v2\/media\/62531"}],"wp:attachment":[{"href":"https:\/\/nitu.mx\/index.php\/wp-json\/wp\/v2\/media?parent=62530"}],"wp:term":[{"taxonomy":"category","embeddable":true,"href":"https:\/\/nitu.mx\/index.php\/wp-json\/wp\/v2\/categories?post=62530"},{"taxonomy":"post_tag","embeddable":true,"href":"https:\/\/nitu.mx\/index.php\/wp-json\/wp\/v2\/tags?post=62530"}],"curies":[{"name":"wp","href":"https:\/\/api.w.org\/{rel}","templated":true}]}}