{"id":62471,"date":"2022-12-02T00:17:54","date_gmt":"2022-12-02T05:17:54","guid":{"rendered":"https:\/\/www.dev.nitu.mx\/?p=62471"},"modified":"2022-12-02T00:25:44","modified_gmt":"2022-12-02T05:25:44","slug":"rechaza-sector-hotelero-de-riviera-maya-aumento-a-impuesto-al-hospedaje-y-nomina","status":"publish","type":"post","link":"https:\/\/nitu.mx\/index.php\/2022\/12\/02\/rechaza-sector-hotelero-de-riviera-maya-aumento-a-impuesto-al-hospedaje-y-nomina\/","title":{"rendered":"Rechaza sector hotelero de Riviera Maya aumento a impuesto al hospedaje  y nomina"},"content":{"rendered":"<p>El Vicepresidente de la Asociaci\u00f3n de Hoteles de la Riviera Maya (AHRM), Andrea Lotito, se pronunci\u00f3 en contra del incremento al Impuesto Sobre la N\u00f3mina (ISN), al Servicio de Hospedaje\u00a0 (ISH), que la gobernadora de Quintana Roo, Mara Lezama Espinosa, plantea para 2023.<\/p>\n<p>En este sentido, rotundo, el ejecutivo hotelero, dijo contundente y firme: \u201cLos empresarios no pueden seguir cargando con las deudas del gobierno\u201d.<\/p>\n<p>Lotito explic\u00f3 en principio que el incremento del ISH representa una p\u00e9rdida de utilidad del dos por ciento a los hoteles de la Riviera Maya, pues, aunque sea pagado por los turistas, son los hoteles los que deben recaudarlo, adem\u00e1s del incremento del tres al cuatro por ciento del ISN, por lo que consideran la medida como excesiva y preocupante.<\/p>\n<p>\u201cLa medida es excesiva, especialmente, porque no viene destinada a la promoci\u00f3n al 100 por ciento, y nos interesaba mucho m\u00e1s una acci\u00f3n firme, hac\u00eda los que no est\u00e1n pagando, sea un impuesto al hospedaje, o la n\u00f3mina, o cumpliendo con las obligaciones fiscales\u201d, destac\u00f3.<\/p>\n<p>Y subray\u00f3: \u201cEl estado es muy productivo, muy exitoso, muy generoso, pero los cautivos no podemos seguir cargando el costo exagerado de una deuda que siempre viene del gobierno anterior, o de los programas que vienen a futuro\u201d.<\/p>\n<p>Asimismo, el empresario puntualiz\u00f3 que la iniciativa privada ya inici\u00f3 negociaciones en cuanto al periodo de pago de dichas recaudaciones, debido a que dar a conocer la medida como aprobada por el Congreso del Estado, a m\u00e1s tardar el 10 de diciembre, significar\u00eda no poder modificar los convenios y la suma de ventas realizadas a futuro. (<a title=\"Aumentan de 3 a 5 por ciento impuesto al hospedaje en Quintana Roo\" href=\"https:\/\/www.dev.nitu.mx\/index.php\/2022\/12\/01\/aumentan-de-3-a-5-por-ciento-impuesto-al-hospedaje-en-quintana-roo\/\" rel=\"bookmark\">Aumentan de 3 a 5 por ciento impuesto al hospedaje en Quintana Roo<\/a>).<\/p>\n","protected":false},"excerpt":{"rendered":"<p>El Vicepresidente de la Asociaci\u00f3n de Hoteles de la Riviera Maya (AHRM), Andrea Lotito, se pronunci\u00f3 en contra del incremento al Impuesto Sobre la N\u00f3mina (ISN), al Servicio de Hospedaje\u00a0 (ISH), que la gobernadora de Quintana Roo, Mara Lezama Espinosa, plantea para 2023. En este sentido, rotundo, el ejecutivo hotelero, dijo contundente y firme: \u201cLos [&hellip;]<\/p>\n","protected":false},"author":2,"featured_media":62220,"comment_status":"open","ping_status":"open","sticky":false,"template":"","format":"standard","meta":{"footnotes":""},"categories":[18475],"tags":[2489,847,14028,80],"yoast_head":"<!-- This site is optimized with the Yoast SEO plugin v22.2 - https:\/\/yoast.com\/wordpress\/plugins\/seo\/ -->\n<title>Rechaza sector hotelero de Riviera Maya aumento a impuesto al hospedaje y nomina - Nitu - Noticias de la Industria Turistica<\/title>\n<meta name=\"robots\" content=\"index, follow, max-snippet:-1, max-image-preview:large, max-video-preview:-1\" \/>\n<link rel=\"canonical\" href=\"https:\/\/nitu.mx\/index.php\/2022\/12\/02\/rechaza-sector-hotelero-de-riviera-maya-aumento-a-impuesto-al-hospedaje-y-nomina\/\" \/>\n<meta name=\"twitter:card\" content=\"summary_large_image\" \/>\n<meta name=\"twitter:title\" content=\"Rechaza sector hotelero de Riviera Maya aumento a impuesto al hospedaje y nomina - Nitu - Noticias de la Industria Turistica\" \/>\n<meta name=\"twitter:description\" content=\"El Vicepresidente de la Asociaci\u00f3n de Hoteles de la Riviera Maya (AHRM), Andrea Lotito, se pronunci\u00f3 en contra del incremento al Impuesto Sobre la N\u00f3mina (ISN), al Servicio de Hospedaje\u00a0 (ISH), que la gobernadora de Quintana Roo, Mara Lezama Espinosa, plantea para 2023. En este sentido, rotundo, el ejecutivo hotelero, dijo contundente y firme: \u201cLos [&hellip;]\" \/>\n<meta name=\"twitter:image\" content=\"https:\/\/nitu.mx\/wp-content\/uploads\/2022\/11\/Hard-Rock-Hotel-Riviera-Maya.jpg\" \/>\n<meta name=\"twitter:creator\" content=\"@Arturo_Medina_G\" \/>\n<meta name=\"twitter:site\" content=\"@Arturo_Medina_G\" \/>\n<meta name=\"twitter:label1\" content=\"Escrito por\" \/>\n\t<meta name=\"twitter:data1\" content=\"Arturo Medina\" \/>\n\t<meta name=\"twitter:label2\" content=\"Tiempo de lectura\" \/>\n\t<meta name=\"twitter:data2\" content=\"1 minuto\" \/>\n<script type=\"application\/ld+json\" class=\"yoast-schema-graph\">{\"@context\":\"https:\/\/schema.org\",\"@graph\":[{\"@type\":\"Article\",\"@id\":\"https:\/\/nitu.mx\/index.php\/2022\/12\/02\/rechaza-sector-hotelero-de-riviera-maya-aumento-a-impuesto-al-hospedaje-y-nomina\/#article\",\"isPartOf\":{\"@id\":\"https:\/\/nitu.mx\/index.php\/2022\/12\/02\/rechaza-sector-hotelero-de-riviera-maya-aumento-a-impuesto-al-hospedaje-y-nomina\/\"},\"author\":{\"name\":\"Arturo Medina\",\"@id\":\"https:\/\/nitu.mx\/#\/schema\/person\/ae7a53426417292d3dd07b45a33e01bc\"},\"headline\":\"Rechaza sector hotelero de Riviera Maya aumento a impuesto al hospedaje y nomina\",\"datePublished\":\"2022-12-02T05:17:54+00:00\",\"dateModified\":\"2022-12-02T05:25:44+00:00\",\"mainEntityOfPage\":{\"@id\":\"https:\/\/nitu.mx\/index.php\/2022\/12\/02\/rechaza-sector-hotelero-de-riviera-maya-aumento-a-impuesto-al-hospedaje-y-nomina\/\"},\"wordCount\":297,\"commentCount\":0,\"publisher\":{\"@id\":\"https:\/\/nitu.mx\/#\/schema\/person\/ae7a53426417292d3dd07b45a33e01bc\"},\"image\":{\"@id\":\"https:\/\/nitu.mx\/index.php\/2022\/12\/02\/rechaza-sector-hotelero-de-riviera-maya-aumento-a-impuesto-al-hospedaje-y-nomina\/#primaryimage\"},\"thumbnailUrl\":\"https:\/\/nitu.mx\/wp-content\/uploads\/2022\/11\/Hard-Rock-Hotel-Riviera-Maya.jpg\",\"keywords\":[\"Andrea Lotito\",\"Impuesto al Hospedaje\",\"Mara Lezama\",\"Riviera Maya\"],\"articleSection\":[\"Caribe Mexicano\"],\"inLanguage\":\"es-MX\",\"potentialAction\":[{\"@type\":\"CommentAction\",\"name\":\"Comment\",\"target\":[\"https:\/\/nitu.mx\/index.php\/2022\/12\/02\/rechaza-sector-hotelero-de-riviera-maya-aumento-a-impuesto-al-hospedaje-y-nomina\/#respond\"]}]},{\"@type\":\"WebPage\",\"@id\":\"https:\/\/nitu.mx\/index.php\/2022\/12\/02\/rechaza-sector-hotelero-de-riviera-maya-aumento-a-impuesto-al-hospedaje-y-nomina\/\",\"url\":\"https:\/\/nitu.mx\/index.php\/2022\/12\/02\/rechaza-sector-hotelero-de-riviera-maya-aumento-a-impuesto-al-hospedaje-y-nomina\/\",\"name\":\"Rechaza sector hotelero de Riviera Maya aumento a impuesto al hospedaje y nomina - Nitu - Noticias de la Industria Turistica\",\"isPartOf\":{\"@id\":\"https:\/\/nitu.mx\/#website\"},\"primaryImageOfPage\":{\"@id\":\"https:\/\/nitu.mx\/index.php\/2022\/12\/02\/rechaza-sector-hotelero-de-riviera-maya-aumento-a-impuesto-al-hospedaje-y-nomina\/#primaryimage\"},\"image\":{\"@id\":\"https:\/\/nitu.mx\/index.php\/2022\/12\/02\/rechaza-sector-hotelero-de-riviera-maya-aumento-a-impuesto-al-hospedaje-y-nomina\/#primaryimage\"},\"thumbnailUrl\":\"https:\/\/nitu.mx\/wp-content\/uploads\/2022\/11\/Hard-Rock-Hotel-Riviera-Maya.jpg\",\"datePublished\":\"2022-12-02T05:17:54+00:00\",\"dateModified\":\"2022-12-02T05:25:44+00:00\",\"breadcrumb\":{\"@id\":\"https:\/\/nitu.mx\/index.php\/2022\/12\/02\/rechaza-sector-hotelero-de-riviera-maya-aumento-a-impuesto-al-hospedaje-y-nomina\/#breadcrumb\"},\"inLanguage\":\"es-MX\",\"potentialAction\":[{\"@type\":\"ReadAction\",\"target\":[\"https:\/\/nitu.mx\/index.php\/2022\/12\/02\/rechaza-sector-hotelero-de-riviera-maya-aumento-a-impuesto-al-hospedaje-y-nomina\/\"]}]},{\"@type\":\"ImageObject\",\"inLanguage\":\"es-MX\",\"@id\":\"https:\/\/nitu.mx\/index.php\/2022\/12\/02\/rechaza-sector-hotelero-de-riviera-maya-aumento-a-impuesto-al-hospedaje-y-nomina\/#primaryimage\",\"url\":\"https:\/\/nitu.mx\/wp-content\/uploads\/2022\/11\/Hard-Rock-Hotel-Riviera-Maya.jpg\",\"contentUrl\":\"https:\/\/nitu.mx\/wp-content\/uploads\/2022\/11\/Hard-Rock-Hotel-Riviera-Maya.jpg\",\"width\":1200,\"height\":675,\"caption\":\"Hard Rock Hotel Riviera Maya\"},{\"@type\":\"BreadcrumbList\",\"@id\":\"https:\/\/nitu.mx\/index.php\/2022\/12\/02\/rechaza-sector-hotelero-de-riviera-maya-aumento-a-impuesto-al-hospedaje-y-nomina\/#breadcrumb\",\"itemListElement\":[{\"@type\":\"ListItem\",\"position\":1,\"name\":\"Inicio\",\"item\":\"https:\/\/nitu.mx\/\"},{\"@type\":\"ListItem\",\"position\":2,\"name\":\"Rechaza sector hotelero de Riviera Maya aumento a impuesto al hospedaje y nomina\"}]},{\"@type\":\"WebSite\",\"@id\":\"https:\/\/nitu.mx\/#website\",\"url\":\"https:\/\/nitu.mx\/\",\"name\":\"Nitu - Noticias de la Industria Turistica\",\"description\":\"Noticias de la Industria Turistica\",\"publisher\":{\"@id\":\"https:\/\/nitu.mx\/#\/schema\/person\/ae7a53426417292d3dd07b45a33e01bc\"},\"alternateName\":\"Noticias de la Industria Turistica\",\"potentialAction\":[{\"@type\":\"SearchAction\",\"target\":{\"@type\":\"EntryPoint\",\"urlTemplate\":\"https:\/\/nitu.mx\/?s={search_term_string}\"},\"query-input\":\"required name=search_term_string\"}],\"inLanguage\":\"es-MX\"},{\"@type\":[\"Person\",\"Organization\"],\"@id\":\"https:\/\/nitu.mx\/#\/schema\/person\/ae7a53426417292d3dd07b45a33e01bc\",\"name\":\"Arturo Medina\",\"image\":{\"@type\":\"ImageObject\",\"inLanguage\":\"es-MX\",\"@id\":\"https:\/\/nitu.mx\/#\/schema\/person\/image\/\",\"url\":\"https:\/\/nitu.mx\/wp-content\/uploads\/2024\/04\/4A315622-1904-4D5C-B022-878CDC840E04-90x90-1.jpeg\",\"contentUrl\":\"https:\/\/nitu.mx\/wp-content\/uploads\/2024\/04\/4A315622-1904-4D5C-B022-878CDC840E04-90x90-1.jpeg\",\"width\":90,\"height\":90,\"caption\":\"Arturo Medina\"},\"logo\":{\"@id\":\"https:\/\/nitu.mx\/#\/schema\/person\/image\/\"},\"description\":\"Director NITU.mx, Egresado de la Escuela de Periodismo Carlos Septi\u00e9n Garc\u00eda. Periodista y analista especializado en turismo desde hace 35 a\u00f1os, radicado en Canc\u00fan Q.Roo. arturo@nitu.mx\",\"sameAs\":[\"https:\/\/nitu.mx\",\"https:\/\/www.facebook.com\/NITUmx\/\",\"medinacancun\",\"https:\/\/twitter.com\/@Arturo_Medina_G\"],\"url\":\"https:\/\/nitu.mx\/index.php\/author\/arturo-medina\/\"}]}<\/script>\n<!-- \/ Yoast SEO plugin. -->","yoast_head_json":{"title":"Rechaza sector hotelero de Riviera Maya aumento a impuesto al hospedaje y nomina - Nitu - Noticias de la Industria Turistica","robots":{"index":"index","follow":"follow","max-snippet":"max-snippet:-1","max-image-preview":"max-image-preview:large","max-video-preview":"max-video-preview:-1"},"canonical":"https:\/\/nitu.mx\/index.php\/2022\/12\/02\/rechaza-sector-hotelero-de-riviera-maya-aumento-a-impuesto-al-hospedaje-y-nomina\/","twitter_card":"summary_large_image","twitter_title":"Rechaza sector hotelero de Riviera Maya aumento a impuesto al hospedaje y nomina - Nitu - Noticias de la Industria Turistica","twitter_description":"El Vicepresidente de la Asociaci\u00f3n de Hoteles de la Riviera Maya (AHRM), Andrea Lotito, se pronunci\u00f3 en contra del incremento al Impuesto Sobre la N\u00f3mina (ISN), al Servicio de Hospedaje\u00a0 (ISH), que la gobernadora de Quintana Roo, Mara Lezama Espinosa, plantea para 2023. En este sentido, rotundo, el ejecutivo hotelero, dijo contundente y firme: \u201cLos [&hellip;]","twitter_image":"https:\/\/nitu.mx\/wp-content\/uploads\/2022\/11\/Hard-Rock-Hotel-Riviera-Maya.jpg","twitter_creator":"@Arturo_Medina_G","twitter_site":"@Arturo_Medina_G","twitter_misc":{"Escrito por":"Arturo Medina","Tiempo de lectura":"1 minuto"},"schema":{"@context":"https:\/\/schema.org","@graph":[{"@type":"Article","@id":"https:\/\/nitu.mx\/index.php\/2022\/12\/02\/rechaza-sector-hotelero-de-riviera-maya-aumento-a-impuesto-al-hospedaje-y-nomina\/#article","isPartOf":{"@id":"https:\/\/nitu.mx\/index.php\/2022\/12\/02\/rechaza-sector-hotelero-de-riviera-maya-aumento-a-impuesto-al-hospedaje-y-nomina\/"},"author":{"name":"Arturo Medina","@id":"https:\/\/nitu.mx\/#\/schema\/person\/ae7a53426417292d3dd07b45a33e01bc"},"headline":"Rechaza sector hotelero de Riviera Maya aumento a impuesto al hospedaje y nomina","datePublished":"2022-12-02T05:17:54+00:00","dateModified":"2022-12-02T05:25:44+00:00","mainEntityOfPage":{"@id":"https:\/\/nitu.mx\/index.php\/2022\/12\/02\/rechaza-sector-hotelero-de-riviera-maya-aumento-a-impuesto-al-hospedaje-y-nomina\/"},"wordCount":297,"commentCount":0,"publisher":{"@id":"https:\/\/nitu.mx\/#\/schema\/person\/ae7a53426417292d3dd07b45a33e01bc"},"image":{"@id":"https:\/\/nitu.mx\/index.php\/2022\/12\/02\/rechaza-sector-hotelero-de-riviera-maya-aumento-a-impuesto-al-hospedaje-y-nomina\/#primaryimage"},"thumbnailUrl":"https:\/\/nitu.mx\/wp-content\/uploads\/2022\/11\/Hard-Rock-Hotel-Riviera-Maya.jpg","keywords":["Andrea Lotito","Impuesto al Hospedaje","Mara Lezama","Riviera Maya"],"articleSection":["Caribe Mexicano"],"inLanguage":"es-MX","potentialAction":[{"@type":"CommentAction","name":"Comment","target":["https:\/\/nitu.mx\/index.php\/2022\/12\/02\/rechaza-sector-hotelero-de-riviera-maya-aumento-a-impuesto-al-hospedaje-y-nomina\/#respond"]}]},{"@type":"WebPage","@id":"https:\/\/nitu.mx\/index.php\/2022\/12\/02\/rechaza-sector-hotelero-de-riviera-maya-aumento-a-impuesto-al-hospedaje-y-nomina\/","url":"https:\/\/nitu.mx\/index.php\/2022\/12\/02\/rechaza-sector-hotelero-de-riviera-maya-aumento-a-impuesto-al-hospedaje-y-nomina\/","name":"Rechaza sector hotelero de Riviera Maya aumento a impuesto al hospedaje y nomina - Nitu - Noticias de la Industria Turistica","isPartOf":{"@id":"https:\/\/nitu.mx\/#website"},"primaryImageOfPage":{"@id":"https:\/\/nitu.mx\/index.php\/2022\/12\/02\/rechaza-sector-hotelero-de-riviera-maya-aumento-a-impuesto-al-hospedaje-y-nomina\/#primaryimage"},"image":{"@id":"https:\/\/nitu.mx\/index.php\/2022\/12\/02\/rechaza-sector-hotelero-de-riviera-maya-aumento-a-impuesto-al-hospedaje-y-nomina\/#primaryimage"},"thumbnailUrl":"https:\/\/nitu.mx\/wp-content\/uploads\/2022\/11\/Hard-Rock-Hotel-Riviera-Maya.jpg","datePublished":"2022-12-02T05:17:54+00:00","dateModified":"2022-12-02T05:25:44+00:00","breadcrumb":{"@id":"https:\/\/nitu.mx\/index.php\/2022\/12\/02\/rechaza-sector-hotelero-de-riviera-maya-aumento-a-impuesto-al-hospedaje-y-nomina\/#breadcrumb"},"inLanguage":"es-MX","potentialAction":[{"@type":"ReadAction","target":["https:\/\/nitu.mx\/index.php\/2022\/12\/02\/rechaza-sector-hotelero-de-riviera-maya-aumento-a-impuesto-al-hospedaje-y-nomina\/"]}]},{"@type":"ImageObject","inLanguage":"es-MX","@id":"https:\/\/nitu.mx\/index.php\/2022\/12\/02\/rechaza-sector-hotelero-de-riviera-maya-aumento-a-impuesto-al-hospedaje-y-nomina\/#primaryimage","url":"https:\/\/nitu.mx\/wp-content\/uploads\/2022\/11\/Hard-Rock-Hotel-Riviera-Maya.jpg","contentUrl":"https:\/\/nitu.mx\/wp-content\/uploads\/2022\/11\/Hard-Rock-Hotel-Riviera-Maya.jpg","width":1200,"height":675,"caption":"Hard Rock Hotel Riviera Maya"},{"@type":"BreadcrumbList","@id":"https:\/\/nitu.mx\/index.php\/2022\/12\/02\/rechaza-sector-hotelero-de-riviera-maya-aumento-a-impuesto-al-hospedaje-y-nomina\/#breadcrumb","itemListElement":[{"@type":"ListItem","position":1,"name":"Inicio","item":"https:\/\/nitu.mx\/"},{"@type":"ListItem","position":2,"name":"Rechaza sector hotelero de Riviera Maya aumento a impuesto al hospedaje y nomina"}]},{"@type":"WebSite","@id":"https:\/\/nitu.mx\/#website","url":"https:\/\/nitu.mx\/","name":"Nitu - Noticias de la Industria Turistica","description":"Noticias de la Industria Turistica","publisher":{"@id":"https:\/\/nitu.mx\/#\/schema\/person\/ae7a53426417292d3dd07b45a33e01bc"},"alternateName":"Noticias de la Industria Turistica","potentialAction":[{"@type":"SearchAction","target":{"@type":"EntryPoint","urlTemplate":"https:\/\/nitu.mx\/?s={search_term_string}"},"query-input":"required name=search_term_string"}],"inLanguage":"es-MX"},{"@type":["Person","Organization"],"@id":"https:\/\/nitu.mx\/#\/schema\/person\/ae7a53426417292d3dd07b45a33e01bc","name":"Arturo Medina","image":{"@type":"ImageObject","inLanguage":"es-MX","@id":"https:\/\/nitu.mx\/#\/schema\/person\/image\/","url":"https:\/\/nitu.mx\/wp-content\/uploads\/2024\/04\/4A315622-1904-4D5C-B022-878CDC840E04-90x90-1.jpeg","contentUrl":"https:\/\/nitu.mx\/wp-content\/uploads\/2024\/04\/4A315622-1904-4D5C-B022-878CDC840E04-90x90-1.jpeg","width":90,"height":90,"caption":"Arturo Medina"},"logo":{"@id":"https:\/\/nitu.mx\/#\/schema\/person\/image\/"},"description":"Director NITU.mx, Egresado de la Escuela de Periodismo Carlos Septi\u00e9n Garc\u00eda. Periodista y analista especializado en turismo desde hace 35 a\u00f1os, radicado en Canc\u00fan Q.Roo. arturo@nitu.mx","sameAs":["https:\/\/nitu.mx","https:\/\/www.facebook.com\/NITUmx\/","medinacancun","https:\/\/twitter.com\/@Arturo_Medina_G"],"url":"https:\/\/nitu.mx\/index.php\/author\/arturo-medina\/"}]}},"views":388,"_links":{"self":[{"href":"https:\/\/nitu.mx\/index.php\/wp-json\/wp\/v2\/posts\/62471"}],"collection":[{"href":"https:\/\/nitu.mx\/index.php\/wp-json\/wp\/v2\/posts"}],"about":[{"href":"https:\/\/nitu.mx\/index.php\/wp-json\/wp\/v2\/types\/post"}],"author":[{"embeddable":true,"href":"https:\/\/nitu.mx\/index.php\/wp-json\/wp\/v2\/users\/2"}],"replies":[{"embeddable":true,"href":"https:\/\/nitu.mx\/index.php\/wp-json\/wp\/v2\/comments?post=62471"}],"version-history":[{"count":3,"href":"https:\/\/nitu.mx\/index.php\/wp-json\/wp\/v2\/posts\/62471\/revisions"}],"predecessor-version":[{"id":62487,"href":"https:\/\/nitu.mx\/index.php\/wp-json\/wp\/v2\/posts\/62471\/revisions\/62487"}],"wp:featuredmedia":[{"embeddable":true,"href":"https:\/\/nitu.mx\/index.php\/wp-json\/wp\/v2\/media\/62220"}],"wp:attachment":[{"href":"https:\/\/nitu.mx\/index.php\/wp-json\/wp\/v2\/media?parent=62471"}],"wp:term":[{"taxonomy":"category","embeddable":true,"href":"https:\/\/nitu.mx\/index.php\/wp-json\/wp\/v2\/categories?post=62471"},{"taxonomy":"post_tag","embeddable":true,"href":"https:\/\/nitu.mx\/index.php\/wp-json\/wp\/v2\/tags?post=62471"}],"curies":[{"name":"wp","href":"https:\/\/api.w.org\/{rel}","templated":true}]}}