{"id":62421,"date":"2022-11-30T01:18:23","date_gmt":"2022-11-30T06:18:23","guid":{"rendered":"https:\/\/www.dev.nitu.mx\/?p=62421"},"modified":"2022-11-30T01:19:02","modified_gmt":"2022-11-30T06:19:02","slug":"se-estrena-en-cozumel-el-carnival-celebration","status":"publish","type":"post","link":"https:\/\/nitu.mx\/index.php\/2022\/11\/30\/se-estrena-en-cozumel-el-carnival-celebration\/","title":{"rendered":"Se estrena en Cozumel el Carnival Celebration"},"content":{"rendered":"<p>El director de la APIQROO, Vagner Elbiorn Vega, celebr\u00f3 la llegada por primera vez a la isla de Cozumel del crucero Carnival Celebration con 5 mil 283 pasajeros y 1,804 tripulantes.<\/p>\n<p>Este barco ostenta el r\u00e9cord de la flota m\u00e1s grande de la l\u00ednea Carnival Cruise Line y es el segundo de su clase Excellence.\u00a0<a title=\"Carnival Cruise Line relaja protocolos para sus pasajeros\" href=\"https:\/\/www.dev.nitu.mx\/index.php\/2022\/08\/01\/carnival-cruise-line-relaja-protocolos-para-sus-pasajeros\/\" rel=\"bookmark\">(Carnival Cruise Line relaja protocolos para sus pasajeros).<\/a><\/p>\n<p>El Carnival Celebration fue recientemente inaugurado en el marco de los actos por el 50 aniversario de la fundaci\u00f3n de la compa\u00f1\u00eda Carnival Cruise Line y tiene previsto embarcarse en trayectos semanales por el Caribe Oriental y Occidental, y que incluyen destinos como Rep\u00fablica Dominicana, la isla de St. Thomas, y nuestras islas mexicanas Cozumel y Costa Maya.<\/p>\n<p>Destac\u00f3 que uno de los principales objetivos del Nuevo Acuerdo por el Bienestar y Desarrollo que promueve la gobernadora Mara Lezama Espinosa es impulsar y diversificar el turismo, pero con justicia social, para alcanzar el bienestar y la prosperidad compartida.<\/p>\n","protected":false},"excerpt":{"rendered":"<p>El director de la APIQROO, Vagner Elbiorn Vega, celebr\u00f3 la llegada por primera vez a la isla de Cozumel del crucero Carnival Celebration con 5 mil 283 pasajeros y 1,804 tripulantes. Este barco ostenta el r\u00e9cord de la flota m\u00e1s grande de la l\u00ednea Carnival Cruise Line y es el segundo de su clase Excellence.\u00a0(Carnival [&hellip;]<\/p>\n","protected":false},"author":2,"featured_media":62438,"comment_status":"open","ping_status":"open","sticky":false,"template":"","format":"standard","meta":{"footnotes":""},"categories":[4],"tags":[3491,23681,110],"yoast_head":"<!-- This site is optimized with the Yoast SEO plugin v22.2 - https:\/\/yoast.com\/wordpress\/plugins\/seo\/ -->\n<title>Se estrena en Cozumel el Carnival Celebration - Nitu - Noticias de la Industria Turistica<\/title>\n<meta name=\"robots\" content=\"index, follow, max-snippet:-1, max-image-preview:large, max-video-preview:-1\" \/>\n<link rel=\"canonical\" href=\"https:\/\/nitu.mx\/index.php\/2022\/11\/30\/se-estrena-en-cozumel-el-carnival-celebration\/\" \/>\n<meta name=\"twitter:card\" content=\"summary_large_image\" \/>\n<meta name=\"twitter:title\" content=\"Se estrena en Cozumel el Carnival Celebration - Nitu - Noticias de la Industria Turistica\" \/>\n<meta name=\"twitter:description\" content=\"El director de la APIQROO, Vagner Elbiorn Vega, celebr\u00f3 la llegada por primera vez a la isla de Cozumel del crucero Carnival Celebration con 5 mil 283 pasajeros y 1,804 tripulantes. Este barco ostenta el r\u00e9cord de la flota m\u00e1s grande de la l\u00ednea Carnival Cruise Line y es el segundo de su clase Excellence.\u00a0(Carnival [&hellip;]\" \/>\n<meta name=\"twitter:image\" content=\"https:\/\/nitu.mx\/wp-content\/uploads\/2022\/11\/Carnival-Celebration-Cozumel.jpeg\" \/>\n<meta name=\"twitter:creator\" content=\"@Arturo_Medina_G\" \/>\n<meta name=\"twitter:site\" content=\"@Arturo_Medina_G\" \/>\n<meta name=\"twitter:label1\" content=\"Escrito por\" \/>\n\t<meta name=\"twitter:data1\" content=\"Arturo Medina\" \/>\n\t<meta name=\"twitter:label2\" content=\"Tiempo de lectura\" \/>\n\t<meta name=\"twitter:data2\" content=\"1 minuto\" \/>\n<script type=\"application\/ld+json\" class=\"yoast-schema-graph\">{\"@context\":\"https:\/\/schema.org\",\"@graph\":[{\"@type\":\"Article\",\"@id\":\"https:\/\/nitu.mx\/index.php\/2022\/11\/30\/se-estrena-en-cozumel-el-carnival-celebration\/#article\",\"isPartOf\":{\"@id\":\"https:\/\/nitu.mx\/index.php\/2022\/11\/30\/se-estrena-en-cozumel-el-carnival-celebration\/\"},\"author\":{\"name\":\"Arturo Medina\",\"@id\":\"https:\/\/nitu.mx\/#\/schema\/person\/ae7a53426417292d3dd07b45a33e01bc\"},\"headline\":\"Se estrena en Cozumel el Carnival Celebration\",\"datePublished\":\"2022-11-30T06:18:23+00:00\",\"dateModified\":\"2022-11-30T06:19:02+00:00\",\"mainEntityOfPage\":{\"@id\":\"https:\/\/nitu.mx\/index.php\/2022\/11\/30\/se-estrena-en-cozumel-el-carnival-celebration\/\"},\"wordCount\":170,\"commentCount\":0,\"publisher\":{\"@id\":\"https:\/\/nitu.mx\/#\/schema\/person\/ae7a53426417292d3dd07b45a33e01bc\"},\"image\":{\"@id\":\"https:\/\/nitu.mx\/index.php\/2022\/11\/30\/se-estrena-en-cozumel-el-carnival-celebration\/#primaryimage\"},\"thumbnailUrl\":\"https:\/\/nitu.mx\/wp-content\/uploads\/2022\/11\/Carnival-Celebration-Cozumel.jpeg\",\"keywords\":[\"Apiqroo\",\"Carnival Celebration\",\"Cozumel\"],\"articleSection\":[\"Cruceros\"],\"inLanguage\":\"es-MX\",\"potentialAction\":[{\"@type\":\"CommentAction\",\"name\":\"Comment\",\"target\":[\"https:\/\/nitu.mx\/index.php\/2022\/11\/30\/se-estrena-en-cozumel-el-carnival-celebration\/#respond\"]}]},{\"@type\":\"WebPage\",\"@id\":\"https:\/\/nitu.mx\/index.php\/2022\/11\/30\/se-estrena-en-cozumel-el-carnival-celebration\/\",\"url\":\"https:\/\/nitu.mx\/index.php\/2022\/11\/30\/se-estrena-en-cozumel-el-carnival-celebration\/\",\"name\":\"Se estrena en Cozumel el Carnival Celebration - Nitu - Noticias de la Industria Turistica\",\"isPartOf\":{\"@id\":\"https:\/\/nitu.mx\/#website\"},\"primaryImageOfPage\":{\"@id\":\"https:\/\/nitu.mx\/index.php\/2022\/11\/30\/se-estrena-en-cozumel-el-carnival-celebration\/#primaryimage\"},\"image\":{\"@id\":\"https:\/\/nitu.mx\/index.php\/2022\/11\/30\/se-estrena-en-cozumel-el-carnival-celebration\/#primaryimage\"},\"thumbnailUrl\":\"https:\/\/nitu.mx\/wp-content\/uploads\/2022\/11\/Carnival-Celebration-Cozumel.jpeg\",\"datePublished\":\"2022-11-30T06:18:23+00:00\",\"dateModified\":\"2022-11-30T06:19:02+00:00\",\"breadcrumb\":{\"@id\":\"https:\/\/nitu.mx\/index.php\/2022\/11\/30\/se-estrena-en-cozumel-el-carnival-celebration\/#breadcrumb\"},\"inLanguage\":\"es-MX\",\"potentialAction\":[{\"@type\":\"ReadAction\",\"target\":[\"https:\/\/nitu.mx\/index.php\/2022\/11\/30\/se-estrena-en-cozumel-el-carnival-celebration\/\"]}]},{\"@type\":\"ImageObject\",\"inLanguage\":\"es-MX\",\"@id\":\"https:\/\/nitu.mx\/index.php\/2022\/11\/30\/se-estrena-en-cozumel-el-carnival-celebration\/#primaryimage\",\"url\":\"https:\/\/nitu.mx\/wp-content\/uploads\/2022\/11\/Carnival-Celebration-Cozumel.jpeg\",\"contentUrl\":\"https:\/\/nitu.mx\/wp-content\/uploads\/2022\/11\/Carnival-Celebration-Cozumel.jpeg\",\"width\":1200,\"height\":675,\"caption\":\"Carnival Cruise Line Cruceros\"},{\"@type\":\"BreadcrumbList\",\"@id\":\"https:\/\/nitu.mx\/index.php\/2022\/11\/30\/se-estrena-en-cozumel-el-carnival-celebration\/#breadcrumb\",\"itemListElement\":[{\"@type\":\"ListItem\",\"position\":1,\"name\":\"Inicio\",\"item\":\"https:\/\/nitu.mx\/\"},{\"@type\":\"ListItem\",\"position\":2,\"name\":\"Se estrena en Cozumel el Carnival Celebration\"}]},{\"@type\":\"WebSite\",\"@id\":\"https:\/\/nitu.mx\/#website\",\"url\":\"https:\/\/nitu.mx\/\",\"name\":\"Nitu - Noticias de la Industria Turistica\",\"description\":\"Noticias de la Industria Turistica\",\"publisher\":{\"@id\":\"https:\/\/nitu.mx\/#\/schema\/person\/ae7a53426417292d3dd07b45a33e01bc\"},\"alternateName\":\"Noticias de la Industria Turistica\",\"potentialAction\":[{\"@type\":\"SearchAction\",\"target\":{\"@type\":\"EntryPoint\",\"urlTemplate\":\"https:\/\/nitu.mx\/?s={search_term_string}\"},\"query-input\":\"required name=search_term_string\"}],\"inLanguage\":\"es-MX\"},{\"@type\":[\"Person\",\"Organization\"],\"@id\":\"https:\/\/nitu.mx\/#\/schema\/person\/ae7a53426417292d3dd07b45a33e01bc\",\"name\":\"Arturo Medina\",\"image\":{\"@type\":\"ImageObject\",\"inLanguage\":\"es-MX\",\"@id\":\"https:\/\/nitu.mx\/#\/schema\/person\/image\/\",\"url\":\"https:\/\/nitu.mx\/wp-content\/uploads\/2024\/04\/4A315622-1904-4D5C-B022-878CDC840E04-90x90-1.jpeg\",\"contentUrl\":\"https:\/\/nitu.mx\/wp-content\/uploads\/2024\/04\/4A315622-1904-4D5C-B022-878CDC840E04-90x90-1.jpeg\",\"width\":90,\"height\":90,\"caption\":\"Arturo Medina\"},\"logo\":{\"@id\":\"https:\/\/nitu.mx\/#\/schema\/person\/image\/\"},\"description\":\"Director NITU.mx, Egresado de la Escuela de Periodismo Carlos Septi\u00e9n Garc\u00eda. Periodista y analista especializado en turismo desde hace 35 a\u00f1os, radicado en Canc\u00fan Q.Roo. arturo@nitu.mx\",\"sameAs\":[\"https:\/\/nitu.mx\",\"https:\/\/www.facebook.com\/NITUmx\/\",\"medinacancun\",\"https:\/\/twitter.com\/@Arturo_Medina_G\"],\"url\":\"https:\/\/nitu.mx\/index.php\/author\/arturo-medina\/\"}]}<\/script>\n<!-- \/ Yoast SEO plugin. -->","yoast_head_json":{"title":"Se estrena en Cozumel el Carnival Celebration - Nitu - Noticias de la Industria Turistica","robots":{"index":"index","follow":"follow","max-snippet":"max-snippet:-1","max-image-preview":"max-image-preview:large","max-video-preview":"max-video-preview:-1"},"canonical":"https:\/\/nitu.mx\/index.php\/2022\/11\/30\/se-estrena-en-cozumel-el-carnival-celebration\/","twitter_card":"summary_large_image","twitter_title":"Se estrena en Cozumel el Carnival Celebration - Nitu - Noticias de la Industria Turistica","twitter_description":"El director de la APIQROO, Vagner Elbiorn Vega, celebr\u00f3 la llegada por primera vez a la isla de Cozumel del crucero Carnival Celebration con 5 mil 283 pasajeros y 1,804 tripulantes. Este barco ostenta el r\u00e9cord de la flota m\u00e1s grande de la l\u00ednea Carnival Cruise Line y es el segundo de su clase Excellence.\u00a0(Carnival [&hellip;]","twitter_image":"https:\/\/nitu.mx\/wp-content\/uploads\/2022\/11\/Carnival-Celebration-Cozumel.jpeg","twitter_creator":"@Arturo_Medina_G","twitter_site":"@Arturo_Medina_G","twitter_misc":{"Escrito por":"Arturo Medina","Tiempo de lectura":"1 minuto"},"schema":{"@context":"https:\/\/schema.org","@graph":[{"@type":"Article","@id":"https:\/\/nitu.mx\/index.php\/2022\/11\/30\/se-estrena-en-cozumel-el-carnival-celebration\/#article","isPartOf":{"@id":"https:\/\/nitu.mx\/index.php\/2022\/11\/30\/se-estrena-en-cozumel-el-carnival-celebration\/"},"author":{"name":"Arturo Medina","@id":"https:\/\/nitu.mx\/#\/schema\/person\/ae7a53426417292d3dd07b45a33e01bc"},"headline":"Se estrena en Cozumel el Carnival Celebration","datePublished":"2022-11-30T06:18:23+00:00","dateModified":"2022-11-30T06:19:02+00:00","mainEntityOfPage":{"@id":"https:\/\/nitu.mx\/index.php\/2022\/11\/30\/se-estrena-en-cozumel-el-carnival-celebration\/"},"wordCount":170,"commentCount":0,"publisher":{"@id":"https:\/\/nitu.mx\/#\/schema\/person\/ae7a53426417292d3dd07b45a33e01bc"},"image":{"@id":"https:\/\/nitu.mx\/index.php\/2022\/11\/30\/se-estrena-en-cozumel-el-carnival-celebration\/#primaryimage"},"thumbnailUrl":"https:\/\/nitu.mx\/wp-content\/uploads\/2022\/11\/Carnival-Celebration-Cozumel.jpeg","keywords":["Apiqroo","Carnival Celebration","Cozumel"],"articleSection":["Cruceros"],"inLanguage":"es-MX","potentialAction":[{"@type":"CommentAction","name":"Comment","target":["https:\/\/nitu.mx\/index.php\/2022\/11\/30\/se-estrena-en-cozumel-el-carnival-celebration\/#respond"]}]},{"@type":"WebPage","@id":"https:\/\/nitu.mx\/index.php\/2022\/11\/30\/se-estrena-en-cozumel-el-carnival-celebration\/","url":"https:\/\/nitu.mx\/index.php\/2022\/11\/30\/se-estrena-en-cozumel-el-carnival-celebration\/","name":"Se estrena en Cozumel el Carnival Celebration - Nitu - Noticias de la Industria Turistica","isPartOf":{"@id":"https:\/\/nitu.mx\/#website"},"primaryImageOfPage":{"@id":"https:\/\/nitu.mx\/index.php\/2022\/11\/30\/se-estrena-en-cozumel-el-carnival-celebration\/#primaryimage"},"image":{"@id":"https:\/\/nitu.mx\/index.php\/2022\/11\/30\/se-estrena-en-cozumel-el-carnival-celebration\/#primaryimage"},"thumbnailUrl":"https:\/\/nitu.mx\/wp-content\/uploads\/2022\/11\/Carnival-Celebration-Cozumel.jpeg","datePublished":"2022-11-30T06:18:23+00:00","dateModified":"2022-11-30T06:19:02+00:00","breadcrumb":{"@id":"https:\/\/nitu.mx\/index.php\/2022\/11\/30\/se-estrena-en-cozumel-el-carnival-celebration\/#breadcrumb"},"inLanguage":"es-MX","potentialAction":[{"@type":"ReadAction","target":["https:\/\/nitu.mx\/index.php\/2022\/11\/30\/se-estrena-en-cozumel-el-carnival-celebration\/"]}]},{"@type":"ImageObject","inLanguage":"es-MX","@id":"https:\/\/nitu.mx\/index.php\/2022\/11\/30\/se-estrena-en-cozumel-el-carnival-celebration\/#primaryimage","url":"https:\/\/nitu.mx\/wp-content\/uploads\/2022\/11\/Carnival-Celebration-Cozumel.jpeg","contentUrl":"https:\/\/nitu.mx\/wp-content\/uploads\/2022\/11\/Carnival-Celebration-Cozumel.jpeg","width":1200,"height":675,"caption":"Carnival Cruise Line Cruceros"},{"@type":"BreadcrumbList","@id":"https:\/\/nitu.mx\/index.php\/2022\/11\/30\/se-estrena-en-cozumel-el-carnival-celebration\/#breadcrumb","itemListElement":[{"@type":"ListItem","position":1,"name":"Inicio","item":"https:\/\/nitu.mx\/"},{"@type":"ListItem","position":2,"name":"Se estrena en Cozumel el Carnival Celebration"}]},{"@type":"WebSite","@id":"https:\/\/nitu.mx\/#website","url":"https:\/\/nitu.mx\/","name":"Nitu - Noticias de la Industria Turistica","description":"Noticias de la Industria Turistica","publisher":{"@id":"https:\/\/nitu.mx\/#\/schema\/person\/ae7a53426417292d3dd07b45a33e01bc"},"alternateName":"Noticias de la Industria Turistica","potentialAction":[{"@type":"SearchAction","target":{"@type":"EntryPoint","urlTemplate":"https:\/\/nitu.mx\/?s={search_term_string}"},"query-input":"required name=search_term_string"}],"inLanguage":"es-MX"},{"@type":["Person","Organization"],"@id":"https:\/\/nitu.mx\/#\/schema\/person\/ae7a53426417292d3dd07b45a33e01bc","name":"Arturo Medina","image":{"@type":"ImageObject","inLanguage":"es-MX","@id":"https:\/\/nitu.mx\/#\/schema\/person\/image\/","url":"https:\/\/nitu.mx\/wp-content\/uploads\/2024\/04\/4A315622-1904-4D5C-B022-878CDC840E04-90x90-1.jpeg","contentUrl":"https:\/\/nitu.mx\/wp-content\/uploads\/2024\/04\/4A315622-1904-4D5C-B022-878CDC840E04-90x90-1.jpeg","width":90,"height":90,"caption":"Arturo Medina"},"logo":{"@id":"https:\/\/nitu.mx\/#\/schema\/person\/image\/"},"description":"Director NITU.mx, Egresado de la Escuela de Periodismo Carlos Septi\u00e9n Garc\u00eda. Periodista y analista especializado en turismo desde hace 35 a\u00f1os, radicado en Canc\u00fan Q.Roo. arturo@nitu.mx","sameAs":["https:\/\/nitu.mx","https:\/\/www.facebook.com\/NITUmx\/","medinacancun","https:\/\/twitter.com\/@Arturo_Medina_G"],"url":"https:\/\/nitu.mx\/index.php\/author\/arturo-medina\/"}]}},"views":337,"_links":{"self":[{"href":"https:\/\/nitu.mx\/index.php\/wp-json\/wp\/v2\/posts\/62421"}],"collection":[{"href":"https:\/\/nitu.mx\/index.php\/wp-json\/wp\/v2\/posts"}],"about":[{"href":"https:\/\/nitu.mx\/index.php\/wp-json\/wp\/v2\/types\/post"}],"author":[{"embeddable":true,"href":"https:\/\/nitu.mx\/index.php\/wp-json\/wp\/v2\/users\/2"}],"replies":[{"embeddable":true,"href":"https:\/\/nitu.mx\/index.php\/wp-json\/wp\/v2\/comments?post=62421"}],"version-history":[{"count":2,"href":"https:\/\/nitu.mx\/index.php\/wp-json\/wp\/v2\/posts\/62421\/revisions"}],"predecessor-version":[{"id":62439,"href":"https:\/\/nitu.mx\/index.php\/wp-json\/wp\/v2\/posts\/62421\/revisions\/62439"}],"wp:featuredmedia":[{"embeddable":true,"href":"https:\/\/nitu.mx\/index.php\/wp-json\/wp\/v2\/media\/62438"}],"wp:attachment":[{"href":"https:\/\/nitu.mx\/index.php\/wp-json\/wp\/v2\/media?parent=62421"}],"wp:term":[{"taxonomy":"category","embeddable":true,"href":"https:\/\/nitu.mx\/index.php\/wp-json\/wp\/v2\/categories?post=62421"},{"taxonomy":"post_tag","embeddable":true,"href":"https:\/\/nitu.mx\/index.php\/wp-json\/wp\/v2\/tags?post=62421"}],"curies":[{"name":"wp","href":"https:\/\/api.w.org\/{rel}","templated":true}]}}