{"id":62372,"date":"2022-11-25T01:00:00","date_gmt":"2022-11-25T06:00:00","guid":{"rendered":"https:\/\/www.dev.nitu.mx\/?p=62372"},"modified":"2022-11-25T01:13:45","modified_gmt":"2022-11-25T06:13:45","slug":"pricetravel-holding-refrenda-apuesta-por-aeromar-al-renovar-alianza","status":"publish","type":"post","link":"https:\/\/nitu.mx\/index.php\/2022\/11\/25\/pricetravel-holding-refrenda-apuesta-por-aeromar-al-renovar-alianza\/","title":{"rendered":"PriceTravel Holding refrenda apuesta por Aeromar al renovar alianza"},"content":{"rendered":"<p>PriceTravel\u00a0Holding\u00a0anunci\u00f3 la renovaci\u00f3n de su alianza comercial con\u00a0Aeromar, con el objetivo de seguir fortaleciendo el programa de paquetes vacacionales que la l\u00ednea \u00e1rea ofrece a sus clientes.<\/p>\n<p>La alianza que inici\u00f3 en septiembre del 2020 ha logrado dar el servicio de paquetes avi\u00f3n + hotel que los clientes de Aeromar buscan para muchos de sus viajes, por lo cual ambas empresas continuar\u00e1n trabajando y apostando a estrategias que permitan un mayor incremento de ventas.<\/p>\n<p>Aeromar seguir\u00e1 contando con un motor de reservaciones personalizado y probado con una excelente soluci\u00f3n tecnol\u00f3gica, beneficio que PriceTravel Holding ofrece como garant\u00eda a las m\u00e1s de 300 empresas afiliadas a su marca B2BTravel Program; entre ellas: aerol\u00edneas, hoteles, tiendas departamentales, bancos y otras.<\/p>\n<p>\u201cEstamos muy satisfechos con los resultados de este acuerdo. Continuaremos reforzando nuestro contenido, para que as\u00ed los clientes de Aeromar puedan seguir reservando el mejor producto, y por supuesto, gozando de la mejor experiencia de usuario en la plataforma\u201d, comenta Juan Socas, director\u00a0de Alianzas Comerciales del corporativo.<\/p>\n<p>PriceTravel Holding tiene un fuerte compromiso con Aeromar, por lo que adem\u00e1s, tiene asignado un call center con l\u00ednea de atenci\u00f3n exclusiva y personalizada, donde se atienden con los m\u00e1s altos est\u00e1ndares de calidad y servicio a todos los clientes de la l\u00ednea a\u00e9rea, con servicio 24\/7.<\/p>\n<p>\u201cEn Aeromar trabajamos con los mejores aliados de negocio que apoyen en el crecimiento y expansi\u00f3n de la aerol\u00ednea,\u00a0con el objetivo de ofrecer las mejores opciones de viaje\u00a0a nuestros pasajeros. PriceTravel Holding tiene la experiencia y el liderazgo de ser uno de los mejores motores para reservaciones en M\u00e9xico y Latinoam\u00e9rica\u201d,\u00a0afirma\u00a0Juan Ignacio Rossello, director Comercial de Aeromar.<\/p>\n<p>La excelente estrategia de distribuci\u00f3n, producto diferenciado, calidad en el servicio, proceso operativo y la tecnolog\u00eda de punta, son algunos de los factores que permitieron a Aeromar elegir nuevamente al grupo tur\u00edstico, como su aliado comercial.\u00a0<a title=\"PriceTravel brinda descuentos de hasta 75% por El Buen Fin\" href=\"https:\/\/www.dev.nitu.mx\/index.php\/2022\/11\/17\/pricetravel-brinda-descuentos-de-hasta-75-por-el-buen-fin\/\" rel=\"bookmark\">(PriceTravel brinda descuentos de hasta 75% por El Buen Fin<\/a>).<\/p>\n","protected":false},"excerpt":{"rendered":"<p>PriceTravel\u00a0Holding\u00a0anunci\u00f3 la renovaci\u00f3n de su alianza comercial con\u00a0Aeromar, con el objetivo de seguir fortaleciendo el programa de paquetes vacacionales que la l\u00ednea \u00e1rea ofrece a sus clientes. La alianza que inici\u00f3 en septiembre del 2020 ha logrado dar el servicio de paquetes avi\u00f3n + hotel que los clientes de Aeromar buscan para muchos de sus [&hellip;]<\/p>\n","protected":false},"author":17,"featured_media":62373,"comment_status":"open","ping_status":"open","sticky":false,"template":"","format":"standard","meta":{"footnotes":""},"categories":[3],"tags":[473,2842,2840],"yoast_head":"<!-- This site is optimized with the Yoast SEO plugin v22.2 - https:\/\/yoast.com\/wordpress\/plugins\/seo\/ -->\n<title>PriceTravel Holding refrenda apuesta por Aeromar al renovar alianza - Nitu - Noticias de la Industria Turistica<\/title>\n<meta name=\"robots\" content=\"index, follow, max-snippet:-1, max-image-preview:large, max-video-preview:-1\" \/>\n<link rel=\"canonical\" href=\"https:\/\/nitu.mx\/index.php\/2022\/11\/25\/pricetravel-holding-refrenda-apuesta-por-aeromar-al-renovar-alianza\/\" \/>\n<meta name=\"twitter:card\" content=\"summary_large_image\" \/>\n<meta name=\"twitter:title\" content=\"PriceTravel Holding refrenda apuesta por Aeromar al renovar alianza - Nitu - Noticias de la Industria Turistica\" \/>\n<meta name=\"twitter:description\" content=\"PriceTravel\u00a0Holding\u00a0anunci\u00f3 la renovaci\u00f3n de su alianza comercial con\u00a0Aeromar, con el objetivo de seguir fortaleciendo el programa de paquetes vacacionales que la l\u00ednea \u00e1rea ofrece a sus clientes. La alianza que inici\u00f3 en septiembre del 2020 ha logrado dar el servicio de paquetes avi\u00f3n + hotel que los clientes de Aeromar buscan para muchos de sus [&hellip;]\" \/>\n<meta name=\"twitter:image\" content=\"https:\/\/nitu.mx\/wp-content\/uploads\/2022\/11\/PriceTravel-Holding-Aeromar.jpg\" \/>\n<meta name=\"twitter:creator\" content=\"@NITUmx\" \/>\n<meta name=\"twitter:site\" content=\"@Arturo_Medina_G\" \/>\n<meta name=\"twitter:label1\" content=\"Escrito por\" \/>\n\t<meta name=\"twitter:data1\" content=\"Redacci\u00f3n\" \/>\n\t<meta name=\"twitter:label2\" content=\"Tiempo de lectura\" \/>\n\t<meta name=\"twitter:data2\" content=\"2 minutos\" \/>\n<script type=\"application\/ld+json\" class=\"yoast-schema-graph\">{\"@context\":\"https:\/\/schema.org\",\"@graph\":[{\"@type\":\"Article\",\"@id\":\"https:\/\/nitu.mx\/index.php\/2022\/11\/25\/pricetravel-holding-refrenda-apuesta-por-aeromar-al-renovar-alianza\/#article\",\"isPartOf\":{\"@id\":\"https:\/\/nitu.mx\/index.php\/2022\/11\/25\/pricetravel-holding-refrenda-apuesta-por-aeromar-al-renovar-alianza\/\"},\"author\":{\"name\":\"Redacci\u00f3n\",\"@id\":\"https:\/\/nitu.mx\/#\/schema\/person\/4a28fe9bd65924f7c90623773daf1b0b\"},\"headline\":\"PriceTravel Holding refrenda apuesta por Aeromar al renovar alianza\",\"datePublished\":\"2022-11-25T06:00:00+00:00\",\"dateModified\":\"2022-11-25T06:13:45+00:00\",\"mainEntityOfPage\":{\"@id\":\"https:\/\/nitu.mx\/index.php\/2022\/11\/25\/pricetravel-holding-refrenda-apuesta-por-aeromar-al-renovar-alianza\/\"},\"wordCount\":351,\"commentCount\":0,\"publisher\":{\"@id\":\"https:\/\/nitu.mx\/#\/schema\/person\/ae7a53426417292d3dd07b45a33e01bc\"},\"image\":{\"@id\":\"https:\/\/nitu.mx\/index.php\/2022\/11\/25\/pricetravel-holding-refrenda-apuesta-por-aeromar-al-renovar-alianza\/#primaryimage\"},\"thumbnailUrl\":\"https:\/\/nitu.mx\/wp-content\/uploads\/2022\/11\/PriceTravel-Holding-Aeromar.jpg\",\"keywords\":[\"Aeromar\",\"Juan Socas\",\"PriceTravel Holding\"],\"articleSection\":[\"Agencias de Viajes\"],\"inLanguage\":\"es-MX\",\"potentialAction\":[{\"@type\":\"CommentAction\",\"name\":\"Comment\",\"target\":[\"https:\/\/nitu.mx\/index.php\/2022\/11\/25\/pricetravel-holding-refrenda-apuesta-por-aeromar-al-renovar-alianza\/#respond\"]}]},{\"@type\":\"WebPage\",\"@id\":\"https:\/\/nitu.mx\/index.php\/2022\/11\/25\/pricetravel-holding-refrenda-apuesta-por-aeromar-al-renovar-alianza\/\",\"url\":\"https:\/\/nitu.mx\/index.php\/2022\/11\/25\/pricetravel-holding-refrenda-apuesta-por-aeromar-al-renovar-alianza\/\",\"name\":\"PriceTravel Holding refrenda apuesta por Aeromar al renovar alianza - Nitu - Noticias de la Industria Turistica\",\"isPartOf\":{\"@id\":\"https:\/\/nitu.mx\/#website\"},\"primaryImageOfPage\":{\"@id\":\"https:\/\/nitu.mx\/index.php\/2022\/11\/25\/pricetravel-holding-refrenda-apuesta-por-aeromar-al-renovar-alianza\/#primaryimage\"},\"image\":{\"@id\":\"https:\/\/nitu.mx\/index.php\/2022\/11\/25\/pricetravel-holding-refrenda-apuesta-por-aeromar-al-renovar-alianza\/#primaryimage\"},\"thumbnailUrl\":\"https:\/\/nitu.mx\/wp-content\/uploads\/2022\/11\/PriceTravel-Holding-Aeromar.jpg\",\"datePublished\":\"2022-11-25T06:00:00+00:00\",\"dateModified\":\"2022-11-25T06:13:45+00:00\",\"breadcrumb\":{\"@id\":\"https:\/\/nitu.mx\/index.php\/2022\/11\/25\/pricetravel-holding-refrenda-apuesta-por-aeromar-al-renovar-alianza\/#breadcrumb\"},\"inLanguage\":\"es-MX\",\"potentialAction\":[{\"@type\":\"ReadAction\",\"target\":[\"https:\/\/nitu.mx\/index.php\/2022\/11\/25\/pricetravel-holding-refrenda-apuesta-por-aeromar-al-renovar-alianza\/\"]}]},{\"@type\":\"ImageObject\",\"inLanguage\":\"es-MX\",\"@id\":\"https:\/\/nitu.mx\/index.php\/2022\/11\/25\/pricetravel-holding-refrenda-apuesta-por-aeromar-al-renovar-alianza\/#primaryimage\",\"url\":\"https:\/\/nitu.mx\/wp-content\/uploads\/2022\/11\/PriceTravel-Holding-Aeromar.jpg\",\"contentUrl\":\"https:\/\/nitu.mx\/wp-content\/uploads\/2022\/11\/PriceTravel-Holding-Aeromar.jpg\",\"width\":1200,\"height\":675,\"caption\":\"PriceTravel Holding\"},{\"@type\":\"BreadcrumbList\",\"@id\":\"https:\/\/nitu.mx\/index.php\/2022\/11\/25\/pricetravel-holding-refrenda-apuesta-por-aeromar-al-renovar-alianza\/#breadcrumb\",\"itemListElement\":[{\"@type\":\"ListItem\",\"position\":1,\"name\":\"Inicio\",\"item\":\"https:\/\/nitu.mx\/\"},{\"@type\":\"ListItem\",\"position\":2,\"name\":\"PriceTravel Holding refrenda apuesta por Aeromar al renovar alianza\"}]},{\"@type\":\"WebSite\",\"@id\":\"https:\/\/nitu.mx\/#website\",\"url\":\"https:\/\/nitu.mx\/\",\"name\":\"Nitu - Noticias de la Industria Turistica\",\"description\":\"Noticias de la Industria Turistica\",\"publisher\":{\"@id\":\"https:\/\/nitu.mx\/#\/schema\/person\/ae7a53426417292d3dd07b45a33e01bc\"},\"alternateName\":\"Noticias de la Industria Turistica\",\"potentialAction\":[{\"@type\":\"SearchAction\",\"target\":{\"@type\":\"EntryPoint\",\"urlTemplate\":\"https:\/\/nitu.mx\/?s={search_term_string}\"},\"query-input\":\"required name=search_term_string\"}],\"inLanguage\":\"es-MX\"},{\"@type\":[\"Person\",\"Organization\"],\"@id\":\"https:\/\/nitu.mx\/#\/schema\/person\/ae7a53426417292d3dd07b45a33e01bc\",\"name\":\"Arturo Medina\",\"image\":{\"@type\":\"ImageObject\",\"inLanguage\":\"es-MX\",\"@id\":\"https:\/\/nitu.mx\/#\/schema\/person\/image\/\",\"url\":\"https:\/\/nitu.mx\/wp-content\/uploads\/2024\/04\/4A315622-1904-4D5C-B022-878CDC840E04-90x90-1.jpeg\",\"contentUrl\":\"https:\/\/nitu.mx\/wp-content\/uploads\/2024\/04\/4A315622-1904-4D5C-B022-878CDC840E04-90x90-1.jpeg\",\"width\":90,\"height\":90,\"caption\":\"Arturo Medina\"},\"logo\":{\"@id\":\"https:\/\/nitu.mx\/#\/schema\/person\/image\/\"},\"description\":\"Director NITU.mx, Egresado de la Escuela de Periodismo Carlos Septi\u00e9n Garc\u00eda. Periodista y analista especializado en turismo desde hace 35 a\u00f1os, radicado en Canc\u00fan Q.Roo. arturo@nitu.mx\",\"sameAs\":[\"https:\/\/nitu.mx\",\"https:\/\/www.facebook.com\/NITUmx\/\",\"medinacancun\",\"https:\/\/twitter.com\/@Arturo_Medina_G\"]},{\"@type\":\"Person\",\"@id\":\"https:\/\/nitu.mx\/#\/schema\/person\/4a28fe9bd65924f7c90623773daf1b0b\",\"name\":\"Redacci\u00f3n\",\"image\":{\"@type\":\"ImageObject\",\"inLanguage\":\"es-MX\",\"@id\":\"https:\/\/nitu.mx\/#\/schema\/person\/image\/\",\"url\":\"https:\/\/secure.gravatar.com\/avatar\/5dd011c8ccfc5cd7e4c81e42252aab38?s=96&d=mm&r=g\",\"contentUrl\":\"https:\/\/secure.gravatar.com\/avatar\/5dd011c8ccfc5cd7e4c81e42252aab38?s=96&d=mm&r=g\",\"caption\":\"Redacci\u00f3n\"},\"url\":\"https:\/\/nitu.mx\/index.php\/author\/redaccion\/\"}]}<\/script>\n<!-- \/ Yoast SEO plugin. -->","yoast_head_json":{"title":"PriceTravel Holding refrenda apuesta por Aeromar al renovar alianza - Nitu - Noticias de la Industria Turistica","robots":{"index":"index","follow":"follow","max-snippet":"max-snippet:-1","max-image-preview":"max-image-preview:large","max-video-preview":"max-video-preview:-1"},"canonical":"https:\/\/nitu.mx\/index.php\/2022\/11\/25\/pricetravel-holding-refrenda-apuesta-por-aeromar-al-renovar-alianza\/","twitter_card":"summary_large_image","twitter_title":"PriceTravel Holding refrenda apuesta por Aeromar al renovar alianza - Nitu - Noticias de la Industria Turistica","twitter_description":"PriceTravel\u00a0Holding\u00a0anunci\u00f3 la renovaci\u00f3n de su alianza comercial con\u00a0Aeromar, con el objetivo de seguir fortaleciendo el programa de paquetes vacacionales que la l\u00ednea \u00e1rea ofrece a sus clientes. La alianza que inici\u00f3 en septiembre del 2020 ha logrado dar el servicio de paquetes avi\u00f3n + hotel que los clientes de Aeromar buscan para muchos de sus [&hellip;]","twitter_image":"https:\/\/nitu.mx\/wp-content\/uploads\/2022\/11\/PriceTravel-Holding-Aeromar.jpg","twitter_creator":"@NITUmx","twitter_site":"@Arturo_Medina_G","twitter_misc":{"Escrito por":"Redacci\u00f3n","Tiempo de lectura":"2 minutos"},"schema":{"@context":"https:\/\/schema.org","@graph":[{"@type":"Article","@id":"https:\/\/nitu.mx\/index.php\/2022\/11\/25\/pricetravel-holding-refrenda-apuesta-por-aeromar-al-renovar-alianza\/#article","isPartOf":{"@id":"https:\/\/nitu.mx\/index.php\/2022\/11\/25\/pricetravel-holding-refrenda-apuesta-por-aeromar-al-renovar-alianza\/"},"author":{"name":"Redacci\u00f3n","@id":"https:\/\/nitu.mx\/#\/schema\/person\/4a28fe9bd65924f7c90623773daf1b0b"},"headline":"PriceTravel Holding refrenda apuesta por Aeromar al renovar alianza","datePublished":"2022-11-25T06:00:00+00:00","dateModified":"2022-11-25T06:13:45+00:00","mainEntityOfPage":{"@id":"https:\/\/nitu.mx\/index.php\/2022\/11\/25\/pricetravel-holding-refrenda-apuesta-por-aeromar-al-renovar-alianza\/"},"wordCount":351,"commentCount":0,"publisher":{"@id":"https:\/\/nitu.mx\/#\/schema\/person\/ae7a53426417292d3dd07b45a33e01bc"},"image":{"@id":"https:\/\/nitu.mx\/index.php\/2022\/11\/25\/pricetravel-holding-refrenda-apuesta-por-aeromar-al-renovar-alianza\/#primaryimage"},"thumbnailUrl":"https:\/\/nitu.mx\/wp-content\/uploads\/2022\/11\/PriceTravel-Holding-Aeromar.jpg","keywords":["Aeromar","Juan Socas","PriceTravel Holding"],"articleSection":["Agencias de Viajes"],"inLanguage":"es-MX","potentialAction":[{"@type":"CommentAction","name":"Comment","target":["https:\/\/nitu.mx\/index.php\/2022\/11\/25\/pricetravel-holding-refrenda-apuesta-por-aeromar-al-renovar-alianza\/#respond"]}]},{"@type":"WebPage","@id":"https:\/\/nitu.mx\/index.php\/2022\/11\/25\/pricetravel-holding-refrenda-apuesta-por-aeromar-al-renovar-alianza\/","url":"https:\/\/nitu.mx\/index.php\/2022\/11\/25\/pricetravel-holding-refrenda-apuesta-por-aeromar-al-renovar-alianza\/","name":"PriceTravel Holding refrenda apuesta por Aeromar al renovar alianza - Nitu - Noticias de la Industria Turistica","isPartOf":{"@id":"https:\/\/nitu.mx\/#website"},"primaryImageOfPage":{"@id":"https:\/\/nitu.mx\/index.php\/2022\/11\/25\/pricetravel-holding-refrenda-apuesta-por-aeromar-al-renovar-alianza\/#primaryimage"},"image":{"@id":"https:\/\/nitu.mx\/index.php\/2022\/11\/25\/pricetravel-holding-refrenda-apuesta-por-aeromar-al-renovar-alianza\/#primaryimage"},"thumbnailUrl":"https:\/\/nitu.mx\/wp-content\/uploads\/2022\/11\/PriceTravel-Holding-Aeromar.jpg","datePublished":"2022-11-25T06:00:00+00:00","dateModified":"2022-11-25T06:13:45+00:00","breadcrumb":{"@id":"https:\/\/nitu.mx\/index.php\/2022\/11\/25\/pricetravel-holding-refrenda-apuesta-por-aeromar-al-renovar-alianza\/#breadcrumb"},"inLanguage":"es-MX","potentialAction":[{"@type":"ReadAction","target":["https:\/\/nitu.mx\/index.php\/2022\/11\/25\/pricetravel-holding-refrenda-apuesta-por-aeromar-al-renovar-alianza\/"]}]},{"@type":"ImageObject","inLanguage":"es-MX","@id":"https:\/\/nitu.mx\/index.php\/2022\/11\/25\/pricetravel-holding-refrenda-apuesta-por-aeromar-al-renovar-alianza\/#primaryimage","url":"https:\/\/nitu.mx\/wp-content\/uploads\/2022\/11\/PriceTravel-Holding-Aeromar.jpg","contentUrl":"https:\/\/nitu.mx\/wp-content\/uploads\/2022\/11\/PriceTravel-Holding-Aeromar.jpg","width":1200,"height":675,"caption":"PriceTravel Holding"},{"@type":"BreadcrumbList","@id":"https:\/\/nitu.mx\/index.php\/2022\/11\/25\/pricetravel-holding-refrenda-apuesta-por-aeromar-al-renovar-alianza\/#breadcrumb","itemListElement":[{"@type":"ListItem","position":1,"name":"Inicio","item":"https:\/\/nitu.mx\/"},{"@type":"ListItem","position":2,"name":"PriceTravel Holding refrenda apuesta por Aeromar al renovar alianza"}]},{"@type":"WebSite","@id":"https:\/\/nitu.mx\/#website","url":"https:\/\/nitu.mx\/","name":"Nitu - Noticias de la Industria Turistica","description":"Noticias de la Industria Turistica","publisher":{"@id":"https:\/\/nitu.mx\/#\/schema\/person\/ae7a53426417292d3dd07b45a33e01bc"},"alternateName":"Noticias de la Industria Turistica","potentialAction":[{"@type":"SearchAction","target":{"@type":"EntryPoint","urlTemplate":"https:\/\/nitu.mx\/?s={search_term_string}"},"query-input":"required name=search_term_string"}],"inLanguage":"es-MX"},{"@type":["Person","Organization"],"@id":"https:\/\/nitu.mx\/#\/schema\/person\/ae7a53426417292d3dd07b45a33e01bc","name":"Arturo Medina","image":{"@type":"ImageObject","inLanguage":"es-MX","@id":"https:\/\/nitu.mx\/#\/schema\/person\/image\/","url":"https:\/\/nitu.mx\/wp-content\/uploads\/2024\/04\/4A315622-1904-4D5C-B022-878CDC840E04-90x90-1.jpeg","contentUrl":"https:\/\/nitu.mx\/wp-content\/uploads\/2024\/04\/4A315622-1904-4D5C-B022-878CDC840E04-90x90-1.jpeg","width":90,"height":90,"caption":"Arturo Medina"},"logo":{"@id":"https:\/\/nitu.mx\/#\/schema\/person\/image\/"},"description":"Director NITU.mx, Egresado de la Escuela de Periodismo Carlos Septi\u00e9n Garc\u00eda. Periodista y analista especializado en turismo desde hace 35 a\u00f1os, radicado en Canc\u00fan Q.Roo. arturo@nitu.mx","sameAs":["https:\/\/nitu.mx","https:\/\/www.facebook.com\/NITUmx\/","medinacancun","https:\/\/twitter.com\/@Arturo_Medina_G"]},{"@type":"Person","@id":"https:\/\/nitu.mx\/#\/schema\/person\/4a28fe9bd65924f7c90623773daf1b0b","name":"Redacci\u00f3n","image":{"@type":"ImageObject","inLanguage":"es-MX","@id":"https:\/\/nitu.mx\/#\/schema\/person\/image\/","url":"https:\/\/secure.gravatar.com\/avatar\/5dd011c8ccfc5cd7e4c81e42252aab38?s=96&d=mm&r=g","contentUrl":"https:\/\/secure.gravatar.com\/avatar\/5dd011c8ccfc5cd7e4c81e42252aab38?s=96&d=mm&r=g","caption":"Redacci\u00f3n"},"url":"https:\/\/nitu.mx\/index.php\/author\/redaccion\/"}]}},"views":272,"_links":{"self":[{"href":"https:\/\/nitu.mx\/index.php\/wp-json\/wp\/v2\/posts\/62372"}],"collection":[{"href":"https:\/\/nitu.mx\/index.php\/wp-json\/wp\/v2\/posts"}],"about":[{"href":"https:\/\/nitu.mx\/index.php\/wp-json\/wp\/v2\/types\/post"}],"author":[{"embeddable":true,"href":"https:\/\/nitu.mx\/index.php\/wp-json\/wp\/v2\/users\/17"}],"replies":[{"embeddable":true,"href":"https:\/\/nitu.mx\/index.php\/wp-json\/wp\/v2\/comments?post=62372"}],"version-history":[{"count":1,"href":"https:\/\/nitu.mx\/index.php\/wp-json\/wp\/v2\/posts\/62372\/revisions"}],"predecessor-version":[{"id":62374,"href":"https:\/\/nitu.mx\/index.php\/wp-json\/wp\/v2\/posts\/62372\/revisions\/62374"}],"wp:featuredmedia":[{"embeddable":true,"href":"https:\/\/nitu.mx\/index.php\/wp-json\/wp\/v2\/media\/62373"}],"wp:attachment":[{"href":"https:\/\/nitu.mx\/index.php\/wp-json\/wp\/v2\/media?parent=62372"}],"wp:term":[{"taxonomy":"category","embeddable":true,"href":"https:\/\/nitu.mx\/index.php\/wp-json\/wp\/v2\/categories?post=62372"},{"taxonomy":"post_tag","embeddable":true,"href":"https:\/\/nitu.mx\/index.php\/wp-json\/wp\/v2\/tags?post=62372"}],"curies":[{"name":"wp","href":"https:\/\/api.w.org\/{rel}","templated":true}]}}