{"id":62302,"date":"2022-11-18T01:51:33","date_gmt":"2022-11-18T06:51:33","guid":{"rendered":"https:\/\/www.dev.nitu.mx\/?p=62302"},"modified":"2022-11-18T02:48:28","modified_gmt":"2022-11-18T07:48:28","slug":"resorts-de-karisma-hotels-inician-su-mayor-venta-del-ano","status":"publish","type":"post","link":"https:\/\/nitu.mx\/index.php\/2022\/11\/18\/resorts-de-karisma-hotels-inician-su-mayor-venta-del-ano\/","title":{"rendered":"Resorts de Karisma Hotels inician su mayor venta del a\u00f1o"},"content":{"rendered":"<p>Karisma Hotels &amp; Resorts anunci\u00f3 su mayor venta del a\u00f1o, que se llevar\u00e1 a cabo del 17 de noviembre al 6 de diciembre, lo que permitir\u00e1 a los hu\u00e9spedes adquirir sus vacaciones en destinos de clase mundial en M\u00e9xico, Rep\u00fablica Dominicana, Jamaica y el nuevo destino de Belice.<\/p>\n<p>La cadena hotelera asegur\u00f3 que estas compras tienen ventanas de viaje flexibles, ahorros incre\u00edbles de hasta un 54 % de descuento y hasta mil d\u00f3lares en cr\u00e9ditos de resort para personalizar sus vacaciones.<\/p>\n<p>De acuerdo con la compa\u00f1\u00eda, nunca ha habido un mejor momento para reservar en Nickelodeon Hotels &amp; Resorts, Margaritaville Island Reserve Resorts, Margaritaville St. Somewhere Punta Coco, Holbox Island, Margaritaville Beach Resorts Ambergris Caye, El Dorado Spa Resorts, Azul Beach Resorts, Generations Resorts o Hidden Beach Au Natural Resort.<\/p>\n<p>Cada resort tiene ofertas personalizadas, lo que permite a los hu\u00e9spedes aprovechar algunas de las experiencias y la programaci\u00f3n m\u00e1s populares.<\/p>\n<p>Los resorts Margaritaville Island Reserve, El Dorado, Azul Beach y Generations ofrecer\u00e1n hasta mil d\u00f3lares en cr\u00e9ditos de resort que se pueden canjear por lujosas experiencias de spa, cenas rom\u00e1nticas a la luz de las velas en la playa, mejoras de habitaci\u00f3n, cenas con langosta y mucho m\u00e1s.<\/p>\n<p>Nickelodeon Hotels and Resorts ofrecer\u00e1 a los hu\u00e9spedes 500 d\u00f3lares en cr\u00e9ditos de resort que pueden usarse para actividades de spa, mejoras de habitaci\u00f3n, entre otros beneficios.<\/p>\n<p>Margaritaville St. Somewhere Holbox Island ofrecer\u00e1 a los hu\u00e9spedes un 15% de descuento en alimentos y bebidas, recorridos gratuitos por la bah\u00eda bioluminiscente, alquiler gratuito de bicicletas y estad\u00edas gratuitas para ni\u00f1os menores de 12 a\u00f1os.<\/p>\n<p>&#8220;Estamos muy emocionados de presentar nuestra mayor venta del a\u00f1o&#8221;, dijo Frank Maduro, presidente de Premier Worldwide Marketing, representante mundial de ventas y marketing de Karisma Hotels &amp; Resorts.<\/p>\n<p>&#8220;Este es el momento perfecto para reservar las vacaciones que ha estado esperando con nuestros destinos de clase mundial y marcas ic\u00f3nicas que ofrecen la oportunidad de redimir en Nickelodeon Hotels &amp; Resorts, sumergirse en el lujo relajado en Margaritaville Island Reserve, reconectarse en El Dorado Spa Resort, y mucho m\u00e1s. Realmente hay algo para todos&#8221;, agreg\u00f3.<\/p>\n<p>Aquellos que buscan las mejores experiencias de vacaciones familiares pueden buscar Nickelodeon Hotels &amp; Resorts Riviera Maya, Nickelodeon Hotels &amp; Resorts Punta Cana, Azul Beach Resort Riviera Canc\u00fan, Azul Beach Resort Negril, Generations Resorts, Margaritaville Island Reserve Riviera Canc\u00fan o Margaritaville Island Reserve Cap Cana Waves para ofertas especiales.<\/p>\n<p>Las ofertas de vacaciones de lujo solo para adultos tambi\u00e9n est\u00e1n disponibles en El Dorado Royale, El Dorado Casitas Royale, El Dorado Maroma, Palafitos Overwater Bungalows en El Dorado Maroma, El Dorado Seaside Suites, El Dorado Seaside Palms, Hidden Beach Resort, Margaritaville St. Somewhere Holbox Island, Margaritaville Island Reserve Cap Cana Hammock y Margaritaville Beach Resorts Ambergris Caye.<\/p>\n<p>Los hu\u00e9spedes que reserven ahora pueden viajar en cualquier momento entre el 17 de noviembre de 2022 y el 2 de enero de 2024, sujeto a restricciones de fechas.\u00a0<a title=\"Karisma recibe 13 premios en sus hoteles de Riviera Maya y Rep\u00fablica Dominicana\" href=\"https:\/\/www.dev.nitu.mx\/index.php\/2022\/10\/20\/karisma-recibe-13-premios-en-sus-hoteles-de-riviera-maya-y-republica-dominicana\/\" rel=\"bookmark\">(Karisma recibe 13 premios en sus hoteles de Riviera Maya y Rep\u00fablica Dominicana<\/a>).<\/p>\n","protected":false},"excerpt":{"rendered":"<p>Karisma Hotels &amp; Resorts anunci\u00f3 su mayor venta del a\u00f1o, que se llevar\u00e1 a cabo del 17 de noviembre al 6 de diciembre, lo que permitir\u00e1 a los hu\u00e9spedes adquirir sus vacaciones en destinos de clase mundial en M\u00e9xico, Rep\u00fablica Dominicana, Jamaica y el nuevo destino de Belice. La cadena hotelera asegur\u00f3 que estas compras [&hellip;]<\/p>\n","protected":false},"author":17,"featured_media":11694,"comment_status":"open","ping_status":"open","sticky":false,"template":"","format":"standard","meta":{"footnotes":""},"categories":[2],"tags":[23462,13797,23070],"yoast_head":"<!-- This site is optimized with the Yoast SEO plugin v22.2 - https:\/\/yoast.com\/wordpress\/plugins\/seo\/ -->\n<title>Resorts de Karisma Hotels inician su mayor venta del a\u00f1o - Nitu - Noticias de la Industria Turistica<\/title>\n<meta name=\"robots\" content=\"index, follow, max-snippet:-1, max-image-preview:large, max-video-preview:-1\" \/>\n<link rel=\"canonical\" href=\"https:\/\/nitu.mx\/index.php\/2022\/11\/18\/resorts-de-karisma-hotels-inician-su-mayor-venta-del-ano\/\" \/>\n<meta name=\"twitter:card\" content=\"summary_large_image\" \/>\n<meta name=\"twitter:title\" content=\"Resorts de Karisma Hotels inician su mayor venta del a\u00f1o - Nitu - Noticias de la Industria Turistica\" \/>\n<meta name=\"twitter:description\" content=\"Karisma Hotels &amp; Resorts anunci\u00f3 su mayor venta del a\u00f1o, que se llevar\u00e1 a cabo del 17 de noviembre al 6 de diciembre, lo que permitir\u00e1 a los hu\u00e9spedes adquirir sus vacaciones en destinos de clase mundial en M\u00e9xico, Rep\u00fablica Dominicana, Jamaica y el nuevo destino de Belice. La cadena hotelera asegur\u00f3 que estas compras [&hellip;]\" \/>\n<meta name=\"twitter:image\" content=\"https:\/\/nitu.mx\/wp-content\/uploads\/2017\/07\/Nickelodeon-Grupo-Lomas-Travel.jpg\" \/>\n<meta name=\"twitter:creator\" content=\"@NITUmx\" \/>\n<meta name=\"twitter:site\" content=\"@Arturo_Medina_G\" \/>\n<meta name=\"twitter:label1\" content=\"Escrito por\" \/>\n\t<meta name=\"twitter:data1\" content=\"Redacci\u00f3n\" \/>\n\t<meta name=\"twitter:label2\" content=\"Tiempo de lectura\" \/>\n\t<meta name=\"twitter:data2\" content=\"3 minutos\" \/>\n<script type=\"application\/ld+json\" class=\"yoast-schema-graph\">{\"@context\":\"https:\/\/schema.org\",\"@graph\":[{\"@type\":\"Article\",\"@id\":\"https:\/\/nitu.mx\/index.php\/2022\/11\/18\/resorts-de-karisma-hotels-inician-su-mayor-venta-del-ano\/#article\",\"isPartOf\":{\"@id\":\"https:\/\/nitu.mx\/index.php\/2022\/11\/18\/resorts-de-karisma-hotels-inician-su-mayor-venta-del-ano\/\"},\"author\":{\"name\":\"Redacci\u00f3n\",\"@id\":\"https:\/\/nitu.mx\/#\/schema\/person\/4a28fe9bd65924f7c90623773daf1b0b\"},\"headline\":\"Resorts de Karisma Hotels inician su mayor venta del a\u00f1o\",\"datePublished\":\"2022-11-18T06:51:33+00:00\",\"dateModified\":\"2022-11-18T07:48:28+00:00\",\"mainEntityOfPage\":{\"@id\":\"https:\/\/nitu.mx\/index.php\/2022\/11\/18\/resorts-de-karisma-hotels-inician-su-mayor-venta-del-ano\/\"},\"wordCount\":531,\"commentCount\":0,\"publisher\":{\"@id\":\"https:\/\/nitu.mx\/#\/schema\/person\/ae7a53426417292d3dd07b45a33e01bc\"},\"image\":{\"@id\":\"https:\/\/nitu.mx\/index.php\/2022\/11\/18\/resorts-de-karisma-hotels-inician-su-mayor-venta-del-ano\/#primaryimage\"},\"thumbnailUrl\":\"https:\/\/nitu.mx\/wp-content\/uploads\/2017\/07\/Nickelodeon-Grupo-Lomas-Travel.jpg\",\"keywords\":[\"Frank Maduro\",\"Karisma Hotels &amp; Resorts\",\"Nickelodeon Hotels &amp; Resorts\"],\"articleSection\":[\"Hoteles\"],\"inLanguage\":\"es-MX\",\"potentialAction\":[{\"@type\":\"CommentAction\",\"name\":\"Comment\",\"target\":[\"https:\/\/nitu.mx\/index.php\/2022\/11\/18\/resorts-de-karisma-hotels-inician-su-mayor-venta-del-ano\/#respond\"]}]},{\"@type\":\"WebPage\",\"@id\":\"https:\/\/nitu.mx\/index.php\/2022\/11\/18\/resorts-de-karisma-hotels-inician-su-mayor-venta-del-ano\/\",\"url\":\"https:\/\/nitu.mx\/index.php\/2022\/11\/18\/resorts-de-karisma-hotels-inician-su-mayor-venta-del-ano\/\",\"name\":\"Resorts de Karisma Hotels inician su mayor venta del a\u00f1o - Nitu - Noticias de la Industria Turistica\",\"isPartOf\":{\"@id\":\"https:\/\/nitu.mx\/#website\"},\"primaryImageOfPage\":{\"@id\":\"https:\/\/nitu.mx\/index.php\/2022\/11\/18\/resorts-de-karisma-hotels-inician-su-mayor-venta-del-ano\/#primaryimage\"},\"image\":{\"@id\":\"https:\/\/nitu.mx\/index.php\/2022\/11\/18\/resorts-de-karisma-hotels-inician-su-mayor-venta-del-ano\/#primaryimage\"},\"thumbnailUrl\":\"https:\/\/nitu.mx\/wp-content\/uploads\/2017\/07\/Nickelodeon-Grupo-Lomas-Travel.jpg\",\"datePublished\":\"2022-11-18T06:51:33+00:00\",\"dateModified\":\"2022-11-18T07:48:28+00:00\",\"breadcrumb\":{\"@id\":\"https:\/\/nitu.mx\/index.php\/2022\/11\/18\/resorts-de-karisma-hotels-inician-su-mayor-venta-del-ano\/#breadcrumb\"},\"inLanguage\":\"es-MX\",\"potentialAction\":[{\"@type\":\"ReadAction\",\"target\":[\"https:\/\/nitu.mx\/index.php\/2022\/11\/18\/resorts-de-karisma-hotels-inician-su-mayor-venta-del-ano\/\"]}]},{\"@type\":\"ImageObject\",\"inLanguage\":\"es-MX\",\"@id\":\"https:\/\/nitu.mx\/index.php\/2022\/11\/18\/resorts-de-karisma-hotels-inician-su-mayor-venta-del-ano\/#primaryimage\",\"url\":\"https:\/\/nitu.mx\/wp-content\/uploads\/2017\/07\/Nickelodeon-Grupo-Lomas-Travel.jpg\",\"contentUrl\":\"https:\/\/nitu.mx\/wp-content\/uploads\/2017\/07\/Nickelodeon-Grupo-Lomas-Travel.jpg\",\"width\":850,\"height\":480,\"caption\":\"Grupo Lomas Travel Nickelodeon\"},{\"@type\":\"BreadcrumbList\",\"@id\":\"https:\/\/nitu.mx\/index.php\/2022\/11\/18\/resorts-de-karisma-hotels-inician-su-mayor-venta-del-ano\/#breadcrumb\",\"itemListElement\":[{\"@type\":\"ListItem\",\"position\":1,\"name\":\"Inicio\",\"item\":\"https:\/\/nitu.mx\/\"},{\"@type\":\"ListItem\",\"position\":2,\"name\":\"Resorts de Karisma Hotels inician su mayor venta del a\u00f1o\"}]},{\"@type\":\"WebSite\",\"@id\":\"https:\/\/nitu.mx\/#website\",\"url\":\"https:\/\/nitu.mx\/\",\"name\":\"Nitu - Noticias de la Industria Turistica\",\"description\":\"Noticias de la Industria Turistica\",\"publisher\":{\"@id\":\"https:\/\/nitu.mx\/#\/schema\/person\/ae7a53426417292d3dd07b45a33e01bc\"},\"alternateName\":\"Noticias de la Industria Turistica\",\"potentialAction\":[{\"@type\":\"SearchAction\",\"target\":{\"@type\":\"EntryPoint\",\"urlTemplate\":\"https:\/\/nitu.mx\/?s={search_term_string}\"},\"query-input\":\"required name=search_term_string\"}],\"inLanguage\":\"es-MX\"},{\"@type\":[\"Person\",\"Organization\"],\"@id\":\"https:\/\/nitu.mx\/#\/schema\/person\/ae7a53426417292d3dd07b45a33e01bc\",\"name\":\"Arturo Medina\",\"image\":{\"@type\":\"ImageObject\",\"inLanguage\":\"es-MX\",\"@id\":\"https:\/\/nitu.mx\/#\/schema\/person\/image\/\",\"url\":\"https:\/\/nitu.mx\/wp-content\/uploads\/2024\/04\/4A315622-1904-4D5C-B022-878CDC840E04-90x90-1.jpeg\",\"contentUrl\":\"https:\/\/nitu.mx\/wp-content\/uploads\/2024\/04\/4A315622-1904-4D5C-B022-878CDC840E04-90x90-1.jpeg\",\"width\":90,\"height\":90,\"caption\":\"Arturo Medina\"},\"logo\":{\"@id\":\"https:\/\/nitu.mx\/#\/schema\/person\/image\/\"},\"description\":\"Director NITU.mx, Egresado de la Escuela de Periodismo Carlos Septi\u00e9n Garc\u00eda. Periodista y analista especializado en turismo desde hace 35 a\u00f1os, radicado en Canc\u00fan Q.Roo. arturo@nitu.mx\",\"sameAs\":[\"https:\/\/nitu.mx\",\"https:\/\/www.facebook.com\/NITUmx\/\",\"medinacancun\",\"https:\/\/twitter.com\/@Arturo_Medina_G\"]},{\"@type\":\"Person\",\"@id\":\"https:\/\/nitu.mx\/#\/schema\/person\/4a28fe9bd65924f7c90623773daf1b0b\",\"name\":\"Redacci\u00f3n\",\"image\":{\"@type\":\"ImageObject\",\"inLanguage\":\"es-MX\",\"@id\":\"https:\/\/nitu.mx\/#\/schema\/person\/image\/\",\"url\":\"https:\/\/secure.gravatar.com\/avatar\/5dd011c8ccfc5cd7e4c81e42252aab38?s=96&d=mm&r=g\",\"contentUrl\":\"https:\/\/secure.gravatar.com\/avatar\/5dd011c8ccfc5cd7e4c81e42252aab38?s=96&d=mm&r=g\",\"caption\":\"Redacci\u00f3n\"},\"url\":\"https:\/\/nitu.mx\/index.php\/author\/redaccion\/\"}]}<\/script>\n<!-- \/ Yoast SEO plugin. -->","yoast_head_json":{"title":"Resorts de Karisma Hotels inician su mayor venta del a\u00f1o - Nitu - Noticias de la Industria Turistica","robots":{"index":"index","follow":"follow","max-snippet":"max-snippet:-1","max-image-preview":"max-image-preview:large","max-video-preview":"max-video-preview:-1"},"canonical":"https:\/\/nitu.mx\/index.php\/2022\/11\/18\/resorts-de-karisma-hotels-inician-su-mayor-venta-del-ano\/","twitter_card":"summary_large_image","twitter_title":"Resorts de Karisma Hotels inician su mayor venta del a\u00f1o - Nitu - Noticias de la Industria Turistica","twitter_description":"Karisma Hotels &amp; Resorts anunci\u00f3 su mayor venta del a\u00f1o, que se llevar\u00e1 a cabo del 17 de noviembre al 6 de diciembre, lo que permitir\u00e1 a los hu\u00e9spedes adquirir sus vacaciones en destinos de clase mundial en M\u00e9xico, Rep\u00fablica Dominicana, Jamaica y el nuevo destino de Belice. La cadena hotelera asegur\u00f3 que estas compras [&hellip;]","twitter_image":"https:\/\/nitu.mx\/wp-content\/uploads\/2017\/07\/Nickelodeon-Grupo-Lomas-Travel.jpg","twitter_creator":"@NITUmx","twitter_site":"@Arturo_Medina_G","twitter_misc":{"Escrito por":"Redacci\u00f3n","Tiempo de lectura":"3 minutos"},"schema":{"@context":"https:\/\/schema.org","@graph":[{"@type":"Article","@id":"https:\/\/nitu.mx\/index.php\/2022\/11\/18\/resorts-de-karisma-hotels-inician-su-mayor-venta-del-ano\/#article","isPartOf":{"@id":"https:\/\/nitu.mx\/index.php\/2022\/11\/18\/resorts-de-karisma-hotels-inician-su-mayor-venta-del-ano\/"},"author":{"name":"Redacci\u00f3n","@id":"https:\/\/nitu.mx\/#\/schema\/person\/4a28fe9bd65924f7c90623773daf1b0b"},"headline":"Resorts de Karisma Hotels inician su mayor venta del a\u00f1o","datePublished":"2022-11-18T06:51:33+00:00","dateModified":"2022-11-18T07:48:28+00:00","mainEntityOfPage":{"@id":"https:\/\/nitu.mx\/index.php\/2022\/11\/18\/resorts-de-karisma-hotels-inician-su-mayor-venta-del-ano\/"},"wordCount":531,"commentCount":0,"publisher":{"@id":"https:\/\/nitu.mx\/#\/schema\/person\/ae7a53426417292d3dd07b45a33e01bc"},"image":{"@id":"https:\/\/nitu.mx\/index.php\/2022\/11\/18\/resorts-de-karisma-hotels-inician-su-mayor-venta-del-ano\/#primaryimage"},"thumbnailUrl":"https:\/\/nitu.mx\/wp-content\/uploads\/2017\/07\/Nickelodeon-Grupo-Lomas-Travel.jpg","keywords":["Frank Maduro","Karisma Hotels &amp; Resorts","Nickelodeon Hotels &amp; Resorts"],"articleSection":["Hoteles"],"inLanguage":"es-MX","potentialAction":[{"@type":"CommentAction","name":"Comment","target":["https:\/\/nitu.mx\/index.php\/2022\/11\/18\/resorts-de-karisma-hotels-inician-su-mayor-venta-del-ano\/#respond"]}]},{"@type":"WebPage","@id":"https:\/\/nitu.mx\/index.php\/2022\/11\/18\/resorts-de-karisma-hotels-inician-su-mayor-venta-del-ano\/","url":"https:\/\/nitu.mx\/index.php\/2022\/11\/18\/resorts-de-karisma-hotels-inician-su-mayor-venta-del-ano\/","name":"Resorts de Karisma Hotels inician su mayor venta del a\u00f1o - Nitu - Noticias de la Industria Turistica","isPartOf":{"@id":"https:\/\/nitu.mx\/#website"},"primaryImageOfPage":{"@id":"https:\/\/nitu.mx\/index.php\/2022\/11\/18\/resorts-de-karisma-hotels-inician-su-mayor-venta-del-ano\/#primaryimage"},"image":{"@id":"https:\/\/nitu.mx\/index.php\/2022\/11\/18\/resorts-de-karisma-hotels-inician-su-mayor-venta-del-ano\/#primaryimage"},"thumbnailUrl":"https:\/\/nitu.mx\/wp-content\/uploads\/2017\/07\/Nickelodeon-Grupo-Lomas-Travel.jpg","datePublished":"2022-11-18T06:51:33+00:00","dateModified":"2022-11-18T07:48:28+00:00","breadcrumb":{"@id":"https:\/\/nitu.mx\/index.php\/2022\/11\/18\/resorts-de-karisma-hotels-inician-su-mayor-venta-del-ano\/#breadcrumb"},"inLanguage":"es-MX","potentialAction":[{"@type":"ReadAction","target":["https:\/\/nitu.mx\/index.php\/2022\/11\/18\/resorts-de-karisma-hotels-inician-su-mayor-venta-del-ano\/"]}]},{"@type":"ImageObject","inLanguage":"es-MX","@id":"https:\/\/nitu.mx\/index.php\/2022\/11\/18\/resorts-de-karisma-hotels-inician-su-mayor-venta-del-ano\/#primaryimage","url":"https:\/\/nitu.mx\/wp-content\/uploads\/2017\/07\/Nickelodeon-Grupo-Lomas-Travel.jpg","contentUrl":"https:\/\/nitu.mx\/wp-content\/uploads\/2017\/07\/Nickelodeon-Grupo-Lomas-Travel.jpg","width":850,"height":480,"caption":"Grupo Lomas Travel Nickelodeon"},{"@type":"BreadcrumbList","@id":"https:\/\/nitu.mx\/index.php\/2022\/11\/18\/resorts-de-karisma-hotels-inician-su-mayor-venta-del-ano\/#breadcrumb","itemListElement":[{"@type":"ListItem","position":1,"name":"Inicio","item":"https:\/\/nitu.mx\/"},{"@type":"ListItem","position":2,"name":"Resorts de Karisma Hotels inician su mayor venta del a\u00f1o"}]},{"@type":"WebSite","@id":"https:\/\/nitu.mx\/#website","url":"https:\/\/nitu.mx\/","name":"Nitu - Noticias de la Industria Turistica","description":"Noticias de la Industria Turistica","publisher":{"@id":"https:\/\/nitu.mx\/#\/schema\/person\/ae7a53426417292d3dd07b45a33e01bc"},"alternateName":"Noticias de la Industria Turistica","potentialAction":[{"@type":"SearchAction","target":{"@type":"EntryPoint","urlTemplate":"https:\/\/nitu.mx\/?s={search_term_string}"},"query-input":"required name=search_term_string"}],"inLanguage":"es-MX"},{"@type":["Person","Organization"],"@id":"https:\/\/nitu.mx\/#\/schema\/person\/ae7a53426417292d3dd07b45a33e01bc","name":"Arturo Medina","image":{"@type":"ImageObject","inLanguage":"es-MX","@id":"https:\/\/nitu.mx\/#\/schema\/person\/image\/","url":"https:\/\/nitu.mx\/wp-content\/uploads\/2024\/04\/4A315622-1904-4D5C-B022-878CDC840E04-90x90-1.jpeg","contentUrl":"https:\/\/nitu.mx\/wp-content\/uploads\/2024\/04\/4A315622-1904-4D5C-B022-878CDC840E04-90x90-1.jpeg","width":90,"height":90,"caption":"Arturo Medina"},"logo":{"@id":"https:\/\/nitu.mx\/#\/schema\/person\/image\/"},"description":"Director NITU.mx, Egresado de la Escuela de Periodismo Carlos Septi\u00e9n Garc\u00eda. Periodista y analista especializado en turismo desde hace 35 a\u00f1os, radicado en Canc\u00fan Q.Roo. arturo@nitu.mx","sameAs":["https:\/\/nitu.mx","https:\/\/www.facebook.com\/NITUmx\/","medinacancun","https:\/\/twitter.com\/@Arturo_Medina_G"]},{"@type":"Person","@id":"https:\/\/nitu.mx\/#\/schema\/person\/4a28fe9bd65924f7c90623773daf1b0b","name":"Redacci\u00f3n","image":{"@type":"ImageObject","inLanguage":"es-MX","@id":"https:\/\/nitu.mx\/#\/schema\/person\/image\/","url":"https:\/\/secure.gravatar.com\/avatar\/5dd011c8ccfc5cd7e4c81e42252aab38?s=96&d=mm&r=g","contentUrl":"https:\/\/secure.gravatar.com\/avatar\/5dd011c8ccfc5cd7e4c81e42252aab38?s=96&d=mm&r=g","caption":"Redacci\u00f3n"},"url":"https:\/\/nitu.mx\/index.php\/author\/redaccion\/"}]}},"views":451,"_links":{"self":[{"href":"https:\/\/nitu.mx\/index.php\/wp-json\/wp\/v2\/posts\/62302"}],"collection":[{"href":"https:\/\/nitu.mx\/index.php\/wp-json\/wp\/v2\/posts"}],"about":[{"href":"https:\/\/nitu.mx\/index.php\/wp-json\/wp\/v2\/types\/post"}],"author":[{"embeddable":true,"href":"https:\/\/nitu.mx\/index.php\/wp-json\/wp\/v2\/users\/17"}],"replies":[{"embeddable":true,"href":"https:\/\/nitu.mx\/index.php\/wp-json\/wp\/v2\/comments?post=62302"}],"version-history":[{"count":1,"href":"https:\/\/nitu.mx\/index.php\/wp-json\/wp\/v2\/posts\/62302\/revisions"}],"predecessor-version":[{"id":62309,"href":"https:\/\/nitu.mx\/index.php\/wp-json\/wp\/v2\/posts\/62302\/revisions\/62309"}],"wp:featuredmedia":[{"embeddable":true,"href":"https:\/\/nitu.mx\/index.php\/wp-json\/wp\/v2\/media\/11694"}],"wp:attachment":[{"href":"https:\/\/nitu.mx\/index.php\/wp-json\/wp\/v2\/media?parent=62302"}],"wp:term":[{"taxonomy":"category","embeddable":true,"href":"https:\/\/nitu.mx\/index.php\/wp-json\/wp\/v2\/categories?post=62302"},{"taxonomy":"post_tag","embeddable":true,"href":"https:\/\/nitu.mx\/index.php\/wp-json\/wp\/v2\/tags?post=62302"}],"curies":[{"name":"wp","href":"https:\/\/api.w.org\/{rel}","templated":true}]}}