{"id":62103,"date":"2022-11-07T00:43:36","date_gmt":"2022-11-07T05:43:36","guid":{"rendered":"https:\/\/www.dev.nitu.mx\/?p=62103"},"modified":"2022-11-07T00:59:14","modified_gmt":"2022-11-07T05:59:14","slug":"va-sedetur-a-wtm-por-diversificacion-e-inversiones","status":"publish","type":"post","link":"https:\/\/nitu.mx\/index.php\/2022\/11\/07\/va-sedetur-a-wtm-por-diversificacion-e-inversiones\/","title":{"rendered":"Va Sedetur a WTM por diversificaci\u00f3n e inversiones"},"content":{"rendered":"<p>La Secretar\u00eda de Turismo de Quintana Roo (Sedetur) participar\u00e1 en la edici\u00f3n 43 del World Travel Market (WTM) de Londres, donde promover\u00e1 el Nuevo Acuerdo por el Bienestar y Desarrollo que promueve la diversificaci\u00f3n de la actividad tur\u00edstica para generar bienestar y prosperidad compartido, con lo que busca alcanzar inversiones y un mayor n\u00famero de visitantes.<\/p>\n<p>La feria de turismo m\u00e1s grande del mundo que re\u00fane a casi 5 mil expositores de 182 pa\u00edses y m\u00e1s de 51 mil participantes, se llevar\u00e1 a cabo del 7 al 9 del presente mes con sede en Londres, Inglaterra.<\/p>\n<p>El secretario de Turismo estatal, Bernardo Cueto Riestra, viaj\u00f3 al Reino Unido como parte de la delegaci\u00f3n de Quintana Roo, conformada tambi\u00e9n por Javier Aranda Pedrero, director general del Consejo de Promoci\u00f3n Tur\u00edstica de Quintana Roo (CPTQ), y el director de promoci\u00f3n de este organismo, Jorge Luis T\u00e9llez.<\/p>\n<p>Tambi\u00e9n asisten los representantes de las Asociaciones de Hoteles, Jes\u00fas Almaguer, de Canc\u00fan, Puerto Morelos e Isla Mujeres; Manuel Paredes, de Riviera Maya y David Ortiz, de Tulum, as\u00ed como presidentes municipales de Solidaridad y Puerto Morelos.<\/p>\n<p>En su intervenci\u00f3n, Bernardo Cueto Riestra, adem\u00e1s de apoyar y respaldar los trabajos de la delegaci\u00f3n quintanarroense, subrayar\u00e1 la trascendencia en materia de posibilidades y beneficios del Nuevo Acuerdo de Bienestar y Desarrollo dise\u00f1ado por el gobierno de Mara Lezama.\u00a0<a title=\"Equidad social, visi\u00f3n de futuro de Mara Lezama en foro del D\u00eda Mundial del Turismo\" href=\"https:\/\/www.dev.nitu.mx\/index.php\/2022\/09\/28\/equidad-social-vision-de-futuro-de-mara-lezama-en-foro-del-dia-mundial-del-turismo\/\" rel=\"bookmark\">(Equidad social, visi\u00f3n de futuro de Mara Lezama en foro del D\u00eda Mundial del Turismo<\/a>).<\/p>\n<p>Este Nuevo Acuerdo permite abrir puertas hacia la diversificaci\u00f3n de la oferta tur\u00edstica, con prometedores resultados que permitan generar la prosperidad compartida en todos los hogares de Quintana Roo.<\/p>\n<p>En una superficie de 100 m2, Quintana Roo tendr\u00e1 su pabell\u00f3n integrado por las empresas The Reef Resorts, Park Royal Hotels &amp; Resorts, Haven Riviera Canc\u00fan, Am\u00e9rica Car Rental, Grupo Aeroportuario del Sureste (ASUR), la Asociaci\u00f3n Mexicana de H\u00e1bitats para la Interacci\u00f3n y Protecci\u00f3n de Mam\u00edferos Marinos (AMHMAR), Bluebay Resorts, Palace Resorts y Le Blanc Resorts, as\u00ed como los Ayuntamientos de Benito Ju\u00e1rez, Puerto Morelos, Solidaridad y Tulum; y las Asociaciones de Hoteles de Canc\u00fan, Puerto Morelos e Isla Mujeres; Riviera Maya y Tulum.<\/p>\n<p>Ser\u00e1 la primera vez, despu\u00e9s de la pandemia, que este importante evento se realiza en formato presencial, luego de haberse realizado de manera virtual en sus ediciones de 2020 y 2021 debido al confinamiento mundial por la presencia del COVID-19.<\/p>\n","protected":false},"excerpt":{"rendered":"<p>La Secretar\u00eda de Turismo de Quintana Roo (Sedetur) participar\u00e1 en la edici\u00f3n 43 del World Travel Market (WTM) de Londres, donde promover\u00e1 el Nuevo Acuerdo por el Bienestar y Desarrollo que promueve la diversificaci\u00f3n de la actividad tur\u00edstica para generar bienestar y prosperidad compartido, con lo que busca alcanzar inversiones y un mayor n\u00famero de [&hellip;]<\/p>\n","protected":false},"author":2,"featured_media":58862,"comment_status":"open","ping_status":"open","sticky":false,"template":"","format":"standard","meta":{"footnotes":""},"categories":[18475],"tags":[17013,1479,1153,5495,6499],"yoast_head":"<!-- This site is optimized with the Yoast SEO plugin v22.2 - https:\/\/yoast.com\/wordpress\/plugins\/seo\/ -->\n<title>Va Sedetur a WTM por diversificaci\u00f3n e inversiones - Nitu - Noticias de la Industria Turistica<\/title>\n<meta name=\"robots\" content=\"index, follow, max-snippet:-1, max-image-preview:large, max-video-preview:-1\" \/>\n<link rel=\"canonical\" href=\"https:\/\/nitu.mx\/index.php\/2022\/11\/07\/va-sedetur-a-wtm-por-diversificacion-e-inversiones\/\" \/>\n<meta name=\"twitter:card\" content=\"summary_large_image\" \/>\n<meta name=\"twitter:title\" content=\"Va Sedetur a WTM por diversificaci\u00f3n e inversiones - Nitu - Noticias de la Industria Turistica\" \/>\n<meta name=\"twitter:description\" content=\"La Secretar\u00eda de Turismo de Quintana Roo (Sedetur) participar\u00e1 en la edici\u00f3n 43 del World Travel Market (WTM) de Londres, donde promover\u00e1 el Nuevo Acuerdo por el Bienestar y Desarrollo que promueve la diversificaci\u00f3n de la actividad tur\u00edstica para generar bienestar y prosperidad compartido, con lo que busca alcanzar inversiones y un mayor n\u00famero de [&hellip;]\" \/>\n<meta name=\"twitter:image\" content=\"https:\/\/nitu.mx\/wp-content\/uploads\/2022\/04\/COZUMEL-CRUCEROS-2022.jpg\" \/>\n<meta name=\"twitter:creator\" content=\"@Arturo_Medina_G\" \/>\n<meta name=\"twitter:site\" content=\"@Arturo_Medina_G\" \/>\n<meta name=\"twitter:label1\" content=\"Escrito por\" \/>\n\t<meta name=\"twitter:data1\" content=\"Arturo Medina\" \/>\n\t<meta name=\"twitter:label2\" content=\"Tiempo de lectura\" \/>\n\t<meta name=\"twitter:data2\" content=\"2 minutos\" \/>\n<script type=\"application\/ld+json\" class=\"yoast-schema-graph\">{\"@context\":\"https:\/\/schema.org\",\"@graph\":[{\"@type\":\"Article\",\"@id\":\"https:\/\/nitu.mx\/index.php\/2022\/11\/07\/va-sedetur-a-wtm-por-diversificacion-e-inversiones\/#article\",\"isPartOf\":{\"@id\":\"https:\/\/nitu.mx\/index.php\/2022\/11\/07\/va-sedetur-a-wtm-por-diversificacion-e-inversiones\/\"},\"author\":{\"name\":\"Arturo Medina\",\"@id\":\"https:\/\/nitu.mx\/#\/schema\/person\/ae7a53426417292d3dd07b45a33e01bc\"},\"headline\":\"Va Sedetur a WTM por diversificaci\u00f3n e inversiones\",\"datePublished\":\"2022-11-07T05:43:36+00:00\",\"dateModified\":\"2022-11-07T05:59:14+00:00\",\"mainEntityOfPage\":{\"@id\":\"https:\/\/nitu.mx\/index.php\/2022\/11\/07\/va-sedetur-a-wtm-por-diversificacion-e-inversiones\/\"},\"wordCount\":426,\"commentCount\":0,\"publisher\":{\"@id\":\"https:\/\/nitu.mx\/#\/schema\/person\/ae7a53426417292d3dd07b45a33e01bc\"},\"image\":{\"@id\":\"https:\/\/nitu.mx\/index.php\/2022\/11\/07\/va-sedetur-a-wtm-por-diversificacion-e-inversiones\/#primaryimage\"},\"thumbnailUrl\":\"https:\/\/nitu.mx\/wp-content\/uploads\/2022\/04\/COZUMEL-CRUCEROS-2022.jpg\",\"keywords\":[\"Bernardo Cueto Riestra\",\"Londres\",\"Sedetur\",\"World Travel Market\",\"WTM\"],\"articleSection\":[\"Caribe Mexicano\"],\"inLanguage\":\"es-MX\",\"potentialAction\":[{\"@type\":\"CommentAction\",\"name\":\"Comment\",\"target\":[\"https:\/\/nitu.mx\/index.php\/2022\/11\/07\/va-sedetur-a-wtm-por-diversificacion-e-inversiones\/#respond\"]}]},{\"@type\":\"WebPage\",\"@id\":\"https:\/\/nitu.mx\/index.php\/2022\/11\/07\/va-sedetur-a-wtm-por-diversificacion-e-inversiones\/\",\"url\":\"https:\/\/nitu.mx\/index.php\/2022\/11\/07\/va-sedetur-a-wtm-por-diversificacion-e-inversiones\/\",\"name\":\"Va Sedetur a WTM por diversificaci\u00f3n e inversiones - Nitu - Noticias de la Industria Turistica\",\"isPartOf\":{\"@id\":\"https:\/\/nitu.mx\/#website\"},\"primaryImageOfPage\":{\"@id\":\"https:\/\/nitu.mx\/index.php\/2022\/11\/07\/va-sedetur-a-wtm-por-diversificacion-e-inversiones\/#primaryimage\"},\"image\":{\"@id\":\"https:\/\/nitu.mx\/index.php\/2022\/11\/07\/va-sedetur-a-wtm-por-diversificacion-e-inversiones\/#primaryimage\"},\"thumbnailUrl\":\"https:\/\/nitu.mx\/wp-content\/uploads\/2022\/04\/COZUMEL-CRUCEROS-2022.jpg\",\"datePublished\":\"2022-11-07T05:43:36+00:00\",\"dateModified\":\"2022-11-07T05:59:14+00:00\",\"breadcrumb\":{\"@id\":\"https:\/\/nitu.mx\/index.php\/2022\/11\/07\/va-sedetur-a-wtm-por-diversificacion-e-inversiones\/#breadcrumb\"},\"inLanguage\":\"es-MX\",\"potentialAction\":[{\"@type\":\"ReadAction\",\"target\":[\"https:\/\/nitu.mx\/index.php\/2022\/11\/07\/va-sedetur-a-wtm-por-diversificacion-e-inversiones\/\"]}]},{\"@type\":\"ImageObject\",\"inLanguage\":\"es-MX\",\"@id\":\"https:\/\/nitu.mx\/index.php\/2022\/11\/07\/va-sedetur-a-wtm-por-diversificacion-e-inversiones\/#primaryimage\",\"url\":\"https:\/\/nitu.mx\/wp-content\/uploads\/2022\/04\/COZUMEL-CRUCEROS-2022.jpg\",\"contentUrl\":\"https:\/\/nitu.mx\/wp-content\/uploads\/2022\/04\/COZUMEL-CRUCEROS-2022.jpg\",\"width\":1200,\"height\":675,\"caption\":\"World Travel Market crucero\"},{\"@type\":\"BreadcrumbList\",\"@id\":\"https:\/\/nitu.mx\/index.php\/2022\/11\/07\/va-sedetur-a-wtm-por-diversificacion-e-inversiones\/#breadcrumb\",\"itemListElement\":[{\"@type\":\"ListItem\",\"position\":1,\"name\":\"Inicio\",\"item\":\"https:\/\/nitu.mx\/\"},{\"@type\":\"ListItem\",\"position\":2,\"name\":\"Va Sedetur a WTM por diversificaci\u00f3n e inversiones\"}]},{\"@type\":\"WebSite\",\"@id\":\"https:\/\/nitu.mx\/#website\",\"url\":\"https:\/\/nitu.mx\/\",\"name\":\"Nitu - Noticias de la Industria Turistica\",\"description\":\"Noticias de la Industria Turistica\",\"publisher\":{\"@id\":\"https:\/\/nitu.mx\/#\/schema\/person\/ae7a53426417292d3dd07b45a33e01bc\"},\"alternateName\":\"Noticias de la Industria Turistica\",\"potentialAction\":[{\"@type\":\"SearchAction\",\"target\":{\"@type\":\"EntryPoint\",\"urlTemplate\":\"https:\/\/nitu.mx\/?s={search_term_string}\"},\"query-input\":\"required name=search_term_string\"}],\"inLanguage\":\"es-MX\"},{\"@type\":[\"Person\",\"Organization\"],\"@id\":\"https:\/\/nitu.mx\/#\/schema\/person\/ae7a53426417292d3dd07b45a33e01bc\",\"name\":\"Arturo Medina\",\"image\":{\"@type\":\"ImageObject\",\"inLanguage\":\"es-MX\",\"@id\":\"https:\/\/nitu.mx\/#\/schema\/person\/image\/\",\"url\":\"https:\/\/nitu.mx\/wp-content\/uploads\/2024\/04\/4A315622-1904-4D5C-B022-878CDC840E04-90x90-1.jpeg\",\"contentUrl\":\"https:\/\/nitu.mx\/wp-content\/uploads\/2024\/04\/4A315622-1904-4D5C-B022-878CDC840E04-90x90-1.jpeg\",\"width\":90,\"height\":90,\"caption\":\"Arturo Medina\"},\"logo\":{\"@id\":\"https:\/\/nitu.mx\/#\/schema\/person\/image\/\"},\"description\":\"Director NITU.mx, Egresado de la Escuela de Periodismo Carlos Septi\u00e9n Garc\u00eda. Periodista y analista especializado en turismo desde hace 35 a\u00f1os, radicado en Canc\u00fan Q.Roo. arturo@nitu.mx\",\"sameAs\":[\"https:\/\/nitu.mx\",\"https:\/\/www.facebook.com\/NITUmx\/\",\"medinacancun\",\"https:\/\/twitter.com\/@Arturo_Medina_G\"],\"url\":\"https:\/\/nitu.mx\/index.php\/author\/arturo-medina\/\"}]}<\/script>\n<!-- \/ Yoast SEO plugin. -->","yoast_head_json":{"title":"Va Sedetur a WTM por diversificaci\u00f3n e inversiones - Nitu - Noticias de la Industria Turistica","robots":{"index":"index","follow":"follow","max-snippet":"max-snippet:-1","max-image-preview":"max-image-preview:large","max-video-preview":"max-video-preview:-1"},"canonical":"https:\/\/nitu.mx\/index.php\/2022\/11\/07\/va-sedetur-a-wtm-por-diversificacion-e-inversiones\/","twitter_card":"summary_large_image","twitter_title":"Va Sedetur a WTM por diversificaci\u00f3n e inversiones - Nitu - Noticias de la Industria Turistica","twitter_description":"La Secretar\u00eda de Turismo de Quintana Roo (Sedetur) participar\u00e1 en la edici\u00f3n 43 del World Travel Market (WTM) de Londres, donde promover\u00e1 el Nuevo Acuerdo por el Bienestar y Desarrollo que promueve la diversificaci\u00f3n de la actividad tur\u00edstica para generar bienestar y prosperidad compartido, con lo que busca alcanzar inversiones y un mayor n\u00famero de [&hellip;]","twitter_image":"https:\/\/nitu.mx\/wp-content\/uploads\/2022\/04\/COZUMEL-CRUCEROS-2022.jpg","twitter_creator":"@Arturo_Medina_G","twitter_site":"@Arturo_Medina_G","twitter_misc":{"Escrito por":"Arturo Medina","Tiempo de lectura":"2 minutos"},"schema":{"@context":"https:\/\/schema.org","@graph":[{"@type":"Article","@id":"https:\/\/nitu.mx\/index.php\/2022\/11\/07\/va-sedetur-a-wtm-por-diversificacion-e-inversiones\/#article","isPartOf":{"@id":"https:\/\/nitu.mx\/index.php\/2022\/11\/07\/va-sedetur-a-wtm-por-diversificacion-e-inversiones\/"},"author":{"name":"Arturo Medina","@id":"https:\/\/nitu.mx\/#\/schema\/person\/ae7a53426417292d3dd07b45a33e01bc"},"headline":"Va Sedetur a WTM por diversificaci\u00f3n e inversiones","datePublished":"2022-11-07T05:43:36+00:00","dateModified":"2022-11-07T05:59:14+00:00","mainEntityOfPage":{"@id":"https:\/\/nitu.mx\/index.php\/2022\/11\/07\/va-sedetur-a-wtm-por-diversificacion-e-inversiones\/"},"wordCount":426,"commentCount":0,"publisher":{"@id":"https:\/\/nitu.mx\/#\/schema\/person\/ae7a53426417292d3dd07b45a33e01bc"},"image":{"@id":"https:\/\/nitu.mx\/index.php\/2022\/11\/07\/va-sedetur-a-wtm-por-diversificacion-e-inversiones\/#primaryimage"},"thumbnailUrl":"https:\/\/nitu.mx\/wp-content\/uploads\/2022\/04\/COZUMEL-CRUCEROS-2022.jpg","keywords":["Bernardo Cueto Riestra","Londres","Sedetur","World Travel Market","WTM"],"articleSection":["Caribe Mexicano"],"inLanguage":"es-MX","potentialAction":[{"@type":"CommentAction","name":"Comment","target":["https:\/\/nitu.mx\/index.php\/2022\/11\/07\/va-sedetur-a-wtm-por-diversificacion-e-inversiones\/#respond"]}]},{"@type":"WebPage","@id":"https:\/\/nitu.mx\/index.php\/2022\/11\/07\/va-sedetur-a-wtm-por-diversificacion-e-inversiones\/","url":"https:\/\/nitu.mx\/index.php\/2022\/11\/07\/va-sedetur-a-wtm-por-diversificacion-e-inversiones\/","name":"Va Sedetur a WTM por diversificaci\u00f3n e inversiones - Nitu - Noticias de la Industria Turistica","isPartOf":{"@id":"https:\/\/nitu.mx\/#website"},"primaryImageOfPage":{"@id":"https:\/\/nitu.mx\/index.php\/2022\/11\/07\/va-sedetur-a-wtm-por-diversificacion-e-inversiones\/#primaryimage"},"image":{"@id":"https:\/\/nitu.mx\/index.php\/2022\/11\/07\/va-sedetur-a-wtm-por-diversificacion-e-inversiones\/#primaryimage"},"thumbnailUrl":"https:\/\/nitu.mx\/wp-content\/uploads\/2022\/04\/COZUMEL-CRUCEROS-2022.jpg","datePublished":"2022-11-07T05:43:36+00:00","dateModified":"2022-11-07T05:59:14+00:00","breadcrumb":{"@id":"https:\/\/nitu.mx\/index.php\/2022\/11\/07\/va-sedetur-a-wtm-por-diversificacion-e-inversiones\/#breadcrumb"},"inLanguage":"es-MX","potentialAction":[{"@type":"ReadAction","target":["https:\/\/nitu.mx\/index.php\/2022\/11\/07\/va-sedetur-a-wtm-por-diversificacion-e-inversiones\/"]}]},{"@type":"ImageObject","inLanguage":"es-MX","@id":"https:\/\/nitu.mx\/index.php\/2022\/11\/07\/va-sedetur-a-wtm-por-diversificacion-e-inversiones\/#primaryimage","url":"https:\/\/nitu.mx\/wp-content\/uploads\/2022\/04\/COZUMEL-CRUCEROS-2022.jpg","contentUrl":"https:\/\/nitu.mx\/wp-content\/uploads\/2022\/04\/COZUMEL-CRUCEROS-2022.jpg","width":1200,"height":675,"caption":"World Travel Market crucero"},{"@type":"BreadcrumbList","@id":"https:\/\/nitu.mx\/index.php\/2022\/11\/07\/va-sedetur-a-wtm-por-diversificacion-e-inversiones\/#breadcrumb","itemListElement":[{"@type":"ListItem","position":1,"name":"Inicio","item":"https:\/\/nitu.mx\/"},{"@type":"ListItem","position":2,"name":"Va Sedetur a WTM por diversificaci\u00f3n e inversiones"}]},{"@type":"WebSite","@id":"https:\/\/nitu.mx\/#website","url":"https:\/\/nitu.mx\/","name":"Nitu - Noticias de la Industria Turistica","description":"Noticias de la Industria Turistica","publisher":{"@id":"https:\/\/nitu.mx\/#\/schema\/person\/ae7a53426417292d3dd07b45a33e01bc"},"alternateName":"Noticias de la Industria Turistica","potentialAction":[{"@type":"SearchAction","target":{"@type":"EntryPoint","urlTemplate":"https:\/\/nitu.mx\/?s={search_term_string}"},"query-input":"required name=search_term_string"}],"inLanguage":"es-MX"},{"@type":["Person","Organization"],"@id":"https:\/\/nitu.mx\/#\/schema\/person\/ae7a53426417292d3dd07b45a33e01bc","name":"Arturo Medina","image":{"@type":"ImageObject","inLanguage":"es-MX","@id":"https:\/\/nitu.mx\/#\/schema\/person\/image\/","url":"https:\/\/nitu.mx\/wp-content\/uploads\/2024\/04\/4A315622-1904-4D5C-B022-878CDC840E04-90x90-1.jpeg","contentUrl":"https:\/\/nitu.mx\/wp-content\/uploads\/2024\/04\/4A315622-1904-4D5C-B022-878CDC840E04-90x90-1.jpeg","width":90,"height":90,"caption":"Arturo Medina"},"logo":{"@id":"https:\/\/nitu.mx\/#\/schema\/person\/image\/"},"description":"Director NITU.mx, Egresado de la Escuela de Periodismo Carlos Septi\u00e9n Garc\u00eda. Periodista y analista especializado en turismo desde hace 35 a\u00f1os, radicado en Canc\u00fan Q.Roo. arturo@nitu.mx","sameAs":["https:\/\/nitu.mx","https:\/\/www.facebook.com\/NITUmx\/","medinacancun","https:\/\/twitter.com\/@Arturo_Medina_G"],"url":"https:\/\/nitu.mx\/index.php\/author\/arturo-medina\/"}]}},"views":323,"_links":{"self":[{"href":"https:\/\/nitu.mx\/index.php\/wp-json\/wp\/v2\/posts\/62103"}],"collection":[{"href":"https:\/\/nitu.mx\/index.php\/wp-json\/wp\/v2\/posts"}],"about":[{"href":"https:\/\/nitu.mx\/index.php\/wp-json\/wp\/v2\/types\/post"}],"author":[{"embeddable":true,"href":"https:\/\/nitu.mx\/index.php\/wp-json\/wp\/v2\/users\/2"}],"replies":[{"embeddable":true,"href":"https:\/\/nitu.mx\/index.php\/wp-json\/wp\/v2\/comments?post=62103"}],"version-history":[{"count":3,"href":"https:\/\/nitu.mx\/index.php\/wp-json\/wp\/v2\/posts\/62103\/revisions"}],"predecessor-version":[{"id":62117,"href":"https:\/\/nitu.mx\/index.php\/wp-json\/wp\/v2\/posts\/62103\/revisions\/62117"}],"wp:featuredmedia":[{"embeddable":true,"href":"https:\/\/nitu.mx\/index.php\/wp-json\/wp\/v2\/media\/58862"}],"wp:attachment":[{"href":"https:\/\/nitu.mx\/index.php\/wp-json\/wp\/v2\/media?parent=62103"}],"wp:term":[{"taxonomy":"category","embeddable":true,"href":"https:\/\/nitu.mx\/index.php\/wp-json\/wp\/v2\/categories?post=62103"},{"taxonomy":"post_tag","embeddable":true,"href":"https:\/\/nitu.mx\/index.php\/wp-json\/wp\/v2\/tags?post=62103"}],"curies":[{"name":"wp","href":"https:\/\/api.w.org\/{rel}","templated":true}]}}