{"id":61957,"date":"2022-10-25T00:11:09","date_gmt":"2022-10-25T05:11:09","guid":{"rendered":"https:\/\/www.dev.nitu.mx\/?p=61957"},"modified":"2022-10-25T00:25:39","modified_gmt":"2022-10-25T05:25:39","slug":"guanajuato-invita-a-disfrutar-la-ultima-semana-del-cervantino","status":"publish","type":"post","link":"https:\/\/nitu.mx\/index.php\/2022\/10\/25\/guanajuato-invita-a-disfrutar-la-ultima-semana-del-cervantino\/","title":{"rendered":"Guanajuato invita a disfrutar la \u00faltima semana del Cervantino"},"content":{"rendered":"<p>El Festival Internacional Cervantino,\u00a0el m\u00e1s importante de las artes esc\u00e9nicas en Iberoam\u00e9rica y uno de los cuatro festivales de arte m\u00e1s importantes del mundo, est\u00e1 celebrando su 50 aniversario, y la Secretar\u00eda de Turismo de Guanajuato invita a disfrutar las actividades que tendr\u00e1 en su \u00faltima semana.<\/p>\n<p>En cuanto a teatro, el 25 de octubre se presenta\u00a0<em>\u201cLa m\u00e1quina del tiempo y los bocanegra\u201d<\/em>. Por otro lado, en la m\u00fasica, est\u00e1 la cantante chilena, Francisca Valenzuela y el concierto de Luis Herman Miranda. Finalmente, en la disciplina de danza disfruta de la presentaci\u00f3n de Bach; la Lorea National Contemporary Dance Company, y el cantar del Mio Cid.<\/p>\n<p>Para el mi\u00e9rcoles 26, los visitantes podr\u00e1n disfrutar de dos exposiciones: \u201cDiego Rivera, vanguardia y revoluci\u00f3n\u201d, y la Exposici\u00f3n Inmersiva de la Cultura Coreana. Se presentar\u00e1n Polish Cello Quartet, la Orquesta T\u00edpica de la Ciudad de M\u00e9xico, Goran Bregovic y su banda de bodas y funerales, y la presentaci\u00f3n de IAN (m\u00fasica electr\u00f3nica). En cuanto a danza, se podr\u00e1 vivir la clase magistral de Francisco C\u00f3rdova; as\u00ed como las presentaciones de Bach y la Korea National Contemporary Dance Company.<\/p>\n<p>El jueves 27 las actividades se incrementan, como ejemplo, para los amantes de la m\u00fasica se presentar\u00e1n el Jazz at Lincon Center Orchestra con Wynton Marsalis; JAMBINAI; Los TIempos Pasados Ensamble de M\u00fasica Antigua; Maquin-ARIAS Concierto Visual para flauta, electr\u00f3nica y video; la Rondalla Se\u00f1orial de la Universidad de Guanajuato.<\/p>\n<p>Adem\u00e1s, la presentaci\u00f3n del Centro de Experimentaci\u00f3n y Producci\u00f3n de M\u00fasica Contempor\u00e1nea. Tambi\u00e9n se ofrecer\u00e1 un concierto did\u00e1ctico del Jazz at Lincon Center Orchestra con Wynton Marsalis y una pl\u00e1tica con Jorge Zarza tras 25 a\u00f1os de trabajo period\u00edstico.<\/p>\n<p>Este a\u00f1o, los asistentes al Festival Internacional Cervantino tambi\u00e9n disfrutar\u00e1n de una instalaci\u00f3n lum\u00ednica y de videoproyecci\u00f3n que celebra los 50 a\u00f1os en diversas sedes como la plaza Allende, la subterr\u00e1nea, y en el centro.<\/p>\n<p>Se estar\u00e1n presentando, el viernes 28, las obras de Merlin Puppet Theatre, Dos hombres en la mina y Kitonb. Por otro lado, disfruta del show de M\u00fasica Amazonia; Aire Sonoro de SIGMA Project; la presentaci\u00f3n de la Escuela de M\u00fasica \u201cVida y Movimiento\u201d; el concierto de la cantante Rosario Flores y la Orquesta Sinf\u00f3nica de la Universidad de Guanajuato.<\/p>\n<p>Para los que disfrutan de la danza, el s\u00e1bado 29 estar\u00e1 PHYSICAL MOMENTUM scenic action. Mientras que, para los que aman la m\u00fasica podr\u00e1n escuchar a Gustavo Dudamel con la Filarm\u00f3nica de Los \u00c1ngeles,\u00a0Selma Uamusse, Coro Acardenchado, y el Recital de piano. El gran plus del s\u00e1bado es el concierto de \u201cPate de fu\u00e1\u201d en la Explanada de la Alh\u00f3ndiga de Granaditas.<\/p>\n<p>El \u00faltimo d\u00eda del Festival Internacional Cervantino se presenta\u00a0PHYSICAL MOMENTUM scenic action, Merlin Puppet Theatre y Dmitry Masleev.<\/p>\n<p>La clausura de este 50 aniversario del Festival correr\u00e1 a cargo de Caifanes, ofreciendo un concierto en la Explanada de la Alh\u00f3ndiga de Granaditas.<\/p>\n<p>Durante los 19 d\u00edas del Festival, m\u00e1s de 2 mil 500 artistas de 33 pa\u00edses, muestran al mundo lo mejor de las expresiones art\u00edsticas y culturales en 159 funciones de artes esc\u00e9nicas y 90 actividades.<\/p>\n<p>En su primera semana, el\u00a0comit\u00e9 organizador report\u00f3 una asistencia de m\u00e1s de 80 mil 700 guanajuatenses y visitantes. Adem\u00e1s, la Secretar\u00eda de Turismo del Estado de Guanajuato estim\u00f3 una derrama econom\u00eda de 96.4 millones de pesos, cantidad generada por los visitantes y los cerca de 20 mil turistas a hoteles de Guanajuato, con una ocupaci\u00f3n hotelera promedio de 46%.<\/p>\n<p>El Festival Internacional Cervantino termina actividades el d\u00eda 30 de octubre en una de las ciudades m\u00e1s bellas de M\u00e9xico. Este a\u00f1o, los invitados de honor son Corea y Ciudad de M\u00e9xico, quienes en conjunto con Guanajuato hacen vivir al p\u00fablico una experiencia intensa y vibrante en escenarios como el Teatro Ju\u00e1rez y la explanada de la Alh\u00f3ndiga de Granaditas.\u00a0<a title=\"Guanajuato destaca en turismo de reuniones con amplia oferta de recintos\" href=\"https:\/\/www.dev.nitu.mx\/index.php\/2022\/10\/16\/guanajuato-destaca-en-turismo-de-reuniones-con-amplia-oferta-de-recintos\/\" rel=\"bookmark\">(Guanajuato destaca en turismo de reuniones con amplia oferta de recintos<\/a>).<\/p>\n","protected":false},"excerpt":{"rendered":"<p>El Festival Internacional Cervantino,\u00a0el m\u00e1s importante de las artes esc\u00e9nicas en Iberoam\u00e9rica y uno de los cuatro festivales de arte m\u00e1s importantes del mundo, est\u00e1 celebrando su 50 aniversario, y la Secretar\u00eda de Turismo de Guanajuato invita a disfrutar las actividades que tendr\u00e1 en su \u00faltima semana. En cuanto a teatro, el 25 de octubre [&hellip;]<\/p>\n","protected":false},"author":17,"featured_media":61961,"comment_status":"open","ping_status":"open","sticky":false,"template":"","format":"standard","meta":{"footnotes":""},"categories":[5],"tags":[5113,11258,511],"yoast_head":"<!-- This site is optimized with the Yoast SEO plugin v22.2 - https:\/\/yoast.com\/wordpress\/plugins\/seo\/ -->\n<title>Guanajuato invita a disfrutar la \u00faltima semana del Cervantino - Nitu - Noticias de la Industria Turistica<\/title>\n<meta name=\"robots\" content=\"index, follow, max-snippet:-1, max-image-preview:large, max-video-preview:-1\" \/>\n<link rel=\"canonical\" href=\"https:\/\/nitu.mx\/index.php\/2022\/10\/25\/guanajuato-invita-a-disfrutar-la-ultima-semana-del-cervantino\/\" \/>\n<meta name=\"twitter:card\" content=\"summary_large_image\" \/>\n<meta name=\"twitter:title\" content=\"Guanajuato invita a disfrutar la \u00faltima semana del Cervantino - Nitu - Noticias de la Industria Turistica\" \/>\n<meta name=\"twitter:description\" content=\"El Festival Internacional Cervantino,\u00a0el m\u00e1s importante de las artes esc\u00e9nicas en Iberoam\u00e9rica y uno de los cuatro festivales de arte m\u00e1s importantes del mundo, est\u00e1 celebrando su 50 aniversario, y la Secretar\u00eda de Turismo de Guanajuato invita a disfrutar las actividades que tendr\u00e1 en su \u00faltima semana. En cuanto a teatro, el 25 de octubre [&hellip;]\" \/>\n<meta name=\"twitter:image\" content=\"https:\/\/nitu.mx\/wp-content\/uploads\/2022\/10\/Festival-Internacional-Cervantino.jpg\" \/>\n<meta name=\"twitter:creator\" content=\"@NITUmx\" \/>\n<meta name=\"twitter:site\" content=\"@Arturo_Medina_G\" \/>\n<meta name=\"twitter:label1\" content=\"Escrito por\" \/>\n\t<meta name=\"twitter:data1\" content=\"Redacci\u00f3n\" \/>\n\t<meta name=\"twitter:label2\" content=\"Tiempo de lectura\" \/>\n\t<meta name=\"twitter:data2\" content=\"3 minutos\" \/>\n<script type=\"application\/ld+json\" class=\"yoast-schema-graph\">{\"@context\":\"https:\/\/schema.org\",\"@graph\":[{\"@type\":\"Article\",\"@id\":\"https:\/\/nitu.mx\/index.php\/2022\/10\/25\/guanajuato-invita-a-disfrutar-la-ultima-semana-del-cervantino\/#article\",\"isPartOf\":{\"@id\":\"https:\/\/nitu.mx\/index.php\/2022\/10\/25\/guanajuato-invita-a-disfrutar-la-ultima-semana-del-cervantino\/\"},\"author\":{\"name\":\"Redacci\u00f3n\",\"@id\":\"https:\/\/nitu.mx\/#\/schema\/person\/4a28fe9bd65924f7c90623773daf1b0b\"},\"headline\":\"Guanajuato invita a disfrutar la \u00faltima semana del Cervantino\",\"datePublished\":\"2022-10-25T05:11:09+00:00\",\"dateModified\":\"2022-10-25T05:25:39+00:00\",\"mainEntityOfPage\":{\"@id\":\"https:\/\/nitu.mx\/index.php\/2022\/10\/25\/guanajuato-invita-a-disfrutar-la-ultima-semana-del-cervantino\/\"},\"wordCount\":704,\"commentCount\":0,\"publisher\":{\"@id\":\"https:\/\/nitu.mx\/#\/schema\/person\/ae7a53426417292d3dd07b45a33e01bc\"},\"image\":{\"@id\":\"https:\/\/nitu.mx\/index.php\/2022\/10\/25\/guanajuato-invita-a-disfrutar-la-ultima-semana-del-cervantino\/#primaryimage\"},\"thumbnailUrl\":\"https:\/\/nitu.mx\/wp-content\/uploads\/2022\/10\/Festival-Internacional-Cervantino.jpg\",\"keywords\":[\"Festival internacional cervantino\",\"FIC\",\"Guanajuato\"],\"articleSection\":[\"Destinos\"],\"inLanguage\":\"es-MX\",\"potentialAction\":[{\"@type\":\"CommentAction\",\"name\":\"Comment\",\"target\":[\"https:\/\/nitu.mx\/index.php\/2022\/10\/25\/guanajuato-invita-a-disfrutar-la-ultima-semana-del-cervantino\/#respond\"]}]},{\"@type\":\"WebPage\",\"@id\":\"https:\/\/nitu.mx\/index.php\/2022\/10\/25\/guanajuato-invita-a-disfrutar-la-ultima-semana-del-cervantino\/\",\"url\":\"https:\/\/nitu.mx\/index.php\/2022\/10\/25\/guanajuato-invita-a-disfrutar-la-ultima-semana-del-cervantino\/\",\"name\":\"Guanajuato invita a disfrutar la \u00faltima semana del Cervantino - Nitu - Noticias de la Industria Turistica\",\"isPartOf\":{\"@id\":\"https:\/\/nitu.mx\/#website\"},\"primaryImageOfPage\":{\"@id\":\"https:\/\/nitu.mx\/index.php\/2022\/10\/25\/guanajuato-invita-a-disfrutar-la-ultima-semana-del-cervantino\/#primaryimage\"},\"image\":{\"@id\":\"https:\/\/nitu.mx\/index.php\/2022\/10\/25\/guanajuato-invita-a-disfrutar-la-ultima-semana-del-cervantino\/#primaryimage\"},\"thumbnailUrl\":\"https:\/\/nitu.mx\/wp-content\/uploads\/2022\/10\/Festival-Internacional-Cervantino.jpg\",\"datePublished\":\"2022-10-25T05:11:09+00:00\",\"dateModified\":\"2022-10-25T05:25:39+00:00\",\"breadcrumb\":{\"@id\":\"https:\/\/nitu.mx\/index.php\/2022\/10\/25\/guanajuato-invita-a-disfrutar-la-ultima-semana-del-cervantino\/#breadcrumb\"},\"inLanguage\":\"es-MX\",\"potentialAction\":[{\"@type\":\"ReadAction\",\"target\":[\"https:\/\/nitu.mx\/index.php\/2022\/10\/25\/guanajuato-invita-a-disfrutar-la-ultima-semana-del-cervantino\/\"]}]},{\"@type\":\"ImageObject\",\"inLanguage\":\"es-MX\",\"@id\":\"https:\/\/nitu.mx\/index.php\/2022\/10\/25\/guanajuato-invita-a-disfrutar-la-ultima-semana-del-cervantino\/#primaryimage\",\"url\":\"https:\/\/nitu.mx\/wp-content\/uploads\/2022\/10\/Festival-Internacional-Cervantino.jpg\",\"contentUrl\":\"https:\/\/nitu.mx\/wp-content\/uploads\/2022\/10\/Festival-Internacional-Cervantino.jpg\",\"width\":1200,\"height\":675,\"caption\":\"Guanajuato\"},{\"@type\":\"BreadcrumbList\",\"@id\":\"https:\/\/nitu.mx\/index.php\/2022\/10\/25\/guanajuato-invita-a-disfrutar-la-ultima-semana-del-cervantino\/#breadcrumb\",\"itemListElement\":[{\"@type\":\"ListItem\",\"position\":1,\"name\":\"Inicio\",\"item\":\"https:\/\/nitu.mx\/\"},{\"@type\":\"ListItem\",\"position\":2,\"name\":\"Guanajuato invita a disfrutar la \u00faltima semana del Cervantino\"}]},{\"@type\":\"WebSite\",\"@id\":\"https:\/\/nitu.mx\/#website\",\"url\":\"https:\/\/nitu.mx\/\",\"name\":\"Nitu - Noticias de la Industria Turistica\",\"description\":\"Noticias de la Industria Turistica\",\"publisher\":{\"@id\":\"https:\/\/nitu.mx\/#\/schema\/person\/ae7a53426417292d3dd07b45a33e01bc\"},\"alternateName\":\"Noticias de la Industria Turistica\",\"potentialAction\":[{\"@type\":\"SearchAction\",\"target\":{\"@type\":\"EntryPoint\",\"urlTemplate\":\"https:\/\/nitu.mx\/?s={search_term_string}\"},\"query-input\":\"required name=search_term_string\"}],\"inLanguage\":\"es-MX\"},{\"@type\":[\"Person\",\"Organization\"],\"@id\":\"https:\/\/nitu.mx\/#\/schema\/person\/ae7a53426417292d3dd07b45a33e01bc\",\"name\":\"Arturo Medina\",\"image\":{\"@type\":\"ImageObject\",\"inLanguage\":\"es-MX\",\"@id\":\"https:\/\/nitu.mx\/#\/schema\/person\/image\/\",\"url\":\"https:\/\/nitu.mx\/wp-content\/uploads\/2024\/04\/4A315622-1904-4D5C-B022-878CDC840E04-90x90-1.jpeg\",\"contentUrl\":\"https:\/\/nitu.mx\/wp-content\/uploads\/2024\/04\/4A315622-1904-4D5C-B022-878CDC840E04-90x90-1.jpeg\",\"width\":90,\"height\":90,\"caption\":\"Arturo Medina\"},\"logo\":{\"@id\":\"https:\/\/nitu.mx\/#\/schema\/person\/image\/\"},\"description\":\"Director NITU.mx, Egresado de la Escuela de Periodismo Carlos Septi\u00e9n Garc\u00eda. Periodista y analista especializado en turismo desde hace 35 a\u00f1os, radicado en Canc\u00fan Q.Roo. arturo@nitu.mx\",\"sameAs\":[\"https:\/\/nitu.mx\",\"https:\/\/www.facebook.com\/NITUmx\/\",\"medinacancun\",\"https:\/\/twitter.com\/@Arturo_Medina_G\"]},{\"@type\":\"Person\",\"@id\":\"https:\/\/nitu.mx\/#\/schema\/person\/4a28fe9bd65924f7c90623773daf1b0b\",\"name\":\"Redacci\u00f3n\",\"image\":{\"@type\":\"ImageObject\",\"inLanguage\":\"es-MX\",\"@id\":\"https:\/\/nitu.mx\/#\/schema\/person\/image\/\",\"url\":\"https:\/\/secure.gravatar.com\/avatar\/5dd011c8ccfc5cd7e4c81e42252aab38?s=96&d=mm&r=g\",\"contentUrl\":\"https:\/\/secure.gravatar.com\/avatar\/5dd011c8ccfc5cd7e4c81e42252aab38?s=96&d=mm&r=g\",\"caption\":\"Redacci\u00f3n\"},\"url\":\"https:\/\/nitu.mx\/index.php\/author\/redaccion\/\"}]}<\/script>\n<!-- \/ Yoast SEO plugin. -->","yoast_head_json":{"title":"Guanajuato invita a disfrutar la \u00faltima semana del Cervantino - Nitu - Noticias de la Industria Turistica","robots":{"index":"index","follow":"follow","max-snippet":"max-snippet:-1","max-image-preview":"max-image-preview:large","max-video-preview":"max-video-preview:-1"},"canonical":"https:\/\/nitu.mx\/index.php\/2022\/10\/25\/guanajuato-invita-a-disfrutar-la-ultima-semana-del-cervantino\/","twitter_card":"summary_large_image","twitter_title":"Guanajuato invita a disfrutar la \u00faltima semana del Cervantino - Nitu - Noticias de la Industria Turistica","twitter_description":"El Festival Internacional Cervantino,\u00a0el m\u00e1s importante de las artes esc\u00e9nicas en Iberoam\u00e9rica y uno de los cuatro festivales de arte m\u00e1s importantes del mundo, est\u00e1 celebrando su 50 aniversario, y la Secretar\u00eda de Turismo de Guanajuato invita a disfrutar las actividades que tendr\u00e1 en su \u00faltima semana. En cuanto a teatro, el 25 de octubre [&hellip;]","twitter_image":"https:\/\/nitu.mx\/wp-content\/uploads\/2022\/10\/Festival-Internacional-Cervantino.jpg","twitter_creator":"@NITUmx","twitter_site":"@Arturo_Medina_G","twitter_misc":{"Escrito por":"Redacci\u00f3n","Tiempo de lectura":"3 minutos"},"schema":{"@context":"https:\/\/schema.org","@graph":[{"@type":"Article","@id":"https:\/\/nitu.mx\/index.php\/2022\/10\/25\/guanajuato-invita-a-disfrutar-la-ultima-semana-del-cervantino\/#article","isPartOf":{"@id":"https:\/\/nitu.mx\/index.php\/2022\/10\/25\/guanajuato-invita-a-disfrutar-la-ultima-semana-del-cervantino\/"},"author":{"name":"Redacci\u00f3n","@id":"https:\/\/nitu.mx\/#\/schema\/person\/4a28fe9bd65924f7c90623773daf1b0b"},"headline":"Guanajuato invita a disfrutar la \u00faltima semana del Cervantino","datePublished":"2022-10-25T05:11:09+00:00","dateModified":"2022-10-25T05:25:39+00:00","mainEntityOfPage":{"@id":"https:\/\/nitu.mx\/index.php\/2022\/10\/25\/guanajuato-invita-a-disfrutar-la-ultima-semana-del-cervantino\/"},"wordCount":704,"commentCount":0,"publisher":{"@id":"https:\/\/nitu.mx\/#\/schema\/person\/ae7a53426417292d3dd07b45a33e01bc"},"image":{"@id":"https:\/\/nitu.mx\/index.php\/2022\/10\/25\/guanajuato-invita-a-disfrutar-la-ultima-semana-del-cervantino\/#primaryimage"},"thumbnailUrl":"https:\/\/nitu.mx\/wp-content\/uploads\/2022\/10\/Festival-Internacional-Cervantino.jpg","keywords":["Festival internacional cervantino","FIC","Guanajuato"],"articleSection":["Destinos"],"inLanguage":"es-MX","potentialAction":[{"@type":"CommentAction","name":"Comment","target":["https:\/\/nitu.mx\/index.php\/2022\/10\/25\/guanajuato-invita-a-disfrutar-la-ultima-semana-del-cervantino\/#respond"]}]},{"@type":"WebPage","@id":"https:\/\/nitu.mx\/index.php\/2022\/10\/25\/guanajuato-invita-a-disfrutar-la-ultima-semana-del-cervantino\/","url":"https:\/\/nitu.mx\/index.php\/2022\/10\/25\/guanajuato-invita-a-disfrutar-la-ultima-semana-del-cervantino\/","name":"Guanajuato invita a disfrutar la \u00faltima semana del Cervantino - Nitu - Noticias de la Industria Turistica","isPartOf":{"@id":"https:\/\/nitu.mx\/#website"},"primaryImageOfPage":{"@id":"https:\/\/nitu.mx\/index.php\/2022\/10\/25\/guanajuato-invita-a-disfrutar-la-ultima-semana-del-cervantino\/#primaryimage"},"image":{"@id":"https:\/\/nitu.mx\/index.php\/2022\/10\/25\/guanajuato-invita-a-disfrutar-la-ultima-semana-del-cervantino\/#primaryimage"},"thumbnailUrl":"https:\/\/nitu.mx\/wp-content\/uploads\/2022\/10\/Festival-Internacional-Cervantino.jpg","datePublished":"2022-10-25T05:11:09+00:00","dateModified":"2022-10-25T05:25:39+00:00","breadcrumb":{"@id":"https:\/\/nitu.mx\/index.php\/2022\/10\/25\/guanajuato-invita-a-disfrutar-la-ultima-semana-del-cervantino\/#breadcrumb"},"inLanguage":"es-MX","potentialAction":[{"@type":"ReadAction","target":["https:\/\/nitu.mx\/index.php\/2022\/10\/25\/guanajuato-invita-a-disfrutar-la-ultima-semana-del-cervantino\/"]}]},{"@type":"ImageObject","inLanguage":"es-MX","@id":"https:\/\/nitu.mx\/index.php\/2022\/10\/25\/guanajuato-invita-a-disfrutar-la-ultima-semana-del-cervantino\/#primaryimage","url":"https:\/\/nitu.mx\/wp-content\/uploads\/2022\/10\/Festival-Internacional-Cervantino.jpg","contentUrl":"https:\/\/nitu.mx\/wp-content\/uploads\/2022\/10\/Festival-Internacional-Cervantino.jpg","width":1200,"height":675,"caption":"Guanajuato"},{"@type":"BreadcrumbList","@id":"https:\/\/nitu.mx\/index.php\/2022\/10\/25\/guanajuato-invita-a-disfrutar-la-ultima-semana-del-cervantino\/#breadcrumb","itemListElement":[{"@type":"ListItem","position":1,"name":"Inicio","item":"https:\/\/nitu.mx\/"},{"@type":"ListItem","position":2,"name":"Guanajuato invita a disfrutar la \u00faltima semana del Cervantino"}]},{"@type":"WebSite","@id":"https:\/\/nitu.mx\/#website","url":"https:\/\/nitu.mx\/","name":"Nitu - Noticias de la Industria Turistica","description":"Noticias de la Industria Turistica","publisher":{"@id":"https:\/\/nitu.mx\/#\/schema\/person\/ae7a53426417292d3dd07b45a33e01bc"},"alternateName":"Noticias de la Industria Turistica","potentialAction":[{"@type":"SearchAction","target":{"@type":"EntryPoint","urlTemplate":"https:\/\/nitu.mx\/?s={search_term_string}"},"query-input":"required name=search_term_string"}],"inLanguage":"es-MX"},{"@type":["Person","Organization"],"@id":"https:\/\/nitu.mx\/#\/schema\/person\/ae7a53426417292d3dd07b45a33e01bc","name":"Arturo Medina","image":{"@type":"ImageObject","inLanguage":"es-MX","@id":"https:\/\/nitu.mx\/#\/schema\/person\/image\/","url":"https:\/\/nitu.mx\/wp-content\/uploads\/2024\/04\/4A315622-1904-4D5C-B022-878CDC840E04-90x90-1.jpeg","contentUrl":"https:\/\/nitu.mx\/wp-content\/uploads\/2024\/04\/4A315622-1904-4D5C-B022-878CDC840E04-90x90-1.jpeg","width":90,"height":90,"caption":"Arturo Medina"},"logo":{"@id":"https:\/\/nitu.mx\/#\/schema\/person\/image\/"},"description":"Director NITU.mx, Egresado de la Escuela de Periodismo Carlos Septi\u00e9n Garc\u00eda. Periodista y analista especializado en turismo desde hace 35 a\u00f1os, radicado en Canc\u00fan Q.Roo. arturo@nitu.mx","sameAs":["https:\/\/nitu.mx","https:\/\/www.facebook.com\/NITUmx\/","medinacancun","https:\/\/twitter.com\/@Arturo_Medina_G"]},{"@type":"Person","@id":"https:\/\/nitu.mx\/#\/schema\/person\/4a28fe9bd65924f7c90623773daf1b0b","name":"Redacci\u00f3n","image":{"@type":"ImageObject","inLanguage":"es-MX","@id":"https:\/\/nitu.mx\/#\/schema\/person\/image\/","url":"https:\/\/secure.gravatar.com\/avatar\/5dd011c8ccfc5cd7e4c81e42252aab38?s=96&d=mm&r=g","contentUrl":"https:\/\/secure.gravatar.com\/avatar\/5dd011c8ccfc5cd7e4c81e42252aab38?s=96&d=mm&r=g","caption":"Redacci\u00f3n"},"url":"https:\/\/nitu.mx\/index.php\/author\/redaccion\/"}]}},"views":579,"_links":{"self":[{"href":"https:\/\/nitu.mx\/index.php\/wp-json\/wp\/v2\/posts\/61957"}],"collection":[{"href":"https:\/\/nitu.mx\/index.php\/wp-json\/wp\/v2\/posts"}],"about":[{"href":"https:\/\/nitu.mx\/index.php\/wp-json\/wp\/v2\/types\/post"}],"author":[{"embeddable":true,"href":"https:\/\/nitu.mx\/index.php\/wp-json\/wp\/v2\/users\/17"}],"replies":[{"embeddable":true,"href":"https:\/\/nitu.mx\/index.php\/wp-json\/wp\/v2\/comments?post=61957"}],"version-history":[{"count":3,"href":"https:\/\/nitu.mx\/index.php\/wp-json\/wp\/v2\/posts\/61957\/revisions"}],"predecessor-version":[{"id":61960,"href":"https:\/\/nitu.mx\/index.php\/wp-json\/wp\/v2\/posts\/61957\/revisions\/61960"}],"wp:featuredmedia":[{"embeddable":true,"href":"https:\/\/nitu.mx\/index.php\/wp-json\/wp\/v2\/media\/61961"}],"wp:attachment":[{"href":"https:\/\/nitu.mx\/index.php\/wp-json\/wp\/v2\/media?parent=61957"}],"wp:term":[{"taxonomy":"category","embeddable":true,"href":"https:\/\/nitu.mx\/index.php\/wp-json\/wp\/v2\/categories?post=61957"},{"taxonomy":"post_tag","embeddable":true,"href":"https:\/\/nitu.mx\/index.php\/wp-json\/wp\/v2\/tags?post=61957"}],"curies":[{"name":"wp","href":"https:\/\/api.w.org\/{rel}","templated":true}]}}