{"id":61941,"date":"2022-10-24T14:47:28","date_gmt":"2022-10-24T19:47:28","guid":{"rendered":"https:\/\/www.dev.nitu.mx\/?p=61941"},"modified":"2022-10-24T14:47:28","modified_gmt":"2022-10-24T19:47:28","slug":"asume-sebastian-lezcano-vp-de-operaciones-de-hoteldo","status":"publish","type":"post","link":"https:\/\/nitu.mx\/index.php\/2022\/10\/24\/asume-sebastian-lezcano-vp-de-operaciones-de-hoteldo\/","title":{"rendered":"Asume Sebasti\u00e1n Lezcano VP de operaciones de HotelDO"},"content":{"rendered":"<p class=\"s11\">HotelDO l\u00edder en el mercado B2B de viajes en Am\u00e9rica Latina\u2013 nombr\u00f3 a <span class=\"s10\">Sebasti\u00e1n Lezcano <\/span><span class=\"s10\">Treuer<\/span> como <span class=\"s10\">Vicepresidente<\/span><span class=\"s10\"> de Operaciones y Comercial<\/span>. El ejecutivo forma parte de la Compa\u00f1\u00eda desde hace m\u00e1s de siete a\u00f1os, donde se desempe\u00f1\u00f3 como Vicepresidente de Operaciones en Despegar. En este nuevo desaf\u00edo, Sebasti\u00e1n coordinar\u00e1 todo el segmento B2B de Despegar, a trav\u00e9s de la marca HotelDO.<span class=\"s10\"> \u00a0 \u00a0 \u00a0 \u00a0 \u00a0 \u00a0 \u00a0 \u00a0 \u00a0<\/span><\/p>\n<p class=\"s11\"><span class=\"s12\">\u201c<\/span><span class=\"s13\">HotelDO<\/span><span class=\"s12\"> surge como resultado de la estrategia de crecimiento del Grupo, que busca generar valor por medio de adquisiciones, aprovechando lo mejor de ambos mundos: la experiencia <\/span><span class=\"s12\">B2B<\/span><span class=\"s12\"> de <\/span><span class=\"s13\">HotelDO<\/span><span class=\"s12\"> y la propuesta de valor tecnol\u00f3gico de Despegar\u201d<\/span>, dice Lezcano Treuer.<\/p>\n<p class=\"s11\"><span class=\"s10\">HotelDO<\/span> contin\u00faa operando de manera independiente, con su propia estrategia regional y equipos especializados en Estados Unidos, Asia, Europa y Am\u00e9rica Latina.<\/p>\n<p class=\"s11\">Bajo su liderazgo, Sebasti\u00e1n cuenta con m\u00e1s de 200 personas, entre ellas tres directores regionales que responsables de las operaciones de la empresa en otros pa\u00edses: Marcio Nogueira, Director Comercial para Brasil; Gast\u00f3n Carn\u00e9 Boinard, quien recientemente asumi\u00f3 el cargo como Director Comercial para Am\u00e9rica Latina y Veronica Odetti, quien atiende a Estados Unidos y otras regiones.<\/p>\n<p class=\"s11\">Luego del proceso de integraci\u00f3n con Despegar, <span class=\"s10\">HotelDO\u00a0<\/span>sum\u00f3 nuevos productos. Adem\u00e1s de hoteles, tambi\u00e9n ofrece vuelos, paquetes y actividades, con la posibilidad de que el agente de viajes compre todo en un solo lugar.<\/p>\n<p class=\"s11\"><span class=\"s12\">\u201cLa capacidad de negociaci\u00f3n de Despegar nos permite acceder a tarifas competitivas para ofrecer a nuestros clientes las mejores condiciones.<br \/>\n<\/span><\/p>\n<p class=\"s11\"><span class=\"s12\">Fruto de esta apuesta por el crecimiento y la expansi\u00f3n, en los \u00faltimos 12 meses se ha triplicado el equipo y tenemos m\u00e1s de 150 vacantes en todos los pa\u00edses donde operamos\u201d<\/span>, a\u00f1ade.<\/p>\n<p class=\"s11\">El ejecutivo tambi\u00e9n destaca su entusiasmo por el nuevo desaf\u00edo. <span class=\"s12\">\u201cDedicar\u00e9 mis esfuerzos a trabajar, junto con el equipo, para fortalecer a\u00fan m\u00e1s los lazos de <\/span><span class=\"s13\">HotelDO<\/span><span class=\"s12\"> y ofrecer m\u00e1s beneficios y oportunidades a los agentes de viajes\u201d<\/span>.<\/p>\n<p class=\"s18\">Sebasti\u00e1n se ha desempe\u00f1ado en la industria del turismo desde que se sum\u00f3 a Despegar. Es Economista, egresado de la Universidad Argentina de la Empresa en Buenos Aires y tiene un posgrado en Servicios Tecnol\u00f3gicos de la Universidad de San Andr\u00e9s.<\/p>\n<p class=\"s18\">\n","protected":false},"excerpt":{"rendered":"<p>HotelDO l\u00edder en el mercado B2B de viajes en Am\u00e9rica Latina\u2013 nombr\u00f3 a Sebasti\u00e1n Lezcano Treuer como Vicepresidente de Operaciones y Comercial. El ejecutivo forma parte de la Compa\u00f1\u00eda desde hace m\u00e1s de siete a\u00f1os, donde se desempe\u00f1\u00f3 como Vicepresidente de Operaciones en Despegar. En este nuevo desaf\u00edo, Sebasti\u00e1n coordinar\u00e1 todo el segmento B2B de [&hellip;]<\/p>\n","protected":false},"author":2,"featured_media":61945,"comment_status":"open","ping_status":"open","sticky":false,"template":"","format":"standard","meta":{"footnotes":""},"categories":[3],"tags":[1090,23640],"yoast_head":"<!-- This site is optimized with the Yoast SEO plugin v22.2 - https:\/\/yoast.com\/wordpress\/plugins\/seo\/ -->\n<title>Asume Sebasti\u00e1n Lezcano VP de operaciones de HotelDO - Nitu - Noticias de la Industria Turistica<\/title>\n<meta name=\"robots\" content=\"index, follow, max-snippet:-1, max-image-preview:large, max-video-preview:-1\" \/>\n<link rel=\"canonical\" href=\"https:\/\/nitu.mx\/index.php\/2022\/10\/24\/asume-sebastian-lezcano-vp-de-operaciones-de-hoteldo\/\" \/>\n<meta name=\"twitter:card\" content=\"summary_large_image\" \/>\n<meta name=\"twitter:title\" content=\"Asume Sebasti\u00e1n Lezcano VP de operaciones de HotelDO - Nitu - Noticias de la Industria Turistica\" \/>\n<meta name=\"twitter:description\" content=\"HotelDO l\u00edder en el mercado B2B de viajes en Am\u00e9rica Latina\u2013 nombr\u00f3 a Sebasti\u00e1n Lezcano Treuer como Vicepresidente de Operaciones y Comercial. El ejecutivo forma parte de la Compa\u00f1\u00eda desde hace m\u00e1s de siete a\u00f1os, donde se desempe\u00f1\u00f3 como Vicepresidente de Operaciones en Despegar. En este nuevo desaf\u00edo, Sebasti\u00e1n coordinar\u00e1 todo el segmento B2B de [&hellip;]\" \/>\n<meta name=\"twitter:image\" content=\"https:\/\/nitu.mx\/wp-content\/uploads\/2022\/10\/6EBBC6E7-5FAC-4D0F-B3B6-BEDBACBE492D.jpeg\" \/>\n<meta name=\"twitter:creator\" content=\"@Arturo_Medina_G\" \/>\n<meta name=\"twitter:site\" content=\"@Arturo_Medina_G\" \/>\n<meta name=\"twitter:label1\" content=\"Escrito por\" \/>\n\t<meta name=\"twitter:data1\" content=\"Arturo Medina\" \/>\n\t<meta name=\"twitter:label2\" content=\"Tiempo de lectura\" \/>\n\t<meta name=\"twitter:data2\" content=\"2 minutos\" \/>\n<script type=\"application\/ld+json\" class=\"yoast-schema-graph\">{\"@context\":\"https:\/\/schema.org\",\"@graph\":[{\"@type\":\"Article\",\"@id\":\"https:\/\/nitu.mx\/index.php\/2022\/10\/24\/asume-sebastian-lezcano-vp-de-operaciones-de-hoteldo\/#article\",\"isPartOf\":{\"@id\":\"https:\/\/nitu.mx\/index.php\/2022\/10\/24\/asume-sebastian-lezcano-vp-de-operaciones-de-hoteldo\/\"},\"author\":{\"name\":\"Arturo Medina\",\"@id\":\"https:\/\/nitu.mx\/#\/schema\/person\/ae7a53426417292d3dd07b45a33e01bc\"},\"headline\":\"Asume Sebasti\u00e1n Lezcano VP de operaciones de HotelDO\",\"datePublished\":\"2022-10-24T19:47:28+00:00\",\"dateModified\":\"2022-10-24T19:47:28+00:00\",\"mainEntityOfPage\":{\"@id\":\"https:\/\/nitu.mx\/index.php\/2022\/10\/24\/asume-sebastian-lezcano-vp-de-operaciones-de-hoteldo\/\"},\"wordCount\":392,\"commentCount\":0,\"publisher\":{\"@id\":\"https:\/\/nitu.mx\/#\/schema\/person\/ae7a53426417292d3dd07b45a33e01bc\"},\"image\":{\"@id\":\"https:\/\/nitu.mx\/index.php\/2022\/10\/24\/asume-sebastian-lezcano-vp-de-operaciones-de-hoteldo\/#primaryimage\"},\"thumbnailUrl\":\"https:\/\/nitu.mx\/wp-content\/uploads\/2022\/10\/6EBBC6E7-5FAC-4D0F-B3B6-BEDBACBE492D.jpeg\",\"keywords\":[\"HotelDO\",\"Sebastian Lazcano\"],\"articleSection\":[\"Agencias de Viajes\"],\"inLanguage\":\"es-MX\",\"potentialAction\":[{\"@type\":\"CommentAction\",\"name\":\"Comment\",\"target\":[\"https:\/\/nitu.mx\/index.php\/2022\/10\/24\/asume-sebastian-lezcano-vp-de-operaciones-de-hoteldo\/#respond\"]}]},{\"@type\":\"WebPage\",\"@id\":\"https:\/\/nitu.mx\/index.php\/2022\/10\/24\/asume-sebastian-lezcano-vp-de-operaciones-de-hoteldo\/\",\"url\":\"https:\/\/nitu.mx\/index.php\/2022\/10\/24\/asume-sebastian-lezcano-vp-de-operaciones-de-hoteldo\/\",\"name\":\"Asume Sebasti\u00e1n Lezcano VP de operaciones de HotelDO - Nitu - Noticias de la Industria Turistica\",\"isPartOf\":{\"@id\":\"https:\/\/nitu.mx\/#website\"},\"primaryImageOfPage\":{\"@id\":\"https:\/\/nitu.mx\/index.php\/2022\/10\/24\/asume-sebastian-lezcano-vp-de-operaciones-de-hoteldo\/#primaryimage\"},\"image\":{\"@id\":\"https:\/\/nitu.mx\/index.php\/2022\/10\/24\/asume-sebastian-lezcano-vp-de-operaciones-de-hoteldo\/#primaryimage\"},\"thumbnailUrl\":\"https:\/\/nitu.mx\/wp-content\/uploads\/2022\/10\/6EBBC6E7-5FAC-4D0F-B3B6-BEDBACBE492D.jpeg\",\"datePublished\":\"2022-10-24T19:47:28+00:00\",\"dateModified\":\"2022-10-24T19:47:28+00:00\",\"breadcrumb\":{\"@id\":\"https:\/\/nitu.mx\/index.php\/2022\/10\/24\/asume-sebastian-lezcano-vp-de-operaciones-de-hoteldo\/#breadcrumb\"},\"inLanguage\":\"es-MX\",\"potentialAction\":[{\"@type\":\"ReadAction\",\"target\":[\"https:\/\/nitu.mx\/index.php\/2022\/10\/24\/asume-sebastian-lezcano-vp-de-operaciones-de-hoteldo\/\"]}]},{\"@type\":\"ImageObject\",\"inLanguage\":\"es-MX\",\"@id\":\"https:\/\/nitu.mx\/index.php\/2022\/10\/24\/asume-sebastian-lezcano-vp-de-operaciones-de-hoteldo\/#primaryimage\",\"url\":\"https:\/\/nitu.mx\/wp-content\/uploads\/2022\/10\/6EBBC6E7-5FAC-4D0F-B3B6-BEDBACBE492D.jpeg\",\"contentUrl\":\"https:\/\/nitu.mx\/wp-content\/uploads\/2022\/10\/6EBBC6E7-5FAC-4D0F-B3B6-BEDBACBE492D.jpeg\",\"width\":975,\"height\":737},{\"@type\":\"BreadcrumbList\",\"@id\":\"https:\/\/nitu.mx\/index.php\/2022\/10\/24\/asume-sebastian-lezcano-vp-de-operaciones-de-hoteldo\/#breadcrumb\",\"itemListElement\":[{\"@type\":\"ListItem\",\"position\":1,\"name\":\"Inicio\",\"item\":\"https:\/\/nitu.mx\/\"},{\"@type\":\"ListItem\",\"position\":2,\"name\":\"Asume Sebasti\u00e1n Lezcano VP de operaciones de HotelDO\"}]},{\"@type\":\"WebSite\",\"@id\":\"https:\/\/nitu.mx\/#website\",\"url\":\"https:\/\/nitu.mx\/\",\"name\":\"Nitu - Noticias de la Industria Turistica\",\"description\":\"Noticias de la Industria Turistica\",\"publisher\":{\"@id\":\"https:\/\/nitu.mx\/#\/schema\/person\/ae7a53426417292d3dd07b45a33e01bc\"},\"alternateName\":\"Noticias de la Industria Turistica\",\"potentialAction\":[{\"@type\":\"SearchAction\",\"target\":{\"@type\":\"EntryPoint\",\"urlTemplate\":\"https:\/\/nitu.mx\/?s={search_term_string}\"},\"query-input\":\"required name=search_term_string\"}],\"inLanguage\":\"es-MX\"},{\"@type\":[\"Person\",\"Organization\"],\"@id\":\"https:\/\/nitu.mx\/#\/schema\/person\/ae7a53426417292d3dd07b45a33e01bc\",\"name\":\"Arturo Medina\",\"image\":{\"@type\":\"ImageObject\",\"inLanguage\":\"es-MX\",\"@id\":\"https:\/\/nitu.mx\/#\/schema\/person\/image\/\",\"url\":\"https:\/\/nitu.mx\/wp-content\/uploads\/2024\/04\/4A315622-1904-4D5C-B022-878CDC840E04-90x90-1.jpeg\",\"contentUrl\":\"https:\/\/nitu.mx\/wp-content\/uploads\/2024\/04\/4A315622-1904-4D5C-B022-878CDC840E04-90x90-1.jpeg\",\"width\":90,\"height\":90,\"caption\":\"Arturo Medina\"},\"logo\":{\"@id\":\"https:\/\/nitu.mx\/#\/schema\/person\/image\/\"},\"description\":\"Director NITU.mx, Egresado de la Escuela de Periodismo Carlos Septi\u00e9n Garc\u00eda. Periodista y analista especializado en turismo desde hace 35 a\u00f1os, radicado en Canc\u00fan Q.Roo. arturo@nitu.mx\",\"sameAs\":[\"https:\/\/nitu.mx\",\"https:\/\/www.facebook.com\/NITUmx\/\",\"medinacancun\",\"https:\/\/twitter.com\/@Arturo_Medina_G\"],\"url\":\"https:\/\/nitu.mx\/index.php\/author\/arturo-medina\/\"}]}<\/script>\n<!-- \/ Yoast SEO plugin. -->","yoast_head_json":{"title":"Asume Sebasti\u00e1n Lezcano VP de operaciones de HotelDO - Nitu - Noticias de la Industria Turistica","robots":{"index":"index","follow":"follow","max-snippet":"max-snippet:-1","max-image-preview":"max-image-preview:large","max-video-preview":"max-video-preview:-1"},"canonical":"https:\/\/nitu.mx\/index.php\/2022\/10\/24\/asume-sebastian-lezcano-vp-de-operaciones-de-hoteldo\/","twitter_card":"summary_large_image","twitter_title":"Asume Sebasti\u00e1n Lezcano VP de operaciones de HotelDO - Nitu - Noticias de la Industria Turistica","twitter_description":"HotelDO l\u00edder en el mercado B2B de viajes en Am\u00e9rica Latina\u2013 nombr\u00f3 a Sebasti\u00e1n Lezcano Treuer como Vicepresidente de Operaciones y Comercial. El ejecutivo forma parte de la Compa\u00f1\u00eda desde hace m\u00e1s de siete a\u00f1os, donde se desempe\u00f1\u00f3 como Vicepresidente de Operaciones en Despegar. En este nuevo desaf\u00edo, Sebasti\u00e1n coordinar\u00e1 todo el segmento B2B de [&hellip;]","twitter_image":"https:\/\/nitu.mx\/wp-content\/uploads\/2022\/10\/6EBBC6E7-5FAC-4D0F-B3B6-BEDBACBE492D.jpeg","twitter_creator":"@Arturo_Medina_G","twitter_site":"@Arturo_Medina_G","twitter_misc":{"Escrito por":"Arturo Medina","Tiempo de lectura":"2 minutos"},"schema":{"@context":"https:\/\/schema.org","@graph":[{"@type":"Article","@id":"https:\/\/nitu.mx\/index.php\/2022\/10\/24\/asume-sebastian-lezcano-vp-de-operaciones-de-hoteldo\/#article","isPartOf":{"@id":"https:\/\/nitu.mx\/index.php\/2022\/10\/24\/asume-sebastian-lezcano-vp-de-operaciones-de-hoteldo\/"},"author":{"name":"Arturo Medina","@id":"https:\/\/nitu.mx\/#\/schema\/person\/ae7a53426417292d3dd07b45a33e01bc"},"headline":"Asume Sebasti\u00e1n Lezcano VP de operaciones de HotelDO","datePublished":"2022-10-24T19:47:28+00:00","dateModified":"2022-10-24T19:47:28+00:00","mainEntityOfPage":{"@id":"https:\/\/nitu.mx\/index.php\/2022\/10\/24\/asume-sebastian-lezcano-vp-de-operaciones-de-hoteldo\/"},"wordCount":392,"commentCount":0,"publisher":{"@id":"https:\/\/nitu.mx\/#\/schema\/person\/ae7a53426417292d3dd07b45a33e01bc"},"image":{"@id":"https:\/\/nitu.mx\/index.php\/2022\/10\/24\/asume-sebastian-lezcano-vp-de-operaciones-de-hoteldo\/#primaryimage"},"thumbnailUrl":"https:\/\/nitu.mx\/wp-content\/uploads\/2022\/10\/6EBBC6E7-5FAC-4D0F-B3B6-BEDBACBE492D.jpeg","keywords":["HotelDO","Sebastian Lazcano"],"articleSection":["Agencias de Viajes"],"inLanguage":"es-MX","potentialAction":[{"@type":"CommentAction","name":"Comment","target":["https:\/\/nitu.mx\/index.php\/2022\/10\/24\/asume-sebastian-lezcano-vp-de-operaciones-de-hoteldo\/#respond"]}]},{"@type":"WebPage","@id":"https:\/\/nitu.mx\/index.php\/2022\/10\/24\/asume-sebastian-lezcano-vp-de-operaciones-de-hoteldo\/","url":"https:\/\/nitu.mx\/index.php\/2022\/10\/24\/asume-sebastian-lezcano-vp-de-operaciones-de-hoteldo\/","name":"Asume Sebasti\u00e1n Lezcano VP de operaciones de HotelDO - Nitu - Noticias de la Industria Turistica","isPartOf":{"@id":"https:\/\/nitu.mx\/#website"},"primaryImageOfPage":{"@id":"https:\/\/nitu.mx\/index.php\/2022\/10\/24\/asume-sebastian-lezcano-vp-de-operaciones-de-hoteldo\/#primaryimage"},"image":{"@id":"https:\/\/nitu.mx\/index.php\/2022\/10\/24\/asume-sebastian-lezcano-vp-de-operaciones-de-hoteldo\/#primaryimage"},"thumbnailUrl":"https:\/\/nitu.mx\/wp-content\/uploads\/2022\/10\/6EBBC6E7-5FAC-4D0F-B3B6-BEDBACBE492D.jpeg","datePublished":"2022-10-24T19:47:28+00:00","dateModified":"2022-10-24T19:47:28+00:00","breadcrumb":{"@id":"https:\/\/nitu.mx\/index.php\/2022\/10\/24\/asume-sebastian-lezcano-vp-de-operaciones-de-hoteldo\/#breadcrumb"},"inLanguage":"es-MX","potentialAction":[{"@type":"ReadAction","target":["https:\/\/nitu.mx\/index.php\/2022\/10\/24\/asume-sebastian-lezcano-vp-de-operaciones-de-hoteldo\/"]}]},{"@type":"ImageObject","inLanguage":"es-MX","@id":"https:\/\/nitu.mx\/index.php\/2022\/10\/24\/asume-sebastian-lezcano-vp-de-operaciones-de-hoteldo\/#primaryimage","url":"https:\/\/nitu.mx\/wp-content\/uploads\/2022\/10\/6EBBC6E7-5FAC-4D0F-B3B6-BEDBACBE492D.jpeg","contentUrl":"https:\/\/nitu.mx\/wp-content\/uploads\/2022\/10\/6EBBC6E7-5FAC-4D0F-B3B6-BEDBACBE492D.jpeg","width":975,"height":737},{"@type":"BreadcrumbList","@id":"https:\/\/nitu.mx\/index.php\/2022\/10\/24\/asume-sebastian-lezcano-vp-de-operaciones-de-hoteldo\/#breadcrumb","itemListElement":[{"@type":"ListItem","position":1,"name":"Inicio","item":"https:\/\/nitu.mx\/"},{"@type":"ListItem","position":2,"name":"Asume Sebasti\u00e1n Lezcano VP de operaciones de HotelDO"}]},{"@type":"WebSite","@id":"https:\/\/nitu.mx\/#website","url":"https:\/\/nitu.mx\/","name":"Nitu - Noticias de la Industria Turistica","description":"Noticias de la Industria Turistica","publisher":{"@id":"https:\/\/nitu.mx\/#\/schema\/person\/ae7a53426417292d3dd07b45a33e01bc"},"alternateName":"Noticias de la Industria Turistica","potentialAction":[{"@type":"SearchAction","target":{"@type":"EntryPoint","urlTemplate":"https:\/\/nitu.mx\/?s={search_term_string}"},"query-input":"required name=search_term_string"}],"inLanguage":"es-MX"},{"@type":["Person","Organization"],"@id":"https:\/\/nitu.mx\/#\/schema\/person\/ae7a53426417292d3dd07b45a33e01bc","name":"Arturo Medina","image":{"@type":"ImageObject","inLanguage":"es-MX","@id":"https:\/\/nitu.mx\/#\/schema\/person\/image\/","url":"https:\/\/nitu.mx\/wp-content\/uploads\/2024\/04\/4A315622-1904-4D5C-B022-878CDC840E04-90x90-1.jpeg","contentUrl":"https:\/\/nitu.mx\/wp-content\/uploads\/2024\/04\/4A315622-1904-4D5C-B022-878CDC840E04-90x90-1.jpeg","width":90,"height":90,"caption":"Arturo Medina"},"logo":{"@id":"https:\/\/nitu.mx\/#\/schema\/person\/image\/"},"description":"Director NITU.mx, Egresado de la Escuela de Periodismo Carlos Septi\u00e9n Garc\u00eda. Periodista y analista especializado en turismo desde hace 35 a\u00f1os, radicado en Canc\u00fan Q.Roo. arturo@nitu.mx","sameAs":["https:\/\/nitu.mx","https:\/\/www.facebook.com\/NITUmx\/","medinacancun","https:\/\/twitter.com\/@Arturo_Medina_G"],"url":"https:\/\/nitu.mx\/index.php\/author\/arturo-medina\/"}]}},"views":242,"_links":{"self":[{"href":"https:\/\/nitu.mx\/index.php\/wp-json\/wp\/v2\/posts\/61941"}],"collection":[{"href":"https:\/\/nitu.mx\/index.php\/wp-json\/wp\/v2\/posts"}],"about":[{"href":"https:\/\/nitu.mx\/index.php\/wp-json\/wp\/v2\/types\/post"}],"author":[{"embeddable":true,"href":"https:\/\/nitu.mx\/index.php\/wp-json\/wp\/v2\/users\/2"}],"replies":[{"embeddable":true,"href":"https:\/\/nitu.mx\/index.php\/wp-json\/wp\/v2\/comments?post=61941"}],"version-history":[{"count":3,"href":"https:\/\/nitu.mx\/index.php\/wp-json\/wp\/v2\/posts\/61941\/revisions"}],"predecessor-version":[{"id":61944,"href":"https:\/\/nitu.mx\/index.php\/wp-json\/wp\/v2\/posts\/61941\/revisions\/61944"}],"wp:featuredmedia":[{"embeddable":true,"href":"https:\/\/nitu.mx\/index.php\/wp-json\/wp\/v2\/media\/61945"}],"wp:attachment":[{"href":"https:\/\/nitu.mx\/index.php\/wp-json\/wp\/v2\/media?parent=61941"}],"wp:term":[{"taxonomy":"category","embeddable":true,"href":"https:\/\/nitu.mx\/index.php\/wp-json\/wp\/v2\/categories?post=61941"},{"taxonomy":"post_tag","embeddable":true,"href":"https:\/\/nitu.mx\/index.php\/wp-json\/wp\/v2\/tags?post=61941"}],"curies":[{"name":"wp","href":"https:\/\/api.w.org\/{rel}","templated":true}]}}