{"id":61899,"date":"2022-10-21T00:11:59","date_gmt":"2022-10-21T05:11:59","guid":{"rendered":"https:\/\/www.dev.nitu.mx\/?p=61899"},"modified":"2022-10-21T00:18:33","modified_gmt":"2022-10-21T05:18:33","slug":"tarifas-en-caribe-mexicano-estan-a-la-alza-para-despegar","status":"publish","type":"post","link":"https:\/\/nitu.mx\/index.php\/2022\/10\/21\/tarifas-en-caribe-mexicano-estan-a-la-alza-para-despegar\/","title":{"rendered":"Tarifas en Caribe Mexicano est\u00e1n a la alza para &#8220;Despegar&#8221;"},"content":{"rendered":"<p>A pesar del crecimiento de casi 15 mil cuartos en 2021, el Caribe Mexicano est\u00e1 logrando en este momento tarifas a la alza lo que habla bien del destino, asegur\u00f3 Mat\u00edas Zelaschi, VP Commercial Non Air Partners &amp; Media de Grupo Despegar en el marco del Canc\u00fan Travel Mart que reci\u00e9n termin\u00f3.<\/p>\n<p>En platica con <em><strong>NITU.mx,<\/strong><\/em> Zelaschi reconoci\u00f3 que durante la pandemia si hubo tarifas m\u00e1s bajas buscando la recuperaci\u00f3n pero actualmente se han nivelado y van a la alza, destac\u00f3 que la OMS puso a M\u00e9xico en el segundo lugar del ranking de destinos en recuperaci\u00f3n en el mundo y para grupo Despegar ha sido notorio con el \u00e9xito de su marca Bestday que opera en M\u00e9xico ya con n\u00fameros muy similares al 2019.<\/p>\n<p>&#8220;Nosotros en el grupo Despegar con nuestra presencia omnicanal, estamos tratando de generar experiencia, para que las personas ganen con un viaje completo, accesible, y siendo esta zona una de las m\u00e1s importantes afianzamos nuestra presencia en el 2020, con la compra de Bestday, afianzamos el segmento B2B a trav\u00e9s de HotelDO, han sido un \u00e9xito las paginas blancas para apoyar a nuestros socios, una gran soluci\u00f3n y afianzamos el DMC, siempre apalanc\u00e1ndonos de la tecnolog\u00eda y de nuestros or\u00edgenes que es la venta on line&#8221;, coment\u00f3.<\/p>\n<p>Resalt\u00f3 que han ingresado a la venta of line con los Kioscos de Bestday en las plazas, el call center de Bestday y en Sudam\u00e9rica con la compra de Falabella, con presencia en Colombia, Per\u00fa y Chile.<\/p>\n<p>El directivo de Despegar asegur\u00f3 que sin duda para todo Sudam\u00e9rica es una gran aspiraci\u00f3n venir al Caribe Mexicano que es sin duda el destino m\u00e1s buscado, pero en el mercado nacional, destac\u00f3 el gran crecimiento de Riviera Nayarit, tanto en demanda como en desarrollo, &#8220;Hay una gran cantidad de hoteles nuevos, en construcci\u00f3n y en remodelaci\u00f3n&#8221;.<\/p>\n<p>Mat\u00edas Zelaschi dijo que el futuro Despegar estar\u00e1 ofreciendo la renta vacacional, que de hecho ya sucede en Brasil en donde compraron &#8220;Stays&#8221; una plataforma dedicada a este negocio, por lo que a trav\u00e9s de su &#8220;know how&#8221; estar\u00e1n en muchos destinos, incluido M\u00e9xico.\u00a0<a title=\"Las 8 recomendaciones de Despegar para el Hot Travel\" href=\"https:\/\/www.dev.nitu.mx\/index.php\/2022\/10\/12\/las-8-recomendaciones-de-despegar-para-el-hot-travel\/\" rel=\"bookmark\">(Las 8 recomendaciones de Despegar para el Hot Travel<\/a>).<\/p>\n","protected":false},"excerpt":{"rendered":"<p>A pesar del crecimiento de casi 15 mil cuartos en 2021, el Caribe Mexicano est\u00e1 logrando en este momento tarifas a la alza lo que habla bien del destino, asegur\u00f3 Mat\u00edas Zelaschi, VP Commercial Non Air Partners &amp; Media de Grupo Despegar en el marco del Canc\u00fan Travel Mart que reci\u00e9n termin\u00f3. En platica con [&hellip;]<\/p>\n","protected":false},"author":2,"featured_media":61908,"comment_status":"open","ping_status":"open","sticky":false,"template":"","format":"standard","meta":{"footnotes":""},"categories":[3],"tags":[612,83,2130,23636,5213],"yoast_head":"<!-- This site is optimized with the Yoast SEO plugin v22.2 - https:\/\/yoast.com\/wordpress\/plugins\/seo\/ -->\n<title>Tarifas en Caribe Mexicano est\u00e1n a la alza para &quot;Despegar&quot; - Nitu - Noticias de la Industria Turistica<\/title>\n<meta name=\"robots\" content=\"index, follow, max-snippet:-1, max-image-preview:large, max-video-preview:-1\" \/>\n<link rel=\"canonical\" href=\"https:\/\/nitu.mx\/index.php\/2022\/10\/21\/tarifas-en-caribe-mexicano-estan-a-la-alza-para-despegar\/\" \/>\n<meta name=\"twitter:card\" content=\"summary_large_image\" \/>\n<meta name=\"twitter:title\" content=\"Tarifas en Caribe Mexicano est\u00e1n a la alza para &quot;Despegar&quot; - Nitu - Noticias de la Industria Turistica\" \/>\n<meta name=\"twitter:description\" content=\"A pesar del crecimiento de casi 15 mil cuartos en 2021, el Caribe Mexicano est\u00e1 logrando en este momento tarifas a la alza lo que habla bien del destino, asegur\u00f3 Mat\u00edas Zelaschi, VP Commercial Non Air Partners &amp; Media de Grupo Despegar en el marco del Canc\u00fan Travel Mart que reci\u00e9n termin\u00f3. En platica con [&hellip;]\" \/>\n<meta name=\"twitter:image\" content=\"https:\/\/nitu.mx\/wp-content\/uploads\/2022\/10\/EC0D11DE-8FDA-4CEF-8C6C-FD653E9E04E4.jpeg\" \/>\n<meta name=\"twitter:creator\" content=\"@Arturo_Medina_G\" \/>\n<meta name=\"twitter:site\" content=\"@Arturo_Medina_G\" \/>\n<meta name=\"twitter:label1\" content=\"Escrito por\" \/>\n\t<meta name=\"twitter:data1\" content=\"Arturo Medina\" \/>\n\t<meta name=\"twitter:label2\" content=\"Tiempo de lectura\" \/>\n\t<meta name=\"twitter:data2\" content=\"2 minutos\" \/>\n<script type=\"application\/ld+json\" class=\"yoast-schema-graph\">{\"@context\":\"https:\/\/schema.org\",\"@graph\":[{\"@type\":\"Article\",\"@id\":\"https:\/\/nitu.mx\/index.php\/2022\/10\/21\/tarifas-en-caribe-mexicano-estan-a-la-alza-para-despegar\/#article\",\"isPartOf\":{\"@id\":\"https:\/\/nitu.mx\/index.php\/2022\/10\/21\/tarifas-en-caribe-mexicano-estan-a-la-alza-para-despegar\/\"},\"author\":{\"name\":\"Arturo Medina\",\"@id\":\"https:\/\/nitu.mx\/#\/schema\/person\/ae7a53426417292d3dd07b45a33e01bc\"},\"headline\":\"Tarifas en Caribe Mexicano est\u00e1n a la alza para &#8220;Despegar&#8221;\",\"datePublished\":\"2022-10-21T05:11:59+00:00\",\"dateModified\":\"2022-10-21T05:18:33+00:00\",\"mainEntityOfPage\":{\"@id\":\"https:\/\/nitu.mx\/index.php\/2022\/10\/21\/tarifas-en-caribe-mexicano-estan-a-la-alza-para-despegar\/\"},\"wordCount\":392,\"commentCount\":0,\"publisher\":{\"@id\":\"https:\/\/nitu.mx\/#\/schema\/person\/ae7a53426417292d3dd07b45a33e01bc\"},\"image\":{\"@id\":\"https:\/\/nitu.mx\/index.php\/2022\/10\/21\/tarifas-en-caribe-mexicano-estan-a-la-alza-para-despegar\/#primaryimage\"},\"thumbnailUrl\":\"https:\/\/nitu.mx\/wp-content\/uploads\/2022\/10\/EC0D11DE-8FDA-4CEF-8C6C-FD653E9E04E4.jpeg\",\"keywords\":[\"Bestday\",\"Caribe mexicano\",\"Despegar\",\"Mat\u00edas Zelaschi\",\"Tarifas\"],\"articleSection\":[\"Agencias de Viajes\"],\"inLanguage\":\"es-MX\",\"potentialAction\":[{\"@type\":\"CommentAction\",\"name\":\"Comment\",\"target\":[\"https:\/\/nitu.mx\/index.php\/2022\/10\/21\/tarifas-en-caribe-mexicano-estan-a-la-alza-para-despegar\/#respond\"]}]},{\"@type\":\"WebPage\",\"@id\":\"https:\/\/nitu.mx\/index.php\/2022\/10\/21\/tarifas-en-caribe-mexicano-estan-a-la-alza-para-despegar\/\",\"url\":\"https:\/\/nitu.mx\/index.php\/2022\/10\/21\/tarifas-en-caribe-mexicano-estan-a-la-alza-para-despegar\/\",\"name\":\"Tarifas en Caribe Mexicano est\u00e1n a la alza para \\\"Despegar\\\" - Nitu - Noticias de la Industria Turistica\",\"isPartOf\":{\"@id\":\"https:\/\/nitu.mx\/#website\"},\"primaryImageOfPage\":{\"@id\":\"https:\/\/nitu.mx\/index.php\/2022\/10\/21\/tarifas-en-caribe-mexicano-estan-a-la-alza-para-despegar\/#primaryimage\"},\"image\":{\"@id\":\"https:\/\/nitu.mx\/index.php\/2022\/10\/21\/tarifas-en-caribe-mexicano-estan-a-la-alza-para-despegar\/#primaryimage\"},\"thumbnailUrl\":\"https:\/\/nitu.mx\/wp-content\/uploads\/2022\/10\/EC0D11DE-8FDA-4CEF-8C6C-FD653E9E04E4.jpeg\",\"datePublished\":\"2022-10-21T05:11:59+00:00\",\"dateModified\":\"2022-10-21T05:18:33+00:00\",\"breadcrumb\":{\"@id\":\"https:\/\/nitu.mx\/index.php\/2022\/10\/21\/tarifas-en-caribe-mexicano-estan-a-la-alza-para-despegar\/#breadcrumb\"},\"inLanguage\":\"es-MX\",\"potentialAction\":[{\"@type\":\"ReadAction\",\"target\":[\"https:\/\/nitu.mx\/index.php\/2022\/10\/21\/tarifas-en-caribe-mexicano-estan-a-la-alza-para-despegar\/\"]}]},{\"@type\":\"ImageObject\",\"inLanguage\":\"es-MX\",\"@id\":\"https:\/\/nitu.mx\/index.php\/2022\/10\/21\/tarifas-en-caribe-mexicano-estan-a-la-alza-para-despegar\/#primaryimage\",\"url\":\"https:\/\/nitu.mx\/wp-content\/uploads\/2022\/10\/EC0D11DE-8FDA-4CEF-8C6C-FD653E9E04E4.jpeg\",\"contentUrl\":\"https:\/\/nitu.mx\/wp-content\/uploads\/2022\/10\/EC0D11DE-8FDA-4CEF-8C6C-FD653E9E04E4.jpeg\",\"width\":4032,\"height\":3024},{\"@type\":\"BreadcrumbList\",\"@id\":\"https:\/\/nitu.mx\/index.php\/2022\/10\/21\/tarifas-en-caribe-mexicano-estan-a-la-alza-para-despegar\/#breadcrumb\",\"itemListElement\":[{\"@type\":\"ListItem\",\"position\":1,\"name\":\"Inicio\",\"item\":\"https:\/\/nitu.mx\/\"},{\"@type\":\"ListItem\",\"position\":2,\"name\":\"Tarifas en Caribe Mexicano est\u00e1n a la alza para &#8220;Despegar&#8221;\"}]},{\"@type\":\"WebSite\",\"@id\":\"https:\/\/nitu.mx\/#website\",\"url\":\"https:\/\/nitu.mx\/\",\"name\":\"Nitu - Noticias de la Industria Turistica\",\"description\":\"Noticias de la Industria Turistica\",\"publisher\":{\"@id\":\"https:\/\/nitu.mx\/#\/schema\/person\/ae7a53426417292d3dd07b45a33e01bc\"},\"alternateName\":\"Noticias de la Industria Turistica\",\"potentialAction\":[{\"@type\":\"SearchAction\",\"target\":{\"@type\":\"EntryPoint\",\"urlTemplate\":\"https:\/\/nitu.mx\/?s={search_term_string}\"},\"query-input\":\"required name=search_term_string\"}],\"inLanguage\":\"es-MX\"},{\"@type\":[\"Person\",\"Organization\"],\"@id\":\"https:\/\/nitu.mx\/#\/schema\/person\/ae7a53426417292d3dd07b45a33e01bc\",\"name\":\"Arturo Medina\",\"image\":{\"@type\":\"ImageObject\",\"inLanguage\":\"es-MX\",\"@id\":\"https:\/\/nitu.mx\/#\/schema\/person\/image\/\",\"url\":\"https:\/\/nitu.mx\/wp-content\/uploads\/2024\/04\/4A315622-1904-4D5C-B022-878CDC840E04-90x90-1.jpeg\",\"contentUrl\":\"https:\/\/nitu.mx\/wp-content\/uploads\/2024\/04\/4A315622-1904-4D5C-B022-878CDC840E04-90x90-1.jpeg\",\"width\":90,\"height\":90,\"caption\":\"Arturo Medina\"},\"logo\":{\"@id\":\"https:\/\/nitu.mx\/#\/schema\/person\/image\/\"},\"description\":\"Director NITU.mx, Egresado de la Escuela de Periodismo Carlos Septi\u00e9n Garc\u00eda. Periodista y analista especializado en turismo desde hace 35 a\u00f1os, radicado en Canc\u00fan Q.Roo. arturo@nitu.mx\",\"sameAs\":[\"https:\/\/nitu.mx\",\"https:\/\/www.facebook.com\/NITUmx\/\",\"medinacancun\",\"https:\/\/twitter.com\/@Arturo_Medina_G\"],\"url\":\"https:\/\/nitu.mx\/index.php\/author\/arturo-medina\/\"}]}<\/script>\n<!-- \/ Yoast SEO plugin. -->","yoast_head_json":{"title":"Tarifas en Caribe Mexicano est\u00e1n a la alza para \"Despegar\" - Nitu - Noticias de la Industria Turistica","robots":{"index":"index","follow":"follow","max-snippet":"max-snippet:-1","max-image-preview":"max-image-preview:large","max-video-preview":"max-video-preview:-1"},"canonical":"https:\/\/nitu.mx\/index.php\/2022\/10\/21\/tarifas-en-caribe-mexicano-estan-a-la-alza-para-despegar\/","twitter_card":"summary_large_image","twitter_title":"Tarifas en Caribe Mexicano est\u00e1n a la alza para \"Despegar\" - Nitu - Noticias de la Industria Turistica","twitter_description":"A pesar del crecimiento de casi 15 mil cuartos en 2021, el Caribe Mexicano est\u00e1 logrando en este momento tarifas a la alza lo que habla bien del destino, asegur\u00f3 Mat\u00edas Zelaschi, VP Commercial Non Air Partners &amp; Media de Grupo Despegar en el marco del Canc\u00fan Travel Mart que reci\u00e9n termin\u00f3. En platica con [&hellip;]","twitter_image":"https:\/\/nitu.mx\/wp-content\/uploads\/2022\/10\/EC0D11DE-8FDA-4CEF-8C6C-FD653E9E04E4.jpeg","twitter_creator":"@Arturo_Medina_G","twitter_site":"@Arturo_Medina_G","twitter_misc":{"Escrito por":"Arturo Medina","Tiempo de lectura":"2 minutos"},"schema":{"@context":"https:\/\/schema.org","@graph":[{"@type":"Article","@id":"https:\/\/nitu.mx\/index.php\/2022\/10\/21\/tarifas-en-caribe-mexicano-estan-a-la-alza-para-despegar\/#article","isPartOf":{"@id":"https:\/\/nitu.mx\/index.php\/2022\/10\/21\/tarifas-en-caribe-mexicano-estan-a-la-alza-para-despegar\/"},"author":{"name":"Arturo Medina","@id":"https:\/\/nitu.mx\/#\/schema\/person\/ae7a53426417292d3dd07b45a33e01bc"},"headline":"Tarifas en Caribe Mexicano est\u00e1n a la alza para &#8220;Despegar&#8221;","datePublished":"2022-10-21T05:11:59+00:00","dateModified":"2022-10-21T05:18:33+00:00","mainEntityOfPage":{"@id":"https:\/\/nitu.mx\/index.php\/2022\/10\/21\/tarifas-en-caribe-mexicano-estan-a-la-alza-para-despegar\/"},"wordCount":392,"commentCount":0,"publisher":{"@id":"https:\/\/nitu.mx\/#\/schema\/person\/ae7a53426417292d3dd07b45a33e01bc"},"image":{"@id":"https:\/\/nitu.mx\/index.php\/2022\/10\/21\/tarifas-en-caribe-mexicano-estan-a-la-alza-para-despegar\/#primaryimage"},"thumbnailUrl":"https:\/\/nitu.mx\/wp-content\/uploads\/2022\/10\/EC0D11DE-8FDA-4CEF-8C6C-FD653E9E04E4.jpeg","keywords":["Bestday","Caribe mexicano","Despegar","Mat\u00edas Zelaschi","Tarifas"],"articleSection":["Agencias de Viajes"],"inLanguage":"es-MX","potentialAction":[{"@type":"CommentAction","name":"Comment","target":["https:\/\/nitu.mx\/index.php\/2022\/10\/21\/tarifas-en-caribe-mexicano-estan-a-la-alza-para-despegar\/#respond"]}]},{"@type":"WebPage","@id":"https:\/\/nitu.mx\/index.php\/2022\/10\/21\/tarifas-en-caribe-mexicano-estan-a-la-alza-para-despegar\/","url":"https:\/\/nitu.mx\/index.php\/2022\/10\/21\/tarifas-en-caribe-mexicano-estan-a-la-alza-para-despegar\/","name":"Tarifas en Caribe Mexicano est\u00e1n a la alza para \"Despegar\" - Nitu - Noticias de la Industria Turistica","isPartOf":{"@id":"https:\/\/nitu.mx\/#website"},"primaryImageOfPage":{"@id":"https:\/\/nitu.mx\/index.php\/2022\/10\/21\/tarifas-en-caribe-mexicano-estan-a-la-alza-para-despegar\/#primaryimage"},"image":{"@id":"https:\/\/nitu.mx\/index.php\/2022\/10\/21\/tarifas-en-caribe-mexicano-estan-a-la-alza-para-despegar\/#primaryimage"},"thumbnailUrl":"https:\/\/nitu.mx\/wp-content\/uploads\/2022\/10\/EC0D11DE-8FDA-4CEF-8C6C-FD653E9E04E4.jpeg","datePublished":"2022-10-21T05:11:59+00:00","dateModified":"2022-10-21T05:18:33+00:00","breadcrumb":{"@id":"https:\/\/nitu.mx\/index.php\/2022\/10\/21\/tarifas-en-caribe-mexicano-estan-a-la-alza-para-despegar\/#breadcrumb"},"inLanguage":"es-MX","potentialAction":[{"@type":"ReadAction","target":["https:\/\/nitu.mx\/index.php\/2022\/10\/21\/tarifas-en-caribe-mexicano-estan-a-la-alza-para-despegar\/"]}]},{"@type":"ImageObject","inLanguage":"es-MX","@id":"https:\/\/nitu.mx\/index.php\/2022\/10\/21\/tarifas-en-caribe-mexicano-estan-a-la-alza-para-despegar\/#primaryimage","url":"https:\/\/nitu.mx\/wp-content\/uploads\/2022\/10\/EC0D11DE-8FDA-4CEF-8C6C-FD653E9E04E4.jpeg","contentUrl":"https:\/\/nitu.mx\/wp-content\/uploads\/2022\/10\/EC0D11DE-8FDA-4CEF-8C6C-FD653E9E04E4.jpeg","width":4032,"height":3024},{"@type":"BreadcrumbList","@id":"https:\/\/nitu.mx\/index.php\/2022\/10\/21\/tarifas-en-caribe-mexicano-estan-a-la-alza-para-despegar\/#breadcrumb","itemListElement":[{"@type":"ListItem","position":1,"name":"Inicio","item":"https:\/\/nitu.mx\/"},{"@type":"ListItem","position":2,"name":"Tarifas en Caribe Mexicano est\u00e1n a la alza para &#8220;Despegar&#8221;"}]},{"@type":"WebSite","@id":"https:\/\/nitu.mx\/#website","url":"https:\/\/nitu.mx\/","name":"Nitu - Noticias de la Industria Turistica","description":"Noticias de la Industria Turistica","publisher":{"@id":"https:\/\/nitu.mx\/#\/schema\/person\/ae7a53426417292d3dd07b45a33e01bc"},"alternateName":"Noticias de la Industria Turistica","potentialAction":[{"@type":"SearchAction","target":{"@type":"EntryPoint","urlTemplate":"https:\/\/nitu.mx\/?s={search_term_string}"},"query-input":"required name=search_term_string"}],"inLanguage":"es-MX"},{"@type":["Person","Organization"],"@id":"https:\/\/nitu.mx\/#\/schema\/person\/ae7a53426417292d3dd07b45a33e01bc","name":"Arturo Medina","image":{"@type":"ImageObject","inLanguage":"es-MX","@id":"https:\/\/nitu.mx\/#\/schema\/person\/image\/","url":"https:\/\/nitu.mx\/wp-content\/uploads\/2024\/04\/4A315622-1904-4D5C-B022-878CDC840E04-90x90-1.jpeg","contentUrl":"https:\/\/nitu.mx\/wp-content\/uploads\/2024\/04\/4A315622-1904-4D5C-B022-878CDC840E04-90x90-1.jpeg","width":90,"height":90,"caption":"Arturo Medina"},"logo":{"@id":"https:\/\/nitu.mx\/#\/schema\/person\/image\/"},"description":"Director NITU.mx, Egresado de la Escuela de Periodismo Carlos Septi\u00e9n Garc\u00eda. Periodista y analista especializado en turismo desde hace 35 a\u00f1os, radicado en Canc\u00fan Q.Roo. arturo@nitu.mx","sameAs":["https:\/\/nitu.mx","https:\/\/www.facebook.com\/NITUmx\/","medinacancun","https:\/\/twitter.com\/@Arturo_Medina_G"],"url":"https:\/\/nitu.mx\/index.php\/author\/arturo-medina\/"}]}},"views":406,"_links":{"self":[{"href":"https:\/\/nitu.mx\/index.php\/wp-json\/wp\/v2\/posts\/61899"}],"collection":[{"href":"https:\/\/nitu.mx\/index.php\/wp-json\/wp\/v2\/posts"}],"about":[{"href":"https:\/\/nitu.mx\/index.php\/wp-json\/wp\/v2\/types\/post"}],"author":[{"embeddable":true,"href":"https:\/\/nitu.mx\/index.php\/wp-json\/wp\/v2\/users\/2"}],"replies":[{"embeddable":true,"href":"https:\/\/nitu.mx\/index.php\/wp-json\/wp\/v2\/comments?post=61899"}],"version-history":[{"count":3,"href":"https:\/\/nitu.mx\/index.php\/wp-json\/wp\/v2\/posts\/61899\/revisions"}],"predecessor-version":[{"id":61913,"href":"https:\/\/nitu.mx\/index.php\/wp-json\/wp\/v2\/posts\/61899\/revisions\/61913"}],"wp:featuredmedia":[{"embeddable":true,"href":"https:\/\/nitu.mx\/index.php\/wp-json\/wp\/v2\/media\/61908"}],"wp:attachment":[{"href":"https:\/\/nitu.mx\/index.php\/wp-json\/wp\/v2\/media?parent=61899"}],"wp:term":[{"taxonomy":"category","embeddable":true,"href":"https:\/\/nitu.mx\/index.php\/wp-json\/wp\/v2\/categories?post=61899"},{"taxonomy":"post_tag","embeddable":true,"href":"https:\/\/nitu.mx\/index.php\/wp-json\/wp\/v2\/tags?post=61899"}],"curies":[{"name":"wp","href":"https:\/\/api.w.org\/{rel}","templated":true}]}}