{"id":61885,"date":"2022-10-19T23:53:34","date_gmt":"2022-10-20T04:53:34","guid":{"rendered":"https:\/\/www.dev.nitu.mx\/?p=61885"},"modified":"2022-10-20T00:15:19","modified_gmt":"2022-10-20T05:15:19","slug":"los-cabos-atrae-la-atencion-de-6-aerolineas-para-volar-en-2024","status":"publish","type":"post","link":"https:\/\/nitu.mx\/index.php\/2022\/10\/19\/los-cabos-atrae-la-atencion-de-6-aerolineas-para-volar-en-2024\/","title":{"rendered":"Los Cabos atrae la atenci\u00f3n de 6 aerol\u00edneas para volar en 2024"},"content":{"rendered":"<p>Durante su participaci\u00f3n en el Routes World 2022, como el \u00fanico destino mexicano que participar en el encuentro m\u00e1s importante de la industria a\u00e9rea comercial, Los Cabos capt\u00f3 la atenci\u00f3n de seis aerol\u00edneas que est\u00e1n interesadas en conectar con este polo tur\u00edstico en 2024.<\/p>\n<p>Routes World 2022 fue el evento celebrado en Las Vegas, Nevada, del 16 al 18 de octubre; en donde la delegaci\u00f3n encabezada por el Fideicomiso de Turismo de Los Cabos (Fiturca) cont\u00f3 con un stand independiente donde se llevaron a cabo 25 reuniones.<\/p>\n<p>Las aerol\u00edneas con las cuales se tuvo encuentros fueron Copa Airlines, C\u00f3ndor, Viva Aerobus, Volaris, Virgin y Tui, que mostraron inter\u00e9s en Los Cabos para 2024. Adem\u00e1s, se tuvo un acercamiento con Trasant y Lynx, aerol\u00edneas canadienses que buscan iniciar operaciones en el destino en un corto plazo.<\/p>\n<p>En la actualidad, Los Cabos cuenta con 500 rutas semanales operadas por 19 compa\u00f1\u00edas a\u00e9reas que conectan con 44 aeropuertos, lo que ha derivado en el arribo de m\u00e1s de 3 millones de pasajeros nacionales y extranjeros al a\u00f1o.<\/p>\n<p>El evento tuvo como objetivo principal el ampliar la conectividad con las ciudades de la costa Este y motivar los vuelos transoce\u00e1nicos, aprovechando el incremento en la demanda de aviones de mayor capacidad de vuelo, para reactivar o abrir rutas sostenibles al destino en el mediano y largo plazo.<\/p>\n<p>\u201cPor su ubicaci\u00f3n geogr\u00e1fica y oferta tur\u00edstico-comercial, Los Cabos es un destino de gran inter\u00e9s para los viajeros y la industria tur\u00edstica, a la vez que contribuye con el desarrollo econ\u00f3mico en la regi\u00f3n\u201d, se\u00f1al\u00f3 Rodrigo Esponda, director general del Fideicomiso de Turismo de Los Cabos.<\/p>\n<p>\u201cPor ello, Routes World es una gran oportunidad para encaminar los esfuerzos que nos permitan fortalecer nuestra conectividad, impulsar el crecimiento socioecon\u00f3mico y afianzar el posicionamiento del destino en el turismo de lujo y placer\u201d, agreg\u00f3 Esponda.<\/p>\n<p>Durante el evento, Los Cabos fue distinguido como el \u00fanico destino invitado a participar en el foro AIS, organizado por la Asociaci\u00f3n Internacional de Transporte A\u00e9reo (IATA), donde se expuso el \u201cPartnerships that Works: Case Study of Los Cabos Mexico\u201d, una visi\u00f3n sobre la actualidad y oportunidades a\u00e9reas en el destino.<\/p>\n<p>De igual manera, se organizaron seminarios basados en el programa educativo, cuyo enfoque estaba centrado en el desarrollo de rutas a\u00e9reas, pron\u00f3sticos y la nueva configuraci\u00f3n de conectividad durante la recuperaci\u00f3n de la industria.<\/p>\n<p>Cabe destacar que Estados Unidos se mantiene como el principal mercado emisor con el 98% de la participaci\u00f3n y una afluencia de 1.07 millones de viajeros registrados de enero a julio de 2022, con 1.19 millones de asientos programados para los pr\u00f3ximos 6 meses (45.2% m\u00e1s que en 2019).<\/p>\n<p>Canad\u00e1 mantiene el segundo lugar con una participaci\u00f3n del 1.5% de visitantes al destino y una tasa superior del 12% en la reserva de asientos programados para el segundo semestre del a\u00f1o.<\/p>\n<p>En tanto, los visitantes nacionales aumentaron un 37% en comparaci\u00f3n con 2019, de los cuales, el 47.9% (341.9 mil) proviene de la Ciudad de M\u00e9xico, seguido por Guadalajara con 15.3% (109.2 mil) y Tijuana con 18.7% (133.6 mil).<\/p>\n<p>Los Cabos mantiene su compromiso de mantener su posicionamiento como destino l\u00edder que brinda a los visitantes una robusta conectividad a\u00e9rea con las principales ciudades del mundo, aunado a una amplia oferta de experiencias y alojamientos que permiten disfrutar de estancias seguras con los m\u00e1s altos est\u00e1ndares internacionales de calidad en el servicio.\u00a0<a title=\"30 socios de FIPROTUR Los Cabos participan en IMEX America 2022\" href=\"https:\/\/www.dev.nitu.mx\/index.php\/2022\/10\/13\/30-socios-de-fiprotur-los-cabos-participan-en-imex-america-2022\/\" rel=\"bookmark\">(30 socios de FIPROTUR Los Cabos participan en IMEX America 2022<\/a>).<\/p>\n","protected":false},"excerpt":{"rendered":"<p>Durante su participaci\u00f3n en el Routes World 2022, como el \u00fanico destino mexicano que participar en el encuentro m\u00e1s importante de la industria a\u00e9rea comercial, Los Cabos capt\u00f3 la atenci\u00f3n de seis aerol\u00edneas que est\u00e1n interesadas en conectar con este polo tur\u00edstico en 2024. Routes World 2022 fue el evento celebrado en Las Vegas, Nevada, [&hellip;]<\/p>\n","protected":false},"author":17,"featured_media":61887,"comment_status":"open","ping_status":"open","sticky":false,"template":"","format":"standard","meta":{"footnotes":""},"categories":[5],"tags":[23635,3695,1257,130,1028,7935,18687,2102,131],"yoast_head":"<!-- This site is optimized with the Yoast SEO plugin v22.2 - https:\/\/yoast.com\/wordpress\/plugins\/seo\/ -->\n<title>Los Cabos atrae la atenci\u00f3n de 6 aerol\u00edneas para volar en 2024 - Nitu - Noticias de la Industria Turistica<\/title>\n<meta name=\"robots\" content=\"index, follow, max-snippet:-1, max-image-preview:large, max-video-preview:-1\" \/>\n<link rel=\"canonical\" href=\"https:\/\/nitu.mx\/index.php\/2022\/10\/19\/los-cabos-atrae-la-atencion-de-6-aerolineas-para-volar-en-2024\/\" \/>\n<meta name=\"twitter:card\" content=\"summary_large_image\" \/>\n<meta name=\"twitter:title\" content=\"Los Cabos atrae la atenci\u00f3n de 6 aerol\u00edneas para volar en 2024 - Nitu - Noticias de la Industria Turistica\" \/>\n<meta name=\"twitter:description\" content=\"Durante su participaci\u00f3n en el Routes World 2022, como el \u00fanico destino mexicano que participar en el encuentro m\u00e1s importante de la industria a\u00e9rea comercial, Los Cabos capt\u00f3 la atenci\u00f3n de seis aerol\u00edneas que est\u00e1n interesadas en conectar con este polo tur\u00edstico en 2024. Routes World 2022 fue el evento celebrado en Las Vegas, Nevada, [&hellip;]\" \/>\n<meta name=\"twitter:image\" content=\"https:\/\/nitu.mx\/wp-content\/uploads\/2022\/10\/Los-Cabos-Routes-World-2022.jpg\" \/>\n<meta name=\"twitter:creator\" content=\"@NITUmx\" \/>\n<meta name=\"twitter:site\" content=\"@Arturo_Medina_G\" \/>\n<meta name=\"twitter:label1\" content=\"Escrito por\" \/>\n\t<meta name=\"twitter:data1\" content=\"Redacci\u00f3n\" \/>\n\t<meta name=\"twitter:label2\" content=\"Tiempo de lectura\" \/>\n\t<meta name=\"twitter:data2\" content=\"3 minutos\" \/>\n<script type=\"application\/ld+json\" class=\"yoast-schema-graph\">{\"@context\":\"https:\/\/schema.org\",\"@graph\":[{\"@type\":\"Article\",\"@id\":\"https:\/\/nitu.mx\/index.php\/2022\/10\/19\/los-cabos-atrae-la-atencion-de-6-aerolineas-para-volar-en-2024\/#article\",\"isPartOf\":{\"@id\":\"https:\/\/nitu.mx\/index.php\/2022\/10\/19\/los-cabos-atrae-la-atencion-de-6-aerolineas-para-volar-en-2024\/\"},\"author\":{\"name\":\"Redacci\u00f3n\",\"@id\":\"https:\/\/nitu.mx\/#\/schema\/person\/4a28fe9bd65924f7c90623773daf1b0b\"},\"headline\":\"Los Cabos atrae la atenci\u00f3n de 6 aerol\u00edneas para volar en 2024\",\"datePublished\":\"2022-10-20T04:53:34+00:00\",\"dateModified\":\"2022-10-20T05:15:19+00:00\",\"mainEntityOfPage\":{\"@id\":\"https:\/\/nitu.mx\/index.php\/2022\/10\/19\/los-cabos-atrae-la-atencion-de-6-aerolineas-para-volar-en-2024\/\"},\"wordCount\":602,\"commentCount\":0,\"publisher\":{\"@id\":\"https:\/\/nitu.mx\/#\/schema\/person\/ae7a53426417292d3dd07b45a33e01bc\"},\"image\":{\"@id\":\"https:\/\/nitu.mx\/index.php\/2022\/10\/19\/los-cabos-atrae-la-atencion-de-6-aerolineas-para-volar-en-2024\/#primaryimage\"},\"thumbnailUrl\":\"https:\/\/nitu.mx\/wp-content\/uploads\/2022\/10\/Los-Cabos-Routes-World-2022.jpg\",\"keywords\":[\"C\u00f3ndos\",\"conectividad a\u00e9rea\",\"Copa Airlines\",\"Los Cabos\",\"Rodrigo Esponda\",\"Transat\",\"Virgin\",\"Viva Aerobus\",\"Volaris\"],\"articleSection\":[\"Destinos\"],\"inLanguage\":\"es-MX\",\"potentialAction\":[{\"@type\":\"CommentAction\",\"name\":\"Comment\",\"target\":[\"https:\/\/nitu.mx\/index.php\/2022\/10\/19\/los-cabos-atrae-la-atencion-de-6-aerolineas-para-volar-en-2024\/#respond\"]}]},{\"@type\":\"WebPage\",\"@id\":\"https:\/\/nitu.mx\/index.php\/2022\/10\/19\/los-cabos-atrae-la-atencion-de-6-aerolineas-para-volar-en-2024\/\",\"url\":\"https:\/\/nitu.mx\/index.php\/2022\/10\/19\/los-cabos-atrae-la-atencion-de-6-aerolineas-para-volar-en-2024\/\",\"name\":\"Los Cabos atrae la atenci\u00f3n de 6 aerol\u00edneas para volar en 2024 - Nitu - Noticias de la Industria Turistica\",\"isPartOf\":{\"@id\":\"https:\/\/nitu.mx\/#website\"},\"primaryImageOfPage\":{\"@id\":\"https:\/\/nitu.mx\/index.php\/2022\/10\/19\/los-cabos-atrae-la-atencion-de-6-aerolineas-para-volar-en-2024\/#primaryimage\"},\"image\":{\"@id\":\"https:\/\/nitu.mx\/index.php\/2022\/10\/19\/los-cabos-atrae-la-atencion-de-6-aerolineas-para-volar-en-2024\/#primaryimage\"},\"thumbnailUrl\":\"https:\/\/nitu.mx\/wp-content\/uploads\/2022\/10\/Los-Cabos-Routes-World-2022.jpg\",\"datePublished\":\"2022-10-20T04:53:34+00:00\",\"dateModified\":\"2022-10-20T05:15:19+00:00\",\"breadcrumb\":{\"@id\":\"https:\/\/nitu.mx\/index.php\/2022\/10\/19\/los-cabos-atrae-la-atencion-de-6-aerolineas-para-volar-en-2024\/#breadcrumb\"},\"inLanguage\":\"es-MX\",\"potentialAction\":[{\"@type\":\"ReadAction\",\"target\":[\"https:\/\/nitu.mx\/index.php\/2022\/10\/19\/los-cabos-atrae-la-atencion-de-6-aerolineas-para-volar-en-2024\/\"]}]},{\"@type\":\"ImageObject\",\"inLanguage\":\"es-MX\",\"@id\":\"https:\/\/nitu.mx\/index.php\/2022\/10\/19\/los-cabos-atrae-la-atencion-de-6-aerolineas-para-volar-en-2024\/#primaryimage\",\"url\":\"https:\/\/nitu.mx\/wp-content\/uploads\/2022\/10\/Los-Cabos-Routes-World-2022.jpg\",\"contentUrl\":\"https:\/\/nitu.mx\/wp-content\/uploads\/2022\/10\/Los-Cabos-Routes-World-2022.jpg\",\"width\":1200,\"height\":675,\"caption\":\"Los Cabos\"},{\"@type\":\"BreadcrumbList\",\"@id\":\"https:\/\/nitu.mx\/index.php\/2022\/10\/19\/los-cabos-atrae-la-atencion-de-6-aerolineas-para-volar-en-2024\/#breadcrumb\",\"itemListElement\":[{\"@type\":\"ListItem\",\"position\":1,\"name\":\"Inicio\",\"item\":\"https:\/\/nitu.mx\/\"},{\"@type\":\"ListItem\",\"position\":2,\"name\":\"Los Cabos atrae la atenci\u00f3n de 6 aerol\u00edneas para volar en 2024\"}]},{\"@type\":\"WebSite\",\"@id\":\"https:\/\/nitu.mx\/#website\",\"url\":\"https:\/\/nitu.mx\/\",\"name\":\"Nitu - Noticias de la Industria Turistica\",\"description\":\"Noticias de la Industria Turistica\",\"publisher\":{\"@id\":\"https:\/\/nitu.mx\/#\/schema\/person\/ae7a53426417292d3dd07b45a33e01bc\"},\"alternateName\":\"Noticias de la Industria Turistica\",\"potentialAction\":[{\"@type\":\"SearchAction\",\"target\":{\"@type\":\"EntryPoint\",\"urlTemplate\":\"https:\/\/nitu.mx\/?s={search_term_string}\"},\"query-input\":\"required name=search_term_string\"}],\"inLanguage\":\"es-MX\"},{\"@type\":[\"Person\",\"Organization\"],\"@id\":\"https:\/\/nitu.mx\/#\/schema\/person\/ae7a53426417292d3dd07b45a33e01bc\",\"name\":\"Arturo Medina\",\"image\":{\"@type\":\"ImageObject\",\"inLanguage\":\"es-MX\",\"@id\":\"https:\/\/nitu.mx\/#\/schema\/person\/image\/\",\"url\":\"https:\/\/nitu.mx\/wp-content\/uploads\/2024\/04\/4A315622-1904-4D5C-B022-878CDC840E04-90x90-1.jpeg\",\"contentUrl\":\"https:\/\/nitu.mx\/wp-content\/uploads\/2024\/04\/4A315622-1904-4D5C-B022-878CDC840E04-90x90-1.jpeg\",\"width\":90,\"height\":90,\"caption\":\"Arturo Medina\"},\"logo\":{\"@id\":\"https:\/\/nitu.mx\/#\/schema\/person\/image\/\"},\"description\":\"Director NITU.mx, Egresado de la Escuela de Periodismo Carlos Septi\u00e9n Garc\u00eda. Periodista y analista especializado en turismo desde hace 35 a\u00f1os, radicado en Canc\u00fan Q.Roo. arturo@nitu.mx\",\"sameAs\":[\"https:\/\/nitu.mx\",\"https:\/\/www.facebook.com\/NITUmx\/\",\"medinacancun\",\"https:\/\/twitter.com\/@Arturo_Medina_G\"]},{\"@type\":\"Person\",\"@id\":\"https:\/\/nitu.mx\/#\/schema\/person\/4a28fe9bd65924f7c90623773daf1b0b\",\"name\":\"Redacci\u00f3n\",\"image\":{\"@type\":\"ImageObject\",\"inLanguage\":\"es-MX\",\"@id\":\"https:\/\/nitu.mx\/#\/schema\/person\/image\/\",\"url\":\"https:\/\/secure.gravatar.com\/avatar\/5dd011c8ccfc5cd7e4c81e42252aab38?s=96&d=mm&r=g\",\"contentUrl\":\"https:\/\/secure.gravatar.com\/avatar\/5dd011c8ccfc5cd7e4c81e42252aab38?s=96&d=mm&r=g\",\"caption\":\"Redacci\u00f3n\"},\"url\":\"https:\/\/nitu.mx\/index.php\/author\/redaccion\/\"}]}<\/script>\n<!-- \/ Yoast SEO plugin. -->","yoast_head_json":{"title":"Los Cabos atrae la atenci\u00f3n de 6 aerol\u00edneas para volar en 2024 - Nitu - Noticias de la Industria Turistica","robots":{"index":"index","follow":"follow","max-snippet":"max-snippet:-1","max-image-preview":"max-image-preview:large","max-video-preview":"max-video-preview:-1"},"canonical":"https:\/\/nitu.mx\/index.php\/2022\/10\/19\/los-cabos-atrae-la-atencion-de-6-aerolineas-para-volar-en-2024\/","twitter_card":"summary_large_image","twitter_title":"Los Cabos atrae la atenci\u00f3n de 6 aerol\u00edneas para volar en 2024 - Nitu - Noticias de la Industria Turistica","twitter_description":"Durante su participaci\u00f3n en el Routes World 2022, como el \u00fanico destino mexicano que participar en el encuentro m\u00e1s importante de la industria a\u00e9rea comercial, Los Cabos capt\u00f3 la atenci\u00f3n de seis aerol\u00edneas que est\u00e1n interesadas en conectar con este polo tur\u00edstico en 2024. Routes World 2022 fue el evento celebrado en Las Vegas, Nevada, [&hellip;]","twitter_image":"https:\/\/nitu.mx\/wp-content\/uploads\/2022\/10\/Los-Cabos-Routes-World-2022.jpg","twitter_creator":"@NITUmx","twitter_site":"@Arturo_Medina_G","twitter_misc":{"Escrito por":"Redacci\u00f3n","Tiempo de lectura":"3 minutos"},"schema":{"@context":"https:\/\/schema.org","@graph":[{"@type":"Article","@id":"https:\/\/nitu.mx\/index.php\/2022\/10\/19\/los-cabos-atrae-la-atencion-de-6-aerolineas-para-volar-en-2024\/#article","isPartOf":{"@id":"https:\/\/nitu.mx\/index.php\/2022\/10\/19\/los-cabos-atrae-la-atencion-de-6-aerolineas-para-volar-en-2024\/"},"author":{"name":"Redacci\u00f3n","@id":"https:\/\/nitu.mx\/#\/schema\/person\/4a28fe9bd65924f7c90623773daf1b0b"},"headline":"Los Cabos atrae la atenci\u00f3n de 6 aerol\u00edneas para volar en 2024","datePublished":"2022-10-20T04:53:34+00:00","dateModified":"2022-10-20T05:15:19+00:00","mainEntityOfPage":{"@id":"https:\/\/nitu.mx\/index.php\/2022\/10\/19\/los-cabos-atrae-la-atencion-de-6-aerolineas-para-volar-en-2024\/"},"wordCount":602,"commentCount":0,"publisher":{"@id":"https:\/\/nitu.mx\/#\/schema\/person\/ae7a53426417292d3dd07b45a33e01bc"},"image":{"@id":"https:\/\/nitu.mx\/index.php\/2022\/10\/19\/los-cabos-atrae-la-atencion-de-6-aerolineas-para-volar-en-2024\/#primaryimage"},"thumbnailUrl":"https:\/\/nitu.mx\/wp-content\/uploads\/2022\/10\/Los-Cabos-Routes-World-2022.jpg","keywords":["C\u00f3ndos","conectividad a\u00e9rea","Copa Airlines","Los Cabos","Rodrigo Esponda","Transat","Virgin","Viva Aerobus","Volaris"],"articleSection":["Destinos"],"inLanguage":"es-MX","potentialAction":[{"@type":"CommentAction","name":"Comment","target":["https:\/\/nitu.mx\/index.php\/2022\/10\/19\/los-cabos-atrae-la-atencion-de-6-aerolineas-para-volar-en-2024\/#respond"]}]},{"@type":"WebPage","@id":"https:\/\/nitu.mx\/index.php\/2022\/10\/19\/los-cabos-atrae-la-atencion-de-6-aerolineas-para-volar-en-2024\/","url":"https:\/\/nitu.mx\/index.php\/2022\/10\/19\/los-cabos-atrae-la-atencion-de-6-aerolineas-para-volar-en-2024\/","name":"Los Cabos atrae la atenci\u00f3n de 6 aerol\u00edneas para volar en 2024 - Nitu - Noticias de la Industria Turistica","isPartOf":{"@id":"https:\/\/nitu.mx\/#website"},"primaryImageOfPage":{"@id":"https:\/\/nitu.mx\/index.php\/2022\/10\/19\/los-cabos-atrae-la-atencion-de-6-aerolineas-para-volar-en-2024\/#primaryimage"},"image":{"@id":"https:\/\/nitu.mx\/index.php\/2022\/10\/19\/los-cabos-atrae-la-atencion-de-6-aerolineas-para-volar-en-2024\/#primaryimage"},"thumbnailUrl":"https:\/\/nitu.mx\/wp-content\/uploads\/2022\/10\/Los-Cabos-Routes-World-2022.jpg","datePublished":"2022-10-20T04:53:34+00:00","dateModified":"2022-10-20T05:15:19+00:00","breadcrumb":{"@id":"https:\/\/nitu.mx\/index.php\/2022\/10\/19\/los-cabos-atrae-la-atencion-de-6-aerolineas-para-volar-en-2024\/#breadcrumb"},"inLanguage":"es-MX","potentialAction":[{"@type":"ReadAction","target":["https:\/\/nitu.mx\/index.php\/2022\/10\/19\/los-cabos-atrae-la-atencion-de-6-aerolineas-para-volar-en-2024\/"]}]},{"@type":"ImageObject","inLanguage":"es-MX","@id":"https:\/\/nitu.mx\/index.php\/2022\/10\/19\/los-cabos-atrae-la-atencion-de-6-aerolineas-para-volar-en-2024\/#primaryimage","url":"https:\/\/nitu.mx\/wp-content\/uploads\/2022\/10\/Los-Cabos-Routes-World-2022.jpg","contentUrl":"https:\/\/nitu.mx\/wp-content\/uploads\/2022\/10\/Los-Cabos-Routes-World-2022.jpg","width":1200,"height":675,"caption":"Los Cabos"},{"@type":"BreadcrumbList","@id":"https:\/\/nitu.mx\/index.php\/2022\/10\/19\/los-cabos-atrae-la-atencion-de-6-aerolineas-para-volar-en-2024\/#breadcrumb","itemListElement":[{"@type":"ListItem","position":1,"name":"Inicio","item":"https:\/\/nitu.mx\/"},{"@type":"ListItem","position":2,"name":"Los Cabos atrae la atenci\u00f3n de 6 aerol\u00edneas para volar en 2024"}]},{"@type":"WebSite","@id":"https:\/\/nitu.mx\/#website","url":"https:\/\/nitu.mx\/","name":"Nitu - Noticias de la Industria Turistica","description":"Noticias de la Industria Turistica","publisher":{"@id":"https:\/\/nitu.mx\/#\/schema\/person\/ae7a53426417292d3dd07b45a33e01bc"},"alternateName":"Noticias de la Industria Turistica","potentialAction":[{"@type":"SearchAction","target":{"@type":"EntryPoint","urlTemplate":"https:\/\/nitu.mx\/?s={search_term_string}"},"query-input":"required name=search_term_string"}],"inLanguage":"es-MX"},{"@type":["Person","Organization"],"@id":"https:\/\/nitu.mx\/#\/schema\/person\/ae7a53426417292d3dd07b45a33e01bc","name":"Arturo Medina","image":{"@type":"ImageObject","inLanguage":"es-MX","@id":"https:\/\/nitu.mx\/#\/schema\/person\/image\/","url":"https:\/\/nitu.mx\/wp-content\/uploads\/2024\/04\/4A315622-1904-4D5C-B022-878CDC840E04-90x90-1.jpeg","contentUrl":"https:\/\/nitu.mx\/wp-content\/uploads\/2024\/04\/4A315622-1904-4D5C-B022-878CDC840E04-90x90-1.jpeg","width":90,"height":90,"caption":"Arturo Medina"},"logo":{"@id":"https:\/\/nitu.mx\/#\/schema\/person\/image\/"},"description":"Director NITU.mx, Egresado de la Escuela de Periodismo Carlos Septi\u00e9n Garc\u00eda. Periodista y analista especializado en turismo desde hace 35 a\u00f1os, radicado en Canc\u00fan Q.Roo. arturo@nitu.mx","sameAs":["https:\/\/nitu.mx","https:\/\/www.facebook.com\/NITUmx\/","medinacancun","https:\/\/twitter.com\/@Arturo_Medina_G"]},{"@type":"Person","@id":"https:\/\/nitu.mx\/#\/schema\/person\/4a28fe9bd65924f7c90623773daf1b0b","name":"Redacci\u00f3n","image":{"@type":"ImageObject","inLanguage":"es-MX","@id":"https:\/\/nitu.mx\/#\/schema\/person\/image\/","url":"https:\/\/secure.gravatar.com\/avatar\/5dd011c8ccfc5cd7e4c81e42252aab38?s=96&d=mm&r=g","contentUrl":"https:\/\/secure.gravatar.com\/avatar\/5dd011c8ccfc5cd7e4c81e42252aab38?s=96&d=mm&r=g","caption":"Redacci\u00f3n"},"url":"https:\/\/nitu.mx\/index.php\/author\/redaccion\/"}]}},"views":399,"_links":{"self":[{"href":"https:\/\/nitu.mx\/index.php\/wp-json\/wp\/v2\/posts\/61885"}],"collection":[{"href":"https:\/\/nitu.mx\/index.php\/wp-json\/wp\/v2\/posts"}],"about":[{"href":"https:\/\/nitu.mx\/index.php\/wp-json\/wp\/v2\/types\/post"}],"author":[{"embeddable":true,"href":"https:\/\/nitu.mx\/index.php\/wp-json\/wp\/v2\/users\/17"}],"replies":[{"embeddable":true,"href":"https:\/\/nitu.mx\/index.php\/wp-json\/wp\/v2\/comments?post=61885"}],"version-history":[{"count":2,"href":"https:\/\/nitu.mx\/index.php\/wp-json\/wp\/v2\/posts\/61885\/revisions"}],"predecessor-version":[{"id":61888,"href":"https:\/\/nitu.mx\/index.php\/wp-json\/wp\/v2\/posts\/61885\/revisions\/61888"}],"wp:featuredmedia":[{"embeddable":true,"href":"https:\/\/nitu.mx\/index.php\/wp-json\/wp\/v2\/media\/61887"}],"wp:attachment":[{"href":"https:\/\/nitu.mx\/index.php\/wp-json\/wp\/v2\/media?parent=61885"}],"wp:term":[{"taxonomy":"category","embeddable":true,"href":"https:\/\/nitu.mx\/index.php\/wp-json\/wp\/v2\/categories?post=61885"},{"taxonomy":"post_tag","embeddable":true,"href":"https:\/\/nitu.mx\/index.php\/wp-json\/wp\/v2\/tags?post=61885"}],"curies":[{"name":"wp","href":"https:\/\/api.w.org\/{rel}","templated":true}]}}