{"id":61877,"date":"2022-10-20T00:14:25","date_gmt":"2022-10-20T05:14:25","guid":{"rendered":"https:\/\/www.dev.nitu.mx\/?p=61877"},"modified":"2022-10-20T00:21:43","modified_gmt":"2022-10-20T05:21:43","slug":"acerca-cancun-travel-mart-a-hoteleros-y-cptq","status":"publish","type":"post","link":"https:\/\/nitu.mx\/index.php\/2022\/10\/20\/acerca-cancun-travel-mart-a-hoteleros-y-cptq\/","title":{"rendered":"Acerca Canc\u00fan Travel Mart a hoteleros y CPTQ"},"content":{"rendered":"<p>El Consejo de Promoci\u00f3n Tur\u00edstica de Quintana Roo (CPTQ) particip\u00f3 haciendo sinergia con las asociaciones de hoteles de Quintana Roo, en la edici\u00f3n 34 del Canc\u00fan Travel Mart, del 16 al 18 de octubre en el hotel Iberostar en Canc\u00fan.<\/p>\n<p>Como parte de la agenda de trabajo, se tuvieron reuniones con aerol\u00edneas como American Airlines, Delta, Spirit y Volaris, as\u00ed como touroperadores tradicionales y OTAs, con quienes se analiz\u00f3 el resultado positivo y reactivaci\u00f3n hist\u00f3rica que han tenido los destinos de Quintana Roo.<\/p>\n<p>Javier Aranda Pedrero, director general del CPTQ mencion\u00f3: \u201cTuvimos contacto con los presidentes de las asociaciones de hoteles de Canc\u00fan, Puerto Morelos e Isla Mujeres, Riviera Maya, Tulum, Chetumal y Bacalar e Isla Cozumel, con quienes hemos comenzado un di\u00e1logo para trabajar de cerca y enfocar el rumbo de la promoci\u00f3n hacia un mismo sentido, buscando resultados y beneficios para todo el sector y la gente de Quintana Roo\u201d.<\/p>\n<p>Los organizadores del Cac\u00fan Travel Mart reportaron un total de 243 compradores, 446 proveedores, 670 delegados, 105 stands y un estimado preliminar en proyecci\u00f3n de ventas de 4 mil 500 millones de d\u00f3lares como resultado de las negociaciones. (<a title=\"Cerca de 500 delegados participaron en el \u201cCanc\u00fan Travel Mart\u201d\" href=\"https:\/\/www.dev.nitu.mx\/index.php\/2022\/10\/19\/cerca-de-500-delegados-participaron-en-el-cancun-travel-mart\/\" rel=\"bookmark\">Cerca de 500 delegados participaron en el \u201cCanc\u00fan Travel Mart\u201d<\/a>).<\/p>\n<p>Como parte de la innovaci\u00f3n en este Canc\u00fan Travel Mart, que cont\u00f3 con un importante incremento de compradores y expositores, se realizaron actividades en Puerto Morelos e Isla Mujeres lo que permiti\u00f3 a los participantes vivir una muestra de la experiencia que ofrecen estos magn\u00edficos destinos.<\/p>\n<p>De esta manera, nuestros socios comerciales pudieron reafirmar por qu\u00e9 los destinos de Quintana Roo son una apuesta segura para su \u00e9xito comercial.<\/p>\n","protected":false},"excerpt":{"rendered":"<p>El Consejo de Promoci\u00f3n Tur\u00edstica de Quintana Roo (CPTQ) particip\u00f3 haciendo sinergia con las asociaciones de hoteles de Quintana Roo, en la edici\u00f3n 34 del Canc\u00fan Travel Mart, del 16 al 18 de octubre en el hotel Iberostar en Canc\u00fan. Como parte de la agenda de trabajo, se tuvieron reuniones con aerol\u00edneas como American Airlines, [&hellip;]<\/p>\n","protected":false},"author":17,"featured_media":61893,"comment_status":"open","ping_status":"open","sticky":false,"template":"","format":"standard","meta":{"footnotes":""},"categories":[18475],"tags":[6305,22206,1997,1134],"yoast_head":"<!-- This site is optimized with the Yoast SEO plugin v22.2 - https:\/\/yoast.com\/wordpress\/plugins\/seo\/ -->\n<title>Acerca Canc\u00fan Travel Mart a hoteleros y CPTQ - Nitu - Noticias de la Industria Turistica<\/title>\n<meta name=\"robots\" content=\"index, follow, max-snippet:-1, max-image-preview:large, max-video-preview:-1\" \/>\n<link rel=\"canonical\" href=\"https:\/\/nitu.mx\/index.php\/2022\/10\/20\/acerca-cancun-travel-mart-a-hoteleros-y-cptq\/\" \/>\n<meta name=\"twitter:card\" content=\"summary_large_image\" \/>\n<meta name=\"twitter:title\" content=\"Acerca Canc\u00fan Travel Mart a hoteleros y CPTQ - Nitu - Noticias de la Industria Turistica\" \/>\n<meta name=\"twitter:description\" content=\"El Consejo de Promoci\u00f3n Tur\u00edstica de Quintana Roo (CPTQ) particip\u00f3 haciendo sinergia con las asociaciones de hoteles de Quintana Roo, en la edici\u00f3n 34 del Canc\u00fan Travel Mart, del 16 al 18 de octubre en el hotel Iberostar en Canc\u00fan. Como parte de la agenda de trabajo, se tuvieron reuniones con aerol\u00edneas como American Airlines, [&hellip;]\" \/>\n<meta name=\"twitter:image\" content=\"https:\/\/nitu.mx\/wp-content\/uploads\/2022\/10\/Canc\u00fan-Travel-Mart-CPTQ.jpeg\" \/>\n<meta name=\"twitter:creator\" content=\"@NITUmx\" \/>\n<meta name=\"twitter:site\" content=\"@Arturo_Medina_G\" \/>\n<meta name=\"twitter:label1\" content=\"Escrito por\" \/>\n\t<meta name=\"twitter:data1\" content=\"Redacci\u00f3n\" \/>\n\t<meta name=\"twitter:label2\" content=\"Tiempo de lectura\" \/>\n\t<meta name=\"twitter:data2\" content=\"1 minuto\" \/>\n<script type=\"application\/ld+json\" class=\"yoast-schema-graph\">{\"@context\":\"https:\/\/schema.org\",\"@graph\":[{\"@type\":\"Article\",\"@id\":\"https:\/\/nitu.mx\/index.php\/2022\/10\/20\/acerca-cancun-travel-mart-a-hoteleros-y-cptq\/#article\",\"isPartOf\":{\"@id\":\"https:\/\/nitu.mx\/index.php\/2022\/10\/20\/acerca-cancun-travel-mart-a-hoteleros-y-cptq\/\"},\"author\":{\"name\":\"Redacci\u00f3n\",\"@id\":\"https:\/\/nitu.mx\/#\/schema\/person\/4a28fe9bd65924f7c90623773daf1b0b\"},\"headline\":\"Acerca Canc\u00fan Travel Mart a hoteleros y CPTQ\",\"datePublished\":\"2022-10-20T05:14:25+00:00\",\"dateModified\":\"2022-10-20T05:21:43+00:00\",\"mainEntityOfPage\":{\"@id\":\"https:\/\/nitu.mx\/index.php\/2022\/10\/20\/acerca-cancun-travel-mart-a-hoteleros-y-cptq\/\"},\"wordCount\":286,\"commentCount\":0,\"publisher\":{\"@id\":\"https:\/\/nitu.mx\/#\/schema\/person\/ae7a53426417292d3dd07b45a33e01bc\"},\"image\":{\"@id\":\"https:\/\/nitu.mx\/index.php\/2022\/10\/20\/acerca-cancun-travel-mart-a-hoteleros-y-cptq\/#primaryimage\"},\"thumbnailUrl\":\"https:\/\/nitu.mx\/wp-content\/uploads\/2022\/10\/Canc\u00fan-Travel-Mart-CPTQ.jpeg\",\"keywords\":[\"Canc\u00fan Travel Mart\",\"Consejo de Promoci\u00f3n Tur\u00edstica (CPTQ)\",\"hoteleros\",\"Javier Aranda Pedrero\"],\"articleSection\":[\"Caribe Mexicano\"],\"inLanguage\":\"es-MX\",\"potentialAction\":[{\"@type\":\"CommentAction\",\"name\":\"Comment\",\"target\":[\"https:\/\/nitu.mx\/index.php\/2022\/10\/20\/acerca-cancun-travel-mart-a-hoteleros-y-cptq\/#respond\"]}]},{\"@type\":\"WebPage\",\"@id\":\"https:\/\/nitu.mx\/index.php\/2022\/10\/20\/acerca-cancun-travel-mart-a-hoteleros-y-cptq\/\",\"url\":\"https:\/\/nitu.mx\/index.php\/2022\/10\/20\/acerca-cancun-travel-mart-a-hoteleros-y-cptq\/\",\"name\":\"Acerca Canc\u00fan Travel Mart a hoteleros y CPTQ - Nitu - Noticias de la Industria Turistica\",\"isPartOf\":{\"@id\":\"https:\/\/nitu.mx\/#website\"},\"primaryImageOfPage\":{\"@id\":\"https:\/\/nitu.mx\/index.php\/2022\/10\/20\/acerca-cancun-travel-mart-a-hoteleros-y-cptq\/#primaryimage\"},\"image\":{\"@id\":\"https:\/\/nitu.mx\/index.php\/2022\/10\/20\/acerca-cancun-travel-mart-a-hoteleros-y-cptq\/#primaryimage\"},\"thumbnailUrl\":\"https:\/\/nitu.mx\/wp-content\/uploads\/2022\/10\/Canc\u00fan-Travel-Mart-CPTQ.jpeg\",\"datePublished\":\"2022-10-20T05:14:25+00:00\",\"dateModified\":\"2022-10-20T05:21:43+00:00\",\"breadcrumb\":{\"@id\":\"https:\/\/nitu.mx\/index.php\/2022\/10\/20\/acerca-cancun-travel-mart-a-hoteleros-y-cptq\/#breadcrumb\"},\"inLanguage\":\"es-MX\",\"potentialAction\":[{\"@type\":\"ReadAction\",\"target\":[\"https:\/\/nitu.mx\/index.php\/2022\/10\/20\/acerca-cancun-travel-mart-a-hoteleros-y-cptq\/\"]}]},{\"@type\":\"ImageObject\",\"inLanguage\":\"es-MX\",\"@id\":\"https:\/\/nitu.mx\/index.php\/2022\/10\/20\/acerca-cancun-travel-mart-a-hoteleros-y-cptq\/#primaryimage\",\"url\":\"https:\/\/nitu.mx\/wp-content\/uploads\/2022\/10\/Canc\u00fan-Travel-Mart-CPTQ.jpeg\",\"contentUrl\":\"https:\/\/nitu.mx\/wp-content\/uploads\/2022\/10\/Canc\u00fan-Travel-Mart-CPTQ.jpeg\",\"width\":1200,\"height\":675,\"caption\":\"hoteleros\"},{\"@type\":\"BreadcrumbList\",\"@id\":\"https:\/\/nitu.mx\/index.php\/2022\/10\/20\/acerca-cancun-travel-mart-a-hoteleros-y-cptq\/#breadcrumb\",\"itemListElement\":[{\"@type\":\"ListItem\",\"position\":1,\"name\":\"Inicio\",\"item\":\"https:\/\/nitu.mx\/\"},{\"@type\":\"ListItem\",\"position\":2,\"name\":\"Acerca Canc\u00fan Travel Mart a hoteleros y CPTQ\"}]},{\"@type\":\"WebSite\",\"@id\":\"https:\/\/nitu.mx\/#website\",\"url\":\"https:\/\/nitu.mx\/\",\"name\":\"Nitu - Noticias de la Industria Turistica\",\"description\":\"Noticias de la Industria Turistica\",\"publisher\":{\"@id\":\"https:\/\/nitu.mx\/#\/schema\/person\/ae7a53426417292d3dd07b45a33e01bc\"},\"alternateName\":\"Noticias de la Industria Turistica\",\"potentialAction\":[{\"@type\":\"SearchAction\",\"target\":{\"@type\":\"EntryPoint\",\"urlTemplate\":\"https:\/\/nitu.mx\/?s={search_term_string}\"},\"query-input\":\"required name=search_term_string\"}],\"inLanguage\":\"es-MX\"},{\"@type\":[\"Person\",\"Organization\"],\"@id\":\"https:\/\/nitu.mx\/#\/schema\/person\/ae7a53426417292d3dd07b45a33e01bc\",\"name\":\"Arturo Medina\",\"image\":{\"@type\":\"ImageObject\",\"inLanguage\":\"es-MX\",\"@id\":\"https:\/\/nitu.mx\/#\/schema\/person\/image\/\",\"url\":\"https:\/\/nitu.mx\/wp-content\/uploads\/2024\/04\/4A315622-1904-4D5C-B022-878CDC840E04-90x90-1.jpeg\",\"contentUrl\":\"https:\/\/nitu.mx\/wp-content\/uploads\/2024\/04\/4A315622-1904-4D5C-B022-878CDC840E04-90x90-1.jpeg\",\"width\":90,\"height\":90,\"caption\":\"Arturo Medina\"},\"logo\":{\"@id\":\"https:\/\/nitu.mx\/#\/schema\/person\/image\/\"},\"description\":\"Director NITU.mx, Egresado de la Escuela de Periodismo Carlos Septi\u00e9n Garc\u00eda. Periodista y analista especializado en turismo desde hace 35 a\u00f1os, radicado en Canc\u00fan Q.Roo. arturo@nitu.mx\",\"sameAs\":[\"https:\/\/nitu.mx\",\"https:\/\/www.facebook.com\/NITUmx\/\",\"medinacancun\",\"https:\/\/twitter.com\/@Arturo_Medina_G\"]},{\"@type\":\"Person\",\"@id\":\"https:\/\/nitu.mx\/#\/schema\/person\/4a28fe9bd65924f7c90623773daf1b0b\",\"name\":\"Redacci\u00f3n\",\"image\":{\"@type\":\"ImageObject\",\"inLanguage\":\"es-MX\",\"@id\":\"https:\/\/nitu.mx\/#\/schema\/person\/image\/\",\"url\":\"https:\/\/secure.gravatar.com\/avatar\/5dd011c8ccfc5cd7e4c81e42252aab38?s=96&d=mm&r=g\",\"contentUrl\":\"https:\/\/secure.gravatar.com\/avatar\/5dd011c8ccfc5cd7e4c81e42252aab38?s=96&d=mm&r=g\",\"caption\":\"Redacci\u00f3n\"},\"url\":\"https:\/\/nitu.mx\/index.php\/author\/redaccion\/\"}]}<\/script>\n<!-- \/ Yoast SEO plugin. -->","yoast_head_json":{"title":"Acerca Canc\u00fan Travel Mart a hoteleros y CPTQ - Nitu - Noticias de la Industria Turistica","robots":{"index":"index","follow":"follow","max-snippet":"max-snippet:-1","max-image-preview":"max-image-preview:large","max-video-preview":"max-video-preview:-1"},"canonical":"https:\/\/nitu.mx\/index.php\/2022\/10\/20\/acerca-cancun-travel-mart-a-hoteleros-y-cptq\/","twitter_card":"summary_large_image","twitter_title":"Acerca Canc\u00fan Travel Mart a hoteleros y CPTQ - Nitu - Noticias de la Industria Turistica","twitter_description":"El Consejo de Promoci\u00f3n Tur\u00edstica de Quintana Roo (CPTQ) particip\u00f3 haciendo sinergia con las asociaciones de hoteles de Quintana Roo, en la edici\u00f3n 34 del Canc\u00fan Travel Mart, del 16 al 18 de octubre en el hotel Iberostar en Canc\u00fan. Como parte de la agenda de trabajo, se tuvieron reuniones con aerol\u00edneas como American Airlines, [&hellip;]","twitter_image":"https:\/\/nitu.mx\/wp-content\/uploads\/2022\/10\/Canc\u00fan-Travel-Mart-CPTQ.jpeg","twitter_creator":"@NITUmx","twitter_site":"@Arturo_Medina_G","twitter_misc":{"Escrito por":"Redacci\u00f3n","Tiempo de lectura":"1 minuto"},"schema":{"@context":"https:\/\/schema.org","@graph":[{"@type":"Article","@id":"https:\/\/nitu.mx\/index.php\/2022\/10\/20\/acerca-cancun-travel-mart-a-hoteleros-y-cptq\/#article","isPartOf":{"@id":"https:\/\/nitu.mx\/index.php\/2022\/10\/20\/acerca-cancun-travel-mart-a-hoteleros-y-cptq\/"},"author":{"name":"Redacci\u00f3n","@id":"https:\/\/nitu.mx\/#\/schema\/person\/4a28fe9bd65924f7c90623773daf1b0b"},"headline":"Acerca Canc\u00fan Travel Mart a hoteleros y CPTQ","datePublished":"2022-10-20T05:14:25+00:00","dateModified":"2022-10-20T05:21:43+00:00","mainEntityOfPage":{"@id":"https:\/\/nitu.mx\/index.php\/2022\/10\/20\/acerca-cancun-travel-mart-a-hoteleros-y-cptq\/"},"wordCount":286,"commentCount":0,"publisher":{"@id":"https:\/\/nitu.mx\/#\/schema\/person\/ae7a53426417292d3dd07b45a33e01bc"},"image":{"@id":"https:\/\/nitu.mx\/index.php\/2022\/10\/20\/acerca-cancun-travel-mart-a-hoteleros-y-cptq\/#primaryimage"},"thumbnailUrl":"https:\/\/nitu.mx\/wp-content\/uploads\/2022\/10\/Canc\u00fan-Travel-Mart-CPTQ.jpeg","keywords":["Canc\u00fan Travel Mart","Consejo de Promoci\u00f3n Tur\u00edstica (CPTQ)","hoteleros","Javier Aranda Pedrero"],"articleSection":["Caribe Mexicano"],"inLanguage":"es-MX","potentialAction":[{"@type":"CommentAction","name":"Comment","target":["https:\/\/nitu.mx\/index.php\/2022\/10\/20\/acerca-cancun-travel-mart-a-hoteleros-y-cptq\/#respond"]}]},{"@type":"WebPage","@id":"https:\/\/nitu.mx\/index.php\/2022\/10\/20\/acerca-cancun-travel-mart-a-hoteleros-y-cptq\/","url":"https:\/\/nitu.mx\/index.php\/2022\/10\/20\/acerca-cancun-travel-mart-a-hoteleros-y-cptq\/","name":"Acerca Canc\u00fan Travel Mart a hoteleros y CPTQ - Nitu - Noticias de la Industria Turistica","isPartOf":{"@id":"https:\/\/nitu.mx\/#website"},"primaryImageOfPage":{"@id":"https:\/\/nitu.mx\/index.php\/2022\/10\/20\/acerca-cancun-travel-mart-a-hoteleros-y-cptq\/#primaryimage"},"image":{"@id":"https:\/\/nitu.mx\/index.php\/2022\/10\/20\/acerca-cancun-travel-mart-a-hoteleros-y-cptq\/#primaryimage"},"thumbnailUrl":"https:\/\/nitu.mx\/wp-content\/uploads\/2022\/10\/Canc\u00fan-Travel-Mart-CPTQ.jpeg","datePublished":"2022-10-20T05:14:25+00:00","dateModified":"2022-10-20T05:21:43+00:00","breadcrumb":{"@id":"https:\/\/nitu.mx\/index.php\/2022\/10\/20\/acerca-cancun-travel-mart-a-hoteleros-y-cptq\/#breadcrumb"},"inLanguage":"es-MX","potentialAction":[{"@type":"ReadAction","target":["https:\/\/nitu.mx\/index.php\/2022\/10\/20\/acerca-cancun-travel-mart-a-hoteleros-y-cptq\/"]}]},{"@type":"ImageObject","inLanguage":"es-MX","@id":"https:\/\/nitu.mx\/index.php\/2022\/10\/20\/acerca-cancun-travel-mart-a-hoteleros-y-cptq\/#primaryimage","url":"https:\/\/nitu.mx\/wp-content\/uploads\/2022\/10\/Canc\u00fan-Travel-Mart-CPTQ.jpeg","contentUrl":"https:\/\/nitu.mx\/wp-content\/uploads\/2022\/10\/Canc\u00fan-Travel-Mart-CPTQ.jpeg","width":1200,"height":675,"caption":"hoteleros"},{"@type":"BreadcrumbList","@id":"https:\/\/nitu.mx\/index.php\/2022\/10\/20\/acerca-cancun-travel-mart-a-hoteleros-y-cptq\/#breadcrumb","itemListElement":[{"@type":"ListItem","position":1,"name":"Inicio","item":"https:\/\/nitu.mx\/"},{"@type":"ListItem","position":2,"name":"Acerca Canc\u00fan Travel Mart a hoteleros y CPTQ"}]},{"@type":"WebSite","@id":"https:\/\/nitu.mx\/#website","url":"https:\/\/nitu.mx\/","name":"Nitu - Noticias de la Industria Turistica","description":"Noticias de la Industria Turistica","publisher":{"@id":"https:\/\/nitu.mx\/#\/schema\/person\/ae7a53426417292d3dd07b45a33e01bc"},"alternateName":"Noticias de la Industria Turistica","potentialAction":[{"@type":"SearchAction","target":{"@type":"EntryPoint","urlTemplate":"https:\/\/nitu.mx\/?s={search_term_string}"},"query-input":"required name=search_term_string"}],"inLanguage":"es-MX"},{"@type":["Person","Organization"],"@id":"https:\/\/nitu.mx\/#\/schema\/person\/ae7a53426417292d3dd07b45a33e01bc","name":"Arturo Medina","image":{"@type":"ImageObject","inLanguage":"es-MX","@id":"https:\/\/nitu.mx\/#\/schema\/person\/image\/","url":"https:\/\/nitu.mx\/wp-content\/uploads\/2024\/04\/4A315622-1904-4D5C-B022-878CDC840E04-90x90-1.jpeg","contentUrl":"https:\/\/nitu.mx\/wp-content\/uploads\/2024\/04\/4A315622-1904-4D5C-B022-878CDC840E04-90x90-1.jpeg","width":90,"height":90,"caption":"Arturo Medina"},"logo":{"@id":"https:\/\/nitu.mx\/#\/schema\/person\/image\/"},"description":"Director NITU.mx, Egresado de la Escuela de Periodismo Carlos Septi\u00e9n Garc\u00eda. Periodista y analista especializado en turismo desde hace 35 a\u00f1os, radicado en Canc\u00fan Q.Roo. arturo@nitu.mx","sameAs":["https:\/\/nitu.mx","https:\/\/www.facebook.com\/NITUmx\/","medinacancun","https:\/\/twitter.com\/@Arturo_Medina_G"]},{"@type":"Person","@id":"https:\/\/nitu.mx\/#\/schema\/person\/4a28fe9bd65924f7c90623773daf1b0b","name":"Redacci\u00f3n","image":{"@type":"ImageObject","inLanguage":"es-MX","@id":"https:\/\/nitu.mx\/#\/schema\/person\/image\/","url":"https:\/\/secure.gravatar.com\/avatar\/5dd011c8ccfc5cd7e4c81e42252aab38?s=96&d=mm&r=g","contentUrl":"https:\/\/secure.gravatar.com\/avatar\/5dd011c8ccfc5cd7e4c81e42252aab38?s=96&d=mm&r=g","caption":"Redacci\u00f3n"},"url":"https:\/\/nitu.mx\/index.php\/author\/redaccion\/"}]}},"views":401,"_links":{"self":[{"href":"https:\/\/nitu.mx\/index.php\/wp-json\/wp\/v2\/posts\/61877"}],"collection":[{"href":"https:\/\/nitu.mx\/index.php\/wp-json\/wp\/v2\/posts"}],"about":[{"href":"https:\/\/nitu.mx\/index.php\/wp-json\/wp\/v2\/types\/post"}],"author":[{"embeddable":true,"href":"https:\/\/nitu.mx\/index.php\/wp-json\/wp\/v2\/users\/17"}],"replies":[{"embeddable":true,"href":"https:\/\/nitu.mx\/index.php\/wp-json\/wp\/v2\/comments?post=61877"}],"version-history":[{"count":2,"href":"https:\/\/nitu.mx\/index.php\/wp-json\/wp\/v2\/posts\/61877\/revisions"}],"predecessor-version":[{"id":61892,"href":"https:\/\/nitu.mx\/index.php\/wp-json\/wp\/v2\/posts\/61877\/revisions\/61892"}],"wp:featuredmedia":[{"embeddable":true,"href":"https:\/\/nitu.mx\/index.php\/wp-json\/wp\/v2\/media\/61893"}],"wp:attachment":[{"href":"https:\/\/nitu.mx\/index.php\/wp-json\/wp\/v2\/media?parent=61877"}],"wp:term":[{"taxonomy":"category","embeddable":true,"href":"https:\/\/nitu.mx\/index.php\/wp-json\/wp\/v2\/categories?post=61877"},{"taxonomy":"post_tag","embeddable":true,"href":"https:\/\/nitu.mx\/index.php\/wp-json\/wp\/v2\/tags?post=61877"}],"curies":[{"name":"wp","href":"https:\/\/api.w.org\/{rel}","templated":true}]}}