{"id":61851,"date":"2022-10-19T00:38:44","date_gmt":"2022-10-19T05:38:44","guid":{"rendered":"https:\/\/www.dev.nitu.mx\/?p=61851"},"modified":"2022-10-19T00:39:32","modified_gmt":"2022-10-19T05:39:32","slug":"cerca-de-500-delegados-participaron-en-el-cancun-travel-mart","status":"publish","type":"post","link":"https:\/\/nitu.mx\/index.php\/2022\/10\/19\/cerca-de-500-delegados-participaron-en-el-cancun-travel-mart\/","title":{"rendered":"Cerca de 500 delegados participaron en el \u201cCanc\u00fan Travel Mart\u201d"},"content":{"rendered":"<p>Las expectativas para el cierre de este 2022 y el inicio del 2023 son totalmente positivas, esto luego de los buenos resultados que se alcanzaron durante la celebraci\u00f3n del Canc\u00fan Travel Mart 2022, duplicando pr\u00e1cticamente todas las cifras, resalt\u00f3 Jes\u00fas Almaguer Salazar, presidente de la Asociaci\u00f3n de Hoteles de Canc\u00fan, Puerto Morelos &amp; Isla Mujeres.<\/p>\n<p>En n\u00fameros redondos, hubo un aproximado de 4 mil 500 citas de negocios con 234\u00a0Delegados Compradores y 446\u00a0Delegados Proveedores.<\/p>\n<p>105 stands se instalaron en el centro de convenciones del hotel Iberostar con la modalidad que se implement\u00f3 desde el a\u00f1o pasado, teniendo a los compradores en los lugares fijos y los vendedores acerc\u00e1ndose a ellos.<\/p>\n<p>De acuerdo con Jes\u00fas Almaguer, la expectativa de negocio ronda los 4,500 millones de d\u00f3lares.<\/p>\n<p>Adem\u00e1s de la participaci\u00f3n en el recinto oficial donde este a\u00f1o se llev\u00f3 a cabo el evento, se realizan diversas actividades colaterales por parte de los principales grupos touroperadores\u00a0y hoteleros que incluyen todav\u00eda a un n\u00famero mayor de 700 delegados en esta edici\u00f3n.<\/p>\n<p>En el recuento participaron las principales agencias mayoristas y touroperadores de: M\u00e9xico, Estados Unidos, Canad\u00e1, Emiratos \u00c1rabes, Per\u00fa, Reino Unido, Suiza, Espa\u00f1a, Puerto Rico, Costa Rica, Chile, China, Brasil, Bolivia y Alemania.<\/p>\n<p>Se cont\u00f3 con la participaci\u00f3n de los presidentes de las Asociaciones de Hoteles de la Riviera Maya, Mtro. Toni Chaves, Tul\u00fam, Lic. David Ortiz Mena, Cozumel, Sr. Fernando Beristain, Centro y Sur de Quintana Roo, Sra. Bertha Medina, Isla Mujeres, Lic. Guadalupe Mart\u00ednez y<br \/>\nde la Asociaci\u00f3n de Clubes Vacacionales de Quintana Roo, Lic. Patricia de La Pe\u00f1a. As\u00ed como proveedores tur\u00edsticos de Canc\u00fan, Puerto Morelos, Isla Mujeres, Playa Mujeres, Costa Mujeres, Holbox, Cozumel, Riviera Maya, Tulum, Grand Costa Maya, de la Asociaci\u00f3n de Hoteles de Valladolid, Yucat\u00e1n y cadenas hoteleras con propiedades en diferentes destinos.<\/p>\n<p>Mencion\u00f3 que ya est\u00e1n en plena v\u00eda de recuperaci\u00f3n e incluso en tema de tarifas se logr\u00f3 una recuperaci\u00f3n en algunos casos de hasta 25%, pues incluso m\u00e1s que tarifas, los compradores piden m\u00e1s habitaciones, que se garantice el crecimiento. (<a title=\"Lejos de pedir tarifas lo que piden son espacios: Almaguer\" href=\"https:\/\/www.dev.nitu.mx\/index.php\/2022\/10\/17\/lejos-de-pedir-tarifas-lo-que-piden-son-espacios-almaguer\/\" rel=\"bookmark\">Lejos de pedir tarifas lo que piden son espacios: Almaguer<\/a>).<\/p>\n","protected":false},"excerpt":{"rendered":"<p>Las expectativas para el cierre de este 2022 y el inicio del 2023 son totalmente positivas, esto luego de los buenos resultados que se alcanzaron durante la celebraci\u00f3n del Canc\u00fan Travel Mart 2022, duplicando pr\u00e1cticamente todas las cifras, resalt\u00f3 Jes\u00fas Almaguer Salazar, presidente de la Asociaci\u00f3n de Hoteles de Canc\u00fan, Puerto Morelos &amp; Isla Mujeres. [&hellip;]<\/p>\n","protected":false},"author":2,"featured_media":61852,"comment_status":"open","ping_status":"open","sticky":false,"template":"","format":"standard","meta":{"footnotes":""},"categories":[2],"tags":[1212,6305,91],"yoast_head":"<!-- This site is optimized with the Yoast SEO plugin v22.2 - https:\/\/yoast.com\/wordpress\/plugins\/seo\/ -->\n<title>Cerca de 500 delegados participaron en el \u201cCanc\u00fan Travel Mart\u201d - Nitu - Noticias de la Industria Turistica<\/title>\n<meta name=\"robots\" content=\"index, follow, max-snippet:-1, max-image-preview:large, max-video-preview:-1\" \/>\n<link rel=\"canonical\" href=\"https:\/\/nitu.mx\/index.php\/2022\/10\/19\/cerca-de-500-delegados-participaron-en-el-cancun-travel-mart\/\" \/>\n<meta name=\"twitter:card\" content=\"summary_large_image\" \/>\n<meta name=\"twitter:title\" content=\"Cerca de 500 delegados participaron en el \u201cCanc\u00fan Travel Mart\u201d - Nitu - Noticias de la Industria Turistica\" \/>\n<meta name=\"twitter:description\" content=\"Las expectativas para el cierre de este 2022 y el inicio del 2023 son totalmente positivas, esto luego de los buenos resultados que se alcanzaron durante la celebraci\u00f3n del Canc\u00fan Travel Mart 2022, duplicando pr\u00e1cticamente todas las cifras, resalt\u00f3 Jes\u00fas Almaguer Salazar, presidente de la Asociaci\u00f3n de Hoteles de Canc\u00fan, Puerto Morelos &amp; Isla Mujeres. [&hellip;]\" \/>\n<meta name=\"twitter:image\" content=\"https:\/\/nitu.mx\/wp-content\/uploads\/2022\/10\/FC80AF74-7626-4B00-A149-4B1C4B101B7D.jpeg\" \/>\n<meta name=\"twitter:creator\" content=\"@Arturo_Medina_G\" \/>\n<meta name=\"twitter:site\" content=\"@Arturo_Medina_G\" \/>\n<meta name=\"twitter:label1\" content=\"Escrito por\" \/>\n\t<meta name=\"twitter:data1\" content=\"Arturo Medina\" \/>\n\t<meta name=\"twitter:label2\" content=\"Tiempo de lectura\" \/>\n\t<meta name=\"twitter:data2\" content=\"2 minutos\" \/>\n<script type=\"application\/ld+json\" class=\"yoast-schema-graph\">{\"@context\":\"https:\/\/schema.org\",\"@graph\":[{\"@type\":\"Article\",\"@id\":\"https:\/\/nitu.mx\/index.php\/2022\/10\/19\/cerca-de-500-delegados-participaron-en-el-cancun-travel-mart\/#article\",\"isPartOf\":{\"@id\":\"https:\/\/nitu.mx\/index.php\/2022\/10\/19\/cerca-de-500-delegados-participaron-en-el-cancun-travel-mart\/\"},\"author\":{\"name\":\"Arturo Medina\",\"@id\":\"https:\/\/nitu.mx\/#\/schema\/person\/ae7a53426417292d3dd07b45a33e01bc\"},\"headline\":\"Cerca de 500 delegados participaron en el \u201cCanc\u00fan Travel Mart\u201d\",\"datePublished\":\"2022-10-19T05:38:44+00:00\",\"dateModified\":\"2022-10-19T05:39:32+00:00\",\"mainEntityOfPage\":{\"@id\":\"https:\/\/nitu.mx\/index.php\/2022\/10\/19\/cerca-de-500-delegados-participaron-en-el-cancun-travel-mart\/\"},\"wordCount\":382,\"commentCount\":0,\"publisher\":{\"@id\":\"https:\/\/nitu.mx\/#\/schema\/person\/ae7a53426417292d3dd07b45a33e01bc\"},\"image\":{\"@id\":\"https:\/\/nitu.mx\/index.php\/2022\/10\/19\/cerca-de-500-delegados-participaron-en-el-cancun-travel-mart\/#primaryimage\"},\"thumbnailUrl\":\"https:\/\/nitu.mx\/wp-content\/uploads\/2022\/10\/FC80AF74-7626-4B00-A149-4B1C4B101B7D.jpeg\",\"keywords\":[\"Asociaci\u00f3n de Hoteles de Canc\u00fan\",\"Canc\u00fan Travel Mart\",\"Jes\u00fas Almaguer Salazar\"],\"articleSection\":[\"Hoteles\"],\"inLanguage\":\"es-MX\",\"potentialAction\":[{\"@type\":\"CommentAction\",\"name\":\"Comment\",\"target\":[\"https:\/\/nitu.mx\/index.php\/2022\/10\/19\/cerca-de-500-delegados-participaron-en-el-cancun-travel-mart\/#respond\"]}]},{\"@type\":\"WebPage\",\"@id\":\"https:\/\/nitu.mx\/index.php\/2022\/10\/19\/cerca-de-500-delegados-participaron-en-el-cancun-travel-mart\/\",\"url\":\"https:\/\/nitu.mx\/index.php\/2022\/10\/19\/cerca-de-500-delegados-participaron-en-el-cancun-travel-mart\/\",\"name\":\"Cerca de 500 delegados participaron en el \u201cCanc\u00fan Travel Mart\u201d - Nitu - Noticias de la Industria Turistica\",\"isPartOf\":{\"@id\":\"https:\/\/nitu.mx\/#website\"},\"primaryImageOfPage\":{\"@id\":\"https:\/\/nitu.mx\/index.php\/2022\/10\/19\/cerca-de-500-delegados-participaron-en-el-cancun-travel-mart\/#primaryimage\"},\"image\":{\"@id\":\"https:\/\/nitu.mx\/index.php\/2022\/10\/19\/cerca-de-500-delegados-participaron-en-el-cancun-travel-mart\/#primaryimage\"},\"thumbnailUrl\":\"https:\/\/nitu.mx\/wp-content\/uploads\/2022\/10\/FC80AF74-7626-4B00-A149-4B1C4B101B7D.jpeg\",\"datePublished\":\"2022-10-19T05:38:44+00:00\",\"dateModified\":\"2022-10-19T05:39:32+00:00\",\"breadcrumb\":{\"@id\":\"https:\/\/nitu.mx\/index.php\/2022\/10\/19\/cerca-de-500-delegados-participaron-en-el-cancun-travel-mart\/#breadcrumb\"},\"inLanguage\":\"es-MX\",\"potentialAction\":[{\"@type\":\"ReadAction\",\"target\":[\"https:\/\/nitu.mx\/index.php\/2022\/10\/19\/cerca-de-500-delegados-participaron-en-el-cancun-travel-mart\/\"]}]},{\"@type\":\"ImageObject\",\"inLanguage\":\"es-MX\",\"@id\":\"https:\/\/nitu.mx\/index.php\/2022\/10\/19\/cerca-de-500-delegados-participaron-en-el-cancun-travel-mart\/#primaryimage\",\"url\":\"https:\/\/nitu.mx\/wp-content\/uploads\/2022\/10\/FC80AF74-7626-4B00-A149-4B1C4B101B7D.jpeg\",\"contentUrl\":\"https:\/\/nitu.mx\/wp-content\/uploads\/2022\/10\/FC80AF74-7626-4B00-A149-4B1C4B101B7D.jpeg\",\"width\":4032,\"height\":3024},{\"@type\":\"BreadcrumbList\",\"@id\":\"https:\/\/nitu.mx\/index.php\/2022\/10\/19\/cerca-de-500-delegados-participaron-en-el-cancun-travel-mart\/#breadcrumb\",\"itemListElement\":[{\"@type\":\"ListItem\",\"position\":1,\"name\":\"Inicio\",\"item\":\"https:\/\/nitu.mx\/\"},{\"@type\":\"ListItem\",\"position\":2,\"name\":\"Cerca de 500 delegados participaron en el \u201cCanc\u00fan Travel Mart\u201d\"}]},{\"@type\":\"WebSite\",\"@id\":\"https:\/\/nitu.mx\/#website\",\"url\":\"https:\/\/nitu.mx\/\",\"name\":\"Nitu - Noticias de la Industria Turistica\",\"description\":\"Noticias de la Industria Turistica\",\"publisher\":{\"@id\":\"https:\/\/nitu.mx\/#\/schema\/person\/ae7a53426417292d3dd07b45a33e01bc\"},\"alternateName\":\"Noticias de la Industria Turistica\",\"potentialAction\":[{\"@type\":\"SearchAction\",\"target\":{\"@type\":\"EntryPoint\",\"urlTemplate\":\"https:\/\/nitu.mx\/?s={search_term_string}\"},\"query-input\":\"required name=search_term_string\"}],\"inLanguage\":\"es-MX\"},{\"@type\":[\"Person\",\"Organization\"],\"@id\":\"https:\/\/nitu.mx\/#\/schema\/person\/ae7a53426417292d3dd07b45a33e01bc\",\"name\":\"Arturo Medina\",\"image\":{\"@type\":\"ImageObject\",\"inLanguage\":\"es-MX\",\"@id\":\"https:\/\/nitu.mx\/#\/schema\/person\/image\/\",\"url\":\"https:\/\/nitu.mx\/wp-content\/uploads\/2024\/04\/4A315622-1904-4D5C-B022-878CDC840E04-90x90-1.jpeg\",\"contentUrl\":\"https:\/\/nitu.mx\/wp-content\/uploads\/2024\/04\/4A315622-1904-4D5C-B022-878CDC840E04-90x90-1.jpeg\",\"width\":90,\"height\":90,\"caption\":\"Arturo Medina\"},\"logo\":{\"@id\":\"https:\/\/nitu.mx\/#\/schema\/person\/image\/\"},\"description\":\"Director NITU.mx, Egresado de la Escuela de Periodismo Carlos Septi\u00e9n Garc\u00eda. Periodista y analista especializado en turismo desde hace 35 a\u00f1os, radicado en Canc\u00fan Q.Roo. arturo@nitu.mx\",\"sameAs\":[\"https:\/\/nitu.mx\",\"https:\/\/www.facebook.com\/NITUmx\/\",\"medinacancun\",\"https:\/\/twitter.com\/@Arturo_Medina_G\"],\"url\":\"https:\/\/nitu.mx\/index.php\/author\/arturo-medina\/\"}]}<\/script>\n<!-- \/ Yoast SEO plugin. -->","yoast_head_json":{"title":"Cerca de 500 delegados participaron en el \u201cCanc\u00fan Travel Mart\u201d - Nitu - Noticias de la Industria Turistica","robots":{"index":"index","follow":"follow","max-snippet":"max-snippet:-1","max-image-preview":"max-image-preview:large","max-video-preview":"max-video-preview:-1"},"canonical":"https:\/\/nitu.mx\/index.php\/2022\/10\/19\/cerca-de-500-delegados-participaron-en-el-cancun-travel-mart\/","twitter_card":"summary_large_image","twitter_title":"Cerca de 500 delegados participaron en el \u201cCanc\u00fan Travel Mart\u201d - Nitu - Noticias de la Industria Turistica","twitter_description":"Las expectativas para el cierre de este 2022 y el inicio del 2023 son totalmente positivas, esto luego de los buenos resultados que se alcanzaron durante la celebraci\u00f3n del Canc\u00fan Travel Mart 2022, duplicando pr\u00e1cticamente todas las cifras, resalt\u00f3 Jes\u00fas Almaguer Salazar, presidente de la Asociaci\u00f3n de Hoteles de Canc\u00fan, Puerto Morelos &amp; Isla Mujeres. [&hellip;]","twitter_image":"https:\/\/nitu.mx\/wp-content\/uploads\/2022\/10\/FC80AF74-7626-4B00-A149-4B1C4B101B7D.jpeg","twitter_creator":"@Arturo_Medina_G","twitter_site":"@Arturo_Medina_G","twitter_misc":{"Escrito por":"Arturo Medina","Tiempo de lectura":"2 minutos"},"schema":{"@context":"https:\/\/schema.org","@graph":[{"@type":"Article","@id":"https:\/\/nitu.mx\/index.php\/2022\/10\/19\/cerca-de-500-delegados-participaron-en-el-cancun-travel-mart\/#article","isPartOf":{"@id":"https:\/\/nitu.mx\/index.php\/2022\/10\/19\/cerca-de-500-delegados-participaron-en-el-cancun-travel-mart\/"},"author":{"name":"Arturo Medina","@id":"https:\/\/nitu.mx\/#\/schema\/person\/ae7a53426417292d3dd07b45a33e01bc"},"headline":"Cerca de 500 delegados participaron en el \u201cCanc\u00fan Travel Mart\u201d","datePublished":"2022-10-19T05:38:44+00:00","dateModified":"2022-10-19T05:39:32+00:00","mainEntityOfPage":{"@id":"https:\/\/nitu.mx\/index.php\/2022\/10\/19\/cerca-de-500-delegados-participaron-en-el-cancun-travel-mart\/"},"wordCount":382,"commentCount":0,"publisher":{"@id":"https:\/\/nitu.mx\/#\/schema\/person\/ae7a53426417292d3dd07b45a33e01bc"},"image":{"@id":"https:\/\/nitu.mx\/index.php\/2022\/10\/19\/cerca-de-500-delegados-participaron-en-el-cancun-travel-mart\/#primaryimage"},"thumbnailUrl":"https:\/\/nitu.mx\/wp-content\/uploads\/2022\/10\/FC80AF74-7626-4B00-A149-4B1C4B101B7D.jpeg","keywords":["Asociaci\u00f3n de Hoteles de Canc\u00fan","Canc\u00fan Travel Mart","Jes\u00fas Almaguer Salazar"],"articleSection":["Hoteles"],"inLanguage":"es-MX","potentialAction":[{"@type":"CommentAction","name":"Comment","target":["https:\/\/nitu.mx\/index.php\/2022\/10\/19\/cerca-de-500-delegados-participaron-en-el-cancun-travel-mart\/#respond"]}]},{"@type":"WebPage","@id":"https:\/\/nitu.mx\/index.php\/2022\/10\/19\/cerca-de-500-delegados-participaron-en-el-cancun-travel-mart\/","url":"https:\/\/nitu.mx\/index.php\/2022\/10\/19\/cerca-de-500-delegados-participaron-en-el-cancun-travel-mart\/","name":"Cerca de 500 delegados participaron en el \u201cCanc\u00fan Travel Mart\u201d - Nitu - Noticias de la Industria Turistica","isPartOf":{"@id":"https:\/\/nitu.mx\/#website"},"primaryImageOfPage":{"@id":"https:\/\/nitu.mx\/index.php\/2022\/10\/19\/cerca-de-500-delegados-participaron-en-el-cancun-travel-mart\/#primaryimage"},"image":{"@id":"https:\/\/nitu.mx\/index.php\/2022\/10\/19\/cerca-de-500-delegados-participaron-en-el-cancun-travel-mart\/#primaryimage"},"thumbnailUrl":"https:\/\/nitu.mx\/wp-content\/uploads\/2022\/10\/FC80AF74-7626-4B00-A149-4B1C4B101B7D.jpeg","datePublished":"2022-10-19T05:38:44+00:00","dateModified":"2022-10-19T05:39:32+00:00","breadcrumb":{"@id":"https:\/\/nitu.mx\/index.php\/2022\/10\/19\/cerca-de-500-delegados-participaron-en-el-cancun-travel-mart\/#breadcrumb"},"inLanguage":"es-MX","potentialAction":[{"@type":"ReadAction","target":["https:\/\/nitu.mx\/index.php\/2022\/10\/19\/cerca-de-500-delegados-participaron-en-el-cancun-travel-mart\/"]}]},{"@type":"ImageObject","inLanguage":"es-MX","@id":"https:\/\/nitu.mx\/index.php\/2022\/10\/19\/cerca-de-500-delegados-participaron-en-el-cancun-travel-mart\/#primaryimage","url":"https:\/\/nitu.mx\/wp-content\/uploads\/2022\/10\/FC80AF74-7626-4B00-A149-4B1C4B101B7D.jpeg","contentUrl":"https:\/\/nitu.mx\/wp-content\/uploads\/2022\/10\/FC80AF74-7626-4B00-A149-4B1C4B101B7D.jpeg","width":4032,"height":3024},{"@type":"BreadcrumbList","@id":"https:\/\/nitu.mx\/index.php\/2022\/10\/19\/cerca-de-500-delegados-participaron-en-el-cancun-travel-mart\/#breadcrumb","itemListElement":[{"@type":"ListItem","position":1,"name":"Inicio","item":"https:\/\/nitu.mx\/"},{"@type":"ListItem","position":2,"name":"Cerca de 500 delegados participaron en el \u201cCanc\u00fan Travel Mart\u201d"}]},{"@type":"WebSite","@id":"https:\/\/nitu.mx\/#website","url":"https:\/\/nitu.mx\/","name":"Nitu - Noticias de la Industria Turistica","description":"Noticias de la Industria Turistica","publisher":{"@id":"https:\/\/nitu.mx\/#\/schema\/person\/ae7a53426417292d3dd07b45a33e01bc"},"alternateName":"Noticias de la Industria Turistica","potentialAction":[{"@type":"SearchAction","target":{"@type":"EntryPoint","urlTemplate":"https:\/\/nitu.mx\/?s={search_term_string}"},"query-input":"required name=search_term_string"}],"inLanguage":"es-MX"},{"@type":["Person","Organization"],"@id":"https:\/\/nitu.mx\/#\/schema\/person\/ae7a53426417292d3dd07b45a33e01bc","name":"Arturo Medina","image":{"@type":"ImageObject","inLanguage":"es-MX","@id":"https:\/\/nitu.mx\/#\/schema\/person\/image\/","url":"https:\/\/nitu.mx\/wp-content\/uploads\/2024\/04\/4A315622-1904-4D5C-B022-878CDC840E04-90x90-1.jpeg","contentUrl":"https:\/\/nitu.mx\/wp-content\/uploads\/2024\/04\/4A315622-1904-4D5C-B022-878CDC840E04-90x90-1.jpeg","width":90,"height":90,"caption":"Arturo Medina"},"logo":{"@id":"https:\/\/nitu.mx\/#\/schema\/person\/image\/"},"description":"Director NITU.mx, Egresado de la Escuela de Periodismo Carlos Septi\u00e9n Garc\u00eda. Periodista y analista especializado en turismo desde hace 35 a\u00f1os, radicado en Canc\u00fan Q.Roo. arturo@nitu.mx","sameAs":["https:\/\/nitu.mx","https:\/\/www.facebook.com\/NITUmx\/","medinacancun","https:\/\/twitter.com\/@Arturo_Medina_G"],"url":"https:\/\/nitu.mx\/index.php\/author\/arturo-medina\/"}]}},"views":281,"_links":{"self":[{"href":"https:\/\/nitu.mx\/index.php\/wp-json\/wp\/v2\/posts\/61851"}],"collection":[{"href":"https:\/\/nitu.mx\/index.php\/wp-json\/wp\/v2\/posts"}],"about":[{"href":"https:\/\/nitu.mx\/index.php\/wp-json\/wp\/v2\/types\/post"}],"author":[{"embeddable":true,"href":"https:\/\/nitu.mx\/index.php\/wp-json\/wp\/v2\/users\/2"}],"replies":[{"embeddable":true,"href":"https:\/\/nitu.mx\/index.php\/wp-json\/wp\/v2\/comments?post=61851"}],"version-history":[{"count":3,"href":"https:\/\/nitu.mx\/index.php\/wp-json\/wp\/v2\/posts\/61851\/revisions"}],"predecessor-version":[{"id":61876,"href":"https:\/\/nitu.mx\/index.php\/wp-json\/wp\/v2\/posts\/61851\/revisions\/61876"}],"wp:featuredmedia":[{"embeddable":true,"href":"https:\/\/nitu.mx\/index.php\/wp-json\/wp\/v2\/media\/61852"}],"wp:attachment":[{"href":"https:\/\/nitu.mx\/index.php\/wp-json\/wp\/v2\/media?parent=61851"}],"wp:term":[{"taxonomy":"category","embeddable":true,"href":"https:\/\/nitu.mx\/index.php\/wp-json\/wp\/v2\/categories?post=61851"},{"taxonomy":"post_tag","embeddable":true,"href":"https:\/\/nitu.mx\/index.php\/wp-json\/wp\/v2\/tags?post=61851"}],"curies":[{"name":"wp","href":"https:\/\/api.w.org\/{rel}","templated":true}]}}