{"id":61838,"date":"2022-10-17T23:57:43","date_gmt":"2022-10-18T04:57:43","guid":{"rendered":"https:\/\/www.dev.nitu.mx\/?p=61838"},"modified":"2022-10-17T23:59:14","modified_gmt":"2022-10-18T04:59:14","slug":"exito-turistico-con-justicia-social-pide-mara-lezama-en-apertura-del-cancun-travel-mart","status":"publish","type":"post","link":"https:\/\/nitu.mx\/index.php\/2022\/10\/17\/exito-turistico-con-justicia-social-pide-mara-lezama-en-apertura-del-cancun-travel-mart\/","title":{"rendered":"\u00c9xito tur\u00edstico con justicia social pide Mara Lezama en apertura del Canc\u00fan Travel Mart"},"content":{"rendered":"<p>En el marco de la 34\u00aa edici\u00f3n del Canc\u00fan Travel Mart Summit 2022, la gobernadora Mara Lezama Espinosa expuso que esta es hora que los beneficios del turismo se reflejen en la calidad de vida de las y los quintanarroenses, en las zonas rurales e ind\u00edgenas, que les d\u00e9 mayor justicia social y beneficios compartidos.<\/p>\n<p>Ante los asistentes a este encuentro que se celebra en este destino, la gobernadora del Estado explic\u00f3 que esa es la raz\u00f3n por lo que este nuevo gobierno insiste en dimensionar el turismo y plasmarlo en un cambio social y crecimiento compartido, con base en el Nuevo Acuerdo por el Bienestar y el Desarrollo de Quintana Roo que dar\u00e1 una mejor calidad de vida a las y los quintanarroenses.\u00a0<a title=\"Equidad social, visi\u00f3n de futuro de Mara Lezama en foro del D\u00eda Mundial del Turismo\" href=\"https:\/\/www.dev.nitu.mx\/index.php\/2022\/09\/28\/equidad-social-vision-de-futuro-de-mara-lezama-en-foro-del-dia-mundial-del-turismo\/\" rel=\"bookmark\">(Equidad social, visi\u00f3n de futuro de Mara Lezama en foro del D\u00eda Mundial del Turismo<\/a>).<\/p>\n<p>En la ceremonia inaugural, la primera mujer gobernadora de Quintana Roo invit\u00f3 a la iniciativa privada, a la sociedad civil, al gobierno, a la colaboraci\u00f3n activa que permitir\u00e1 aplicar los principios de competitividad, responsabilidad social y de un mejor bienestar compartido para todas y todos.<\/p>\n<p>Invit\u00f3 a considerarlo motor del desarrollo econ\u00f3mico, pero tambi\u00e9n de un crecimiento que lleve a cerrar las brechas de marginaci\u00f3n y pobreza.<\/p>\n<p>Precis\u00f3 que esa es la raz\u00f3n por la que durante la visita del fin de semana del presidente Andr\u00e9s Manuel L\u00f3pez Obrador, insisti\u00f3 en que a la oferta tur\u00edstica actual se sume el potencial de Tulum, Cob\u00e1, Chacchoben, Kohunlich, Dzibanch\u00e9, Oxtankah, Ichkabal.<\/p>\n<p>La gobernadora Mara Lezama confi\u00f3: \u201cY la respuesta cuando le dije \u201cvamos por Ichkabal, y por las dem\u00e1s zonas arqueol\u00f3gicas del Estado, con la sonrisa en la boca les dijo que la respuesta fue: Si\u201d. A\u00f1adi\u00f3: \u201cEn definitiva, ser\u00e1 una oferta tur\u00edstica complementaria. El Tren Maya no compite, sino que nos hace m\u00e1s fuertes\u201d.\u00a0(<a title=\"Inversi\u00f3n hist\u00f3rica en el sur para el turismo comprometen Mara y AMLO\" href=\"https:\/\/www.dev.nitu.mx\/index.php\/2022\/10\/15\/inversion-historica-para-el-sur-para-el-turismo-comprometen-mara-y-amlo\/\" rel=\"bookmark\">Inversi\u00f3n hist\u00f3rica en el sur para el turismo comprometen Mara y AMLO<\/a>).<\/p>\n<p>Ante el subsecretario de turismo del Gobierno de M\u00e9xico Humberto Hern\u00e1ndez Haddad; el presidente de la Asociaci\u00f3n de Hoteles de Canc\u00fan, Puerto Morelos e Isla Mujeres, Jes\u00fas Almaguer Salazar, as\u00ed como presidentas municipales, funcionarios e invitados, la gobernadora del estado reiter\u00f3 que las acciones propuestas van dirigidas a esa justicia social tan marginada y olvidada, a que el turismo sea para todos, a que tambi\u00e9n los ciudadanos residentes tengan una vida digna, y que tengan la oportunidad de disfrutar de los recursos naturales que le ofrece su estado.<\/p>\n<p>Luego de dar a conocer el vasto potencial que tiene Quintana Roo con sus 125 mil habitaciones en mil 308 centros de hospedaje, con una ocupaci\u00f3n promedio del 78.4% y una estad\u00eda de 2.8 noches, as\u00ed como ser generador del 49% de las divisas que por turismo recibe M\u00e9xico, Mara Lezama Espinosa expres\u00f3 que para su gobierno es prioridad que la derrama econ\u00f3mica llegue a todo lo largo y ancho del estado.<\/p>\n<p>Consider\u00f3 prioridad que a la actual oferta se ampl\u00ede al turismo ecol\u00f3gico, rural y de aventuras \u201ctan propicio para desarrollarse en el sur de Quintana Roo\u201d.<\/p>\n<p>El Canc\u00fan Travel Mart Summit 2022 es un evento de negocios con el fin de concretar contratos, desarrollar nuevos paquetes, hacer relaciones p\u00fablicas y establecer nuevas conexiones con el mundo.<\/p>\n<p>Con la representaci\u00f3n del Gobierno de M\u00e9xico, el subsecretario Humberto Hern\u00e1ndez Haddad afirm\u00f3 que unificar el trabajo de los quintanarroenses ser\u00e1 la clave del \u00e9xito para mantener consolidados los destinos de Quintana Roo, y en esta tarea la gobernadora Mara Lezama tiene el respaldo federal.<\/p>\n<p>\u201cHoy los n\u00fameros dicen que vamos bien, con esto se confirma que gobierno unido con iniciativa privada traer\u00e1 mejores resultados y mayores ingresos\u201d cit\u00f3.<\/p>\n<p>Jes\u00fas Almaguer Salazar, con la representaci\u00f3n de los hoteleros, anunci\u00f3 la creaci\u00f3n de la Asociaci\u00f3n de Hoteles del Caribe Mexicano; \u201cnuestra visi\u00f3n seguir\u00e1 siendo la misma, pero est\u00e1 vez vamos todos unidos\u201d precis\u00f3.<\/p>\n","protected":false},"excerpt":{"rendered":"<p>En el marco de la 34\u00aa edici\u00f3n del Canc\u00fan Travel Mart Summit 2022, la gobernadora Mara Lezama Espinosa expuso que esta es hora que los beneficios del turismo se reflejen en la calidad de vida de las y los quintanarroenses, en las zonas rurales e ind\u00edgenas, que les d\u00e9 mayor justicia social y beneficios compartidos. [&hellip;]<\/p>\n","protected":false},"author":2,"featured_media":61841,"comment_status":"open","ping_status":"open","sticky":false,"template":"","format":"standard","meta":{"footnotes":""},"categories":[18475],"tags":[6305,14028,260,11427],"yoast_head":"<!-- This site is optimized with the Yoast SEO plugin v22.2 - https:\/\/yoast.com\/wordpress\/plugins\/seo\/ -->\n<title>\u00c9xito tur\u00edstico con justicia social pide Mara Lezama en apertura del Canc\u00fan Travel Mart - Nitu - Noticias de la Industria Turistica<\/title>\n<meta name=\"robots\" content=\"index, follow, max-snippet:-1, max-image-preview:large, max-video-preview:-1\" \/>\n<link rel=\"canonical\" href=\"https:\/\/nitu.mx\/index.php\/2022\/10\/17\/exito-turistico-con-justicia-social-pide-mara-lezama-en-apertura-del-cancun-travel-mart\/\" \/>\n<meta name=\"twitter:card\" content=\"summary_large_image\" \/>\n<meta name=\"twitter:title\" content=\"\u00c9xito tur\u00edstico con justicia social pide Mara Lezama en apertura del Canc\u00fan Travel Mart - Nitu - Noticias de la Industria Turistica\" \/>\n<meta name=\"twitter:description\" content=\"En el marco de la 34\u00aa edici\u00f3n del Canc\u00fan Travel Mart Summit 2022, la gobernadora Mara Lezama Espinosa expuso que esta es hora que los beneficios del turismo se reflejen en la calidad de vida de las y los quintanarroenses, en las zonas rurales e ind\u00edgenas, que les d\u00e9 mayor justicia social y beneficios compartidos. [&hellip;]\" \/>\n<meta name=\"twitter:image\" content=\"https:\/\/nitu.mx\/wp-content\/uploads\/2022\/10\/3300C462-6AD4-404E-B194-DCA4E29C5DA8.jpeg\" \/>\n<meta name=\"twitter:creator\" content=\"@Arturo_Medina_G\" \/>\n<meta name=\"twitter:site\" content=\"@Arturo_Medina_G\" \/>\n<meta name=\"twitter:label1\" content=\"Escrito por\" \/>\n\t<meta name=\"twitter:data1\" content=\"Arturo Medina\" \/>\n\t<meta name=\"twitter:label2\" content=\"Tiempo de lectura\" \/>\n\t<meta name=\"twitter:data2\" content=\"3 minutos\" \/>\n<script type=\"application\/ld+json\" class=\"yoast-schema-graph\">{\"@context\":\"https:\/\/schema.org\",\"@graph\":[{\"@type\":\"Article\",\"@id\":\"https:\/\/nitu.mx\/index.php\/2022\/10\/17\/exito-turistico-con-justicia-social-pide-mara-lezama-en-apertura-del-cancun-travel-mart\/#article\",\"isPartOf\":{\"@id\":\"https:\/\/nitu.mx\/index.php\/2022\/10\/17\/exito-turistico-con-justicia-social-pide-mara-lezama-en-apertura-del-cancun-travel-mart\/\"},\"author\":{\"name\":\"Arturo Medina\",\"@id\":\"https:\/\/nitu.mx\/#\/schema\/person\/ae7a53426417292d3dd07b45a33e01bc\"},\"headline\":\"\u00c9xito tur\u00edstico con justicia social pide Mara Lezama en apertura del Canc\u00fan Travel Mart\",\"datePublished\":\"2022-10-18T04:57:43+00:00\",\"dateModified\":\"2022-10-18T04:59:14+00:00\",\"mainEntityOfPage\":{\"@id\":\"https:\/\/nitu.mx\/index.php\/2022\/10\/17\/exito-turistico-con-justicia-social-pide-mara-lezama-en-apertura-del-cancun-travel-mart\/\"},\"wordCount\":684,\"commentCount\":0,\"publisher\":{\"@id\":\"https:\/\/nitu.mx\/#\/schema\/person\/ae7a53426417292d3dd07b45a33e01bc\"},\"image\":{\"@id\":\"https:\/\/nitu.mx\/index.php\/2022\/10\/17\/exito-turistico-con-justicia-social-pide-mara-lezama-en-apertura-del-cancun-travel-mart\/#primaryimage\"},\"thumbnailUrl\":\"https:\/\/nitu.mx\/wp-content\/uploads\/2022\/10\/3300C462-6AD4-404E-B194-DCA4E29C5DA8.jpeg\",\"keywords\":[\"Canc\u00fan Travel Mart\",\"Mara Lezama\",\"Quintana Roo\",\"Tren Maya\"],\"articleSection\":[\"Caribe Mexicano\"],\"inLanguage\":\"es-MX\",\"potentialAction\":[{\"@type\":\"CommentAction\",\"name\":\"Comment\",\"target\":[\"https:\/\/nitu.mx\/index.php\/2022\/10\/17\/exito-turistico-con-justicia-social-pide-mara-lezama-en-apertura-del-cancun-travel-mart\/#respond\"]}]},{\"@type\":\"WebPage\",\"@id\":\"https:\/\/nitu.mx\/index.php\/2022\/10\/17\/exito-turistico-con-justicia-social-pide-mara-lezama-en-apertura-del-cancun-travel-mart\/\",\"url\":\"https:\/\/nitu.mx\/index.php\/2022\/10\/17\/exito-turistico-con-justicia-social-pide-mara-lezama-en-apertura-del-cancun-travel-mart\/\",\"name\":\"\u00c9xito tur\u00edstico con justicia social pide Mara Lezama en apertura del Canc\u00fan Travel Mart - Nitu - Noticias de la Industria Turistica\",\"isPartOf\":{\"@id\":\"https:\/\/nitu.mx\/#website\"},\"primaryImageOfPage\":{\"@id\":\"https:\/\/nitu.mx\/index.php\/2022\/10\/17\/exito-turistico-con-justicia-social-pide-mara-lezama-en-apertura-del-cancun-travel-mart\/#primaryimage\"},\"image\":{\"@id\":\"https:\/\/nitu.mx\/index.php\/2022\/10\/17\/exito-turistico-con-justicia-social-pide-mara-lezama-en-apertura-del-cancun-travel-mart\/#primaryimage\"},\"thumbnailUrl\":\"https:\/\/nitu.mx\/wp-content\/uploads\/2022\/10\/3300C462-6AD4-404E-B194-DCA4E29C5DA8.jpeg\",\"datePublished\":\"2022-10-18T04:57:43+00:00\",\"dateModified\":\"2022-10-18T04:59:14+00:00\",\"breadcrumb\":{\"@id\":\"https:\/\/nitu.mx\/index.php\/2022\/10\/17\/exito-turistico-con-justicia-social-pide-mara-lezama-en-apertura-del-cancun-travel-mart\/#breadcrumb\"},\"inLanguage\":\"es-MX\",\"potentialAction\":[{\"@type\":\"ReadAction\",\"target\":[\"https:\/\/nitu.mx\/index.php\/2022\/10\/17\/exito-turistico-con-justicia-social-pide-mara-lezama-en-apertura-del-cancun-travel-mart\/\"]}]},{\"@type\":\"ImageObject\",\"inLanguage\":\"es-MX\",\"@id\":\"https:\/\/nitu.mx\/index.php\/2022\/10\/17\/exito-turistico-con-justicia-social-pide-mara-lezama-en-apertura-del-cancun-travel-mart\/#primaryimage\",\"url\":\"https:\/\/nitu.mx\/wp-content\/uploads\/2022\/10\/3300C462-6AD4-404E-B194-DCA4E29C5DA8.jpeg\",\"contentUrl\":\"https:\/\/nitu.mx\/wp-content\/uploads\/2022\/10\/3300C462-6AD4-404E-B194-DCA4E29C5DA8.jpeg\",\"width\":1600,\"height\":1067},{\"@type\":\"BreadcrumbList\",\"@id\":\"https:\/\/nitu.mx\/index.php\/2022\/10\/17\/exito-turistico-con-justicia-social-pide-mara-lezama-en-apertura-del-cancun-travel-mart\/#breadcrumb\",\"itemListElement\":[{\"@type\":\"ListItem\",\"position\":1,\"name\":\"Inicio\",\"item\":\"https:\/\/nitu.mx\/\"},{\"@type\":\"ListItem\",\"position\":2,\"name\":\"\u00c9xito tur\u00edstico con justicia social pide Mara Lezama en apertura del Canc\u00fan Travel Mart\"}]},{\"@type\":\"WebSite\",\"@id\":\"https:\/\/nitu.mx\/#website\",\"url\":\"https:\/\/nitu.mx\/\",\"name\":\"Nitu - Noticias de la Industria Turistica\",\"description\":\"Noticias de la Industria Turistica\",\"publisher\":{\"@id\":\"https:\/\/nitu.mx\/#\/schema\/person\/ae7a53426417292d3dd07b45a33e01bc\"},\"alternateName\":\"Noticias de la Industria Turistica\",\"potentialAction\":[{\"@type\":\"SearchAction\",\"target\":{\"@type\":\"EntryPoint\",\"urlTemplate\":\"https:\/\/nitu.mx\/?s={search_term_string}\"},\"query-input\":\"required name=search_term_string\"}],\"inLanguage\":\"es-MX\"},{\"@type\":[\"Person\",\"Organization\"],\"@id\":\"https:\/\/nitu.mx\/#\/schema\/person\/ae7a53426417292d3dd07b45a33e01bc\",\"name\":\"Arturo Medina\",\"image\":{\"@type\":\"ImageObject\",\"inLanguage\":\"es-MX\",\"@id\":\"https:\/\/nitu.mx\/#\/schema\/person\/image\/\",\"url\":\"https:\/\/nitu.mx\/wp-content\/uploads\/2024\/04\/4A315622-1904-4D5C-B022-878CDC840E04-90x90-1.jpeg\",\"contentUrl\":\"https:\/\/nitu.mx\/wp-content\/uploads\/2024\/04\/4A315622-1904-4D5C-B022-878CDC840E04-90x90-1.jpeg\",\"width\":90,\"height\":90,\"caption\":\"Arturo Medina\"},\"logo\":{\"@id\":\"https:\/\/nitu.mx\/#\/schema\/person\/image\/\"},\"description\":\"Director NITU.mx, Egresado de la Escuela de Periodismo Carlos Septi\u00e9n Garc\u00eda. Periodista y analista especializado en turismo desde hace 35 a\u00f1os, radicado en Canc\u00fan Q.Roo. arturo@nitu.mx\",\"sameAs\":[\"https:\/\/nitu.mx\",\"https:\/\/www.facebook.com\/NITUmx\/\",\"medinacancun\",\"https:\/\/twitter.com\/@Arturo_Medina_G\"],\"url\":\"https:\/\/nitu.mx\/index.php\/author\/arturo-medina\/\"}]}<\/script>\n<!-- \/ Yoast SEO plugin. -->","yoast_head_json":{"title":"\u00c9xito tur\u00edstico con justicia social pide Mara Lezama en apertura del Canc\u00fan Travel Mart - Nitu - Noticias de la Industria Turistica","robots":{"index":"index","follow":"follow","max-snippet":"max-snippet:-1","max-image-preview":"max-image-preview:large","max-video-preview":"max-video-preview:-1"},"canonical":"https:\/\/nitu.mx\/index.php\/2022\/10\/17\/exito-turistico-con-justicia-social-pide-mara-lezama-en-apertura-del-cancun-travel-mart\/","twitter_card":"summary_large_image","twitter_title":"\u00c9xito tur\u00edstico con justicia social pide Mara Lezama en apertura del Canc\u00fan Travel Mart - Nitu - Noticias de la Industria Turistica","twitter_description":"En el marco de la 34\u00aa edici\u00f3n del Canc\u00fan Travel Mart Summit 2022, la gobernadora Mara Lezama Espinosa expuso que esta es hora que los beneficios del turismo se reflejen en la calidad de vida de las y los quintanarroenses, en las zonas rurales e ind\u00edgenas, que les d\u00e9 mayor justicia social y beneficios compartidos. [&hellip;]","twitter_image":"https:\/\/nitu.mx\/wp-content\/uploads\/2022\/10\/3300C462-6AD4-404E-B194-DCA4E29C5DA8.jpeg","twitter_creator":"@Arturo_Medina_G","twitter_site":"@Arturo_Medina_G","twitter_misc":{"Escrito por":"Arturo Medina","Tiempo de lectura":"3 minutos"},"schema":{"@context":"https:\/\/schema.org","@graph":[{"@type":"Article","@id":"https:\/\/nitu.mx\/index.php\/2022\/10\/17\/exito-turistico-con-justicia-social-pide-mara-lezama-en-apertura-del-cancun-travel-mart\/#article","isPartOf":{"@id":"https:\/\/nitu.mx\/index.php\/2022\/10\/17\/exito-turistico-con-justicia-social-pide-mara-lezama-en-apertura-del-cancun-travel-mart\/"},"author":{"name":"Arturo Medina","@id":"https:\/\/nitu.mx\/#\/schema\/person\/ae7a53426417292d3dd07b45a33e01bc"},"headline":"\u00c9xito tur\u00edstico con justicia social pide Mara Lezama en apertura del Canc\u00fan Travel Mart","datePublished":"2022-10-18T04:57:43+00:00","dateModified":"2022-10-18T04:59:14+00:00","mainEntityOfPage":{"@id":"https:\/\/nitu.mx\/index.php\/2022\/10\/17\/exito-turistico-con-justicia-social-pide-mara-lezama-en-apertura-del-cancun-travel-mart\/"},"wordCount":684,"commentCount":0,"publisher":{"@id":"https:\/\/nitu.mx\/#\/schema\/person\/ae7a53426417292d3dd07b45a33e01bc"},"image":{"@id":"https:\/\/nitu.mx\/index.php\/2022\/10\/17\/exito-turistico-con-justicia-social-pide-mara-lezama-en-apertura-del-cancun-travel-mart\/#primaryimage"},"thumbnailUrl":"https:\/\/nitu.mx\/wp-content\/uploads\/2022\/10\/3300C462-6AD4-404E-B194-DCA4E29C5DA8.jpeg","keywords":["Canc\u00fan Travel Mart","Mara Lezama","Quintana Roo","Tren Maya"],"articleSection":["Caribe Mexicano"],"inLanguage":"es-MX","potentialAction":[{"@type":"CommentAction","name":"Comment","target":["https:\/\/nitu.mx\/index.php\/2022\/10\/17\/exito-turistico-con-justicia-social-pide-mara-lezama-en-apertura-del-cancun-travel-mart\/#respond"]}]},{"@type":"WebPage","@id":"https:\/\/nitu.mx\/index.php\/2022\/10\/17\/exito-turistico-con-justicia-social-pide-mara-lezama-en-apertura-del-cancun-travel-mart\/","url":"https:\/\/nitu.mx\/index.php\/2022\/10\/17\/exito-turistico-con-justicia-social-pide-mara-lezama-en-apertura-del-cancun-travel-mart\/","name":"\u00c9xito tur\u00edstico con justicia social pide Mara Lezama en apertura del Canc\u00fan Travel Mart - Nitu - Noticias de la Industria Turistica","isPartOf":{"@id":"https:\/\/nitu.mx\/#website"},"primaryImageOfPage":{"@id":"https:\/\/nitu.mx\/index.php\/2022\/10\/17\/exito-turistico-con-justicia-social-pide-mara-lezama-en-apertura-del-cancun-travel-mart\/#primaryimage"},"image":{"@id":"https:\/\/nitu.mx\/index.php\/2022\/10\/17\/exito-turistico-con-justicia-social-pide-mara-lezama-en-apertura-del-cancun-travel-mart\/#primaryimage"},"thumbnailUrl":"https:\/\/nitu.mx\/wp-content\/uploads\/2022\/10\/3300C462-6AD4-404E-B194-DCA4E29C5DA8.jpeg","datePublished":"2022-10-18T04:57:43+00:00","dateModified":"2022-10-18T04:59:14+00:00","breadcrumb":{"@id":"https:\/\/nitu.mx\/index.php\/2022\/10\/17\/exito-turistico-con-justicia-social-pide-mara-lezama-en-apertura-del-cancun-travel-mart\/#breadcrumb"},"inLanguage":"es-MX","potentialAction":[{"@type":"ReadAction","target":["https:\/\/nitu.mx\/index.php\/2022\/10\/17\/exito-turistico-con-justicia-social-pide-mara-lezama-en-apertura-del-cancun-travel-mart\/"]}]},{"@type":"ImageObject","inLanguage":"es-MX","@id":"https:\/\/nitu.mx\/index.php\/2022\/10\/17\/exito-turistico-con-justicia-social-pide-mara-lezama-en-apertura-del-cancun-travel-mart\/#primaryimage","url":"https:\/\/nitu.mx\/wp-content\/uploads\/2022\/10\/3300C462-6AD4-404E-B194-DCA4E29C5DA8.jpeg","contentUrl":"https:\/\/nitu.mx\/wp-content\/uploads\/2022\/10\/3300C462-6AD4-404E-B194-DCA4E29C5DA8.jpeg","width":1600,"height":1067},{"@type":"BreadcrumbList","@id":"https:\/\/nitu.mx\/index.php\/2022\/10\/17\/exito-turistico-con-justicia-social-pide-mara-lezama-en-apertura-del-cancun-travel-mart\/#breadcrumb","itemListElement":[{"@type":"ListItem","position":1,"name":"Inicio","item":"https:\/\/nitu.mx\/"},{"@type":"ListItem","position":2,"name":"\u00c9xito tur\u00edstico con justicia social pide Mara Lezama en apertura del Canc\u00fan Travel Mart"}]},{"@type":"WebSite","@id":"https:\/\/nitu.mx\/#website","url":"https:\/\/nitu.mx\/","name":"Nitu - Noticias de la Industria Turistica","description":"Noticias de la Industria Turistica","publisher":{"@id":"https:\/\/nitu.mx\/#\/schema\/person\/ae7a53426417292d3dd07b45a33e01bc"},"alternateName":"Noticias de la Industria Turistica","potentialAction":[{"@type":"SearchAction","target":{"@type":"EntryPoint","urlTemplate":"https:\/\/nitu.mx\/?s={search_term_string}"},"query-input":"required name=search_term_string"}],"inLanguage":"es-MX"},{"@type":["Person","Organization"],"@id":"https:\/\/nitu.mx\/#\/schema\/person\/ae7a53426417292d3dd07b45a33e01bc","name":"Arturo Medina","image":{"@type":"ImageObject","inLanguage":"es-MX","@id":"https:\/\/nitu.mx\/#\/schema\/person\/image\/","url":"https:\/\/nitu.mx\/wp-content\/uploads\/2024\/04\/4A315622-1904-4D5C-B022-878CDC840E04-90x90-1.jpeg","contentUrl":"https:\/\/nitu.mx\/wp-content\/uploads\/2024\/04\/4A315622-1904-4D5C-B022-878CDC840E04-90x90-1.jpeg","width":90,"height":90,"caption":"Arturo Medina"},"logo":{"@id":"https:\/\/nitu.mx\/#\/schema\/person\/image\/"},"description":"Director NITU.mx, Egresado de la Escuela de Periodismo Carlos Septi\u00e9n Garc\u00eda. Periodista y analista especializado en turismo desde hace 35 a\u00f1os, radicado en Canc\u00fan Q.Roo. arturo@nitu.mx","sameAs":["https:\/\/nitu.mx","https:\/\/www.facebook.com\/NITUmx\/","medinacancun","https:\/\/twitter.com\/@Arturo_Medina_G"],"url":"https:\/\/nitu.mx\/index.php\/author\/arturo-medina\/"}]}},"views":411,"_links":{"self":[{"href":"https:\/\/nitu.mx\/index.php\/wp-json\/wp\/v2\/posts\/61838"}],"collection":[{"href":"https:\/\/nitu.mx\/index.php\/wp-json\/wp\/v2\/posts"}],"about":[{"href":"https:\/\/nitu.mx\/index.php\/wp-json\/wp\/v2\/types\/post"}],"author":[{"embeddable":true,"href":"https:\/\/nitu.mx\/index.php\/wp-json\/wp\/v2\/users\/2"}],"replies":[{"embeddable":true,"href":"https:\/\/nitu.mx\/index.php\/wp-json\/wp\/v2\/comments?post=61838"}],"version-history":[{"count":2,"href":"https:\/\/nitu.mx\/index.php\/wp-json\/wp\/v2\/posts\/61838\/revisions"}],"predecessor-version":[{"id":61844,"href":"https:\/\/nitu.mx\/index.php\/wp-json\/wp\/v2\/posts\/61838\/revisions\/61844"}],"wp:featuredmedia":[{"embeddable":true,"href":"https:\/\/nitu.mx\/index.php\/wp-json\/wp\/v2\/media\/61841"}],"wp:attachment":[{"href":"https:\/\/nitu.mx\/index.php\/wp-json\/wp\/v2\/media?parent=61838"}],"wp:term":[{"taxonomy":"category","embeddable":true,"href":"https:\/\/nitu.mx\/index.php\/wp-json\/wp\/v2\/categories?post=61838"},{"taxonomy":"post_tag","embeddable":true,"href":"https:\/\/nitu.mx\/index.php\/wp-json\/wp\/v2\/tags?post=61838"}],"curies":[{"name":"wp","href":"https:\/\/api.w.org\/{rel}","templated":true}]}}