{"id":61815,"date":"2022-10-17T22:34:46","date_gmt":"2022-10-18T03:34:46","guid":{"rendered":"https:\/\/www.dev.nitu.mx\/?p=61815"},"modified":"2022-10-17T23:58:43","modified_gmt":"2022-10-18T04:58:43","slug":"amlo-advierte-posible-freno-al-tren-maya-entre-xpujil-y-chetumal","status":"publish","type":"post","link":"https:\/\/nitu.mx\/index.php\/2022\/10\/17\/amlo-advierte-posible-freno-al-tren-maya-entre-xpujil-y-chetumal\/","title":{"rendered":"AMLO advierte posible freno al Tren Maya entre Xpujil y Chetumal"},"content":{"rendered":"<p>El presidente Andr\u00e9s Manuel L\u00f3pez Obrador advirti\u00f3 que en el tramo de Xpujil a Chetumal hay cinco ejidos que dirigentes, no quieren que pase el Tren Maya; o s\u00ed quieren, pero est\u00e1n condicionando a que la Secretar\u00eda de Infraestructura, Comunicaciones y Transportes les pague una indemnizaci\u00f3n de cuando se construy\u00f3 la carretera de Esc\u00e1rcega a Chetumal.<\/p>\n<p>La situaci\u00f3n podr\u00eda afectar la continuidad del proyecto, asegur\u00f3 el primer mandatario, quien afirma que el resto de tramos ya est\u00e1n liberados; pero este que detonar\u00e1 el sur de Quintana Roo, como lo prometi\u00f3 el fin de semana, podr\u00eda no concluirse.<\/p>\n<p>\u201cEl fin de semana me toc\u00f3 supervisar el Tren Maya, y ya liberamos como mil kil\u00f3metros, lo que se conoce como derecho de v\u00eda, esto lo saben bien los ingenieros, y nos faltan dos tramos para liberar, los que corresponden construir a los ingenieros militares, exactamente de Tulum a Esc\u00e1rcega\u201d, coment\u00f3 L\u00f3pez Obrador.<\/p>\n<p>Durante su conferencia matutina, el presidente dijo: \u201cYa tenemos liberado Palenque, Esc\u00e1rcega, Campeche, M\u00e9rida, Canc\u00fan, Tulum, ya resolvimos el tramo m\u00e1s dif\u00edcil donde nos quer\u00edan \u2018ponchar\u2019, que era el tramo Canc\u00fan-Tulum, porque ah\u00ed hay muchos intereses, muchos\u00a0\u2018billullos\u2019\u00a0de por medio, pero no pudieron; pero ahora nos toca liberar el tramo de Tulum, repito, a Esc\u00e1rcega, que es el tramo para llegar a Felipe Carrillo Puerto, a Bacalar, a Chetumal, todo lo que es el sur de Quintana Roo, que se qued\u00f3 en el abandono, porque prosper\u00f3 el norte de Quintana Roo, primero Canc\u00fan y luego la Riviera Maya, pero el sur se qued\u00f3 en el abandono, como Yucat\u00e1n, como Campeche, como Chiapas, como Tabasco\u201d.<\/p>\n<p>L\u00f3pez Obrador exhort\u00f3 a que se haga la asamblea ciudadana pues afirma que el freno lo pusieron los dirigentes, no los campesinos. \u00a0\u201cS\u00ed queremos el Tren Maya, pero este es un asunto de dirigentes charros,\u00a0\u2018nylon\u2019, que est\u00e1n queriendo sacar provecho\u201d.<\/p>\n<p>El presidente indic\u00f3 que es importante hablar con la gente, se hagan las asambleas y hagan el compromiso de que donde va el trazo del tren se pague con aval\u00fao, porque no podemos nosotros pagar m\u00e1s de lo que se establece en un aval\u00fao, primero.<\/p>\n<p>Y que, si es cierto de que hace 50 a\u00f1os hicieron la carretera no los indemnizaron, que entonces, adem\u00e1s del aval\u00fao, se considere un porcentaje. El aval\u00fao es para apoyar de manera directa a los poseedores de la tierra y en este caso el excedente podr\u00eda ser para mejoras, no para los dirigentes, mejoras en los cinco ejidos.<\/p>\n<p>Si no se acepta, pues se ir\u00e1 por el derecho de v\u00eda, ah\u00ed hay 40 metros, y ya de Chetumal a Esc\u00e1rcega es una sola v\u00eda, es Chetumal a Canc\u00fan y de Canc\u00fan a M\u00e9rida, son dos v\u00edas, se requiere m\u00e1s terreno, pero ac\u00e1 es una sola v\u00eda y s\u00ed podemos acomodar el tren en los 40 metros, la carretera y el tren.<\/p>\n<p>\u201cY s\u00ed aun as\u00ed hay bloqueos y no nos dejan, se queda el tren hasta Xpujil y no hay tren de Xpujil a Chetumal, nada m\u00e1s que se va a saber qui\u00e9nes fueron los responsables de detener esta obra, as\u00ed de claro\u201d, enfatiz\u00f3 AMLO.\u00a0<a title=\"Inversi\u00f3n hist\u00f3rica en el sur para el turismo comprometen Mara y AMLO\" href=\"https:\/\/www.dev.nitu.mx\/index.php\/2022\/10\/15\/inversion-historica-para-el-sur-para-el-turismo-comprometen-mara-y-amlo\/\" rel=\"bookmark\">(Inversi\u00f3n hist\u00f3rica en el sur para el turismo comprometen Mara y AMLO<\/a>).<\/p>\n","protected":false},"excerpt":{"rendered":"<p>El presidente Andr\u00e9s Manuel L\u00f3pez Obrador advirti\u00f3 que en el tramo de Xpujil a Chetumal hay cinco ejidos que dirigentes, no quieren que pase el Tren Maya; o s\u00ed quieren, pero est\u00e1n condicionando a que la Secretar\u00eda de Infraestructura, Comunicaciones y Transportes les pague una indemnizaci\u00f3n de cuando se construy\u00f3 la carretera de Esc\u00e1rcega a [&hellip;]<\/p>\n","protected":false},"author":17,"featured_media":61819,"comment_status":"open","ping_status":"open","sticky":false,"template":"","format":"standard","meta":{"footnotes":""},"categories":[22813],"tags":[10994,454,11427],"yoast_head":"<!-- This site is optimized with the Yoast SEO plugin v22.2 - https:\/\/yoast.com\/wordpress\/plugins\/seo\/ -->\n<title>AMLO advierte posible freno al Tren Maya entre Xpujil y Chetumal - Nitu - Noticias de la Industria Turistica<\/title>\n<meta name=\"robots\" content=\"index, follow, max-snippet:-1, max-image-preview:large, max-video-preview:-1\" \/>\n<link rel=\"canonical\" href=\"https:\/\/nitu.mx\/index.php\/2022\/10\/17\/amlo-advierte-posible-freno-al-tren-maya-entre-xpujil-y-chetumal\/\" \/>\n<meta name=\"twitter:card\" content=\"summary_large_image\" \/>\n<meta name=\"twitter:title\" content=\"AMLO advierte posible freno al Tren Maya entre Xpujil y Chetumal - Nitu - Noticias de la Industria Turistica\" \/>\n<meta name=\"twitter:description\" content=\"El presidente Andr\u00e9s Manuel L\u00f3pez Obrador advirti\u00f3 que en el tramo de Xpujil a Chetumal hay cinco ejidos que dirigentes, no quieren que pase el Tren Maya; o s\u00ed quieren, pero est\u00e1n condicionando a que la Secretar\u00eda de Infraestructura, Comunicaciones y Transportes les pague una indemnizaci\u00f3n de cuando se construy\u00f3 la carretera de Esc\u00e1rcega a [&hellip;]\" \/>\n<meta name=\"twitter:image\" content=\"https:\/\/nitu.mx\/wp-content\/uploads\/2022\/10\/Tren-Maya-M\u00e9rida.jpeg\" \/>\n<meta name=\"twitter:creator\" content=\"@NITUmx\" \/>\n<meta name=\"twitter:site\" content=\"@Arturo_Medina_G\" \/>\n<meta name=\"twitter:label1\" content=\"Escrito por\" \/>\n\t<meta name=\"twitter:data1\" content=\"Redacci\u00f3n\" \/>\n\t<meta name=\"twitter:label2\" content=\"Tiempo de lectura\" \/>\n\t<meta name=\"twitter:data2\" content=\"3 minutos\" \/>\n<script type=\"application\/ld+json\" class=\"yoast-schema-graph\">{\"@context\":\"https:\/\/schema.org\",\"@graph\":[{\"@type\":\"Article\",\"@id\":\"https:\/\/nitu.mx\/index.php\/2022\/10\/17\/amlo-advierte-posible-freno-al-tren-maya-entre-xpujil-y-chetumal\/#article\",\"isPartOf\":{\"@id\":\"https:\/\/nitu.mx\/index.php\/2022\/10\/17\/amlo-advierte-posible-freno-al-tren-maya-entre-xpujil-y-chetumal\/\"},\"author\":{\"name\":\"Redacci\u00f3n\",\"@id\":\"https:\/\/nitu.mx\/#\/schema\/person\/4a28fe9bd65924f7c90623773daf1b0b\"},\"headline\":\"AMLO advierte posible freno al Tren Maya entre Xpujil y Chetumal\",\"datePublished\":\"2022-10-18T03:34:46+00:00\",\"dateModified\":\"2022-10-18T04:58:43+00:00\",\"mainEntityOfPage\":{\"@id\":\"https:\/\/nitu.mx\/index.php\/2022\/10\/17\/amlo-advierte-posible-freno-al-tren-maya-entre-xpujil-y-chetumal\/\"},\"wordCount\":583,\"commentCount\":0,\"publisher\":{\"@id\":\"https:\/\/nitu.mx\/#\/schema\/person\/ae7a53426417292d3dd07b45a33e01bc\"},\"image\":{\"@id\":\"https:\/\/nitu.mx\/index.php\/2022\/10\/17\/amlo-advierte-posible-freno-al-tren-maya-entre-xpujil-y-chetumal\/#primaryimage\"},\"thumbnailUrl\":\"https:\/\/nitu.mx\/wp-content\/uploads\/2022\/10\/Tren-Maya-M\u00e9rida.jpeg\",\"keywords\":[\"AMLO\",\"Chetumal\",\"Tren Maya\"],\"articleSection\":[\"Tren Maya\"],\"inLanguage\":\"es-MX\",\"potentialAction\":[{\"@type\":\"CommentAction\",\"name\":\"Comment\",\"target\":[\"https:\/\/nitu.mx\/index.php\/2022\/10\/17\/amlo-advierte-posible-freno-al-tren-maya-entre-xpujil-y-chetumal\/#respond\"]}]},{\"@type\":\"WebPage\",\"@id\":\"https:\/\/nitu.mx\/index.php\/2022\/10\/17\/amlo-advierte-posible-freno-al-tren-maya-entre-xpujil-y-chetumal\/\",\"url\":\"https:\/\/nitu.mx\/index.php\/2022\/10\/17\/amlo-advierte-posible-freno-al-tren-maya-entre-xpujil-y-chetumal\/\",\"name\":\"AMLO advierte posible freno al Tren Maya entre Xpujil y Chetumal - Nitu - Noticias de la Industria Turistica\",\"isPartOf\":{\"@id\":\"https:\/\/nitu.mx\/#website\"},\"primaryImageOfPage\":{\"@id\":\"https:\/\/nitu.mx\/index.php\/2022\/10\/17\/amlo-advierte-posible-freno-al-tren-maya-entre-xpujil-y-chetumal\/#primaryimage\"},\"image\":{\"@id\":\"https:\/\/nitu.mx\/index.php\/2022\/10\/17\/amlo-advierte-posible-freno-al-tren-maya-entre-xpujil-y-chetumal\/#primaryimage\"},\"thumbnailUrl\":\"https:\/\/nitu.mx\/wp-content\/uploads\/2022\/10\/Tren-Maya-M\u00e9rida.jpeg\",\"datePublished\":\"2022-10-18T03:34:46+00:00\",\"dateModified\":\"2022-10-18T04:58:43+00:00\",\"breadcrumb\":{\"@id\":\"https:\/\/nitu.mx\/index.php\/2022\/10\/17\/amlo-advierte-posible-freno-al-tren-maya-entre-xpujil-y-chetumal\/#breadcrumb\"},\"inLanguage\":\"es-MX\",\"potentialAction\":[{\"@type\":\"ReadAction\",\"target\":[\"https:\/\/nitu.mx\/index.php\/2022\/10\/17\/amlo-advierte-posible-freno-al-tren-maya-entre-xpujil-y-chetumal\/\"]}]},{\"@type\":\"ImageObject\",\"inLanguage\":\"es-MX\",\"@id\":\"https:\/\/nitu.mx\/index.php\/2022\/10\/17\/amlo-advierte-posible-freno-al-tren-maya-entre-xpujil-y-chetumal\/#primaryimage\",\"url\":\"https:\/\/nitu.mx\/wp-content\/uploads\/2022\/10\/Tren-Maya-M\u00e9rida.jpeg\",\"contentUrl\":\"https:\/\/nitu.mx\/wp-content\/uploads\/2022\/10\/Tren-Maya-M\u00e9rida.jpeg\",\"width\":1200,\"height\":675,\"caption\":\"Tren Maya\"},{\"@type\":\"BreadcrumbList\",\"@id\":\"https:\/\/nitu.mx\/index.php\/2022\/10\/17\/amlo-advierte-posible-freno-al-tren-maya-entre-xpujil-y-chetumal\/#breadcrumb\",\"itemListElement\":[{\"@type\":\"ListItem\",\"position\":1,\"name\":\"Inicio\",\"item\":\"https:\/\/nitu.mx\/\"},{\"@type\":\"ListItem\",\"position\":2,\"name\":\"AMLO advierte posible freno al Tren Maya entre Xpujil y Chetumal\"}]},{\"@type\":\"WebSite\",\"@id\":\"https:\/\/nitu.mx\/#website\",\"url\":\"https:\/\/nitu.mx\/\",\"name\":\"Nitu - Noticias de la Industria Turistica\",\"description\":\"Noticias de la Industria Turistica\",\"publisher\":{\"@id\":\"https:\/\/nitu.mx\/#\/schema\/person\/ae7a53426417292d3dd07b45a33e01bc\"},\"alternateName\":\"Noticias de la Industria Turistica\",\"potentialAction\":[{\"@type\":\"SearchAction\",\"target\":{\"@type\":\"EntryPoint\",\"urlTemplate\":\"https:\/\/nitu.mx\/?s={search_term_string}\"},\"query-input\":\"required name=search_term_string\"}],\"inLanguage\":\"es-MX\"},{\"@type\":[\"Person\",\"Organization\"],\"@id\":\"https:\/\/nitu.mx\/#\/schema\/person\/ae7a53426417292d3dd07b45a33e01bc\",\"name\":\"Arturo Medina\",\"image\":{\"@type\":\"ImageObject\",\"inLanguage\":\"es-MX\",\"@id\":\"https:\/\/nitu.mx\/#\/schema\/person\/image\/\",\"url\":\"https:\/\/nitu.mx\/wp-content\/uploads\/2024\/04\/4A315622-1904-4D5C-B022-878CDC840E04-90x90-1.jpeg\",\"contentUrl\":\"https:\/\/nitu.mx\/wp-content\/uploads\/2024\/04\/4A315622-1904-4D5C-B022-878CDC840E04-90x90-1.jpeg\",\"width\":90,\"height\":90,\"caption\":\"Arturo Medina\"},\"logo\":{\"@id\":\"https:\/\/nitu.mx\/#\/schema\/person\/image\/\"},\"description\":\"Director NITU.mx, Egresado de la Escuela de Periodismo Carlos Septi\u00e9n Garc\u00eda. Periodista y analista especializado en turismo desde hace 35 a\u00f1os, radicado en Canc\u00fan Q.Roo. arturo@nitu.mx\",\"sameAs\":[\"https:\/\/nitu.mx\",\"https:\/\/www.facebook.com\/NITUmx\/\",\"medinacancun\",\"https:\/\/twitter.com\/@Arturo_Medina_G\"]},{\"@type\":\"Person\",\"@id\":\"https:\/\/nitu.mx\/#\/schema\/person\/4a28fe9bd65924f7c90623773daf1b0b\",\"name\":\"Redacci\u00f3n\",\"image\":{\"@type\":\"ImageObject\",\"inLanguage\":\"es-MX\",\"@id\":\"https:\/\/nitu.mx\/#\/schema\/person\/image\/\",\"url\":\"https:\/\/secure.gravatar.com\/avatar\/5dd011c8ccfc5cd7e4c81e42252aab38?s=96&d=mm&r=g\",\"contentUrl\":\"https:\/\/secure.gravatar.com\/avatar\/5dd011c8ccfc5cd7e4c81e42252aab38?s=96&d=mm&r=g\",\"caption\":\"Redacci\u00f3n\"},\"url\":\"https:\/\/nitu.mx\/index.php\/author\/redaccion\/\"}]}<\/script>\n<!-- \/ Yoast SEO plugin. -->","yoast_head_json":{"title":"AMLO advierte posible freno al Tren Maya entre Xpujil y Chetumal - Nitu - Noticias de la Industria Turistica","robots":{"index":"index","follow":"follow","max-snippet":"max-snippet:-1","max-image-preview":"max-image-preview:large","max-video-preview":"max-video-preview:-1"},"canonical":"https:\/\/nitu.mx\/index.php\/2022\/10\/17\/amlo-advierte-posible-freno-al-tren-maya-entre-xpujil-y-chetumal\/","twitter_card":"summary_large_image","twitter_title":"AMLO advierte posible freno al Tren Maya entre Xpujil y Chetumal - Nitu - Noticias de la Industria Turistica","twitter_description":"El presidente Andr\u00e9s Manuel L\u00f3pez Obrador advirti\u00f3 que en el tramo de Xpujil a Chetumal hay cinco ejidos que dirigentes, no quieren que pase el Tren Maya; o s\u00ed quieren, pero est\u00e1n condicionando a que la Secretar\u00eda de Infraestructura, Comunicaciones y Transportes les pague una indemnizaci\u00f3n de cuando se construy\u00f3 la carretera de Esc\u00e1rcega a [&hellip;]","twitter_image":"https:\/\/nitu.mx\/wp-content\/uploads\/2022\/10\/Tren-Maya-M\u00e9rida.jpeg","twitter_creator":"@NITUmx","twitter_site":"@Arturo_Medina_G","twitter_misc":{"Escrito por":"Redacci\u00f3n","Tiempo de lectura":"3 minutos"},"schema":{"@context":"https:\/\/schema.org","@graph":[{"@type":"Article","@id":"https:\/\/nitu.mx\/index.php\/2022\/10\/17\/amlo-advierte-posible-freno-al-tren-maya-entre-xpujil-y-chetumal\/#article","isPartOf":{"@id":"https:\/\/nitu.mx\/index.php\/2022\/10\/17\/amlo-advierte-posible-freno-al-tren-maya-entre-xpujil-y-chetumal\/"},"author":{"name":"Redacci\u00f3n","@id":"https:\/\/nitu.mx\/#\/schema\/person\/4a28fe9bd65924f7c90623773daf1b0b"},"headline":"AMLO advierte posible freno al Tren Maya entre Xpujil y Chetumal","datePublished":"2022-10-18T03:34:46+00:00","dateModified":"2022-10-18T04:58:43+00:00","mainEntityOfPage":{"@id":"https:\/\/nitu.mx\/index.php\/2022\/10\/17\/amlo-advierte-posible-freno-al-tren-maya-entre-xpujil-y-chetumal\/"},"wordCount":583,"commentCount":0,"publisher":{"@id":"https:\/\/nitu.mx\/#\/schema\/person\/ae7a53426417292d3dd07b45a33e01bc"},"image":{"@id":"https:\/\/nitu.mx\/index.php\/2022\/10\/17\/amlo-advierte-posible-freno-al-tren-maya-entre-xpujil-y-chetumal\/#primaryimage"},"thumbnailUrl":"https:\/\/nitu.mx\/wp-content\/uploads\/2022\/10\/Tren-Maya-M\u00e9rida.jpeg","keywords":["AMLO","Chetumal","Tren Maya"],"articleSection":["Tren Maya"],"inLanguage":"es-MX","potentialAction":[{"@type":"CommentAction","name":"Comment","target":["https:\/\/nitu.mx\/index.php\/2022\/10\/17\/amlo-advierte-posible-freno-al-tren-maya-entre-xpujil-y-chetumal\/#respond"]}]},{"@type":"WebPage","@id":"https:\/\/nitu.mx\/index.php\/2022\/10\/17\/amlo-advierte-posible-freno-al-tren-maya-entre-xpujil-y-chetumal\/","url":"https:\/\/nitu.mx\/index.php\/2022\/10\/17\/amlo-advierte-posible-freno-al-tren-maya-entre-xpujil-y-chetumal\/","name":"AMLO advierte posible freno al Tren Maya entre Xpujil y Chetumal - Nitu - Noticias de la Industria Turistica","isPartOf":{"@id":"https:\/\/nitu.mx\/#website"},"primaryImageOfPage":{"@id":"https:\/\/nitu.mx\/index.php\/2022\/10\/17\/amlo-advierte-posible-freno-al-tren-maya-entre-xpujil-y-chetumal\/#primaryimage"},"image":{"@id":"https:\/\/nitu.mx\/index.php\/2022\/10\/17\/amlo-advierte-posible-freno-al-tren-maya-entre-xpujil-y-chetumal\/#primaryimage"},"thumbnailUrl":"https:\/\/nitu.mx\/wp-content\/uploads\/2022\/10\/Tren-Maya-M\u00e9rida.jpeg","datePublished":"2022-10-18T03:34:46+00:00","dateModified":"2022-10-18T04:58:43+00:00","breadcrumb":{"@id":"https:\/\/nitu.mx\/index.php\/2022\/10\/17\/amlo-advierte-posible-freno-al-tren-maya-entre-xpujil-y-chetumal\/#breadcrumb"},"inLanguage":"es-MX","potentialAction":[{"@type":"ReadAction","target":["https:\/\/nitu.mx\/index.php\/2022\/10\/17\/amlo-advierte-posible-freno-al-tren-maya-entre-xpujil-y-chetumal\/"]}]},{"@type":"ImageObject","inLanguage":"es-MX","@id":"https:\/\/nitu.mx\/index.php\/2022\/10\/17\/amlo-advierte-posible-freno-al-tren-maya-entre-xpujil-y-chetumal\/#primaryimage","url":"https:\/\/nitu.mx\/wp-content\/uploads\/2022\/10\/Tren-Maya-M\u00e9rida.jpeg","contentUrl":"https:\/\/nitu.mx\/wp-content\/uploads\/2022\/10\/Tren-Maya-M\u00e9rida.jpeg","width":1200,"height":675,"caption":"Tren Maya"},{"@type":"BreadcrumbList","@id":"https:\/\/nitu.mx\/index.php\/2022\/10\/17\/amlo-advierte-posible-freno-al-tren-maya-entre-xpujil-y-chetumal\/#breadcrumb","itemListElement":[{"@type":"ListItem","position":1,"name":"Inicio","item":"https:\/\/nitu.mx\/"},{"@type":"ListItem","position":2,"name":"AMLO advierte posible freno al Tren Maya entre Xpujil y Chetumal"}]},{"@type":"WebSite","@id":"https:\/\/nitu.mx\/#website","url":"https:\/\/nitu.mx\/","name":"Nitu - Noticias de la Industria Turistica","description":"Noticias de la Industria Turistica","publisher":{"@id":"https:\/\/nitu.mx\/#\/schema\/person\/ae7a53426417292d3dd07b45a33e01bc"},"alternateName":"Noticias de la Industria Turistica","potentialAction":[{"@type":"SearchAction","target":{"@type":"EntryPoint","urlTemplate":"https:\/\/nitu.mx\/?s={search_term_string}"},"query-input":"required name=search_term_string"}],"inLanguage":"es-MX"},{"@type":["Person","Organization"],"@id":"https:\/\/nitu.mx\/#\/schema\/person\/ae7a53426417292d3dd07b45a33e01bc","name":"Arturo Medina","image":{"@type":"ImageObject","inLanguage":"es-MX","@id":"https:\/\/nitu.mx\/#\/schema\/person\/image\/","url":"https:\/\/nitu.mx\/wp-content\/uploads\/2024\/04\/4A315622-1904-4D5C-B022-878CDC840E04-90x90-1.jpeg","contentUrl":"https:\/\/nitu.mx\/wp-content\/uploads\/2024\/04\/4A315622-1904-4D5C-B022-878CDC840E04-90x90-1.jpeg","width":90,"height":90,"caption":"Arturo Medina"},"logo":{"@id":"https:\/\/nitu.mx\/#\/schema\/person\/image\/"},"description":"Director NITU.mx, Egresado de la Escuela de Periodismo Carlos Septi\u00e9n Garc\u00eda. Periodista y analista especializado en turismo desde hace 35 a\u00f1os, radicado en Canc\u00fan Q.Roo. arturo@nitu.mx","sameAs":["https:\/\/nitu.mx","https:\/\/www.facebook.com\/NITUmx\/","medinacancun","https:\/\/twitter.com\/@Arturo_Medina_G"]},{"@type":"Person","@id":"https:\/\/nitu.mx\/#\/schema\/person\/4a28fe9bd65924f7c90623773daf1b0b","name":"Redacci\u00f3n","image":{"@type":"ImageObject","inLanguage":"es-MX","@id":"https:\/\/nitu.mx\/#\/schema\/person\/image\/","url":"https:\/\/secure.gravatar.com\/avatar\/5dd011c8ccfc5cd7e4c81e42252aab38?s=96&d=mm&r=g","contentUrl":"https:\/\/secure.gravatar.com\/avatar\/5dd011c8ccfc5cd7e4c81e42252aab38?s=96&d=mm&r=g","caption":"Redacci\u00f3n"},"url":"https:\/\/nitu.mx\/index.php\/author\/redaccion\/"}]}},"views":309,"_links":{"self":[{"href":"https:\/\/nitu.mx\/index.php\/wp-json\/wp\/v2\/posts\/61815"}],"collection":[{"href":"https:\/\/nitu.mx\/index.php\/wp-json\/wp\/v2\/posts"}],"about":[{"href":"https:\/\/nitu.mx\/index.php\/wp-json\/wp\/v2\/types\/post"}],"author":[{"embeddable":true,"href":"https:\/\/nitu.mx\/index.php\/wp-json\/wp\/v2\/users\/17"}],"replies":[{"embeddable":true,"href":"https:\/\/nitu.mx\/index.php\/wp-json\/wp\/v2\/comments?post=61815"}],"version-history":[{"count":3,"href":"https:\/\/nitu.mx\/index.php\/wp-json\/wp\/v2\/posts\/61815\/revisions"}],"predecessor-version":[{"id":61818,"href":"https:\/\/nitu.mx\/index.php\/wp-json\/wp\/v2\/posts\/61815\/revisions\/61818"}],"wp:featuredmedia":[{"embeddable":true,"href":"https:\/\/nitu.mx\/index.php\/wp-json\/wp\/v2\/media\/61819"}],"wp:attachment":[{"href":"https:\/\/nitu.mx\/index.php\/wp-json\/wp\/v2\/media?parent=61815"}],"wp:term":[{"taxonomy":"category","embeddable":true,"href":"https:\/\/nitu.mx\/index.php\/wp-json\/wp\/v2\/categories?post=61815"},{"taxonomy":"post_tag","embeddable":true,"href":"https:\/\/nitu.mx\/index.php\/wp-json\/wp\/v2\/tags?post=61815"}],"curies":[{"name":"wp","href":"https:\/\/api.w.org\/{rel}","templated":true}]}}