{"id":61797,"date":"2022-10-15T23:36:48","date_gmt":"2022-10-16T04:36:48","guid":{"rendered":"https:\/\/www.dev.nitu.mx\/?p=61797"},"modified":"2022-10-16T23:32:33","modified_gmt":"2022-10-17T04:32:33","slug":"inversion-historica-para-el-sur-para-el-turismo-comprometen-mara-y-amlo","status":"publish","type":"post","link":"https:\/\/nitu.mx\/index.php\/2022\/10\/15\/inversion-historica-para-el-sur-para-el-turismo-comprometen-mara-y-amlo\/","title":{"rendered":"Inversi\u00f3n hist\u00f3rica en el sur para el turismo comprometen Mara y AMLO"},"content":{"rendered":"<p>Las zonas sur y maya de Quintana Roo tendr\u00e1n una inversi\u00f3n sin precedente para diversificar la actividad tur\u00edstica y que permita generar prosperidad compartida para las y los ciudadanos, puntualiz\u00f3 la gobernadora del Estado Mara Lezama Espinosa al participar con el Presidente de M\u00e9xico Andr\u00e9s Manuel L\u00f3pez Obrador en una gira de supervisi\u00f3n de obras.<\/p>\n<p>Durante su primera gira de trabajo como gobernadora junto al mandatario federal, Mara Lezama constat\u00f3 el avance en las obras hist\u00f3ricas que se realizan en el Estado, como el Tren Maya.<\/p>\n<p>Mara Lezama llev\u00f3 ante el Presidente de M\u00e9xico la voz de los quintanarroenses con sus demandas m\u00e1s sentidas, que atender\u00e1n trabajando en coordinaci\u00f3n el Gobierno de Quintana Roo y el Gobierno de M\u00e9xico.<\/p>\n<p>Asimismo, para impulsar la prosperidad compartida al sur del estado y como parte del Nuevo Acuerdo por el Bienestar y el Desarrollo de Quintana Roo, la Gobernadora recibi\u00f3 el respaldo para rescatar las zonas arqueol\u00f3gicas de Ichkabal y Paamul, entre otras, que ser\u00e1n atractivos para los millones de turistas que visitan esta tierra.<\/p>\n<p>El Presidente de M\u00e9xico destac\u00f3 al inicio de su gira, en Chetumal, que las y los ciudadanos de Quintana Roo, as\u00ed como la Gobernadora cuentan con todo el apoyo para hacer crecer a esta tierra.<\/p>\n<p>A\u00f1adi\u00f3 que se invertir\u00e1 como nunca en la historia del Estado, en el rescate de zonas arqueol\u00f3gicas para fomentar el turismo, precisamente parte de los ejes trazados por la gobernadora Mara Lezama de fortalecer y diversificar la actividad tur\u00edstica con perspectiva social, rural, sostenible y sustentable.<\/p>\n","protected":false},"excerpt":{"rendered":"<p>Las zonas sur y maya de Quintana Roo tendr\u00e1n una inversi\u00f3n sin precedente para diversificar la actividad tur\u00edstica y que permita generar prosperidad compartida para las y los ciudadanos, puntualiz\u00f3 la gobernadora del Estado Mara Lezama Espinosa al participar con el Presidente de M\u00e9xico Andr\u00e9s Manuel L\u00f3pez Obrador en una gira de supervisi\u00f3n de obras. [&hellip;]<\/p>\n","protected":false},"author":2,"featured_media":61799,"comment_status":"open","ping_status":"open","sticky":false,"template":"","format":"standard","meta":{"footnotes":""},"categories":[18475],"tags":[10577,14028,260],"yoast_head":"<!-- This site is optimized with the Yoast SEO plugin v22.2 - https:\/\/yoast.com\/wordpress\/plugins\/seo\/ -->\n<title>Inversi\u00f3n hist\u00f3rica en el sur para el turismo comprometen Mara y AMLO - Nitu - Noticias de la Industria Turistica<\/title>\n<meta name=\"robots\" content=\"index, follow, max-snippet:-1, max-image-preview:large, max-video-preview:-1\" \/>\n<link rel=\"canonical\" href=\"https:\/\/nitu.mx\/index.php\/2022\/10\/15\/inversion-historica-para-el-sur-para-el-turismo-comprometen-mara-y-amlo\/\" \/>\n<meta name=\"twitter:card\" content=\"summary_large_image\" \/>\n<meta name=\"twitter:title\" content=\"Inversi\u00f3n hist\u00f3rica en el sur para el turismo comprometen Mara y AMLO - Nitu - Noticias de la Industria Turistica\" \/>\n<meta name=\"twitter:description\" content=\"Las zonas sur y maya de Quintana Roo tendr\u00e1n una inversi\u00f3n sin precedente para diversificar la actividad tur\u00edstica y que permita generar prosperidad compartida para las y los ciudadanos, puntualiz\u00f3 la gobernadora del Estado Mara Lezama Espinosa al participar con el Presidente de M\u00e9xico Andr\u00e9s Manuel L\u00f3pez Obrador en una gira de supervisi\u00f3n de obras. [&hellip;]\" \/>\n<meta name=\"twitter:image\" content=\"https:\/\/nitu.mx\/wp-content\/uploads\/2022\/10\/469EB974-CCEB-49B5-ABAA-1167A4C4A3AE.jpeg\" \/>\n<meta name=\"twitter:creator\" content=\"@Arturo_Medina_G\" \/>\n<meta name=\"twitter:site\" content=\"@Arturo_Medina_G\" \/>\n<meta name=\"twitter:label1\" content=\"Escrito por\" \/>\n\t<meta name=\"twitter:data1\" content=\"Arturo Medina\" \/>\n\t<meta name=\"twitter:label2\" content=\"Tiempo de lectura\" \/>\n\t<meta name=\"twitter:data2\" content=\"1 minuto\" \/>\n<script type=\"application\/ld+json\" class=\"yoast-schema-graph\">{\"@context\":\"https:\/\/schema.org\",\"@graph\":[{\"@type\":\"Article\",\"@id\":\"https:\/\/nitu.mx\/index.php\/2022\/10\/15\/inversion-historica-para-el-sur-para-el-turismo-comprometen-mara-y-amlo\/#article\",\"isPartOf\":{\"@id\":\"https:\/\/nitu.mx\/index.php\/2022\/10\/15\/inversion-historica-para-el-sur-para-el-turismo-comprometen-mara-y-amlo\/\"},\"author\":{\"name\":\"Arturo Medina\",\"@id\":\"https:\/\/nitu.mx\/#\/schema\/person\/ae7a53426417292d3dd07b45a33e01bc\"},\"headline\":\"Inversi\u00f3n hist\u00f3rica en el sur para el turismo comprometen Mara y AMLO\",\"datePublished\":\"2022-10-16T04:36:48+00:00\",\"dateModified\":\"2022-10-17T04:32:33+00:00\",\"mainEntityOfPage\":{\"@id\":\"https:\/\/nitu.mx\/index.php\/2022\/10\/15\/inversion-historica-para-el-sur-para-el-turismo-comprometen-mara-y-amlo\/\"},\"wordCount\":286,\"commentCount\":0,\"publisher\":{\"@id\":\"https:\/\/nitu.mx\/#\/schema\/person\/ae7a53426417292d3dd07b45a33e01bc\"},\"image\":{\"@id\":\"https:\/\/nitu.mx\/index.php\/2022\/10\/15\/inversion-historica-para-el-sur-para-el-turismo-comprometen-mara-y-amlo\/#primaryimage\"},\"thumbnailUrl\":\"https:\/\/nitu.mx\/wp-content\/uploads\/2022\/10\/469EB974-CCEB-49B5-ABAA-1167A4C4A3AE.jpeg\",\"keywords\":[\"Andr\u00e9s Manuel L\u00f3pez Obrador (AMLO)\",\"Mara Lezama\",\"Quintana Roo\"],\"articleSection\":[\"Caribe Mexicano\"],\"inLanguage\":\"es-MX\",\"potentialAction\":[{\"@type\":\"CommentAction\",\"name\":\"Comment\",\"target\":[\"https:\/\/nitu.mx\/index.php\/2022\/10\/15\/inversion-historica-para-el-sur-para-el-turismo-comprometen-mara-y-amlo\/#respond\"]}]},{\"@type\":\"WebPage\",\"@id\":\"https:\/\/nitu.mx\/index.php\/2022\/10\/15\/inversion-historica-para-el-sur-para-el-turismo-comprometen-mara-y-amlo\/\",\"url\":\"https:\/\/nitu.mx\/index.php\/2022\/10\/15\/inversion-historica-para-el-sur-para-el-turismo-comprometen-mara-y-amlo\/\",\"name\":\"Inversi\u00f3n hist\u00f3rica en el sur para el turismo comprometen Mara y AMLO - Nitu - Noticias de la Industria Turistica\",\"isPartOf\":{\"@id\":\"https:\/\/nitu.mx\/#website\"},\"primaryImageOfPage\":{\"@id\":\"https:\/\/nitu.mx\/index.php\/2022\/10\/15\/inversion-historica-para-el-sur-para-el-turismo-comprometen-mara-y-amlo\/#primaryimage\"},\"image\":{\"@id\":\"https:\/\/nitu.mx\/index.php\/2022\/10\/15\/inversion-historica-para-el-sur-para-el-turismo-comprometen-mara-y-amlo\/#primaryimage\"},\"thumbnailUrl\":\"https:\/\/nitu.mx\/wp-content\/uploads\/2022\/10\/469EB974-CCEB-49B5-ABAA-1167A4C4A3AE.jpeg\",\"datePublished\":\"2022-10-16T04:36:48+00:00\",\"dateModified\":\"2022-10-17T04:32:33+00:00\",\"breadcrumb\":{\"@id\":\"https:\/\/nitu.mx\/index.php\/2022\/10\/15\/inversion-historica-para-el-sur-para-el-turismo-comprometen-mara-y-amlo\/#breadcrumb\"},\"inLanguage\":\"es-MX\",\"potentialAction\":[{\"@type\":\"ReadAction\",\"target\":[\"https:\/\/nitu.mx\/index.php\/2022\/10\/15\/inversion-historica-para-el-sur-para-el-turismo-comprometen-mara-y-amlo\/\"]}]},{\"@type\":\"ImageObject\",\"inLanguage\":\"es-MX\",\"@id\":\"https:\/\/nitu.mx\/index.php\/2022\/10\/15\/inversion-historica-para-el-sur-para-el-turismo-comprometen-mara-y-amlo\/#primaryimage\",\"url\":\"https:\/\/nitu.mx\/wp-content\/uploads\/2022\/10\/469EB974-CCEB-49B5-ABAA-1167A4C4A3AE.jpeg\",\"contentUrl\":\"https:\/\/nitu.mx\/wp-content\/uploads\/2022\/10\/469EB974-CCEB-49B5-ABAA-1167A4C4A3AE.jpeg\",\"width\":1215,\"height\":750},{\"@type\":\"BreadcrumbList\",\"@id\":\"https:\/\/nitu.mx\/index.php\/2022\/10\/15\/inversion-historica-para-el-sur-para-el-turismo-comprometen-mara-y-amlo\/#breadcrumb\",\"itemListElement\":[{\"@type\":\"ListItem\",\"position\":1,\"name\":\"Inicio\",\"item\":\"https:\/\/nitu.mx\/\"},{\"@type\":\"ListItem\",\"position\":2,\"name\":\"Inversi\u00f3n hist\u00f3rica en el sur para el turismo comprometen Mara y AMLO\"}]},{\"@type\":\"WebSite\",\"@id\":\"https:\/\/nitu.mx\/#website\",\"url\":\"https:\/\/nitu.mx\/\",\"name\":\"Nitu - Noticias de la Industria Turistica\",\"description\":\"Noticias de la Industria Turistica\",\"publisher\":{\"@id\":\"https:\/\/nitu.mx\/#\/schema\/person\/ae7a53426417292d3dd07b45a33e01bc\"},\"alternateName\":\"Noticias de la Industria Turistica\",\"potentialAction\":[{\"@type\":\"SearchAction\",\"target\":{\"@type\":\"EntryPoint\",\"urlTemplate\":\"https:\/\/nitu.mx\/?s={search_term_string}\"},\"query-input\":\"required name=search_term_string\"}],\"inLanguage\":\"es-MX\"},{\"@type\":[\"Person\",\"Organization\"],\"@id\":\"https:\/\/nitu.mx\/#\/schema\/person\/ae7a53426417292d3dd07b45a33e01bc\",\"name\":\"Arturo Medina\",\"image\":{\"@type\":\"ImageObject\",\"inLanguage\":\"es-MX\",\"@id\":\"https:\/\/nitu.mx\/#\/schema\/person\/image\/\",\"url\":\"https:\/\/nitu.mx\/wp-content\/uploads\/2024\/04\/4A315622-1904-4D5C-B022-878CDC840E04-90x90-1.jpeg\",\"contentUrl\":\"https:\/\/nitu.mx\/wp-content\/uploads\/2024\/04\/4A315622-1904-4D5C-B022-878CDC840E04-90x90-1.jpeg\",\"width\":90,\"height\":90,\"caption\":\"Arturo Medina\"},\"logo\":{\"@id\":\"https:\/\/nitu.mx\/#\/schema\/person\/image\/\"},\"description\":\"Director NITU.mx, Egresado de la Escuela de Periodismo Carlos Septi\u00e9n Garc\u00eda. Periodista y analista especializado en turismo desde hace 35 a\u00f1os, radicado en Canc\u00fan Q.Roo. arturo@nitu.mx\",\"sameAs\":[\"https:\/\/nitu.mx\",\"https:\/\/www.facebook.com\/NITUmx\/\",\"medinacancun\",\"https:\/\/twitter.com\/@Arturo_Medina_G\"],\"url\":\"https:\/\/nitu.mx\/index.php\/author\/arturo-medina\/\"}]}<\/script>\n<!-- \/ Yoast SEO plugin. -->","yoast_head_json":{"title":"Inversi\u00f3n hist\u00f3rica en el sur para el turismo comprometen Mara y AMLO - Nitu - Noticias de la Industria Turistica","robots":{"index":"index","follow":"follow","max-snippet":"max-snippet:-1","max-image-preview":"max-image-preview:large","max-video-preview":"max-video-preview:-1"},"canonical":"https:\/\/nitu.mx\/index.php\/2022\/10\/15\/inversion-historica-para-el-sur-para-el-turismo-comprometen-mara-y-amlo\/","twitter_card":"summary_large_image","twitter_title":"Inversi\u00f3n hist\u00f3rica en el sur para el turismo comprometen Mara y AMLO - Nitu - Noticias de la Industria Turistica","twitter_description":"Las zonas sur y maya de Quintana Roo tendr\u00e1n una inversi\u00f3n sin precedente para diversificar la actividad tur\u00edstica y que permita generar prosperidad compartida para las y los ciudadanos, puntualiz\u00f3 la gobernadora del Estado Mara Lezama Espinosa al participar con el Presidente de M\u00e9xico Andr\u00e9s Manuel L\u00f3pez Obrador en una gira de supervisi\u00f3n de obras. [&hellip;]","twitter_image":"https:\/\/nitu.mx\/wp-content\/uploads\/2022\/10\/469EB974-CCEB-49B5-ABAA-1167A4C4A3AE.jpeg","twitter_creator":"@Arturo_Medina_G","twitter_site":"@Arturo_Medina_G","twitter_misc":{"Escrito por":"Arturo Medina","Tiempo de lectura":"1 minuto"},"schema":{"@context":"https:\/\/schema.org","@graph":[{"@type":"Article","@id":"https:\/\/nitu.mx\/index.php\/2022\/10\/15\/inversion-historica-para-el-sur-para-el-turismo-comprometen-mara-y-amlo\/#article","isPartOf":{"@id":"https:\/\/nitu.mx\/index.php\/2022\/10\/15\/inversion-historica-para-el-sur-para-el-turismo-comprometen-mara-y-amlo\/"},"author":{"name":"Arturo Medina","@id":"https:\/\/nitu.mx\/#\/schema\/person\/ae7a53426417292d3dd07b45a33e01bc"},"headline":"Inversi\u00f3n hist\u00f3rica en el sur para el turismo comprometen Mara y AMLO","datePublished":"2022-10-16T04:36:48+00:00","dateModified":"2022-10-17T04:32:33+00:00","mainEntityOfPage":{"@id":"https:\/\/nitu.mx\/index.php\/2022\/10\/15\/inversion-historica-para-el-sur-para-el-turismo-comprometen-mara-y-amlo\/"},"wordCount":286,"commentCount":0,"publisher":{"@id":"https:\/\/nitu.mx\/#\/schema\/person\/ae7a53426417292d3dd07b45a33e01bc"},"image":{"@id":"https:\/\/nitu.mx\/index.php\/2022\/10\/15\/inversion-historica-para-el-sur-para-el-turismo-comprometen-mara-y-amlo\/#primaryimage"},"thumbnailUrl":"https:\/\/nitu.mx\/wp-content\/uploads\/2022\/10\/469EB974-CCEB-49B5-ABAA-1167A4C4A3AE.jpeg","keywords":["Andr\u00e9s Manuel L\u00f3pez Obrador (AMLO)","Mara Lezama","Quintana Roo"],"articleSection":["Caribe Mexicano"],"inLanguage":"es-MX","potentialAction":[{"@type":"CommentAction","name":"Comment","target":["https:\/\/nitu.mx\/index.php\/2022\/10\/15\/inversion-historica-para-el-sur-para-el-turismo-comprometen-mara-y-amlo\/#respond"]}]},{"@type":"WebPage","@id":"https:\/\/nitu.mx\/index.php\/2022\/10\/15\/inversion-historica-para-el-sur-para-el-turismo-comprometen-mara-y-amlo\/","url":"https:\/\/nitu.mx\/index.php\/2022\/10\/15\/inversion-historica-para-el-sur-para-el-turismo-comprometen-mara-y-amlo\/","name":"Inversi\u00f3n hist\u00f3rica en el sur para el turismo comprometen Mara y AMLO - Nitu - Noticias de la Industria Turistica","isPartOf":{"@id":"https:\/\/nitu.mx\/#website"},"primaryImageOfPage":{"@id":"https:\/\/nitu.mx\/index.php\/2022\/10\/15\/inversion-historica-para-el-sur-para-el-turismo-comprometen-mara-y-amlo\/#primaryimage"},"image":{"@id":"https:\/\/nitu.mx\/index.php\/2022\/10\/15\/inversion-historica-para-el-sur-para-el-turismo-comprometen-mara-y-amlo\/#primaryimage"},"thumbnailUrl":"https:\/\/nitu.mx\/wp-content\/uploads\/2022\/10\/469EB974-CCEB-49B5-ABAA-1167A4C4A3AE.jpeg","datePublished":"2022-10-16T04:36:48+00:00","dateModified":"2022-10-17T04:32:33+00:00","breadcrumb":{"@id":"https:\/\/nitu.mx\/index.php\/2022\/10\/15\/inversion-historica-para-el-sur-para-el-turismo-comprometen-mara-y-amlo\/#breadcrumb"},"inLanguage":"es-MX","potentialAction":[{"@type":"ReadAction","target":["https:\/\/nitu.mx\/index.php\/2022\/10\/15\/inversion-historica-para-el-sur-para-el-turismo-comprometen-mara-y-amlo\/"]}]},{"@type":"ImageObject","inLanguage":"es-MX","@id":"https:\/\/nitu.mx\/index.php\/2022\/10\/15\/inversion-historica-para-el-sur-para-el-turismo-comprometen-mara-y-amlo\/#primaryimage","url":"https:\/\/nitu.mx\/wp-content\/uploads\/2022\/10\/469EB974-CCEB-49B5-ABAA-1167A4C4A3AE.jpeg","contentUrl":"https:\/\/nitu.mx\/wp-content\/uploads\/2022\/10\/469EB974-CCEB-49B5-ABAA-1167A4C4A3AE.jpeg","width":1215,"height":750},{"@type":"BreadcrumbList","@id":"https:\/\/nitu.mx\/index.php\/2022\/10\/15\/inversion-historica-para-el-sur-para-el-turismo-comprometen-mara-y-amlo\/#breadcrumb","itemListElement":[{"@type":"ListItem","position":1,"name":"Inicio","item":"https:\/\/nitu.mx\/"},{"@type":"ListItem","position":2,"name":"Inversi\u00f3n hist\u00f3rica en el sur para el turismo comprometen Mara y AMLO"}]},{"@type":"WebSite","@id":"https:\/\/nitu.mx\/#website","url":"https:\/\/nitu.mx\/","name":"Nitu - Noticias de la Industria Turistica","description":"Noticias de la Industria Turistica","publisher":{"@id":"https:\/\/nitu.mx\/#\/schema\/person\/ae7a53426417292d3dd07b45a33e01bc"},"alternateName":"Noticias de la Industria Turistica","potentialAction":[{"@type":"SearchAction","target":{"@type":"EntryPoint","urlTemplate":"https:\/\/nitu.mx\/?s={search_term_string}"},"query-input":"required name=search_term_string"}],"inLanguage":"es-MX"},{"@type":["Person","Organization"],"@id":"https:\/\/nitu.mx\/#\/schema\/person\/ae7a53426417292d3dd07b45a33e01bc","name":"Arturo Medina","image":{"@type":"ImageObject","inLanguage":"es-MX","@id":"https:\/\/nitu.mx\/#\/schema\/person\/image\/","url":"https:\/\/nitu.mx\/wp-content\/uploads\/2024\/04\/4A315622-1904-4D5C-B022-878CDC840E04-90x90-1.jpeg","contentUrl":"https:\/\/nitu.mx\/wp-content\/uploads\/2024\/04\/4A315622-1904-4D5C-B022-878CDC840E04-90x90-1.jpeg","width":90,"height":90,"caption":"Arturo Medina"},"logo":{"@id":"https:\/\/nitu.mx\/#\/schema\/person\/image\/"},"description":"Director NITU.mx, Egresado de la Escuela de Periodismo Carlos Septi\u00e9n Garc\u00eda. Periodista y analista especializado en turismo desde hace 35 a\u00f1os, radicado en Canc\u00fan Q.Roo. arturo@nitu.mx","sameAs":["https:\/\/nitu.mx","https:\/\/www.facebook.com\/NITUmx\/","medinacancun","https:\/\/twitter.com\/@Arturo_Medina_G"],"url":"https:\/\/nitu.mx\/index.php\/author\/arturo-medina\/"}]}},"views":231,"_links":{"self":[{"href":"https:\/\/nitu.mx\/index.php\/wp-json\/wp\/v2\/posts\/61797"}],"collection":[{"href":"https:\/\/nitu.mx\/index.php\/wp-json\/wp\/v2\/posts"}],"about":[{"href":"https:\/\/nitu.mx\/index.php\/wp-json\/wp\/v2\/types\/post"}],"author":[{"embeddable":true,"href":"https:\/\/nitu.mx\/index.php\/wp-json\/wp\/v2\/users\/2"}],"replies":[{"embeddable":true,"href":"https:\/\/nitu.mx\/index.php\/wp-json\/wp\/v2\/comments?post=61797"}],"version-history":[{"count":3,"href":"https:\/\/nitu.mx\/index.php\/wp-json\/wp\/v2\/posts\/61797\/revisions"}],"predecessor-version":[{"id":61814,"href":"https:\/\/nitu.mx\/index.php\/wp-json\/wp\/v2\/posts\/61797\/revisions\/61814"}],"wp:featuredmedia":[{"embeddable":true,"href":"https:\/\/nitu.mx\/index.php\/wp-json\/wp\/v2\/media\/61799"}],"wp:attachment":[{"href":"https:\/\/nitu.mx\/index.php\/wp-json\/wp\/v2\/media?parent=61797"}],"wp:term":[{"taxonomy":"category","embeddable":true,"href":"https:\/\/nitu.mx\/index.php\/wp-json\/wp\/v2\/categories?post=61797"},{"taxonomy":"post_tag","embeddable":true,"href":"https:\/\/nitu.mx\/index.php\/wp-json\/wp\/v2\/tags?post=61797"}],"curies":[{"name":"wp","href":"https:\/\/api.w.org\/{rel}","templated":true}]}}