{"id":61698,"date":"2022-10-09T15:57:28","date_gmt":"2022-10-09T20:57:28","guid":{"rendered":"https:\/\/www.dev.nitu.mx\/?p=61698"},"modified":"2022-10-09T23:12:07","modified_gmt":"2022-10-10T04:12:07","slug":"mexico-va-por-la-reactivacion-del-turismo-canadiense-con-toca-puertas","status":"publish","type":"post","link":"https:\/\/nitu.mx\/index.php\/2022\/10\/09\/mexico-va-por-la-reactivacion-del-turismo-canadiense-con-toca-puertas\/","title":{"rendered":"M\u00e9xico va por la reactivaci\u00f3n del turismo canadiense con Toca Puertas"},"content":{"rendered":"<p>Con el objetivo de recuperar el turismo canadiense, segundo mercado emisor de viajeros internacionales a M\u00e9xico, se llev\u00f3 a cabo la gira Operaci\u00f3n Toca Puertas que recorri\u00f3 las ciudades de Toronto, Ottawa y Montreal.<\/p>\n<p>La gira de trabajo consisti\u00f3 en cinco d\u00edas de actividades, encabezadas por el secretario de Turismo federal, Miguel Torruco Marqu\u00e9s, acompa\u00f1ado de representantes de los estados de Baja California, Baja California Sur, Nayarit y Yucat\u00e1n; as\u00ed como del Caribe Mexicano, con la participaci\u00f3n de Jes\u00fas Almaguer, presidente de la Asociaci\u00f3n de Hoteles de Canc\u00fan, Puerto Morelos e Isla Mujeres.<\/p>\n<p>En la comitiva de M\u00e9xico tambi\u00e9n participaron empresarios hoteleros de AMR Collection y Grupo Hotelero Santa Fe, representando a la Asociaci\u00f3n Nacional de Cadenas Hoteleras (ANCH), as\u00ed como de Aerom\u00e9xico.<\/p>\n<p>Torruco Marqu\u00e9s se reuni\u00f3 con\u00a0autoridades de Global Affairs Canada (GAC), con quien acord\u00f3 fortalecer la comunicaci\u00f3n sobre la forma como se manejan las alertas de viaje de Canad\u00e1 a M\u00e9xico, para que \u00e9stas sean focalizadas.<\/p>\n<p>Destaca tambi\u00e9n la reuni\u00f3n que sostuvo con Randy Boissonnault, ministro de Turismo de Canad\u00e1, para fortalecer la relaci\u00f3n bilateral, y en donde sentaron las bases de la estrategia para la reactivaci\u00f3n tur\u00edstica post pandemia entre ambos pa\u00edses; as\u00ed como acordar una pr\u00f3xima visita a M\u00e9xico por parte del ministro canadiense, en la cual recorrer\u00e1 Pueblos M\u00e1gicos, entre otros destinos tur\u00edsticos.<\/p>\n<p>La comitiva de la Operaci\u00f3n Toca Puertas visit\u00f3 a los representantes de las principales l\u00edneas a\u00e9reas canadienses que vuelan a M\u00e9xico.<\/p>\n<p>Con el director general de Air Canada, Michael Rousseau, el secretario de Turismo platic\u00f3 sobre los avances que ha habido para facilitar el ingreso de los turistas internacionales, en coordinaci\u00f3n con la Secretar\u00eda de Relaciones Exteriores (SRE) y el Instituto Nacional de Migraci\u00f3n (INM), que gracias a la reforma al art\u00edculo 35 de la Ley de Migraci\u00f3n, permite el uso de herramientas tecnol\u00f3gicas para el proceso de entrada a nuestro pa\u00eds.<\/p>\n<p>Adem\u00e1s, les extendi\u00f3 la invitaci\u00f3n para que asistan al Tianguis Tur\u00edstico 2023 en Ciudad de M\u00e9xico, en donde habr\u00e1 un pabell\u00f3n especial para aerol\u00edneas.<\/p>\n<p>Por su parte, Daniela Mauro, directora de Asuntos Internacionales de Air Canada, se\u00f1al\u00f3 que M\u00e9xico es un mercado muy importante, tanto en segmentos de negocios como de placer, as\u00ed como el de visitas a familiares y amigos, \u00e9ste \u00faltimo, uno de los m\u00e1s rentables. Reconoci\u00f3 las medidas implementadas por el Gobierno de M\u00e9xico para la r\u00e1pida recuperaci\u00f3n del turismo.<\/p>\n<p>Torruco Marqu\u00e9s\u00a0tambi\u00e9n sostuvo un encuentro con Annik Gu\u00e9rard y Michele Barre, CEO y vicepresidente de Transat, respectivamente, con el prop\u00f3sito de llegar a acuerdos que fortalezcan el flujo de turistas de Canad\u00e1 a M\u00e9xico, desde Montreal; y recordaron que esta l\u00ednea a\u00e9rea efectu\u00f3 su vuelo inaugural en 1987, viajando de Montreal a Acapulco, Guerrero.<\/p>\n<p>Los ejecutivos mostraron un gran inter\u00e9s en ofrecer m\u00e1s asientos a\u00e9reos, as\u00ed como paquetes de viaje, gracias a su gran capacidad de distribuci\u00f3n. Plantearon tambi\u00e9n el programa de vuelos para la temporada invernal en M\u00e9xico, en destinos de playa como Canc\u00fan y Puerto Vallarta, luego los buenos resultados del verano.<\/p>\n<p>Con David Cecco, director de Producto de WestJet Vacations, Torruco Marqu\u00e9s convers\u00f3 sobre la importancia de coordinar estrategias que detonen la conectividad hacia nuevos destinos para esta compa\u00f1\u00eda.<\/p>\n<p>Cabe destacar que en 2019, las principales aerol\u00edneas con rutas Canad\u00e1-M\u00e9xico-Canad\u00e1 fueron WestJet, en primer lugar, seguida de Air Canada, Sunwing, Air Transat y Aerom\u00e9xico, con 89.1% de la oferta. De enero a julio de este 2022, estas aerol\u00edneas operaron 95.3% de las rutas entre ambos pa\u00edses.<\/p>\n<p>En la gira Toca Puertas por Canad\u00e1, el secretario de Turismo present\u00f3 a m\u00e1s de 100 touroperadores, el seminario\u00a0\u201cAs\u00ed es M\u00e9xico\u201d, para dar a conocer el estado actual del sector en M\u00e9xico, los nuevos proyectos y productos tur\u00edsticos, adem\u00e1s de escuchar a los representantes de los estados del pa\u00eds que acompa\u00f1an la gira: Baja California, Baja California Sur, Nayarit y Yucat\u00e1n.<\/p>\n<p>Adem\u00e1s, se sostuvieron encuentros con las autoridades de Turismo de Toronto y Montreal; as\u00ed como visitas a las principales instituciones educativas de hoteler\u00eda, gastronom\u00eda y turismo.<\/p>\n<p>La Operaci\u00f3n Toca Puertas en Canad\u00e1 cont\u00f3 con el apoyo de la\u00a0Embajada de M\u00e9xico en este pa\u00eds, a cargo del embajador Arturo Hern\u00e1ndez Basave, as\u00ed como de los c\u00f3nsules generales de M\u00e9xico en Toronto,\u00a0Porfirio Thierry Mu\u00f1oz Ledo;\u00a0y en Montreal, Alejandro Estivill.\u00a0<a title=\"CPTQ realiza Road Show en Canad\u00e1\" href=\"https:\/\/www.dev.nitu.mx\/index.php\/2022\/08\/29\/cptq-realiza-road-show-en-canada\/\" rel=\"bookmark\">(CPTQ realiza Road Show en Canad\u00e1<\/a>).<\/p>\n","protected":false},"excerpt":{"rendered":"<p>Con el objetivo de recuperar el turismo canadiense, segundo mercado emisor de viajeros internacionales a M\u00e9xico, se llev\u00f3 a cabo la gira Operaci\u00f3n Toca Puertas que recorri\u00f3 las ciudades de Toronto, Ottawa y Montreal. La gira de trabajo consisti\u00f3 en cinco d\u00edas de actividades, encabezadas por el secretario de Turismo federal, Miguel Torruco Marqu\u00e9s, acompa\u00f1ado [&hellip;]<\/p>\n","protected":false},"author":17,"featured_media":61700,"comment_status":"open","ping_status":"open","sticky":false,"template":"","format":"standard","meta":{"footnotes":""},"categories":[5],"tags":[18361,1031,1082,910,93,22847],"yoast_head":"<!-- This site is optimized with the Yoast SEO plugin v22.2 - https:\/\/yoast.com\/wordpress\/plugins\/seo\/ -->\n<title>M\u00e9xico va por la reactivaci\u00f3n del turismo canadiense con Toca Puertas - Nitu - Noticias de la Industria Turistica<\/title>\n<meta name=\"robots\" content=\"index, follow, max-snippet:-1, max-image-preview:large, max-video-preview:-1\" \/>\n<link rel=\"canonical\" href=\"https:\/\/nitu.mx\/index.php\/2022\/10\/09\/mexico-va-por-la-reactivacion-del-turismo-canadiense-con-toca-puertas\/\" \/>\n<meta name=\"twitter:card\" content=\"summary_large_image\" \/>\n<meta name=\"twitter:title\" content=\"M\u00e9xico va por la reactivaci\u00f3n del turismo canadiense con Toca Puertas - Nitu - Noticias de la Industria Turistica\" \/>\n<meta name=\"twitter:description\" content=\"Con el objetivo de recuperar el turismo canadiense, segundo mercado emisor de viajeros internacionales a M\u00e9xico, se llev\u00f3 a cabo la gira Operaci\u00f3n Toca Puertas que recorri\u00f3 las ciudades de Toronto, Ottawa y Montreal. La gira de trabajo consisti\u00f3 en cinco d\u00edas de actividades, encabezadas por el secretario de Turismo federal, Miguel Torruco Marqu\u00e9s, acompa\u00f1ado [&hellip;]\" \/>\n<meta name=\"twitter:image\" content=\"https:\/\/nitu.mx\/wp-content\/uploads\/2022\/10\/Operaci\u00f3n-Toca-Puertas-Canad\u00e1.jpeg\" \/>\n<meta name=\"twitter:creator\" content=\"@NITUmx\" \/>\n<meta name=\"twitter:site\" content=\"@Arturo_Medina_G\" \/>\n<meta name=\"twitter:label1\" content=\"Escrito por\" \/>\n\t<meta name=\"twitter:data1\" content=\"Redacci\u00f3n\" \/>\n\t<meta name=\"twitter:label2\" content=\"Tiempo de lectura\" \/>\n\t<meta name=\"twitter:data2\" content=\"4 minutos\" \/>\n<script type=\"application\/ld+json\" class=\"yoast-schema-graph\">{\"@context\":\"https:\/\/schema.org\",\"@graph\":[{\"@type\":\"Article\",\"@id\":\"https:\/\/nitu.mx\/index.php\/2022\/10\/09\/mexico-va-por-la-reactivacion-del-turismo-canadiense-con-toca-puertas\/#article\",\"isPartOf\":{\"@id\":\"https:\/\/nitu.mx\/index.php\/2022\/10\/09\/mexico-va-por-la-reactivacion-del-turismo-canadiense-con-toca-puertas\/\"},\"author\":{\"name\":\"Redacci\u00f3n\",\"@id\":\"https:\/\/nitu.mx\/#\/schema\/person\/4a28fe9bd65924f7c90623773daf1b0b\"},\"headline\":\"M\u00e9xico va por la reactivaci\u00f3n del turismo canadiense con Toca Puertas\",\"datePublished\":\"2022-10-09T20:57:28+00:00\",\"dateModified\":\"2022-10-10T04:12:07+00:00\",\"mainEntityOfPage\":{\"@id\":\"https:\/\/nitu.mx\/index.php\/2022\/10\/09\/mexico-va-por-la-reactivacion-del-turismo-canadiense-con-toca-puertas\/\"},\"wordCount\":807,\"commentCount\":0,\"publisher\":{\"@id\":\"https:\/\/nitu.mx\/#\/schema\/person\/ae7a53426417292d3dd07b45a33e01bc\"},\"image\":{\"@id\":\"https:\/\/nitu.mx\/index.php\/2022\/10\/09\/mexico-va-por-la-reactivacion-del-turismo-canadiense-con-toca-puertas\/#primaryimage\"},\"thumbnailUrl\":\"https:\/\/nitu.mx\/wp-content\/uploads\/2022\/10\/Operaci\u00f3n-Toca-Puertas-Canad\u00e1.jpeg\",\"keywords\":[\"AHCPM&amp;IM\",\"Canad\u00e1\",\"Jes\u00fas Almaguer\",\"Miguel Torruco\",\"Sectur\",\"Toca Puertas\"],\"articleSection\":[\"Destinos\"],\"inLanguage\":\"es-MX\",\"potentialAction\":[{\"@type\":\"CommentAction\",\"name\":\"Comment\",\"target\":[\"https:\/\/nitu.mx\/index.php\/2022\/10\/09\/mexico-va-por-la-reactivacion-del-turismo-canadiense-con-toca-puertas\/#respond\"]}]},{\"@type\":\"WebPage\",\"@id\":\"https:\/\/nitu.mx\/index.php\/2022\/10\/09\/mexico-va-por-la-reactivacion-del-turismo-canadiense-con-toca-puertas\/\",\"url\":\"https:\/\/nitu.mx\/index.php\/2022\/10\/09\/mexico-va-por-la-reactivacion-del-turismo-canadiense-con-toca-puertas\/\",\"name\":\"M\u00e9xico va por la reactivaci\u00f3n del turismo canadiense con Toca Puertas - Nitu - Noticias de la Industria Turistica\",\"isPartOf\":{\"@id\":\"https:\/\/nitu.mx\/#website\"},\"primaryImageOfPage\":{\"@id\":\"https:\/\/nitu.mx\/index.php\/2022\/10\/09\/mexico-va-por-la-reactivacion-del-turismo-canadiense-con-toca-puertas\/#primaryimage\"},\"image\":{\"@id\":\"https:\/\/nitu.mx\/index.php\/2022\/10\/09\/mexico-va-por-la-reactivacion-del-turismo-canadiense-con-toca-puertas\/#primaryimage\"},\"thumbnailUrl\":\"https:\/\/nitu.mx\/wp-content\/uploads\/2022\/10\/Operaci\u00f3n-Toca-Puertas-Canad\u00e1.jpeg\",\"datePublished\":\"2022-10-09T20:57:28+00:00\",\"dateModified\":\"2022-10-10T04:12:07+00:00\",\"breadcrumb\":{\"@id\":\"https:\/\/nitu.mx\/index.php\/2022\/10\/09\/mexico-va-por-la-reactivacion-del-turismo-canadiense-con-toca-puertas\/#breadcrumb\"},\"inLanguage\":\"es-MX\",\"potentialAction\":[{\"@type\":\"ReadAction\",\"target\":[\"https:\/\/nitu.mx\/index.php\/2022\/10\/09\/mexico-va-por-la-reactivacion-del-turismo-canadiense-con-toca-puertas\/\"]}]},{\"@type\":\"ImageObject\",\"inLanguage\":\"es-MX\",\"@id\":\"https:\/\/nitu.mx\/index.php\/2022\/10\/09\/mexico-va-por-la-reactivacion-del-turismo-canadiense-con-toca-puertas\/#primaryimage\",\"url\":\"https:\/\/nitu.mx\/wp-content\/uploads\/2022\/10\/Operaci\u00f3n-Toca-Puertas-Canad\u00e1.jpeg\",\"contentUrl\":\"https:\/\/nitu.mx\/wp-content\/uploads\/2022\/10\/Operaci\u00f3n-Toca-Puertas-Canad\u00e1.jpeg\",\"width\":1200,\"height\":675,\"caption\":\"Operaci\u00f3n Toca Puertas Canad\u00e1\"},{\"@type\":\"BreadcrumbList\",\"@id\":\"https:\/\/nitu.mx\/index.php\/2022\/10\/09\/mexico-va-por-la-reactivacion-del-turismo-canadiense-con-toca-puertas\/#breadcrumb\",\"itemListElement\":[{\"@type\":\"ListItem\",\"position\":1,\"name\":\"Inicio\",\"item\":\"https:\/\/nitu.mx\/\"},{\"@type\":\"ListItem\",\"position\":2,\"name\":\"M\u00e9xico va por la reactivaci\u00f3n del turismo canadiense con Toca Puertas\"}]},{\"@type\":\"WebSite\",\"@id\":\"https:\/\/nitu.mx\/#website\",\"url\":\"https:\/\/nitu.mx\/\",\"name\":\"Nitu - Noticias de la Industria Turistica\",\"description\":\"Noticias de la Industria Turistica\",\"publisher\":{\"@id\":\"https:\/\/nitu.mx\/#\/schema\/person\/ae7a53426417292d3dd07b45a33e01bc\"},\"alternateName\":\"Noticias de la Industria Turistica\",\"potentialAction\":[{\"@type\":\"SearchAction\",\"target\":{\"@type\":\"EntryPoint\",\"urlTemplate\":\"https:\/\/nitu.mx\/?s={search_term_string}\"},\"query-input\":\"required name=search_term_string\"}],\"inLanguage\":\"es-MX\"},{\"@type\":[\"Person\",\"Organization\"],\"@id\":\"https:\/\/nitu.mx\/#\/schema\/person\/ae7a53426417292d3dd07b45a33e01bc\",\"name\":\"Arturo Medina\",\"image\":{\"@type\":\"ImageObject\",\"inLanguage\":\"es-MX\",\"@id\":\"https:\/\/nitu.mx\/#\/schema\/person\/image\/\",\"url\":\"https:\/\/nitu.mx\/wp-content\/uploads\/2024\/04\/4A315622-1904-4D5C-B022-878CDC840E04-90x90-1.jpeg\",\"contentUrl\":\"https:\/\/nitu.mx\/wp-content\/uploads\/2024\/04\/4A315622-1904-4D5C-B022-878CDC840E04-90x90-1.jpeg\",\"width\":90,\"height\":90,\"caption\":\"Arturo Medina\"},\"logo\":{\"@id\":\"https:\/\/nitu.mx\/#\/schema\/person\/image\/\"},\"description\":\"Director NITU.mx, Egresado de la Escuela de Periodismo Carlos Septi\u00e9n Garc\u00eda. Periodista y analista especializado en turismo desde hace 35 a\u00f1os, radicado en Canc\u00fan Q.Roo. arturo@nitu.mx\",\"sameAs\":[\"https:\/\/nitu.mx\",\"https:\/\/www.facebook.com\/NITUmx\/\",\"medinacancun\",\"https:\/\/twitter.com\/@Arturo_Medina_G\"]},{\"@type\":\"Person\",\"@id\":\"https:\/\/nitu.mx\/#\/schema\/person\/4a28fe9bd65924f7c90623773daf1b0b\",\"name\":\"Redacci\u00f3n\",\"image\":{\"@type\":\"ImageObject\",\"inLanguage\":\"es-MX\",\"@id\":\"https:\/\/nitu.mx\/#\/schema\/person\/image\/\",\"url\":\"https:\/\/secure.gravatar.com\/avatar\/5dd011c8ccfc5cd7e4c81e42252aab38?s=96&d=mm&r=g\",\"contentUrl\":\"https:\/\/secure.gravatar.com\/avatar\/5dd011c8ccfc5cd7e4c81e42252aab38?s=96&d=mm&r=g\",\"caption\":\"Redacci\u00f3n\"},\"url\":\"https:\/\/nitu.mx\/index.php\/author\/redaccion\/\"}]}<\/script>\n<!-- \/ Yoast SEO plugin. -->","yoast_head_json":{"title":"M\u00e9xico va por la reactivaci\u00f3n del turismo canadiense con Toca Puertas - Nitu - Noticias de la Industria Turistica","robots":{"index":"index","follow":"follow","max-snippet":"max-snippet:-1","max-image-preview":"max-image-preview:large","max-video-preview":"max-video-preview:-1"},"canonical":"https:\/\/nitu.mx\/index.php\/2022\/10\/09\/mexico-va-por-la-reactivacion-del-turismo-canadiense-con-toca-puertas\/","twitter_card":"summary_large_image","twitter_title":"M\u00e9xico va por la reactivaci\u00f3n del turismo canadiense con Toca Puertas - Nitu - Noticias de la Industria Turistica","twitter_description":"Con el objetivo de recuperar el turismo canadiense, segundo mercado emisor de viajeros internacionales a M\u00e9xico, se llev\u00f3 a cabo la gira Operaci\u00f3n Toca Puertas que recorri\u00f3 las ciudades de Toronto, Ottawa y Montreal. La gira de trabajo consisti\u00f3 en cinco d\u00edas de actividades, encabezadas por el secretario de Turismo federal, Miguel Torruco Marqu\u00e9s, acompa\u00f1ado [&hellip;]","twitter_image":"https:\/\/nitu.mx\/wp-content\/uploads\/2022\/10\/Operaci\u00f3n-Toca-Puertas-Canad\u00e1.jpeg","twitter_creator":"@NITUmx","twitter_site":"@Arturo_Medina_G","twitter_misc":{"Escrito por":"Redacci\u00f3n","Tiempo de lectura":"4 minutos"},"schema":{"@context":"https:\/\/schema.org","@graph":[{"@type":"Article","@id":"https:\/\/nitu.mx\/index.php\/2022\/10\/09\/mexico-va-por-la-reactivacion-del-turismo-canadiense-con-toca-puertas\/#article","isPartOf":{"@id":"https:\/\/nitu.mx\/index.php\/2022\/10\/09\/mexico-va-por-la-reactivacion-del-turismo-canadiense-con-toca-puertas\/"},"author":{"name":"Redacci\u00f3n","@id":"https:\/\/nitu.mx\/#\/schema\/person\/4a28fe9bd65924f7c90623773daf1b0b"},"headline":"M\u00e9xico va por la reactivaci\u00f3n del turismo canadiense con Toca Puertas","datePublished":"2022-10-09T20:57:28+00:00","dateModified":"2022-10-10T04:12:07+00:00","mainEntityOfPage":{"@id":"https:\/\/nitu.mx\/index.php\/2022\/10\/09\/mexico-va-por-la-reactivacion-del-turismo-canadiense-con-toca-puertas\/"},"wordCount":807,"commentCount":0,"publisher":{"@id":"https:\/\/nitu.mx\/#\/schema\/person\/ae7a53426417292d3dd07b45a33e01bc"},"image":{"@id":"https:\/\/nitu.mx\/index.php\/2022\/10\/09\/mexico-va-por-la-reactivacion-del-turismo-canadiense-con-toca-puertas\/#primaryimage"},"thumbnailUrl":"https:\/\/nitu.mx\/wp-content\/uploads\/2022\/10\/Operaci\u00f3n-Toca-Puertas-Canad\u00e1.jpeg","keywords":["AHCPM&amp;IM","Canad\u00e1","Jes\u00fas Almaguer","Miguel Torruco","Sectur","Toca Puertas"],"articleSection":["Destinos"],"inLanguage":"es-MX","potentialAction":[{"@type":"CommentAction","name":"Comment","target":["https:\/\/nitu.mx\/index.php\/2022\/10\/09\/mexico-va-por-la-reactivacion-del-turismo-canadiense-con-toca-puertas\/#respond"]}]},{"@type":"WebPage","@id":"https:\/\/nitu.mx\/index.php\/2022\/10\/09\/mexico-va-por-la-reactivacion-del-turismo-canadiense-con-toca-puertas\/","url":"https:\/\/nitu.mx\/index.php\/2022\/10\/09\/mexico-va-por-la-reactivacion-del-turismo-canadiense-con-toca-puertas\/","name":"M\u00e9xico va por la reactivaci\u00f3n del turismo canadiense con Toca Puertas - Nitu - Noticias de la Industria Turistica","isPartOf":{"@id":"https:\/\/nitu.mx\/#website"},"primaryImageOfPage":{"@id":"https:\/\/nitu.mx\/index.php\/2022\/10\/09\/mexico-va-por-la-reactivacion-del-turismo-canadiense-con-toca-puertas\/#primaryimage"},"image":{"@id":"https:\/\/nitu.mx\/index.php\/2022\/10\/09\/mexico-va-por-la-reactivacion-del-turismo-canadiense-con-toca-puertas\/#primaryimage"},"thumbnailUrl":"https:\/\/nitu.mx\/wp-content\/uploads\/2022\/10\/Operaci\u00f3n-Toca-Puertas-Canad\u00e1.jpeg","datePublished":"2022-10-09T20:57:28+00:00","dateModified":"2022-10-10T04:12:07+00:00","breadcrumb":{"@id":"https:\/\/nitu.mx\/index.php\/2022\/10\/09\/mexico-va-por-la-reactivacion-del-turismo-canadiense-con-toca-puertas\/#breadcrumb"},"inLanguage":"es-MX","potentialAction":[{"@type":"ReadAction","target":["https:\/\/nitu.mx\/index.php\/2022\/10\/09\/mexico-va-por-la-reactivacion-del-turismo-canadiense-con-toca-puertas\/"]}]},{"@type":"ImageObject","inLanguage":"es-MX","@id":"https:\/\/nitu.mx\/index.php\/2022\/10\/09\/mexico-va-por-la-reactivacion-del-turismo-canadiense-con-toca-puertas\/#primaryimage","url":"https:\/\/nitu.mx\/wp-content\/uploads\/2022\/10\/Operaci\u00f3n-Toca-Puertas-Canad\u00e1.jpeg","contentUrl":"https:\/\/nitu.mx\/wp-content\/uploads\/2022\/10\/Operaci\u00f3n-Toca-Puertas-Canad\u00e1.jpeg","width":1200,"height":675,"caption":"Operaci\u00f3n Toca Puertas Canad\u00e1"},{"@type":"BreadcrumbList","@id":"https:\/\/nitu.mx\/index.php\/2022\/10\/09\/mexico-va-por-la-reactivacion-del-turismo-canadiense-con-toca-puertas\/#breadcrumb","itemListElement":[{"@type":"ListItem","position":1,"name":"Inicio","item":"https:\/\/nitu.mx\/"},{"@type":"ListItem","position":2,"name":"M\u00e9xico va por la reactivaci\u00f3n del turismo canadiense con Toca Puertas"}]},{"@type":"WebSite","@id":"https:\/\/nitu.mx\/#website","url":"https:\/\/nitu.mx\/","name":"Nitu - Noticias de la Industria Turistica","description":"Noticias de la Industria Turistica","publisher":{"@id":"https:\/\/nitu.mx\/#\/schema\/person\/ae7a53426417292d3dd07b45a33e01bc"},"alternateName":"Noticias de la Industria Turistica","potentialAction":[{"@type":"SearchAction","target":{"@type":"EntryPoint","urlTemplate":"https:\/\/nitu.mx\/?s={search_term_string}"},"query-input":"required name=search_term_string"}],"inLanguage":"es-MX"},{"@type":["Person","Organization"],"@id":"https:\/\/nitu.mx\/#\/schema\/person\/ae7a53426417292d3dd07b45a33e01bc","name":"Arturo Medina","image":{"@type":"ImageObject","inLanguage":"es-MX","@id":"https:\/\/nitu.mx\/#\/schema\/person\/image\/","url":"https:\/\/nitu.mx\/wp-content\/uploads\/2024\/04\/4A315622-1904-4D5C-B022-878CDC840E04-90x90-1.jpeg","contentUrl":"https:\/\/nitu.mx\/wp-content\/uploads\/2024\/04\/4A315622-1904-4D5C-B022-878CDC840E04-90x90-1.jpeg","width":90,"height":90,"caption":"Arturo Medina"},"logo":{"@id":"https:\/\/nitu.mx\/#\/schema\/person\/image\/"},"description":"Director NITU.mx, Egresado de la Escuela de Periodismo Carlos Septi\u00e9n Garc\u00eda. Periodista y analista especializado en turismo desde hace 35 a\u00f1os, radicado en Canc\u00fan Q.Roo. arturo@nitu.mx","sameAs":["https:\/\/nitu.mx","https:\/\/www.facebook.com\/NITUmx\/","medinacancun","https:\/\/twitter.com\/@Arturo_Medina_G"]},{"@type":"Person","@id":"https:\/\/nitu.mx\/#\/schema\/person\/4a28fe9bd65924f7c90623773daf1b0b","name":"Redacci\u00f3n","image":{"@type":"ImageObject","inLanguage":"es-MX","@id":"https:\/\/nitu.mx\/#\/schema\/person\/image\/","url":"https:\/\/secure.gravatar.com\/avatar\/5dd011c8ccfc5cd7e4c81e42252aab38?s=96&d=mm&r=g","contentUrl":"https:\/\/secure.gravatar.com\/avatar\/5dd011c8ccfc5cd7e4c81e42252aab38?s=96&d=mm&r=g","caption":"Redacci\u00f3n"},"url":"https:\/\/nitu.mx\/index.php\/author\/redaccion\/"}]}},"views":253,"_links":{"self":[{"href":"https:\/\/nitu.mx\/index.php\/wp-json\/wp\/v2\/posts\/61698"}],"collection":[{"href":"https:\/\/nitu.mx\/index.php\/wp-json\/wp\/v2\/posts"}],"about":[{"href":"https:\/\/nitu.mx\/index.php\/wp-json\/wp\/v2\/types\/post"}],"author":[{"embeddable":true,"href":"https:\/\/nitu.mx\/index.php\/wp-json\/wp\/v2\/users\/17"}],"replies":[{"embeddable":true,"href":"https:\/\/nitu.mx\/index.php\/wp-json\/wp\/v2\/comments?post=61698"}],"version-history":[{"count":1,"href":"https:\/\/nitu.mx\/index.php\/wp-json\/wp\/v2\/posts\/61698\/revisions"}],"predecessor-version":[{"id":61699,"href":"https:\/\/nitu.mx\/index.php\/wp-json\/wp\/v2\/posts\/61698\/revisions\/61699"}],"wp:featuredmedia":[{"embeddable":true,"href":"https:\/\/nitu.mx\/index.php\/wp-json\/wp\/v2\/media\/61700"}],"wp:attachment":[{"href":"https:\/\/nitu.mx\/index.php\/wp-json\/wp\/v2\/media?parent=61698"}],"wp:term":[{"taxonomy":"category","embeddable":true,"href":"https:\/\/nitu.mx\/index.php\/wp-json\/wp\/v2\/categories?post=61698"},{"taxonomy":"post_tag","embeddable":true,"href":"https:\/\/nitu.mx\/index.php\/wp-json\/wp\/v2\/tags?post=61698"}],"curies":[{"name":"wp","href":"https:\/\/api.w.org\/{rel}","templated":true}]}}