{"id":61653,"date":"2022-10-05T23:04:23","date_gmt":"2022-10-06T04:04:23","guid":{"rendered":"https:\/\/www.dev.nitu.mx\/?p=61653"},"modified":"2022-10-05T23:50:35","modified_gmt":"2022-10-06T04:50:35","slug":"bernardo-cueto-plantea-en-el-senado-importancia-del-turismo-para-qr","status":"publish","type":"post","link":"https:\/\/nitu.mx\/index.php\/2022\/10\/05\/bernardo-cueto-plantea-en-el-senado-importancia-del-turismo-para-qr\/","title":{"rendered":"Bernardo Cueto plantea en el Senado importancia del Turismo para QR"},"content":{"rendered":"<p>El secretario de Turismo de Quintana Roo, Bernardo Cueto Riestra, destac\u00f3 ante el Senado de la Rep\u00fablica, que es fundamental que todas las personas involucradas en actividad tur\u00edstica est\u00e9n unidas para impulsar el sector en M\u00e9xico, ya que tiene una estrecha relaci\u00f3n con el desarrollo econ\u00f3mico, social y con el medio ambiente.<\/p>\n<p>Al participar en el foro \u201cTurismo, prioridad para el desarrollo de M\u00e9xico\u201d, que se llev\u00f3 a cabo en la C\u00e1mara Alta, Cueto Riestra se\u00f1al\u00f3 que en\u00a02021, Quintana Roo se posicion\u00f3 en el segundo lugar mundial en la recepci\u00f3n de llegada de turistas extranjeros.<\/p>\n<p>Coment\u00f3 que aporta 43 por ciento de las divisas que se generan en el pa\u00eds por turismo internacional, y en el primer trimestre de 2022 se ubic\u00f3 como una de las entidades con mayor crecimiento.<\/p>\n<p>Organizado por Antonio Garc\u00eda Conejo, presidente de la Comisi\u00f3n de Turismo, este foro cont\u00f3 con la participaci\u00f3n de diversos actores de la vida p\u00fablica del sector, en el plano federal, estatal y municipal.<\/p>\n<p>Al inaugurar el foro, Garc\u00eda Conejo consider\u00f3 urgente reactivar el sector tur\u00edstico,\u00a0atender las repercusiones negativas de la pandemia, y verlas como una oportunidad para sumar esfuerzos en beneficio de los actores involucrados en esta actividad productiva.<\/p>\n<p>Expuso que mediante la \u201cCruzada Nacional por el Turismo\u201d se busca contribuir a impulsar este sector, a fin de que la sociedad, la iniciativa privada y todos los actores involucrados, perciban el respaldo de los legisladores.<\/p>\n<p>\u201cTenemos la meta de elevar a rango constitucional al turismo, eso nos permitir\u00e1 implementar pol\u00edticas p\u00fablicas que fortalezcan a esta generosa actividad\u201d, dijo Garc\u00eda Conejo, y afirm\u00f3 que el turismo es una ventana de oportunidades para brindarle mejores condiciones de vida a las familias mexicanas.<\/p>\n<p>Coment\u00f3 que visibilizar la importancia de dicha industria en este tipo de foros, a trav\u00e9s de las experiencias, el conocimiento y los diferentes enfoques de especialistas, es un primer paso para potencializar el desarrollo econ\u00f3mico de M\u00e9xico.<\/p>\n<p>Mayuli Latifa Mart\u00ednez Sim\u00f3n, secretaria de la Comisi\u00f3n de Turismo, explic\u00f3 que la Cruzada Nacional por el Turismo\u201d busca declarar a esta industria como \u00e1rea prioritaria para el desarrollo nacional, bajo la rector\u00eda del Estado.<\/p>\n<p>Miguel \u00c1ngel Mancera Espinosa destac\u00f3 que los Pueblos M\u00e1gicos tienen una derrama econ\u00f3mica de m\u00e1s de seis mil millones de pesos, y enfatiz\u00f3 que se debe impulsar la promoci\u00f3n digital del turismo, considerando que la pandemia \u201cpuso ante las cuerdas\u201d a dicha industria.<\/p>\n<p>Alejandro Aguilera Hern\u00e1ndez, titular de la Unidad de Informaci\u00f3n y Seguimiento de la Secretar\u00eda de Turismo, destac\u00f3 que, en 2021, M\u00e9xico se ubic\u00f3 como el segundo pa\u00eds de llegada de visitantes, s\u00f3lo por debajo de Francia. Mientras que en 2019 el PIB tur\u00edstico fue de 8.5 por ciento y gener\u00f3 438 mil empleos.<\/p>\n<p>La secretaria de Turismo de la Ciudad de M\u00e9xico,\u00a0Nathalie Desplas Puel, dijo que deben incorporarse la innovaci\u00f3n y tecnolog\u00eda, capacitar al personal que ofrece los servicios tur\u00edsticos, as\u00ed como transitar a la sustentabilidad y atender los temas de medio ambiente.\u00a0<a title=\"Senadores visitar\u00e1n obras del Tren Maya\" href=\"https:\/\/www.dev.nitu.mx\/index.php\/2022\/03\/17\/senadores-visitaran-obras-del-tren-maya\/\" rel=\"bookmark\">(Senadores visitar\u00e1n obras del Tren Maya<\/a>).<\/p>\n","protected":false},"excerpt":{"rendered":"<p>El secretario de Turismo de Quintana Roo, Bernardo Cueto Riestra, destac\u00f3 ante el Senado de la Rep\u00fablica, que es fundamental que todas las personas involucradas en actividad tur\u00edstica est\u00e9n unidas para impulsar el sector en M\u00e9xico, ya que tiene una estrecha relaci\u00f3n con el desarrollo econ\u00f3mico, social y con el medio ambiente. Al participar en [&hellip;]<\/p>\n","protected":false},"author":17,"featured_media":61657,"comment_status":"open","ping_status":"open","sticky":false,"template":"","format":"standard","meta":{"footnotes":""},"categories":[18475],"tags":[13931,260,1153,952],"yoast_head":"<!-- This site is optimized with the Yoast SEO plugin v22.2 - https:\/\/yoast.com\/wordpress\/plugins\/seo\/ -->\n<title>Bernardo Cueto plantea en el Senado importancia del Turismo para QR - Nitu - Noticias de la Industria Turistica<\/title>\n<meta name=\"robots\" content=\"index, follow, max-snippet:-1, max-image-preview:large, max-video-preview:-1\" \/>\n<link rel=\"canonical\" href=\"https:\/\/nitu.mx\/index.php\/2022\/10\/05\/bernardo-cueto-plantea-en-el-senado-importancia-del-turismo-para-qr\/\" \/>\n<meta name=\"twitter:card\" content=\"summary_large_image\" \/>\n<meta name=\"twitter:title\" content=\"Bernardo Cueto plantea en el Senado importancia del Turismo para QR - Nitu - Noticias de la Industria Turistica\" \/>\n<meta name=\"twitter:description\" content=\"El secretario de Turismo de Quintana Roo, Bernardo Cueto Riestra, destac\u00f3 ante el Senado de la Rep\u00fablica, que es fundamental que todas las personas involucradas en actividad tur\u00edstica est\u00e9n unidas para impulsar el sector en M\u00e9xico, ya que tiene una estrecha relaci\u00f3n con el desarrollo econ\u00f3mico, social y con el medio ambiente. Al participar en [&hellip;]\" \/>\n<meta name=\"twitter:image\" content=\"https:\/\/nitu.mx\/wp-content\/uploads\/2022\/10\/Bernardo-Cueto-Riestra-Senado.jpg\" \/>\n<meta name=\"twitter:creator\" content=\"@NITUmx\" \/>\n<meta name=\"twitter:site\" content=\"@Arturo_Medina_G\" \/>\n<meta name=\"twitter:label1\" content=\"Escrito por\" \/>\n\t<meta name=\"twitter:data1\" content=\"Redacci\u00f3n\" \/>\n\t<meta name=\"twitter:label2\" content=\"Tiempo de lectura\" \/>\n\t<meta name=\"twitter:data2\" content=\"3 minutos\" \/>\n<script type=\"application\/ld+json\" class=\"yoast-schema-graph\">{\"@context\":\"https:\/\/schema.org\",\"@graph\":[{\"@type\":\"Article\",\"@id\":\"https:\/\/nitu.mx\/index.php\/2022\/10\/05\/bernardo-cueto-plantea-en-el-senado-importancia-del-turismo-para-qr\/#article\",\"isPartOf\":{\"@id\":\"https:\/\/nitu.mx\/index.php\/2022\/10\/05\/bernardo-cueto-plantea-en-el-senado-importancia-del-turismo-para-qr\/\"},\"author\":{\"name\":\"Redacci\u00f3n\",\"@id\":\"https:\/\/nitu.mx\/#\/schema\/person\/4a28fe9bd65924f7c90623773daf1b0b\"},\"headline\":\"Bernardo Cueto plantea en el Senado importancia del Turismo para QR\",\"datePublished\":\"2022-10-06T04:04:23+00:00\",\"dateModified\":\"2022-10-06T04:50:35+00:00\",\"mainEntityOfPage\":{\"@id\":\"https:\/\/nitu.mx\/index.php\/2022\/10\/05\/bernardo-cueto-plantea-en-el-senado-importancia-del-turismo-para-qr\/\"},\"wordCount\":544,\"commentCount\":0,\"publisher\":{\"@id\":\"https:\/\/nitu.mx\/#\/schema\/person\/ae7a53426417292d3dd07b45a33e01bc\"},\"image\":{\"@id\":\"https:\/\/nitu.mx\/index.php\/2022\/10\/05\/bernardo-cueto-plantea-en-el-senado-importancia-del-turismo-para-qr\/#primaryimage\"},\"thumbnailUrl\":\"https:\/\/nitu.mx\/wp-content\/uploads\/2022\/10\/Bernardo-Cueto-Riestra-Senado.jpg\",\"keywords\":[\"Bernardo Cueto\",\"Quintana Roo\",\"Sedetur\",\"Senado\"],\"articleSection\":[\"Caribe Mexicano\"],\"inLanguage\":\"es-MX\",\"potentialAction\":[{\"@type\":\"CommentAction\",\"name\":\"Comment\",\"target\":[\"https:\/\/nitu.mx\/index.php\/2022\/10\/05\/bernardo-cueto-plantea-en-el-senado-importancia-del-turismo-para-qr\/#respond\"]}]},{\"@type\":\"WebPage\",\"@id\":\"https:\/\/nitu.mx\/index.php\/2022\/10\/05\/bernardo-cueto-plantea-en-el-senado-importancia-del-turismo-para-qr\/\",\"url\":\"https:\/\/nitu.mx\/index.php\/2022\/10\/05\/bernardo-cueto-plantea-en-el-senado-importancia-del-turismo-para-qr\/\",\"name\":\"Bernardo Cueto plantea en el Senado importancia del Turismo para QR - Nitu - Noticias de la Industria Turistica\",\"isPartOf\":{\"@id\":\"https:\/\/nitu.mx\/#website\"},\"primaryImageOfPage\":{\"@id\":\"https:\/\/nitu.mx\/index.php\/2022\/10\/05\/bernardo-cueto-plantea-en-el-senado-importancia-del-turismo-para-qr\/#primaryimage\"},\"image\":{\"@id\":\"https:\/\/nitu.mx\/index.php\/2022\/10\/05\/bernardo-cueto-plantea-en-el-senado-importancia-del-turismo-para-qr\/#primaryimage\"},\"thumbnailUrl\":\"https:\/\/nitu.mx\/wp-content\/uploads\/2022\/10\/Bernardo-Cueto-Riestra-Senado.jpg\",\"datePublished\":\"2022-10-06T04:04:23+00:00\",\"dateModified\":\"2022-10-06T04:50:35+00:00\",\"breadcrumb\":{\"@id\":\"https:\/\/nitu.mx\/index.php\/2022\/10\/05\/bernardo-cueto-plantea-en-el-senado-importancia-del-turismo-para-qr\/#breadcrumb\"},\"inLanguage\":\"es-MX\",\"potentialAction\":[{\"@type\":\"ReadAction\",\"target\":[\"https:\/\/nitu.mx\/index.php\/2022\/10\/05\/bernardo-cueto-plantea-en-el-senado-importancia-del-turismo-para-qr\/\"]}]},{\"@type\":\"ImageObject\",\"inLanguage\":\"es-MX\",\"@id\":\"https:\/\/nitu.mx\/index.php\/2022\/10\/05\/bernardo-cueto-plantea-en-el-senado-importancia-del-turismo-para-qr\/#primaryimage\",\"url\":\"https:\/\/nitu.mx\/wp-content\/uploads\/2022\/10\/Bernardo-Cueto-Riestra-Senado.jpg\",\"contentUrl\":\"https:\/\/nitu.mx\/wp-content\/uploads\/2022\/10\/Bernardo-Cueto-Riestra-Senado.jpg\",\"width\":1200,\"height\":675,\"caption\":\"Senado de la Rep\u00fablica\"},{\"@type\":\"BreadcrumbList\",\"@id\":\"https:\/\/nitu.mx\/index.php\/2022\/10\/05\/bernardo-cueto-plantea-en-el-senado-importancia-del-turismo-para-qr\/#breadcrumb\",\"itemListElement\":[{\"@type\":\"ListItem\",\"position\":1,\"name\":\"Inicio\",\"item\":\"https:\/\/nitu.mx\/\"},{\"@type\":\"ListItem\",\"position\":2,\"name\":\"Bernardo Cueto plantea en el Senado importancia del Turismo para QR\"}]},{\"@type\":\"WebSite\",\"@id\":\"https:\/\/nitu.mx\/#website\",\"url\":\"https:\/\/nitu.mx\/\",\"name\":\"Nitu - Noticias de la Industria Turistica\",\"description\":\"Noticias de la Industria Turistica\",\"publisher\":{\"@id\":\"https:\/\/nitu.mx\/#\/schema\/person\/ae7a53426417292d3dd07b45a33e01bc\"},\"alternateName\":\"Noticias de la Industria Turistica\",\"potentialAction\":[{\"@type\":\"SearchAction\",\"target\":{\"@type\":\"EntryPoint\",\"urlTemplate\":\"https:\/\/nitu.mx\/?s={search_term_string}\"},\"query-input\":\"required name=search_term_string\"}],\"inLanguage\":\"es-MX\"},{\"@type\":[\"Person\",\"Organization\"],\"@id\":\"https:\/\/nitu.mx\/#\/schema\/person\/ae7a53426417292d3dd07b45a33e01bc\",\"name\":\"Arturo Medina\",\"image\":{\"@type\":\"ImageObject\",\"inLanguage\":\"es-MX\",\"@id\":\"https:\/\/nitu.mx\/#\/schema\/person\/image\/\",\"url\":\"https:\/\/nitu.mx\/wp-content\/uploads\/2024\/04\/4A315622-1904-4D5C-B022-878CDC840E04-90x90-1.jpeg\",\"contentUrl\":\"https:\/\/nitu.mx\/wp-content\/uploads\/2024\/04\/4A315622-1904-4D5C-B022-878CDC840E04-90x90-1.jpeg\",\"width\":90,\"height\":90,\"caption\":\"Arturo Medina\"},\"logo\":{\"@id\":\"https:\/\/nitu.mx\/#\/schema\/person\/image\/\"},\"description\":\"Director NITU.mx, Egresado de la Escuela de Periodismo Carlos Septi\u00e9n Garc\u00eda. Periodista y analista especializado en turismo desde hace 35 a\u00f1os, radicado en Canc\u00fan Q.Roo. arturo@nitu.mx\",\"sameAs\":[\"https:\/\/nitu.mx\",\"https:\/\/www.facebook.com\/NITUmx\/\",\"medinacancun\",\"https:\/\/twitter.com\/@Arturo_Medina_G\"]},{\"@type\":\"Person\",\"@id\":\"https:\/\/nitu.mx\/#\/schema\/person\/4a28fe9bd65924f7c90623773daf1b0b\",\"name\":\"Redacci\u00f3n\",\"image\":{\"@type\":\"ImageObject\",\"inLanguage\":\"es-MX\",\"@id\":\"https:\/\/nitu.mx\/#\/schema\/person\/image\/\",\"url\":\"https:\/\/secure.gravatar.com\/avatar\/5dd011c8ccfc5cd7e4c81e42252aab38?s=96&d=mm&r=g\",\"contentUrl\":\"https:\/\/secure.gravatar.com\/avatar\/5dd011c8ccfc5cd7e4c81e42252aab38?s=96&d=mm&r=g\",\"caption\":\"Redacci\u00f3n\"},\"url\":\"https:\/\/nitu.mx\/index.php\/author\/redaccion\/\"}]}<\/script>\n<!-- \/ Yoast SEO plugin. -->","yoast_head_json":{"title":"Bernardo Cueto plantea en el Senado importancia del Turismo para QR - Nitu - Noticias de la Industria Turistica","robots":{"index":"index","follow":"follow","max-snippet":"max-snippet:-1","max-image-preview":"max-image-preview:large","max-video-preview":"max-video-preview:-1"},"canonical":"https:\/\/nitu.mx\/index.php\/2022\/10\/05\/bernardo-cueto-plantea-en-el-senado-importancia-del-turismo-para-qr\/","twitter_card":"summary_large_image","twitter_title":"Bernardo Cueto plantea en el Senado importancia del Turismo para QR - Nitu - Noticias de la Industria Turistica","twitter_description":"El secretario de Turismo de Quintana Roo, Bernardo Cueto Riestra, destac\u00f3 ante el Senado de la Rep\u00fablica, que es fundamental que todas las personas involucradas en actividad tur\u00edstica est\u00e9n unidas para impulsar el sector en M\u00e9xico, ya que tiene una estrecha relaci\u00f3n con el desarrollo econ\u00f3mico, social y con el medio ambiente. Al participar en [&hellip;]","twitter_image":"https:\/\/nitu.mx\/wp-content\/uploads\/2022\/10\/Bernardo-Cueto-Riestra-Senado.jpg","twitter_creator":"@NITUmx","twitter_site":"@Arturo_Medina_G","twitter_misc":{"Escrito por":"Redacci\u00f3n","Tiempo de lectura":"3 minutos"},"schema":{"@context":"https:\/\/schema.org","@graph":[{"@type":"Article","@id":"https:\/\/nitu.mx\/index.php\/2022\/10\/05\/bernardo-cueto-plantea-en-el-senado-importancia-del-turismo-para-qr\/#article","isPartOf":{"@id":"https:\/\/nitu.mx\/index.php\/2022\/10\/05\/bernardo-cueto-plantea-en-el-senado-importancia-del-turismo-para-qr\/"},"author":{"name":"Redacci\u00f3n","@id":"https:\/\/nitu.mx\/#\/schema\/person\/4a28fe9bd65924f7c90623773daf1b0b"},"headline":"Bernardo Cueto plantea en el Senado importancia del Turismo para QR","datePublished":"2022-10-06T04:04:23+00:00","dateModified":"2022-10-06T04:50:35+00:00","mainEntityOfPage":{"@id":"https:\/\/nitu.mx\/index.php\/2022\/10\/05\/bernardo-cueto-plantea-en-el-senado-importancia-del-turismo-para-qr\/"},"wordCount":544,"commentCount":0,"publisher":{"@id":"https:\/\/nitu.mx\/#\/schema\/person\/ae7a53426417292d3dd07b45a33e01bc"},"image":{"@id":"https:\/\/nitu.mx\/index.php\/2022\/10\/05\/bernardo-cueto-plantea-en-el-senado-importancia-del-turismo-para-qr\/#primaryimage"},"thumbnailUrl":"https:\/\/nitu.mx\/wp-content\/uploads\/2022\/10\/Bernardo-Cueto-Riestra-Senado.jpg","keywords":["Bernardo Cueto","Quintana Roo","Sedetur","Senado"],"articleSection":["Caribe Mexicano"],"inLanguage":"es-MX","potentialAction":[{"@type":"CommentAction","name":"Comment","target":["https:\/\/nitu.mx\/index.php\/2022\/10\/05\/bernardo-cueto-plantea-en-el-senado-importancia-del-turismo-para-qr\/#respond"]}]},{"@type":"WebPage","@id":"https:\/\/nitu.mx\/index.php\/2022\/10\/05\/bernardo-cueto-plantea-en-el-senado-importancia-del-turismo-para-qr\/","url":"https:\/\/nitu.mx\/index.php\/2022\/10\/05\/bernardo-cueto-plantea-en-el-senado-importancia-del-turismo-para-qr\/","name":"Bernardo Cueto plantea en el Senado importancia del Turismo para QR - Nitu - Noticias de la Industria Turistica","isPartOf":{"@id":"https:\/\/nitu.mx\/#website"},"primaryImageOfPage":{"@id":"https:\/\/nitu.mx\/index.php\/2022\/10\/05\/bernardo-cueto-plantea-en-el-senado-importancia-del-turismo-para-qr\/#primaryimage"},"image":{"@id":"https:\/\/nitu.mx\/index.php\/2022\/10\/05\/bernardo-cueto-plantea-en-el-senado-importancia-del-turismo-para-qr\/#primaryimage"},"thumbnailUrl":"https:\/\/nitu.mx\/wp-content\/uploads\/2022\/10\/Bernardo-Cueto-Riestra-Senado.jpg","datePublished":"2022-10-06T04:04:23+00:00","dateModified":"2022-10-06T04:50:35+00:00","breadcrumb":{"@id":"https:\/\/nitu.mx\/index.php\/2022\/10\/05\/bernardo-cueto-plantea-en-el-senado-importancia-del-turismo-para-qr\/#breadcrumb"},"inLanguage":"es-MX","potentialAction":[{"@type":"ReadAction","target":["https:\/\/nitu.mx\/index.php\/2022\/10\/05\/bernardo-cueto-plantea-en-el-senado-importancia-del-turismo-para-qr\/"]}]},{"@type":"ImageObject","inLanguage":"es-MX","@id":"https:\/\/nitu.mx\/index.php\/2022\/10\/05\/bernardo-cueto-plantea-en-el-senado-importancia-del-turismo-para-qr\/#primaryimage","url":"https:\/\/nitu.mx\/wp-content\/uploads\/2022\/10\/Bernardo-Cueto-Riestra-Senado.jpg","contentUrl":"https:\/\/nitu.mx\/wp-content\/uploads\/2022\/10\/Bernardo-Cueto-Riestra-Senado.jpg","width":1200,"height":675,"caption":"Senado de la Rep\u00fablica"},{"@type":"BreadcrumbList","@id":"https:\/\/nitu.mx\/index.php\/2022\/10\/05\/bernardo-cueto-plantea-en-el-senado-importancia-del-turismo-para-qr\/#breadcrumb","itemListElement":[{"@type":"ListItem","position":1,"name":"Inicio","item":"https:\/\/nitu.mx\/"},{"@type":"ListItem","position":2,"name":"Bernardo Cueto plantea en el Senado importancia del Turismo para QR"}]},{"@type":"WebSite","@id":"https:\/\/nitu.mx\/#website","url":"https:\/\/nitu.mx\/","name":"Nitu - Noticias de la Industria Turistica","description":"Noticias de la Industria Turistica","publisher":{"@id":"https:\/\/nitu.mx\/#\/schema\/person\/ae7a53426417292d3dd07b45a33e01bc"},"alternateName":"Noticias de la Industria Turistica","potentialAction":[{"@type":"SearchAction","target":{"@type":"EntryPoint","urlTemplate":"https:\/\/nitu.mx\/?s={search_term_string}"},"query-input":"required name=search_term_string"}],"inLanguage":"es-MX"},{"@type":["Person","Organization"],"@id":"https:\/\/nitu.mx\/#\/schema\/person\/ae7a53426417292d3dd07b45a33e01bc","name":"Arturo Medina","image":{"@type":"ImageObject","inLanguage":"es-MX","@id":"https:\/\/nitu.mx\/#\/schema\/person\/image\/","url":"https:\/\/nitu.mx\/wp-content\/uploads\/2024\/04\/4A315622-1904-4D5C-B022-878CDC840E04-90x90-1.jpeg","contentUrl":"https:\/\/nitu.mx\/wp-content\/uploads\/2024\/04\/4A315622-1904-4D5C-B022-878CDC840E04-90x90-1.jpeg","width":90,"height":90,"caption":"Arturo Medina"},"logo":{"@id":"https:\/\/nitu.mx\/#\/schema\/person\/image\/"},"description":"Director NITU.mx, Egresado de la Escuela de Periodismo Carlos Septi\u00e9n Garc\u00eda. Periodista y analista especializado en turismo desde hace 35 a\u00f1os, radicado en Canc\u00fan Q.Roo. arturo@nitu.mx","sameAs":["https:\/\/nitu.mx","https:\/\/www.facebook.com\/NITUmx\/","medinacancun","https:\/\/twitter.com\/@Arturo_Medina_G"]},{"@type":"Person","@id":"https:\/\/nitu.mx\/#\/schema\/person\/4a28fe9bd65924f7c90623773daf1b0b","name":"Redacci\u00f3n","image":{"@type":"ImageObject","inLanguage":"es-MX","@id":"https:\/\/nitu.mx\/#\/schema\/person\/image\/","url":"https:\/\/secure.gravatar.com\/avatar\/5dd011c8ccfc5cd7e4c81e42252aab38?s=96&d=mm&r=g","contentUrl":"https:\/\/secure.gravatar.com\/avatar\/5dd011c8ccfc5cd7e4c81e42252aab38?s=96&d=mm&r=g","caption":"Redacci\u00f3n"},"url":"https:\/\/nitu.mx\/index.php\/author\/redaccion\/"}]}},"views":940,"_links":{"self":[{"href":"https:\/\/nitu.mx\/index.php\/wp-json\/wp\/v2\/posts\/61653"}],"collection":[{"href":"https:\/\/nitu.mx\/index.php\/wp-json\/wp\/v2\/posts"}],"about":[{"href":"https:\/\/nitu.mx\/index.php\/wp-json\/wp\/v2\/types\/post"}],"author":[{"embeddable":true,"href":"https:\/\/nitu.mx\/index.php\/wp-json\/wp\/v2\/users\/17"}],"replies":[{"embeddable":true,"href":"https:\/\/nitu.mx\/index.php\/wp-json\/wp\/v2\/comments?post=61653"}],"version-history":[{"count":3,"href":"https:\/\/nitu.mx\/index.php\/wp-json\/wp\/v2\/posts\/61653\/revisions"}],"predecessor-version":[{"id":61655,"href":"https:\/\/nitu.mx\/index.php\/wp-json\/wp\/v2\/posts\/61653\/revisions\/61655"}],"wp:featuredmedia":[{"embeddable":true,"href":"https:\/\/nitu.mx\/index.php\/wp-json\/wp\/v2\/media\/61657"}],"wp:attachment":[{"href":"https:\/\/nitu.mx\/index.php\/wp-json\/wp\/v2\/media?parent=61653"}],"wp:term":[{"taxonomy":"category","embeddable":true,"href":"https:\/\/nitu.mx\/index.php\/wp-json\/wp\/v2\/categories?post=61653"},{"taxonomy":"post_tag","embeddable":true,"href":"https:\/\/nitu.mx\/index.php\/wp-json\/wp\/v2\/tags?post=61653"}],"curies":[{"name":"wp","href":"https:\/\/api.w.org\/{rel}","templated":true}]}}