{"id":61634,"date":"2022-10-04T22:58:41","date_gmt":"2022-10-05T03:58:41","guid":{"rendered":"https:\/\/www.dev.nitu.mx\/?p=61634"},"modified":"2022-10-04T23:57:24","modified_gmt":"2022-10-05T04:57:24","slug":"firman-bcs-y-airbnb-acuerdo-de-trabajo-conjunto","status":"publish","type":"post","link":"https:\/\/nitu.mx\/index.php\/2022\/10\/04\/firman-bcs-y-airbnb-acuerdo-de-trabajo-conjunto\/","title":{"rendered":"Firman BCS y Airbnb acuerdo de trabajo conjunto"},"content":{"rendered":"<p>El Gobierno de Baja California Sur y la plataforma Airbnb anunciaron una serie de iniciativas de promoci\u00f3n tur\u00edstica y cifras sobre el impacto econ\u00f3mico de la plataforma en el estado, en el marco del acuerdo que firmaron en la Cumbre de las Am\u00e9ricas celebrada en junio de este a\u00f1o en Los \u00c1ngeles, California, a fin de fortalecer la reactivaci\u00f3n del turismo y promover al estado como uno de los hubs m\u00e1s importantes de Am\u00e9rica Latina para n\u00f3madas digitales.<\/p>\n<p>Seg\u00fan datos internos de la compa\u00f1\u00eda, en los primeros seis meses de este a\u00f1o, las estancias de 28 d\u00edas o m\u00e1s en Baja California Sur reservadas a trav\u00e9s de la plataforma Airbnb representaron un 16% del total de las noches reservadas.<\/p>\n<p>Como el primer paso en esta alianza, se present\u00f3 en La Paz, Baja California Sur una campa\u00f1a especialmente destinada a n\u00f3madas digitales, es decir, trabajadores remotos que gracias a la tecnolog\u00eda trabajan desde cualquier ciudad, mostrando los beneficios que les ofrece el estado.<\/p>\n<p>Esta campa\u00f1a es la primera en su tipo que contar\u00e1 con una colaboraci\u00f3n\u00a0 entre Airbnb y el Fideicomiso de Turismo del Estado de Baja California Sur.<\/p>\n<p>\u201cEs un honor para Airbnb presentar hoy esta campa\u00f1a para ayudar a Baja California Sur a que los n\u00f3madas digitales descubran todo lo que el estado tiene para ofrecerles en t\u00e9rminos de turismo sostenible, al tiempo que les brinda las comodidades necesarias para que puedan trabajar desde cualquier lugar mientras disfrutan las maravillas naturales de la zona\u201d explic\u00f3 \u00c1ngel Terral, director de Airbnb para M\u00e9xico, Centroam\u00e9rica y el Caribe.<\/p>\n<p>\u201cBaja California Sur es el mejor lugar para los n\u00f3madas digitales que desean conectar con la magnificencia de la naturaleza y la amabilidad de los locales. Aqu\u00ed podr\u00e1n sumergirse en los distintos paisajes del estado como el desierto o la playa y viajar de manera sostenible\u201d detall\u00f3 Maribel Collins S\u00e1nchez, secretaria de Turismo y Econom\u00eda de Baja California Sur.<\/p>\n<p>La funcionaria agreg\u00f3: \u201cPodr\u00e1n degustar de la gastronom\u00eda de la regi\u00f3n y disfrutar de la riqueza natural de la costa para avistar a las ballenas y descubrir la enorme variedad de vida marina que habita en nuestros litorales. Es importante destacar que el 42% del estado se compone de \u00c1reas Naturales Protegidas y Patrimonio de la UNESCO\u201d.<\/p>\n<p>En esta l\u00ednea, la campa\u00f1a tendr\u00e1 como objetivo promover el turismo sustentable y regenerativo, as\u00ed como la promoci\u00f3n de los Pueblos M\u00e1gicos, siempre en apego al respeto de las comunidades locales y los ecosistemas naturales.<\/p>\n<p>Este esfuerzo ser\u00e1 complementado con un portal de informaci\u00f3n estad\u00edstica desarrollado por la plataforma Airbnb que contribuir\u00e1 a construir perfiles de los viajeros, conocer las nuevas tendencias tur\u00edsticas y otros datos relevantes para el desarrollo y difusi\u00f3n de la oferta tur\u00edstica de Baja California Sur.<\/p>\n<p>El acuerdo tambi\u00e9n busca promover la inclusi\u00f3n comunitaria y el fortalecimiento de la cadena de valor, por lo que se trabajar\u00e1 en un programa piloto para brindar informaci\u00f3n a emprendedores ecotur\u00edsticos a fin de que puedan publicar y ofrecer sus espacios y experiencias a trav\u00e9s de la plataforma digital Airbnb.<\/p>\n<p><strong>Baja California Sur<\/strong><\/p>\n<p>Los n\u00f3madas digitales, al ser residentes de media estancia en los destinos, se convierten en actores que se integran con las comunidades locales. Por ello, se busca conectarlos con empresas micro, peque\u00f1as y medianas para fortalecer la econom\u00eda familiar.<\/p>\n<p>En este esfuerzo, los anfitriones que ofrecen sus espacios a trav\u00e9s de Airbnb tendr\u00e1n un papel fundamental para fungir como embajadores tur\u00edsticos que conecten a la cadena de valor de Mipymes con sus hu\u00e9spedes.<\/p>\n<p>La llegada de n\u00f3madas digitales y de viajeros en general es una fuente de ingresos para el estado que genera oportunidades econ\u00f3micas para todos sus habitantes.<\/p>\n<p>Seg\u00fan un estudio de Oxford Economics sobre el impacto econ\u00f3mico de Airbnb en Baja California Sur, los gastos de los hu\u00e9spedes que utilizaron Airbnb en el estado durante 2021 fueron de 7 mil 480 millones de pesos (unos 374 millones de d\u00f3lares). Esta cifra no incluye los gastos en reservaciones de estancias.<a title=\"Airbnb genera 94 mil mdp en peque\u00f1os comercios de M\u00e9xico en 2021\" href=\"https:\/\/www.dev.nitu.mx\/index.php\/2022\/09\/21\/airbnb-genera-94-mil-mdp-en-pequenos-comercios-de-mexico-en-2021\/\" rel=\"bookmark\">(Airbnb genera 94 mil mdp en peque\u00f1os comercios de M\u00e9xico en 2021<\/a>)<\/p>\n<p>El gasto de los hu\u00e9spedes que utilizaron Airbnb en Baja California Sur respald\u00f3 directamente:<\/p>\n<ul class=\"release-content-list release-content-list--bulleted release-content-list--align-inherit\">\n<li>4,676 millones de pesos (aprox. 233.8 millones de d\u00f3lares) del PIB<\/li>\n<li>8,200 empleos<\/li>\n<li>1,684 millones de pesos (aprox. 84.2 millones de d\u00f3lares) en sueldos, salarios y otros ingresos laborales en una serie de sectores.<\/li>\n<\/ul>\n<p>\u201cAirbnb se enorgullece de poder presentar estas cifras que ilustran el impacto positivo de Airbnb y del turismo en general en Baja California Sur. La derrama econ\u00f3mica que genera la actividad contribuye a la generaci\u00f3n de miles de empleos y al crecimiento econ\u00f3mico del estado. Airbnb seguir\u00e1 colaborando con las autoridades para ayudar a llevar los beneficios del turismo sostenible a todos los rincones de Baja California Sur\u201d finaliz\u00f3 Angel Terral.<\/p>\n","protected":false},"excerpt":{"rendered":"<p>El Gobierno de Baja California Sur y la plataforma Airbnb anunciaron una serie de iniciativas de promoci\u00f3n tur\u00edstica y cifras sobre el impacto econ\u00f3mico de la plataforma en el estado, en el marco del acuerdo que firmaron en la Cumbre de las Am\u00e9ricas celebrada en junio de este a\u00f1o en Los \u00c1ngeles, California, a fin [&hellip;]<\/p>\n","protected":false},"author":2,"featured_media":61649,"comment_status":"open","ping_status":"open","sticky":false,"template":"","format":"standard","meta":{"footnotes":""},"categories":[5],"tags":[1253,6933,167,130,23611,18285],"yoast_head":"<!-- This site is optimized with the Yoast SEO plugin v22.2 - https:\/\/yoast.com\/wordpress\/plugins\/seo\/ -->\n<title>Firman BCS y Airbnb acuerdo de trabajo conjunto - Nitu - Noticias de la Industria Turistica<\/title>\n<meta name=\"robots\" content=\"index, follow, max-snippet:-1, max-image-preview:large, max-video-preview:-1\" \/>\n<link rel=\"canonical\" href=\"https:\/\/nitu.mx\/index.php\/2022\/10\/04\/firman-bcs-y-airbnb-acuerdo-de-trabajo-conjunto\/\" \/>\n<meta name=\"twitter:card\" content=\"summary_large_image\" \/>\n<meta name=\"twitter:title\" content=\"Firman BCS y Airbnb acuerdo de trabajo conjunto - Nitu - Noticias de la Industria Turistica\" \/>\n<meta name=\"twitter:description\" content=\"El Gobierno de Baja California Sur y la plataforma Airbnb anunciaron una serie de iniciativas de promoci\u00f3n tur\u00edstica y cifras sobre el impacto econ\u00f3mico de la plataforma en el estado, en el marco del acuerdo que firmaron en la Cumbre de las Am\u00e9ricas celebrada en junio de este a\u00f1o en Los \u00c1ngeles, California, a fin [&hellip;]\" \/>\n<meta name=\"twitter:image\" content=\"https:\/\/nitu.mx\/wp-content\/uploads\/2022\/10\/Airbnb-y-Baja-California.jpg\" \/>\n<meta name=\"twitter:creator\" content=\"@Arturo_Medina_G\" \/>\n<meta name=\"twitter:site\" content=\"@Arturo_Medina_G\" \/>\n<meta name=\"twitter:label1\" content=\"Escrito por\" \/>\n\t<meta name=\"twitter:data1\" content=\"Arturo Medina\" \/>\n\t<meta name=\"twitter:label2\" content=\"Tiempo de lectura\" \/>\n\t<meta name=\"twitter:data2\" content=\"4 minutos\" \/>\n<script type=\"application\/ld+json\" class=\"yoast-schema-graph\">{\"@context\":\"https:\/\/schema.org\",\"@graph\":[{\"@type\":\"Article\",\"@id\":\"https:\/\/nitu.mx\/index.php\/2022\/10\/04\/firman-bcs-y-airbnb-acuerdo-de-trabajo-conjunto\/#article\",\"isPartOf\":{\"@id\":\"https:\/\/nitu.mx\/index.php\/2022\/10\/04\/firman-bcs-y-airbnb-acuerdo-de-trabajo-conjunto\/\"},\"author\":{\"name\":\"Arturo Medina\",\"@id\":\"https:\/\/nitu.mx\/#\/schema\/person\/ae7a53426417292d3dd07b45a33e01bc\"},\"headline\":\"Firman BCS y Airbnb acuerdo de trabajo conjunto\",\"datePublished\":\"2022-10-05T03:58:41+00:00\",\"dateModified\":\"2022-10-05T04:57:24+00:00\",\"mainEntityOfPage\":{\"@id\":\"https:\/\/nitu.mx\/index.php\/2022\/10\/04\/firman-bcs-y-airbnb-acuerdo-de-trabajo-conjunto\/\"},\"wordCount\":849,\"commentCount\":0,\"publisher\":{\"@id\":\"https:\/\/nitu.mx\/#\/schema\/person\/ae7a53426417292d3dd07b45a33e01bc\"},\"image\":{\"@id\":\"https:\/\/nitu.mx\/index.php\/2022\/10\/04\/firman-bcs-y-airbnb-acuerdo-de-trabajo-conjunto\/#primaryimage\"},\"thumbnailUrl\":\"https:\/\/nitu.mx\/wp-content\/uploads\/2022\/10\/Airbnb-y-Baja-California.jpg\",\"keywords\":[\"Airbnb\",\"\u00c1ngel Terral\",\"Baja California Sur\",\"Los Cabos\",\"Maribel Collins\",\"n\u00f3mada digital\"],\"articleSection\":[\"Destinos\"],\"inLanguage\":\"es-MX\",\"potentialAction\":[{\"@type\":\"CommentAction\",\"name\":\"Comment\",\"target\":[\"https:\/\/nitu.mx\/index.php\/2022\/10\/04\/firman-bcs-y-airbnb-acuerdo-de-trabajo-conjunto\/#respond\"]}]},{\"@type\":\"WebPage\",\"@id\":\"https:\/\/nitu.mx\/index.php\/2022\/10\/04\/firman-bcs-y-airbnb-acuerdo-de-trabajo-conjunto\/\",\"url\":\"https:\/\/nitu.mx\/index.php\/2022\/10\/04\/firman-bcs-y-airbnb-acuerdo-de-trabajo-conjunto\/\",\"name\":\"Firman BCS y Airbnb acuerdo de trabajo conjunto - Nitu - Noticias de la Industria Turistica\",\"isPartOf\":{\"@id\":\"https:\/\/nitu.mx\/#website\"},\"primaryImageOfPage\":{\"@id\":\"https:\/\/nitu.mx\/index.php\/2022\/10\/04\/firman-bcs-y-airbnb-acuerdo-de-trabajo-conjunto\/#primaryimage\"},\"image\":{\"@id\":\"https:\/\/nitu.mx\/index.php\/2022\/10\/04\/firman-bcs-y-airbnb-acuerdo-de-trabajo-conjunto\/#primaryimage\"},\"thumbnailUrl\":\"https:\/\/nitu.mx\/wp-content\/uploads\/2022\/10\/Airbnb-y-Baja-California.jpg\",\"datePublished\":\"2022-10-05T03:58:41+00:00\",\"dateModified\":\"2022-10-05T04:57:24+00:00\",\"breadcrumb\":{\"@id\":\"https:\/\/nitu.mx\/index.php\/2022\/10\/04\/firman-bcs-y-airbnb-acuerdo-de-trabajo-conjunto\/#breadcrumb\"},\"inLanguage\":\"es-MX\",\"potentialAction\":[{\"@type\":\"ReadAction\",\"target\":[\"https:\/\/nitu.mx\/index.php\/2022\/10\/04\/firman-bcs-y-airbnb-acuerdo-de-trabajo-conjunto\/\"]}]},{\"@type\":\"ImageObject\",\"inLanguage\":\"es-MX\",\"@id\":\"https:\/\/nitu.mx\/index.php\/2022\/10\/04\/firman-bcs-y-airbnb-acuerdo-de-trabajo-conjunto\/#primaryimage\",\"url\":\"https:\/\/nitu.mx\/wp-content\/uploads\/2022\/10\/Airbnb-y-Baja-California.jpg\",\"contentUrl\":\"https:\/\/nitu.mx\/wp-content\/uploads\/2022\/10\/Airbnb-y-Baja-California.jpg\",\"width\":1200,\"height\":675},{\"@type\":\"BreadcrumbList\",\"@id\":\"https:\/\/nitu.mx\/index.php\/2022\/10\/04\/firman-bcs-y-airbnb-acuerdo-de-trabajo-conjunto\/#breadcrumb\",\"itemListElement\":[{\"@type\":\"ListItem\",\"position\":1,\"name\":\"Inicio\",\"item\":\"https:\/\/nitu.mx\/\"},{\"@type\":\"ListItem\",\"position\":2,\"name\":\"Firman BCS y Airbnb acuerdo de trabajo conjunto\"}]},{\"@type\":\"WebSite\",\"@id\":\"https:\/\/nitu.mx\/#website\",\"url\":\"https:\/\/nitu.mx\/\",\"name\":\"Nitu - Noticias de la Industria Turistica\",\"description\":\"Noticias de la Industria Turistica\",\"publisher\":{\"@id\":\"https:\/\/nitu.mx\/#\/schema\/person\/ae7a53426417292d3dd07b45a33e01bc\"},\"alternateName\":\"Noticias de la Industria Turistica\",\"potentialAction\":[{\"@type\":\"SearchAction\",\"target\":{\"@type\":\"EntryPoint\",\"urlTemplate\":\"https:\/\/nitu.mx\/?s={search_term_string}\"},\"query-input\":\"required name=search_term_string\"}],\"inLanguage\":\"es-MX\"},{\"@type\":[\"Person\",\"Organization\"],\"@id\":\"https:\/\/nitu.mx\/#\/schema\/person\/ae7a53426417292d3dd07b45a33e01bc\",\"name\":\"Arturo Medina\",\"image\":{\"@type\":\"ImageObject\",\"inLanguage\":\"es-MX\",\"@id\":\"https:\/\/nitu.mx\/#\/schema\/person\/image\/\",\"url\":\"https:\/\/nitu.mx\/wp-content\/uploads\/2024\/04\/4A315622-1904-4D5C-B022-878CDC840E04-90x90-1.jpeg\",\"contentUrl\":\"https:\/\/nitu.mx\/wp-content\/uploads\/2024\/04\/4A315622-1904-4D5C-B022-878CDC840E04-90x90-1.jpeg\",\"width\":90,\"height\":90,\"caption\":\"Arturo Medina\"},\"logo\":{\"@id\":\"https:\/\/nitu.mx\/#\/schema\/person\/image\/\"},\"description\":\"Director NITU.mx, Egresado de la Escuela de Periodismo Carlos Septi\u00e9n Garc\u00eda. Periodista y analista especializado en turismo desde hace 35 a\u00f1os, radicado en Canc\u00fan Q.Roo. arturo@nitu.mx\",\"sameAs\":[\"https:\/\/nitu.mx\",\"https:\/\/www.facebook.com\/NITUmx\/\",\"medinacancun\",\"https:\/\/twitter.com\/@Arturo_Medina_G\"],\"url\":\"https:\/\/nitu.mx\/index.php\/author\/arturo-medina\/\"}]}<\/script>\n<!-- \/ Yoast SEO plugin. -->","yoast_head_json":{"title":"Firman BCS y Airbnb acuerdo de trabajo conjunto - Nitu - Noticias de la Industria Turistica","robots":{"index":"index","follow":"follow","max-snippet":"max-snippet:-1","max-image-preview":"max-image-preview:large","max-video-preview":"max-video-preview:-1"},"canonical":"https:\/\/nitu.mx\/index.php\/2022\/10\/04\/firman-bcs-y-airbnb-acuerdo-de-trabajo-conjunto\/","twitter_card":"summary_large_image","twitter_title":"Firman BCS y Airbnb acuerdo de trabajo conjunto - Nitu - Noticias de la Industria Turistica","twitter_description":"El Gobierno de Baja California Sur y la plataforma Airbnb anunciaron una serie de iniciativas de promoci\u00f3n tur\u00edstica y cifras sobre el impacto econ\u00f3mico de la plataforma en el estado, en el marco del acuerdo que firmaron en la Cumbre de las Am\u00e9ricas celebrada en junio de este a\u00f1o en Los \u00c1ngeles, California, a fin [&hellip;]","twitter_image":"https:\/\/nitu.mx\/wp-content\/uploads\/2022\/10\/Airbnb-y-Baja-California.jpg","twitter_creator":"@Arturo_Medina_G","twitter_site":"@Arturo_Medina_G","twitter_misc":{"Escrito por":"Arturo Medina","Tiempo de lectura":"4 minutos"},"schema":{"@context":"https:\/\/schema.org","@graph":[{"@type":"Article","@id":"https:\/\/nitu.mx\/index.php\/2022\/10\/04\/firman-bcs-y-airbnb-acuerdo-de-trabajo-conjunto\/#article","isPartOf":{"@id":"https:\/\/nitu.mx\/index.php\/2022\/10\/04\/firman-bcs-y-airbnb-acuerdo-de-trabajo-conjunto\/"},"author":{"name":"Arturo Medina","@id":"https:\/\/nitu.mx\/#\/schema\/person\/ae7a53426417292d3dd07b45a33e01bc"},"headline":"Firman BCS y Airbnb acuerdo de trabajo conjunto","datePublished":"2022-10-05T03:58:41+00:00","dateModified":"2022-10-05T04:57:24+00:00","mainEntityOfPage":{"@id":"https:\/\/nitu.mx\/index.php\/2022\/10\/04\/firman-bcs-y-airbnb-acuerdo-de-trabajo-conjunto\/"},"wordCount":849,"commentCount":0,"publisher":{"@id":"https:\/\/nitu.mx\/#\/schema\/person\/ae7a53426417292d3dd07b45a33e01bc"},"image":{"@id":"https:\/\/nitu.mx\/index.php\/2022\/10\/04\/firman-bcs-y-airbnb-acuerdo-de-trabajo-conjunto\/#primaryimage"},"thumbnailUrl":"https:\/\/nitu.mx\/wp-content\/uploads\/2022\/10\/Airbnb-y-Baja-California.jpg","keywords":["Airbnb","\u00c1ngel Terral","Baja California Sur","Los Cabos","Maribel Collins","n\u00f3mada digital"],"articleSection":["Destinos"],"inLanguage":"es-MX","potentialAction":[{"@type":"CommentAction","name":"Comment","target":["https:\/\/nitu.mx\/index.php\/2022\/10\/04\/firman-bcs-y-airbnb-acuerdo-de-trabajo-conjunto\/#respond"]}]},{"@type":"WebPage","@id":"https:\/\/nitu.mx\/index.php\/2022\/10\/04\/firman-bcs-y-airbnb-acuerdo-de-trabajo-conjunto\/","url":"https:\/\/nitu.mx\/index.php\/2022\/10\/04\/firman-bcs-y-airbnb-acuerdo-de-trabajo-conjunto\/","name":"Firman BCS y Airbnb acuerdo de trabajo conjunto - Nitu - Noticias de la Industria Turistica","isPartOf":{"@id":"https:\/\/nitu.mx\/#website"},"primaryImageOfPage":{"@id":"https:\/\/nitu.mx\/index.php\/2022\/10\/04\/firman-bcs-y-airbnb-acuerdo-de-trabajo-conjunto\/#primaryimage"},"image":{"@id":"https:\/\/nitu.mx\/index.php\/2022\/10\/04\/firman-bcs-y-airbnb-acuerdo-de-trabajo-conjunto\/#primaryimage"},"thumbnailUrl":"https:\/\/nitu.mx\/wp-content\/uploads\/2022\/10\/Airbnb-y-Baja-California.jpg","datePublished":"2022-10-05T03:58:41+00:00","dateModified":"2022-10-05T04:57:24+00:00","breadcrumb":{"@id":"https:\/\/nitu.mx\/index.php\/2022\/10\/04\/firman-bcs-y-airbnb-acuerdo-de-trabajo-conjunto\/#breadcrumb"},"inLanguage":"es-MX","potentialAction":[{"@type":"ReadAction","target":["https:\/\/nitu.mx\/index.php\/2022\/10\/04\/firman-bcs-y-airbnb-acuerdo-de-trabajo-conjunto\/"]}]},{"@type":"ImageObject","inLanguage":"es-MX","@id":"https:\/\/nitu.mx\/index.php\/2022\/10\/04\/firman-bcs-y-airbnb-acuerdo-de-trabajo-conjunto\/#primaryimage","url":"https:\/\/nitu.mx\/wp-content\/uploads\/2022\/10\/Airbnb-y-Baja-California.jpg","contentUrl":"https:\/\/nitu.mx\/wp-content\/uploads\/2022\/10\/Airbnb-y-Baja-California.jpg","width":1200,"height":675},{"@type":"BreadcrumbList","@id":"https:\/\/nitu.mx\/index.php\/2022\/10\/04\/firman-bcs-y-airbnb-acuerdo-de-trabajo-conjunto\/#breadcrumb","itemListElement":[{"@type":"ListItem","position":1,"name":"Inicio","item":"https:\/\/nitu.mx\/"},{"@type":"ListItem","position":2,"name":"Firman BCS y Airbnb acuerdo de trabajo conjunto"}]},{"@type":"WebSite","@id":"https:\/\/nitu.mx\/#website","url":"https:\/\/nitu.mx\/","name":"Nitu - Noticias de la Industria Turistica","description":"Noticias de la Industria Turistica","publisher":{"@id":"https:\/\/nitu.mx\/#\/schema\/person\/ae7a53426417292d3dd07b45a33e01bc"},"alternateName":"Noticias de la Industria Turistica","potentialAction":[{"@type":"SearchAction","target":{"@type":"EntryPoint","urlTemplate":"https:\/\/nitu.mx\/?s={search_term_string}"},"query-input":"required name=search_term_string"}],"inLanguage":"es-MX"},{"@type":["Person","Organization"],"@id":"https:\/\/nitu.mx\/#\/schema\/person\/ae7a53426417292d3dd07b45a33e01bc","name":"Arturo Medina","image":{"@type":"ImageObject","inLanguage":"es-MX","@id":"https:\/\/nitu.mx\/#\/schema\/person\/image\/","url":"https:\/\/nitu.mx\/wp-content\/uploads\/2024\/04\/4A315622-1904-4D5C-B022-878CDC840E04-90x90-1.jpeg","contentUrl":"https:\/\/nitu.mx\/wp-content\/uploads\/2024\/04\/4A315622-1904-4D5C-B022-878CDC840E04-90x90-1.jpeg","width":90,"height":90,"caption":"Arturo Medina"},"logo":{"@id":"https:\/\/nitu.mx\/#\/schema\/person\/image\/"},"description":"Director NITU.mx, Egresado de la Escuela de Periodismo Carlos Septi\u00e9n Garc\u00eda. Periodista y analista especializado en turismo desde hace 35 a\u00f1os, radicado en Canc\u00fan Q.Roo. arturo@nitu.mx","sameAs":["https:\/\/nitu.mx","https:\/\/www.facebook.com\/NITUmx\/","medinacancun","https:\/\/twitter.com\/@Arturo_Medina_G"],"url":"https:\/\/nitu.mx\/index.php\/author\/arturo-medina\/"}]}},"views":382,"_links":{"self":[{"href":"https:\/\/nitu.mx\/index.php\/wp-json\/wp\/v2\/posts\/61634"}],"collection":[{"href":"https:\/\/nitu.mx\/index.php\/wp-json\/wp\/v2\/posts"}],"about":[{"href":"https:\/\/nitu.mx\/index.php\/wp-json\/wp\/v2\/types\/post"}],"author":[{"embeddable":true,"href":"https:\/\/nitu.mx\/index.php\/wp-json\/wp\/v2\/users\/2"}],"replies":[{"embeddable":true,"href":"https:\/\/nitu.mx\/index.php\/wp-json\/wp\/v2\/comments?post=61634"}],"version-history":[{"count":4,"href":"https:\/\/nitu.mx\/index.php\/wp-json\/wp\/v2\/posts\/61634\/revisions"}],"predecessor-version":[{"id":61646,"href":"https:\/\/nitu.mx\/index.php\/wp-json\/wp\/v2\/posts\/61634\/revisions\/61646"}],"wp:featuredmedia":[{"embeddable":true,"href":"https:\/\/nitu.mx\/index.php\/wp-json\/wp\/v2\/media\/61649"}],"wp:attachment":[{"href":"https:\/\/nitu.mx\/index.php\/wp-json\/wp\/v2\/media?parent=61634"}],"wp:term":[{"taxonomy":"category","embeddable":true,"href":"https:\/\/nitu.mx\/index.php\/wp-json\/wp\/v2\/categories?post=61634"},{"taxonomy":"post_tag","embeddable":true,"href":"https:\/\/nitu.mx\/index.php\/wp-json\/wp\/v2\/tags?post=61634"}],"curies":[{"name":"wp","href":"https:\/\/api.w.org\/{rel}","templated":true}]}}