{"id":61620,"date":"2022-10-04T00:15:47","date_gmt":"2022-10-04T05:15:47","guid":{"rendered":"https:\/\/www.dev.nitu.mx\/?p=61620"},"modified":"2022-10-04T00:20:39","modified_gmt":"2022-10-04T05:20:39","slug":"tabasco-refuerza-su-promocion-turistica-de-cara-al-fin-de-ano","status":"publish","type":"post","link":"https:\/\/nitu.mx\/index.php\/2022\/10\/04\/tabasco-refuerza-su-promocion-turistica-de-cara-al-fin-de-ano\/","title":{"rendered":"Tabasco refuerza su promoci\u00f3n tur\u00edstica de cara al fin de a\u00f1o"},"content":{"rendered":"<p>Hacia la recta final del a\u00f1o, Tabasco concentra sus esfuerzos de promoci\u00f3n tur\u00edstica con una s\u00f3lida estrategia y tres actividades relevantes que lo colocar\u00e1n en el mapa tur\u00edstico de M\u00e9xico.<\/p>\n<p>Este lunes inici\u00f3 la exposici\u00f3n Tabasco Memorable en Punto M\u00e9xico de la Secretar\u00eda de Turismo federal (Sectur), que estar\u00e1 durante el mes de octubre con su oferta artesanal, gastron\u00f3mica y tur\u00edstica en las instalaciones de Sectur en Polanco.<\/p>\n<p>El titular de la Unidad de Informaci\u00f3n y Seguimiento de la Secretar\u00eda de Turismo del Gobierno de M\u00e9xico (Sectur), Alejandro Aguilera G\u00f3mez, y el secretario de Turismo de Tabasco, Jos\u00e9 Antonio Nieves Rodr\u00edguez, inauguraron la exposici\u00f3n.<\/p>\n<p>\u201cTabasco es poseedor de grandes atractivos tur\u00edsticos como: Centla, el humedal m\u00e1s grande de Am\u00e9rica del Norte, las Grutas de Cocon\u00e1, las Cascadas de Agua Blanca, el Centro Ecotur\u00edstico Las Garzas, el Jard\u00edn Bot\u00e1nico San Ram\u00f3n y el Gran Museo de la Venta\u201d, coment\u00f3 Aguilera G\u00f3mez.<\/p>\n<p>Agreg\u00f3 que tambi\u00e9n cuenta con hermosas playas como Para\u00edso, sede de la refiner\u00eda de Dos Bocas, S\u00e1nchez Magallanes y Puerto Ceiba, adem\u00e1s, ofrece la ruta del cacao, que consta de un recorrido por los municipios de Comalcalco, Para\u00edso y Cunduac\u00e1n, entre otros atractivos tur\u00edsticos.<\/p>\n<p>En la inauguraci\u00f3n tuvo presencia la Embajada de B\u00e9lgica en M\u00e9xico, a cargo del Excmo. Johan Verkammen, al ser un pa\u00eds chocolatero, con muy agradables mezclas de cacao desde el siglo XIX, coment\u00f3 el funcionario de Sectur.<\/p>\n<p>El secretario de Turismo de Tabasco, Jos\u00e9 Antonio Nieves Rodr\u00edguez, subray\u00f3 la importancia de la ubicaci\u00f3n del estado, ya que este representa el 80% del tr\u00f3pico h\u00famedo mexicano, y aunado a la presencia de cuatro de las m\u00e1s importantes culturas de M\u00e9xico: Olmecas, Zoques, Mayas y Aztecas, que hicieron del cacao y el chocolate un producto de gran valor para Tabasco.<\/p>\n<p>Mencion\u00f3 que Tabasco Memorable en Punto M\u00e9xico llega oportunamente, ya que promueve eventos importantes como la presencia de Tabasco en la Eurochocolate, en Perugia, Italia, del 14 al 23 de octubre.<\/p>\n<p>El evento con m\u00e1s de 70 mil asistentes, es junto con el Carnaval de Venecia y Palio de Siena, uno de los m\u00e1s apreciados por los italianos; permite crear lazos comerciales y networking entre cacaoteros y chocolateros. Adem\u00e1s, permite la promoci\u00f3n del destino y de la primera Ruta Agrotur\u00edstica de M\u00e9xico, la Ruta del Cacao al Chocolate.<\/p>\n<p>Jos\u00e9 Antonio Nieves tambi\u00e9n mencion\u00f3 el 11vo Festival del Chocolate, en Villahermosa, Tabasco, del 16 al 20 de noviembre, que con m\u00e1s de 90 mil visitantes; el m\u00e1s importante en Latinoam\u00e9rica y cuyo objetivo es posicionar a Tabasco por su historia y su cultura ancestral como la Patria del Cacao y Cuna del Chocolate.<\/p>\n<p>El secretario de Turismo de Tabasco puntualiz\u00f3 que durante este mes en Punto M\u00e9xico habr\u00e1 distintas actividades como catas de chocolate, presentaciones de productos y talleres artesanales, con el prop\u00f3sito de dar a conocer la oferta tur\u00edstica, as\u00ed como el posicionamiento de Tabasco Memorable como marca tur\u00edstica.\u00a0<a title=\"Tren Maya concentra su construcci\u00f3n en Tabasco, Campeche y Yucat\u00e1n\" href=\"https:\/\/www.dev.nitu.mx\/index.php\/2022\/07\/25\/tren-maya-concentra-su-construccion-en-tabasco-campeche-y-yucatan\/\" rel=\"bookmark\">(Tren Maya concentra su construcci\u00f3n en Tabasco, Campeche y Yucat\u00e1n<\/a>).<\/p>\n","protected":false},"excerpt":{"rendered":"<p>Hacia la recta final del a\u00f1o, Tabasco concentra sus esfuerzos de promoci\u00f3n tur\u00edstica con una s\u00f3lida estrategia y tres actividades relevantes que lo colocar\u00e1n en el mapa tur\u00edstico de M\u00e9xico. Este lunes inici\u00f3 la exposici\u00f3n Tabasco Memorable en Punto M\u00e9xico de la Secretar\u00eda de Turismo federal (Sectur), que estar\u00e1 durante el mes de octubre con [&hellip;]<\/p>\n","protected":false},"author":18,"featured_media":61622,"comment_status":"open","ping_status":"open","sticky":false,"template":"","format":"standard","meta":{"footnotes":""},"categories":[5],"tags":[11655,23608,93,399],"yoast_head":"<!-- This site is optimized with the Yoast SEO plugin v22.2 - https:\/\/yoast.com\/wordpress\/plugins\/seo\/ -->\n<title>Tabasco refuerza su promoci\u00f3n tur\u00edstica de cara al fin de a\u00f1o - Nitu - Noticias de la Industria Turistica<\/title>\n<meta name=\"robots\" content=\"index, follow, max-snippet:-1, max-image-preview:large, max-video-preview:-1\" \/>\n<link rel=\"canonical\" href=\"https:\/\/nitu.mx\/index.php\/2022\/10\/04\/tabasco-refuerza-su-promocion-turistica-de-cara-al-fin-de-ano\/\" \/>\n<meta name=\"twitter:card\" content=\"summary_large_image\" \/>\n<meta name=\"twitter:title\" content=\"Tabasco refuerza su promoci\u00f3n tur\u00edstica de cara al fin de a\u00f1o - Nitu - Noticias de la Industria Turistica\" \/>\n<meta name=\"twitter:description\" content=\"Hacia la recta final del a\u00f1o, Tabasco concentra sus esfuerzos de promoci\u00f3n tur\u00edstica con una s\u00f3lida estrategia y tres actividades relevantes que lo colocar\u00e1n en el mapa tur\u00edstico de M\u00e9xico. Este lunes inici\u00f3 la exposici\u00f3n Tabasco Memorable en Punto M\u00e9xico de la Secretar\u00eda de Turismo federal (Sectur), que estar\u00e1 durante el mes de octubre con [&hellip;]\" \/>\n<meta name=\"twitter:image\" content=\"https:\/\/nitu.mx\/wp-content\/uploads\/2022\/10\/Tabasco-Memorable-en-Punto-M\u00e9xico.jpeg\" \/>\n<meta name=\"twitter:creator\" content=\"@NITUmx\" \/>\n<meta name=\"twitter:site\" content=\"@Arturo_Medina_G\" \/>\n<meta name=\"twitter:label1\" content=\"Escrito por\" \/>\n\t<meta name=\"twitter:data1\" content=\"Guadalupe Sixto\" \/>\n\t<meta name=\"twitter:label2\" content=\"Tiempo de lectura\" \/>\n\t<meta name=\"twitter:data2\" content=\"3 minutos\" \/>\n<script type=\"application\/ld+json\" class=\"yoast-schema-graph\">{\"@context\":\"https:\/\/schema.org\",\"@graph\":[{\"@type\":\"Article\",\"@id\":\"https:\/\/nitu.mx\/index.php\/2022\/10\/04\/tabasco-refuerza-su-promocion-turistica-de-cara-al-fin-de-ano\/#article\",\"isPartOf\":{\"@id\":\"https:\/\/nitu.mx\/index.php\/2022\/10\/04\/tabasco-refuerza-su-promocion-turistica-de-cara-al-fin-de-ano\/\"},\"author\":{\"name\":\"Guadalupe Sixto\",\"@id\":\"https:\/\/nitu.mx\/#\/schema\/person\/3df3082b5e46037e3f13614d28ee0b77\"},\"headline\":\"Tabasco refuerza su promoci\u00f3n tur\u00edstica de cara al fin de a\u00f1o\",\"datePublished\":\"2022-10-04T05:15:47+00:00\",\"dateModified\":\"2022-10-04T05:20:39+00:00\",\"mainEntityOfPage\":{\"@id\":\"https:\/\/nitu.mx\/index.php\/2022\/10\/04\/tabasco-refuerza-su-promocion-turistica-de-cara-al-fin-de-ano\/\"},\"wordCount\":559,\"commentCount\":0,\"publisher\":{\"@id\":\"https:\/\/nitu.mx\/#\/schema\/person\/ae7a53426417292d3dd07b45a33e01bc\"},\"image\":{\"@id\":\"https:\/\/nitu.mx\/index.php\/2022\/10\/04\/tabasco-refuerza-su-promocion-turistica-de-cara-al-fin-de-ano\/#primaryimage\"},\"thumbnailUrl\":\"https:\/\/nitu.mx\/wp-content\/uploads\/2022\/10\/Tabasco-Memorable-en-Punto-M\u00e9xico.jpeg\",\"keywords\":[\"Punto M\u00e9xico\",\"Ruta del Cacao\",\"Sectur\",\"Tabasco\"],\"articleSection\":[\"Destinos\"],\"inLanguage\":\"es-MX\",\"potentialAction\":[{\"@type\":\"CommentAction\",\"name\":\"Comment\",\"target\":[\"https:\/\/nitu.mx\/index.php\/2022\/10\/04\/tabasco-refuerza-su-promocion-turistica-de-cara-al-fin-de-ano\/#respond\"]}]},{\"@type\":\"WebPage\",\"@id\":\"https:\/\/nitu.mx\/index.php\/2022\/10\/04\/tabasco-refuerza-su-promocion-turistica-de-cara-al-fin-de-ano\/\",\"url\":\"https:\/\/nitu.mx\/index.php\/2022\/10\/04\/tabasco-refuerza-su-promocion-turistica-de-cara-al-fin-de-ano\/\",\"name\":\"Tabasco refuerza su promoci\u00f3n tur\u00edstica de cara al fin de a\u00f1o - Nitu - Noticias de la Industria Turistica\",\"isPartOf\":{\"@id\":\"https:\/\/nitu.mx\/#website\"},\"primaryImageOfPage\":{\"@id\":\"https:\/\/nitu.mx\/index.php\/2022\/10\/04\/tabasco-refuerza-su-promocion-turistica-de-cara-al-fin-de-ano\/#primaryimage\"},\"image\":{\"@id\":\"https:\/\/nitu.mx\/index.php\/2022\/10\/04\/tabasco-refuerza-su-promocion-turistica-de-cara-al-fin-de-ano\/#primaryimage\"},\"thumbnailUrl\":\"https:\/\/nitu.mx\/wp-content\/uploads\/2022\/10\/Tabasco-Memorable-en-Punto-M\u00e9xico.jpeg\",\"datePublished\":\"2022-10-04T05:15:47+00:00\",\"dateModified\":\"2022-10-04T05:20:39+00:00\",\"breadcrumb\":{\"@id\":\"https:\/\/nitu.mx\/index.php\/2022\/10\/04\/tabasco-refuerza-su-promocion-turistica-de-cara-al-fin-de-ano\/#breadcrumb\"},\"inLanguage\":\"es-MX\",\"potentialAction\":[{\"@type\":\"ReadAction\",\"target\":[\"https:\/\/nitu.mx\/index.php\/2022\/10\/04\/tabasco-refuerza-su-promocion-turistica-de-cara-al-fin-de-ano\/\"]}]},{\"@type\":\"ImageObject\",\"inLanguage\":\"es-MX\",\"@id\":\"https:\/\/nitu.mx\/index.php\/2022\/10\/04\/tabasco-refuerza-su-promocion-turistica-de-cara-al-fin-de-ano\/#primaryimage\",\"url\":\"https:\/\/nitu.mx\/wp-content\/uploads\/2022\/10\/Tabasco-Memorable-en-Punto-M\u00e9xico.jpeg\",\"contentUrl\":\"https:\/\/nitu.mx\/wp-content\/uploads\/2022\/10\/Tabasco-Memorable-en-Punto-M\u00e9xico.jpeg\",\"width\":1200,\"height\":675,\"caption\":\"Tabasco\"},{\"@type\":\"BreadcrumbList\",\"@id\":\"https:\/\/nitu.mx\/index.php\/2022\/10\/04\/tabasco-refuerza-su-promocion-turistica-de-cara-al-fin-de-ano\/#breadcrumb\",\"itemListElement\":[{\"@type\":\"ListItem\",\"position\":1,\"name\":\"Inicio\",\"item\":\"https:\/\/nitu.mx\/\"},{\"@type\":\"ListItem\",\"position\":2,\"name\":\"Tabasco refuerza su promoci\u00f3n tur\u00edstica de cara al fin de a\u00f1o\"}]},{\"@type\":\"WebSite\",\"@id\":\"https:\/\/nitu.mx\/#website\",\"url\":\"https:\/\/nitu.mx\/\",\"name\":\"Nitu - Noticias de la Industria Turistica\",\"description\":\"Noticias de la Industria Turistica\",\"publisher\":{\"@id\":\"https:\/\/nitu.mx\/#\/schema\/person\/ae7a53426417292d3dd07b45a33e01bc\"},\"alternateName\":\"Noticias de la Industria Turistica\",\"potentialAction\":[{\"@type\":\"SearchAction\",\"target\":{\"@type\":\"EntryPoint\",\"urlTemplate\":\"https:\/\/nitu.mx\/?s={search_term_string}\"},\"query-input\":\"required name=search_term_string\"}],\"inLanguage\":\"es-MX\"},{\"@type\":[\"Person\",\"Organization\"],\"@id\":\"https:\/\/nitu.mx\/#\/schema\/person\/ae7a53426417292d3dd07b45a33e01bc\",\"name\":\"Arturo Medina\",\"image\":{\"@type\":\"ImageObject\",\"inLanguage\":\"es-MX\",\"@id\":\"https:\/\/nitu.mx\/#\/schema\/person\/image\/\",\"url\":\"https:\/\/nitu.mx\/wp-content\/uploads\/2024\/04\/4A315622-1904-4D5C-B022-878CDC840E04-90x90-1.jpeg\",\"contentUrl\":\"https:\/\/nitu.mx\/wp-content\/uploads\/2024\/04\/4A315622-1904-4D5C-B022-878CDC840E04-90x90-1.jpeg\",\"width\":90,\"height\":90,\"caption\":\"Arturo Medina\"},\"logo\":{\"@id\":\"https:\/\/nitu.mx\/#\/schema\/person\/image\/\"},\"description\":\"Director NITU.mx, Egresado de la Escuela de Periodismo Carlos Septi\u00e9n Garc\u00eda. Periodista y analista especializado en turismo desde hace 35 a\u00f1os, radicado en Canc\u00fan Q.Roo. arturo@nitu.mx\",\"sameAs\":[\"https:\/\/nitu.mx\",\"https:\/\/www.facebook.com\/NITUmx\/\",\"medinacancun\",\"https:\/\/twitter.com\/@Arturo_Medina_G\"]},{\"@type\":\"Person\",\"@id\":\"https:\/\/nitu.mx\/#\/schema\/person\/3df3082b5e46037e3f13614d28ee0b77\",\"name\":\"Guadalupe Sixto\",\"image\":{\"@type\":\"ImageObject\",\"inLanguage\":\"es-MX\",\"@id\":\"https:\/\/nitu.mx\/#\/schema\/person\/image\/\",\"url\":\"https:\/\/secure.gravatar.com\/avatar\/13914e1b0e1919e91f9539de4dc584c4?s=96&d=mm&r=g\",\"contentUrl\":\"https:\/\/secure.gravatar.com\/avatar\/13914e1b0e1919e91f9539de4dc584c4?s=96&d=mm&r=g\",\"caption\":\"Guadalupe Sixto\"},\"url\":\"https:\/\/nitu.mx\/index.php\/author\/gsixto\/\"}]}<\/script>\n<!-- \/ Yoast SEO plugin. -->","yoast_head_json":{"title":"Tabasco refuerza su promoci\u00f3n tur\u00edstica de cara al fin de a\u00f1o - Nitu - Noticias de la Industria Turistica","robots":{"index":"index","follow":"follow","max-snippet":"max-snippet:-1","max-image-preview":"max-image-preview:large","max-video-preview":"max-video-preview:-1"},"canonical":"https:\/\/nitu.mx\/index.php\/2022\/10\/04\/tabasco-refuerza-su-promocion-turistica-de-cara-al-fin-de-ano\/","twitter_card":"summary_large_image","twitter_title":"Tabasco refuerza su promoci\u00f3n tur\u00edstica de cara al fin de a\u00f1o - Nitu - Noticias de la Industria Turistica","twitter_description":"Hacia la recta final del a\u00f1o, Tabasco concentra sus esfuerzos de promoci\u00f3n tur\u00edstica con una s\u00f3lida estrategia y tres actividades relevantes que lo colocar\u00e1n en el mapa tur\u00edstico de M\u00e9xico. Este lunes inici\u00f3 la exposici\u00f3n Tabasco Memorable en Punto M\u00e9xico de la Secretar\u00eda de Turismo federal (Sectur), que estar\u00e1 durante el mes de octubre con [&hellip;]","twitter_image":"https:\/\/nitu.mx\/wp-content\/uploads\/2022\/10\/Tabasco-Memorable-en-Punto-M\u00e9xico.jpeg","twitter_creator":"@NITUmx","twitter_site":"@Arturo_Medina_G","twitter_misc":{"Escrito por":"Guadalupe Sixto","Tiempo de lectura":"3 minutos"},"schema":{"@context":"https:\/\/schema.org","@graph":[{"@type":"Article","@id":"https:\/\/nitu.mx\/index.php\/2022\/10\/04\/tabasco-refuerza-su-promocion-turistica-de-cara-al-fin-de-ano\/#article","isPartOf":{"@id":"https:\/\/nitu.mx\/index.php\/2022\/10\/04\/tabasco-refuerza-su-promocion-turistica-de-cara-al-fin-de-ano\/"},"author":{"name":"Guadalupe Sixto","@id":"https:\/\/nitu.mx\/#\/schema\/person\/3df3082b5e46037e3f13614d28ee0b77"},"headline":"Tabasco refuerza su promoci\u00f3n tur\u00edstica de cara al fin de a\u00f1o","datePublished":"2022-10-04T05:15:47+00:00","dateModified":"2022-10-04T05:20:39+00:00","mainEntityOfPage":{"@id":"https:\/\/nitu.mx\/index.php\/2022\/10\/04\/tabasco-refuerza-su-promocion-turistica-de-cara-al-fin-de-ano\/"},"wordCount":559,"commentCount":0,"publisher":{"@id":"https:\/\/nitu.mx\/#\/schema\/person\/ae7a53426417292d3dd07b45a33e01bc"},"image":{"@id":"https:\/\/nitu.mx\/index.php\/2022\/10\/04\/tabasco-refuerza-su-promocion-turistica-de-cara-al-fin-de-ano\/#primaryimage"},"thumbnailUrl":"https:\/\/nitu.mx\/wp-content\/uploads\/2022\/10\/Tabasco-Memorable-en-Punto-M\u00e9xico.jpeg","keywords":["Punto M\u00e9xico","Ruta del Cacao","Sectur","Tabasco"],"articleSection":["Destinos"],"inLanguage":"es-MX","potentialAction":[{"@type":"CommentAction","name":"Comment","target":["https:\/\/nitu.mx\/index.php\/2022\/10\/04\/tabasco-refuerza-su-promocion-turistica-de-cara-al-fin-de-ano\/#respond"]}]},{"@type":"WebPage","@id":"https:\/\/nitu.mx\/index.php\/2022\/10\/04\/tabasco-refuerza-su-promocion-turistica-de-cara-al-fin-de-ano\/","url":"https:\/\/nitu.mx\/index.php\/2022\/10\/04\/tabasco-refuerza-su-promocion-turistica-de-cara-al-fin-de-ano\/","name":"Tabasco refuerza su promoci\u00f3n tur\u00edstica de cara al fin de a\u00f1o - Nitu - Noticias de la Industria Turistica","isPartOf":{"@id":"https:\/\/nitu.mx\/#website"},"primaryImageOfPage":{"@id":"https:\/\/nitu.mx\/index.php\/2022\/10\/04\/tabasco-refuerza-su-promocion-turistica-de-cara-al-fin-de-ano\/#primaryimage"},"image":{"@id":"https:\/\/nitu.mx\/index.php\/2022\/10\/04\/tabasco-refuerza-su-promocion-turistica-de-cara-al-fin-de-ano\/#primaryimage"},"thumbnailUrl":"https:\/\/nitu.mx\/wp-content\/uploads\/2022\/10\/Tabasco-Memorable-en-Punto-M\u00e9xico.jpeg","datePublished":"2022-10-04T05:15:47+00:00","dateModified":"2022-10-04T05:20:39+00:00","breadcrumb":{"@id":"https:\/\/nitu.mx\/index.php\/2022\/10\/04\/tabasco-refuerza-su-promocion-turistica-de-cara-al-fin-de-ano\/#breadcrumb"},"inLanguage":"es-MX","potentialAction":[{"@type":"ReadAction","target":["https:\/\/nitu.mx\/index.php\/2022\/10\/04\/tabasco-refuerza-su-promocion-turistica-de-cara-al-fin-de-ano\/"]}]},{"@type":"ImageObject","inLanguage":"es-MX","@id":"https:\/\/nitu.mx\/index.php\/2022\/10\/04\/tabasco-refuerza-su-promocion-turistica-de-cara-al-fin-de-ano\/#primaryimage","url":"https:\/\/nitu.mx\/wp-content\/uploads\/2022\/10\/Tabasco-Memorable-en-Punto-M\u00e9xico.jpeg","contentUrl":"https:\/\/nitu.mx\/wp-content\/uploads\/2022\/10\/Tabasco-Memorable-en-Punto-M\u00e9xico.jpeg","width":1200,"height":675,"caption":"Tabasco"},{"@type":"BreadcrumbList","@id":"https:\/\/nitu.mx\/index.php\/2022\/10\/04\/tabasco-refuerza-su-promocion-turistica-de-cara-al-fin-de-ano\/#breadcrumb","itemListElement":[{"@type":"ListItem","position":1,"name":"Inicio","item":"https:\/\/nitu.mx\/"},{"@type":"ListItem","position":2,"name":"Tabasco refuerza su promoci\u00f3n tur\u00edstica de cara al fin de a\u00f1o"}]},{"@type":"WebSite","@id":"https:\/\/nitu.mx\/#website","url":"https:\/\/nitu.mx\/","name":"Nitu - Noticias de la Industria Turistica","description":"Noticias de la Industria Turistica","publisher":{"@id":"https:\/\/nitu.mx\/#\/schema\/person\/ae7a53426417292d3dd07b45a33e01bc"},"alternateName":"Noticias de la Industria Turistica","potentialAction":[{"@type":"SearchAction","target":{"@type":"EntryPoint","urlTemplate":"https:\/\/nitu.mx\/?s={search_term_string}"},"query-input":"required name=search_term_string"}],"inLanguage":"es-MX"},{"@type":["Person","Organization"],"@id":"https:\/\/nitu.mx\/#\/schema\/person\/ae7a53426417292d3dd07b45a33e01bc","name":"Arturo Medina","image":{"@type":"ImageObject","inLanguage":"es-MX","@id":"https:\/\/nitu.mx\/#\/schema\/person\/image\/","url":"https:\/\/nitu.mx\/wp-content\/uploads\/2024\/04\/4A315622-1904-4D5C-B022-878CDC840E04-90x90-1.jpeg","contentUrl":"https:\/\/nitu.mx\/wp-content\/uploads\/2024\/04\/4A315622-1904-4D5C-B022-878CDC840E04-90x90-1.jpeg","width":90,"height":90,"caption":"Arturo Medina"},"logo":{"@id":"https:\/\/nitu.mx\/#\/schema\/person\/image\/"},"description":"Director NITU.mx, Egresado de la Escuela de Periodismo Carlos Septi\u00e9n Garc\u00eda. Periodista y analista especializado en turismo desde hace 35 a\u00f1os, radicado en Canc\u00fan Q.Roo. arturo@nitu.mx","sameAs":["https:\/\/nitu.mx","https:\/\/www.facebook.com\/NITUmx\/","medinacancun","https:\/\/twitter.com\/@Arturo_Medina_G"]},{"@type":"Person","@id":"https:\/\/nitu.mx\/#\/schema\/person\/3df3082b5e46037e3f13614d28ee0b77","name":"Guadalupe Sixto","image":{"@type":"ImageObject","inLanguage":"es-MX","@id":"https:\/\/nitu.mx\/#\/schema\/person\/image\/","url":"https:\/\/secure.gravatar.com\/avatar\/13914e1b0e1919e91f9539de4dc584c4?s=96&d=mm&r=g","contentUrl":"https:\/\/secure.gravatar.com\/avatar\/13914e1b0e1919e91f9539de4dc584c4?s=96&d=mm&r=g","caption":"Guadalupe Sixto"},"url":"https:\/\/nitu.mx\/index.php\/author\/gsixto\/"}]}},"views":284,"_links":{"self":[{"href":"https:\/\/nitu.mx\/index.php\/wp-json\/wp\/v2\/posts\/61620"}],"collection":[{"href":"https:\/\/nitu.mx\/index.php\/wp-json\/wp\/v2\/posts"}],"about":[{"href":"https:\/\/nitu.mx\/index.php\/wp-json\/wp\/v2\/types\/post"}],"author":[{"embeddable":true,"href":"https:\/\/nitu.mx\/index.php\/wp-json\/wp\/v2\/users\/18"}],"replies":[{"embeddable":true,"href":"https:\/\/nitu.mx\/index.php\/wp-json\/wp\/v2\/comments?post=61620"}],"version-history":[{"count":1,"href":"https:\/\/nitu.mx\/index.php\/wp-json\/wp\/v2\/posts\/61620\/revisions"}],"predecessor-version":[{"id":61621,"href":"https:\/\/nitu.mx\/index.php\/wp-json\/wp\/v2\/posts\/61620\/revisions\/61621"}],"wp:featuredmedia":[{"embeddable":true,"href":"https:\/\/nitu.mx\/index.php\/wp-json\/wp\/v2\/media\/61622"}],"wp:attachment":[{"href":"https:\/\/nitu.mx\/index.php\/wp-json\/wp\/v2\/media?parent=61620"}],"wp:term":[{"taxonomy":"category","embeddable":true,"href":"https:\/\/nitu.mx\/index.php\/wp-json\/wp\/v2\/categories?post=61620"},{"taxonomy":"post_tag","embeddable":true,"href":"https:\/\/nitu.mx\/index.php\/wp-json\/wp\/v2\/tags?post=61620"}],"curies":[{"name":"wp","href":"https:\/\/api.w.org\/{rel}","templated":true}]}}