{"id":61545,"date":"2022-09-29T00:04:09","date_gmt":"2022-09-29T05:04:09","guid":{"rendered":"https:\/\/www.dev.nitu.mx\/?p=61545"},"modified":"2022-09-29T00:35:05","modified_gmt":"2022-09-29T05:35:05","slug":"puerto-vallarta-incrementa-conectividad-al-aifa-con-vuelo-de-volaris","status":"publish","type":"post","link":"https:\/\/nitu.mx\/index.php\/2022\/09\/29\/puerto-vallarta-incrementa-conectividad-al-aifa-con-vuelo-de-volaris\/","title":{"rendered":"Puerto Vallarta incrementa conectividad al AIFA con ruta de Volaris"},"content":{"rendered":"<p>El Aeropuerto Internacional de Puerto Vallarta contin\u00faa incrementando sus operaciones a\u00e9reas, con la reciente inauguraci\u00f3n de la nueva ruta de Volaris desde el Aeropuerto Internacional Felipe \u00c1ngeles (AIFA) la cual tiene un vuelo diario hacia este destino tur\u00edstico del Pac\u00edfico mexicano.<\/p>\n<p>Este 21 de septiembre, Volaris llev\u00f3 a cabo su vuelo inaugural desde el AIFA hacia Puerto Vallarta, recibiendo un total de 130 pasajeros.<\/p>\n<p>Con esta importante operaci\u00f3n a\u00e9rea, Puerto Vallarta sumar\u00e1 un promedio de 5 mil 220 asientos mensuales desde el AIFA, la cual llega durante el oto\u00f1o e invierno, dos de las temporadas m\u00e1s importantes para el destino y que beneficiar\u00e1 al crecimiento en la industria de la ciudad.<\/p>\n<p>Los pasajeros que llegaron al Aeropuerto Internacional de Puerto Vallarta el pasado 21 de septiembre, fueron recibidos por representantes del destino, quienes les brindaron a todos los viajeros distintos kits de bienvenida alusivos a la\u00a0denominada \u201cCiudad m\u00e1s amigable del mundo\u201d.<\/p>\n<p>Como es tradici\u00f3n en los vuelos inaugurales, el folclor mexicano se hizo presente y un mariachi recibi\u00f3 a los visitantes y parte de la tripulaci\u00f3n de este vuelo, que representa una oportunidad m\u00e1s para los viajeros de la Zona Metropolitana del Valle de M\u00e9xico de visitar este destino de la costa jalisciense.<\/p>\n<p>Luis Villase\u00f1or, director general del Fideicomiso P\u00fablico para la Promoci\u00f3n y Publicidad Tur\u00edstica de Puerto Vallarta, coment\u00f3: \u201cEstamos muy felices de que las operaciones a\u00e9reas en Puerto Vallarta contin\u00faen creciendo, siendo un reflejo de la demanda que existe por parte de los visitantes de esta importante regi\u00f3n, ya que es nuestro mercado natural m\u00e1s grande a nivel nacional y el cual ha elegido a esta ciudad como su destino favorito de playa para vacacionar\u201d.<\/p>\n<p>Puerto Vallarta ha presentado buenos resultados en sus recientes temporadas vacacionales, registrando en 2022 cifras hist\u00f3ricas que incluso superan los n\u00fameros pre pandemia, demostrando que este destino tur\u00edstico sigue cautivando a los viajeros nacionales e internacionales.\u00a0<a title=\"Puerto Vallarta capacita a m\u00e1s de 200 agentes de viajes de California\" href=\"https:\/\/www.dev.nitu.mx\/index.php\/2022\/09\/04\/puerto-vallarta-capacita-a-mas-de-200-agentes-de-viajes-de-california\/\" rel=\"bookmark\">(Puerto Vallarta capacita a m\u00e1s de 200 agentes de viajes de California<\/a>).<\/p>\n","protected":false},"excerpt":{"rendered":"<p>El Aeropuerto Internacional de Puerto Vallarta contin\u00faa incrementando sus operaciones a\u00e9reas, con la reciente inauguraci\u00f3n de la nueva ruta de Volaris desde el Aeropuerto Internacional Felipe \u00c1ngeles (AIFA) la cual tiene un vuelo diario hacia este destino tur\u00edstico del Pac\u00edfico mexicano. Este 21 de septiembre, Volaris llev\u00f3 a cabo su vuelo inaugural desde el AIFA [&hellip;]<\/p>\n","protected":false},"author":17,"featured_media":61547,"comment_status":"open","ping_status":"open","sticky":false,"template":"","format":"standard","meta":{"footnotes":""},"categories":[5],"tags":[21925,10938,471,131],"yoast_head":"<!-- This site is optimized with the Yoast SEO plugin v22.2 - https:\/\/yoast.com\/wordpress\/plugins\/seo\/ -->\n<title>Puerto Vallarta incrementa conectividad al AIFA con ruta de Volaris - Nitu - Noticias de la Industria Turistica<\/title>\n<meta name=\"robots\" content=\"index, follow, max-snippet:-1, max-image-preview:large, max-video-preview:-1\" \/>\n<link rel=\"canonical\" href=\"https:\/\/nitu.mx\/index.php\/2022\/09\/29\/puerto-vallarta-incrementa-conectividad-al-aifa-con-vuelo-de-volaris\/\" \/>\n<meta name=\"twitter:card\" content=\"summary_large_image\" \/>\n<meta name=\"twitter:title\" content=\"Puerto Vallarta incrementa conectividad al AIFA con ruta de Volaris - Nitu - Noticias de la Industria Turistica\" \/>\n<meta name=\"twitter:description\" content=\"El Aeropuerto Internacional de Puerto Vallarta contin\u00faa incrementando sus operaciones a\u00e9reas, con la reciente inauguraci\u00f3n de la nueva ruta de Volaris desde el Aeropuerto Internacional Felipe \u00c1ngeles (AIFA) la cual tiene un vuelo diario hacia este destino tur\u00edstico del Pac\u00edfico mexicano. Este 21 de septiembre, Volaris llev\u00f3 a cabo su vuelo inaugural desde el AIFA [&hellip;]\" \/>\n<meta name=\"twitter:image\" content=\"https:\/\/nitu.mx\/wp-content\/uploads\/2022\/09\/Puerto-Vallarta-ruta-AIFA-Volaris.jpg\" \/>\n<meta name=\"twitter:creator\" content=\"@NITUmx\" \/>\n<meta name=\"twitter:site\" content=\"@Arturo_Medina_G\" \/>\n<meta name=\"twitter:label1\" content=\"Escrito por\" \/>\n\t<meta name=\"twitter:data1\" content=\"Redacci\u00f3n\" \/>\n\t<meta name=\"twitter:label2\" content=\"Tiempo de lectura\" \/>\n\t<meta name=\"twitter:data2\" content=\"2 minutos\" \/>\n<script type=\"application\/ld+json\" class=\"yoast-schema-graph\">{\"@context\":\"https:\/\/schema.org\",\"@graph\":[{\"@type\":\"Article\",\"@id\":\"https:\/\/nitu.mx\/index.php\/2022\/09\/29\/puerto-vallarta-incrementa-conectividad-al-aifa-con-vuelo-de-volaris\/#article\",\"isPartOf\":{\"@id\":\"https:\/\/nitu.mx\/index.php\/2022\/09\/29\/puerto-vallarta-incrementa-conectividad-al-aifa-con-vuelo-de-volaris\/\"},\"author\":{\"name\":\"Redacci\u00f3n\",\"@id\":\"https:\/\/nitu.mx\/#\/schema\/person\/4a28fe9bd65924f7c90623773daf1b0b\"},\"headline\":\"Puerto Vallarta incrementa conectividad al AIFA con ruta de Volaris\",\"datePublished\":\"2022-09-29T05:04:09+00:00\",\"dateModified\":\"2022-09-29T05:35:05+00:00\",\"mainEntityOfPage\":{\"@id\":\"https:\/\/nitu.mx\/index.php\/2022\/09\/29\/puerto-vallarta-incrementa-conectividad-al-aifa-con-vuelo-de-volaris\/\"},\"wordCount\":355,\"commentCount\":0,\"publisher\":{\"@id\":\"https:\/\/nitu.mx\/#\/schema\/person\/ae7a53426417292d3dd07b45a33e01bc\"},\"image\":{\"@id\":\"https:\/\/nitu.mx\/index.php\/2022\/09\/29\/puerto-vallarta-incrementa-conectividad-al-aifa-con-vuelo-de-volaris\/#primaryimage\"},\"thumbnailUrl\":\"https:\/\/nitu.mx\/wp-content\/uploads\/2022\/09\/Puerto-Vallarta-ruta-AIFA-Volaris.jpg\",\"keywords\":[\"AIFA\",\"Luis Villase\u00f1or\",\"Puerto Vallarta\",\"Volaris\"],\"articleSection\":[\"Destinos\"],\"inLanguage\":\"es-MX\",\"potentialAction\":[{\"@type\":\"CommentAction\",\"name\":\"Comment\",\"target\":[\"https:\/\/nitu.mx\/index.php\/2022\/09\/29\/puerto-vallarta-incrementa-conectividad-al-aifa-con-vuelo-de-volaris\/#respond\"]}]},{\"@type\":\"WebPage\",\"@id\":\"https:\/\/nitu.mx\/index.php\/2022\/09\/29\/puerto-vallarta-incrementa-conectividad-al-aifa-con-vuelo-de-volaris\/\",\"url\":\"https:\/\/nitu.mx\/index.php\/2022\/09\/29\/puerto-vallarta-incrementa-conectividad-al-aifa-con-vuelo-de-volaris\/\",\"name\":\"Puerto Vallarta incrementa conectividad al AIFA con ruta de Volaris - Nitu - Noticias de la Industria Turistica\",\"isPartOf\":{\"@id\":\"https:\/\/nitu.mx\/#website\"},\"primaryImageOfPage\":{\"@id\":\"https:\/\/nitu.mx\/index.php\/2022\/09\/29\/puerto-vallarta-incrementa-conectividad-al-aifa-con-vuelo-de-volaris\/#primaryimage\"},\"image\":{\"@id\":\"https:\/\/nitu.mx\/index.php\/2022\/09\/29\/puerto-vallarta-incrementa-conectividad-al-aifa-con-vuelo-de-volaris\/#primaryimage\"},\"thumbnailUrl\":\"https:\/\/nitu.mx\/wp-content\/uploads\/2022\/09\/Puerto-Vallarta-ruta-AIFA-Volaris.jpg\",\"datePublished\":\"2022-09-29T05:04:09+00:00\",\"dateModified\":\"2022-09-29T05:35:05+00:00\",\"breadcrumb\":{\"@id\":\"https:\/\/nitu.mx\/index.php\/2022\/09\/29\/puerto-vallarta-incrementa-conectividad-al-aifa-con-vuelo-de-volaris\/#breadcrumb\"},\"inLanguage\":\"es-MX\",\"potentialAction\":[{\"@type\":\"ReadAction\",\"target\":[\"https:\/\/nitu.mx\/index.php\/2022\/09\/29\/puerto-vallarta-incrementa-conectividad-al-aifa-con-vuelo-de-volaris\/\"]}]},{\"@type\":\"ImageObject\",\"inLanguage\":\"es-MX\",\"@id\":\"https:\/\/nitu.mx\/index.php\/2022\/09\/29\/puerto-vallarta-incrementa-conectividad-al-aifa-con-vuelo-de-volaris\/#primaryimage\",\"url\":\"https:\/\/nitu.mx\/wp-content\/uploads\/2022\/09\/Puerto-Vallarta-ruta-AIFA-Volaris.jpg\",\"contentUrl\":\"https:\/\/nitu.mx\/wp-content\/uploads\/2022\/09\/Puerto-Vallarta-ruta-AIFA-Volaris.jpg\",\"width\":1200,\"height\":675,\"caption\":\"Puerto Vallarta\"},{\"@type\":\"BreadcrumbList\",\"@id\":\"https:\/\/nitu.mx\/index.php\/2022\/09\/29\/puerto-vallarta-incrementa-conectividad-al-aifa-con-vuelo-de-volaris\/#breadcrumb\",\"itemListElement\":[{\"@type\":\"ListItem\",\"position\":1,\"name\":\"Inicio\",\"item\":\"https:\/\/nitu.mx\/\"},{\"@type\":\"ListItem\",\"position\":2,\"name\":\"Puerto Vallarta incrementa conectividad al AIFA con ruta de Volaris\"}]},{\"@type\":\"WebSite\",\"@id\":\"https:\/\/nitu.mx\/#website\",\"url\":\"https:\/\/nitu.mx\/\",\"name\":\"Nitu - Noticias de la Industria Turistica\",\"description\":\"Noticias de la Industria Turistica\",\"publisher\":{\"@id\":\"https:\/\/nitu.mx\/#\/schema\/person\/ae7a53426417292d3dd07b45a33e01bc\"},\"alternateName\":\"Noticias de la Industria Turistica\",\"potentialAction\":[{\"@type\":\"SearchAction\",\"target\":{\"@type\":\"EntryPoint\",\"urlTemplate\":\"https:\/\/nitu.mx\/?s={search_term_string}\"},\"query-input\":\"required name=search_term_string\"}],\"inLanguage\":\"es-MX\"},{\"@type\":[\"Person\",\"Organization\"],\"@id\":\"https:\/\/nitu.mx\/#\/schema\/person\/ae7a53426417292d3dd07b45a33e01bc\",\"name\":\"Arturo Medina\",\"image\":{\"@type\":\"ImageObject\",\"inLanguage\":\"es-MX\",\"@id\":\"https:\/\/nitu.mx\/#\/schema\/person\/image\/\",\"url\":\"https:\/\/nitu.mx\/wp-content\/uploads\/2024\/04\/4A315622-1904-4D5C-B022-878CDC840E04-90x90-1.jpeg\",\"contentUrl\":\"https:\/\/nitu.mx\/wp-content\/uploads\/2024\/04\/4A315622-1904-4D5C-B022-878CDC840E04-90x90-1.jpeg\",\"width\":90,\"height\":90,\"caption\":\"Arturo Medina\"},\"logo\":{\"@id\":\"https:\/\/nitu.mx\/#\/schema\/person\/image\/\"},\"description\":\"Director NITU.mx, Egresado de la Escuela de Periodismo Carlos Septi\u00e9n Garc\u00eda. Periodista y analista especializado en turismo desde hace 35 a\u00f1os, radicado en Canc\u00fan Q.Roo. arturo@nitu.mx\",\"sameAs\":[\"https:\/\/nitu.mx\",\"https:\/\/www.facebook.com\/NITUmx\/\",\"medinacancun\",\"https:\/\/twitter.com\/@Arturo_Medina_G\"]},{\"@type\":\"Person\",\"@id\":\"https:\/\/nitu.mx\/#\/schema\/person\/4a28fe9bd65924f7c90623773daf1b0b\",\"name\":\"Redacci\u00f3n\",\"image\":{\"@type\":\"ImageObject\",\"inLanguage\":\"es-MX\",\"@id\":\"https:\/\/nitu.mx\/#\/schema\/person\/image\/\",\"url\":\"https:\/\/secure.gravatar.com\/avatar\/5dd011c8ccfc5cd7e4c81e42252aab38?s=96&d=mm&r=g\",\"contentUrl\":\"https:\/\/secure.gravatar.com\/avatar\/5dd011c8ccfc5cd7e4c81e42252aab38?s=96&d=mm&r=g\",\"caption\":\"Redacci\u00f3n\"},\"url\":\"https:\/\/nitu.mx\/index.php\/author\/redaccion\/\"}]}<\/script>\n<!-- \/ Yoast SEO plugin. -->","yoast_head_json":{"title":"Puerto Vallarta incrementa conectividad al AIFA con ruta de Volaris - Nitu - Noticias de la Industria Turistica","robots":{"index":"index","follow":"follow","max-snippet":"max-snippet:-1","max-image-preview":"max-image-preview:large","max-video-preview":"max-video-preview:-1"},"canonical":"https:\/\/nitu.mx\/index.php\/2022\/09\/29\/puerto-vallarta-incrementa-conectividad-al-aifa-con-vuelo-de-volaris\/","twitter_card":"summary_large_image","twitter_title":"Puerto Vallarta incrementa conectividad al AIFA con ruta de Volaris - Nitu - Noticias de la Industria Turistica","twitter_description":"El Aeropuerto Internacional de Puerto Vallarta contin\u00faa incrementando sus operaciones a\u00e9reas, con la reciente inauguraci\u00f3n de la nueva ruta de Volaris desde el Aeropuerto Internacional Felipe \u00c1ngeles (AIFA) la cual tiene un vuelo diario hacia este destino tur\u00edstico del Pac\u00edfico mexicano. Este 21 de septiembre, Volaris llev\u00f3 a cabo su vuelo inaugural desde el AIFA [&hellip;]","twitter_image":"https:\/\/nitu.mx\/wp-content\/uploads\/2022\/09\/Puerto-Vallarta-ruta-AIFA-Volaris.jpg","twitter_creator":"@NITUmx","twitter_site":"@Arturo_Medina_G","twitter_misc":{"Escrito por":"Redacci\u00f3n","Tiempo de lectura":"2 minutos"},"schema":{"@context":"https:\/\/schema.org","@graph":[{"@type":"Article","@id":"https:\/\/nitu.mx\/index.php\/2022\/09\/29\/puerto-vallarta-incrementa-conectividad-al-aifa-con-vuelo-de-volaris\/#article","isPartOf":{"@id":"https:\/\/nitu.mx\/index.php\/2022\/09\/29\/puerto-vallarta-incrementa-conectividad-al-aifa-con-vuelo-de-volaris\/"},"author":{"name":"Redacci\u00f3n","@id":"https:\/\/nitu.mx\/#\/schema\/person\/4a28fe9bd65924f7c90623773daf1b0b"},"headline":"Puerto Vallarta incrementa conectividad al AIFA con ruta de Volaris","datePublished":"2022-09-29T05:04:09+00:00","dateModified":"2022-09-29T05:35:05+00:00","mainEntityOfPage":{"@id":"https:\/\/nitu.mx\/index.php\/2022\/09\/29\/puerto-vallarta-incrementa-conectividad-al-aifa-con-vuelo-de-volaris\/"},"wordCount":355,"commentCount":0,"publisher":{"@id":"https:\/\/nitu.mx\/#\/schema\/person\/ae7a53426417292d3dd07b45a33e01bc"},"image":{"@id":"https:\/\/nitu.mx\/index.php\/2022\/09\/29\/puerto-vallarta-incrementa-conectividad-al-aifa-con-vuelo-de-volaris\/#primaryimage"},"thumbnailUrl":"https:\/\/nitu.mx\/wp-content\/uploads\/2022\/09\/Puerto-Vallarta-ruta-AIFA-Volaris.jpg","keywords":["AIFA","Luis Villase\u00f1or","Puerto Vallarta","Volaris"],"articleSection":["Destinos"],"inLanguage":"es-MX","potentialAction":[{"@type":"CommentAction","name":"Comment","target":["https:\/\/nitu.mx\/index.php\/2022\/09\/29\/puerto-vallarta-incrementa-conectividad-al-aifa-con-vuelo-de-volaris\/#respond"]}]},{"@type":"WebPage","@id":"https:\/\/nitu.mx\/index.php\/2022\/09\/29\/puerto-vallarta-incrementa-conectividad-al-aifa-con-vuelo-de-volaris\/","url":"https:\/\/nitu.mx\/index.php\/2022\/09\/29\/puerto-vallarta-incrementa-conectividad-al-aifa-con-vuelo-de-volaris\/","name":"Puerto Vallarta incrementa conectividad al AIFA con ruta de Volaris - Nitu - Noticias de la Industria Turistica","isPartOf":{"@id":"https:\/\/nitu.mx\/#website"},"primaryImageOfPage":{"@id":"https:\/\/nitu.mx\/index.php\/2022\/09\/29\/puerto-vallarta-incrementa-conectividad-al-aifa-con-vuelo-de-volaris\/#primaryimage"},"image":{"@id":"https:\/\/nitu.mx\/index.php\/2022\/09\/29\/puerto-vallarta-incrementa-conectividad-al-aifa-con-vuelo-de-volaris\/#primaryimage"},"thumbnailUrl":"https:\/\/nitu.mx\/wp-content\/uploads\/2022\/09\/Puerto-Vallarta-ruta-AIFA-Volaris.jpg","datePublished":"2022-09-29T05:04:09+00:00","dateModified":"2022-09-29T05:35:05+00:00","breadcrumb":{"@id":"https:\/\/nitu.mx\/index.php\/2022\/09\/29\/puerto-vallarta-incrementa-conectividad-al-aifa-con-vuelo-de-volaris\/#breadcrumb"},"inLanguage":"es-MX","potentialAction":[{"@type":"ReadAction","target":["https:\/\/nitu.mx\/index.php\/2022\/09\/29\/puerto-vallarta-incrementa-conectividad-al-aifa-con-vuelo-de-volaris\/"]}]},{"@type":"ImageObject","inLanguage":"es-MX","@id":"https:\/\/nitu.mx\/index.php\/2022\/09\/29\/puerto-vallarta-incrementa-conectividad-al-aifa-con-vuelo-de-volaris\/#primaryimage","url":"https:\/\/nitu.mx\/wp-content\/uploads\/2022\/09\/Puerto-Vallarta-ruta-AIFA-Volaris.jpg","contentUrl":"https:\/\/nitu.mx\/wp-content\/uploads\/2022\/09\/Puerto-Vallarta-ruta-AIFA-Volaris.jpg","width":1200,"height":675,"caption":"Puerto Vallarta"},{"@type":"BreadcrumbList","@id":"https:\/\/nitu.mx\/index.php\/2022\/09\/29\/puerto-vallarta-incrementa-conectividad-al-aifa-con-vuelo-de-volaris\/#breadcrumb","itemListElement":[{"@type":"ListItem","position":1,"name":"Inicio","item":"https:\/\/nitu.mx\/"},{"@type":"ListItem","position":2,"name":"Puerto Vallarta incrementa conectividad al AIFA con ruta de Volaris"}]},{"@type":"WebSite","@id":"https:\/\/nitu.mx\/#website","url":"https:\/\/nitu.mx\/","name":"Nitu - Noticias de la Industria Turistica","description":"Noticias de la Industria Turistica","publisher":{"@id":"https:\/\/nitu.mx\/#\/schema\/person\/ae7a53426417292d3dd07b45a33e01bc"},"alternateName":"Noticias de la Industria Turistica","potentialAction":[{"@type":"SearchAction","target":{"@type":"EntryPoint","urlTemplate":"https:\/\/nitu.mx\/?s={search_term_string}"},"query-input":"required name=search_term_string"}],"inLanguage":"es-MX"},{"@type":["Person","Organization"],"@id":"https:\/\/nitu.mx\/#\/schema\/person\/ae7a53426417292d3dd07b45a33e01bc","name":"Arturo Medina","image":{"@type":"ImageObject","inLanguage":"es-MX","@id":"https:\/\/nitu.mx\/#\/schema\/person\/image\/","url":"https:\/\/nitu.mx\/wp-content\/uploads\/2024\/04\/4A315622-1904-4D5C-B022-878CDC840E04-90x90-1.jpeg","contentUrl":"https:\/\/nitu.mx\/wp-content\/uploads\/2024\/04\/4A315622-1904-4D5C-B022-878CDC840E04-90x90-1.jpeg","width":90,"height":90,"caption":"Arturo Medina"},"logo":{"@id":"https:\/\/nitu.mx\/#\/schema\/person\/image\/"},"description":"Director NITU.mx, Egresado de la Escuela de Periodismo Carlos Septi\u00e9n Garc\u00eda. Periodista y analista especializado en turismo desde hace 35 a\u00f1os, radicado en Canc\u00fan Q.Roo. arturo@nitu.mx","sameAs":["https:\/\/nitu.mx","https:\/\/www.facebook.com\/NITUmx\/","medinacancun","https:\/\/twitter.com\/@Arturo_Medina_G"]},{"@type":"Person","@id":"https:\/\/nitu.mx\/#\/schema\/person\/4a28fe9bd65924f7c90623773daf1b0b","name":"Redacci\u00f3n","image":{"@type":"ImageObject","inLanguage":"es-MX","@id":"https:\/\/nitu.mx\/#\/schema\/person\/image\/","url":"https:\/\/secure.gravatar.com\/avatar\/5dd011c8ccfc5cd7e4c81e42252aab38?s=96&d=mm&r=g","contentUrl":"https:\/\/secure.gravatar.com\/avatar\/5dd011c8ccfc5cd7e4c81e42252aab38?s=96&d=mm&r=g","caption":"Redacci\u00f3n"},"url":"https:\/\/nitu.mx\/index.php\/author\/redaccion\/"}]}},"views":458,"_links":{"self":[{"href":"https:\/\/nitu.mx\/index.php\/wp-json\/wp\/v2\/posts\/61545"}],"collection":[{"href":"https:\/\/nitu.mx\/index.php\/wp-json\/wp\/v2\/posts"}],"about":[{"href":"https:\/\/nitu.mx\/index.php\/wp-json\/wp\/v2\/types\/post"}],"author":[{"embeddable":true,"href":"https:\/\/nitu.mx\/index.php\/wp-json\/wp\/v2\/users\/17"}],"replies":[{"embeddable":true,"href":"https:\/\/nitu.mx\/index.php\/wp-json\/wp\/v2\/comments?post=61545"}],"version-history":[{"count":3,"href":"https:\/\/nitu.mx\/index.php\/wp-json\/wp\/v2\/posts\/61545\/revisions"}],"predecessor-version":[{"id":61553,"href":"https:\/\/nitu.mx\/index.php\/wp-json\/wp\/v2\/posts\/61545\/revisions\/61553"}],"wp:featuredmedia":[{"embeddable":true,"href":"https:\/\/nitu.mx\/index.php\/wp-json\/wp\/v2\/media\/61547"}],"wp:attachment":[{"href":"https:\/\/nitu.mx\/index.php\/wp-json\/wp\/v2\/media?parent=61545"}],"wp:term":[{"taxonomy":"category","embeddable":true,"href":"https:\/\/nitu.mx\/index.php\/wp-json\/wp\/v2\/categories?post=61545"},{"taxonomy":"post_tag","embeddable":true,"href":"https:\/\/nitu.mx\/index.php\/wp-json\/wp\/v2\/tags?post=61545"}],"curies":[{"name":"wp","href":"https:\/\/api.w.org\/{rel}","templated":true}]}}