{"id":61534,"date":"2022-09-27T23:37:41","date_gmt":"2022-09-28T04:37:41","guid":{"rendered":"https:\/\/www.dev.nitu.mx\/?p=61534"},"modified":"2022-09-28T00:25:20","modified_gmt":"2022-09-28T05:25:20","slug":"urge-cnet-a-reconocer-al-turismo-como-prioridad-para-el-desarrollo","status":"publish","type":"post","link":"https:\/\/nitu.mx\/index.php\/2022\/09\/27\/urge-cnet-a-reconocer-al-turismo-como-prioridad-para-el-desarrollo\/","title":{"rendered":"Urge CNET a reconocer al turismo como prioridad para el desarrollo"},"content":{"rendered":"<p>En el marco del D\u00eda Mundial del Turismo que se celebr\u00f3 este 27 de septiembre, el Consejo Nacional Empresarial Tur\u00edstico (CNET) reiter\u00f3 el llamado para que sea reconocido el papel trascendental que desempe\u00f1a la actividad tur\u00edstica en beneficio de los mexicanos, al impulsar el desarrollo econ\u00f3mico y social del pa\u00eds.<\/p>\n<p>Junto con el Centro de Investigaci\u00f3n y Competitividad Tur\u00edstica An\u00e1huac (CICOTUR), el CNET resalt\u00f3 que M\u00e9xico es un mercado que brinda oportunidades para el asentamiento de inversiones nacionales y extranjeras en materia de infraestructura y servicios.<\/p>\n<p>El turismo contribuye en 8% al Producto Interno Bruto nacional, representando 30 mil millones de d\u00f3lares por concepto de ingresos de divisas y 3.3 billones de pesos por contribuci\u00f3n de consumo durante en 2022.<\/p>\n<p>\u201cLa industria tur\u00edstica debe situarse como una prioridad nacional al ser uno de los principales motores para el crecimiento econ\u00f3mico y social en el pa\u00eds, permitiendo la inclusi\u00f3n de una mayor cantidad de mexicanos a oportunidades laborales, a la vez de ampliar la oportunidad de desarrollo de la sociedad y disminuir la brecha social\u201d, se\u00f1al\u00f3\u00a0Braulio Arsuaga Losada, presidente de CNET.<\/p>\n<p>Agreg\u00f3 que \u201cdesde CNET refrendamos la importancia de aprovechar el potencial que tiene esta industria y sus beneficios directos e indirectos para la poblaci\u00f3n y el pa\u00eds\u201d.<br \/>\nLa relevancia de la industria tur\u00edstica se acent\u00faa en las implicaciones econ\u00f3mico-sociales que detonan el crecimiento y desarrollo en el pa\u00eds y su respectivo impacto en la sociedad.<\/p>\n<p>Destaca que durante el primer semestre del a\u00f1o, se convirti\u00f3 en el \u00fanico sector econ\u00f3mico que report\u00f3 contribuci\u00f3n positiva en su balanza tur\u00edstica por poco m\u00e1s de 12.8 mil millones de d\u00f3lares, por encima de segmentos como el comercial, el petrolero y la manufacturera, logrando de esta manera una tasa de empleabilidad formal que se mantuvo en 2.2 millones de empleos, cifra similar al cierre de 2019.<\/p>\n<p>La contribuci\u00f3n del turismo se ve reflejada en la empleabilidad directa e indirecta que promueve: es la primera actividad laboral para j\u00f3venes menores de 24 a\u00f1os (20% del total de empleos en turismo), y la segunda en dar empleo a mujeres (con un 58%).<\/p>\n<p>Con ello, se ha logrado reducir los \u00edndices de pobreza en las entidades de alta vocaci\u00f3n tur\u00edstica, como es el caso de Quintana Roo (30%) y Baja California (18%), entre otros que se sit\u00faan por debajo de la media nacional del 41%.<\/p>\n<p>Gracias al turismo, tambi\u00e9n se han logrado disminuir los niveles de marginaci\u00f3n en municipios tur\u00edsticos, alrededor de 19%, en comparaci\u00f3n con municipios no tur\u00edsticos que albergan el 52% de su poblaci\u00f3n con esta problem\u00e1tica.<\/p>\n<p>\u201cEl turismo tiene la capacidad de convertirse en un eficaz aliado en la lucha contra la pobreza en nuestro pa\u00eds y ya solo por esa raz\u00f3n deber\u00eda ser reconocido como prioridad nacional\u201d, coment\u00f3 Francisco Madrid, director del Cicotur An\u00e1huac.<\/p>\n<p>Aunado a estos datos, las estad\u00edsticas y la percepci\u00f3n positiva internacional en materia tur\u00edstica, los efectos coyunturales por el manejo de la pandemia le ha permitido a M\u00e9xico posicionarse en el segundo lugar entre los pa\u00edses m\u00e1s visitados y el d\u00e9cimo tercero en captaci\u00f3n de divisas durante el primer semestre de 2022, de acuerdo con el Bar\u00f3metro de Turismo Mundial de la Organizaci\u00f3n Mundial de Turismo (OMT), hecho que respalda y refrenda su trascendencia como industria clave para el crecimiento del pa\u00eds y su sociedad.<\/p>\n<p>De esta manera, CNET mantiene su compromiso de impulsar el desarrollo de la actividad tur\u00edstica en el pa\u00eds, a trav\u00e9s de un programa que incluye el repensar este sector en materia de estado de derecho y certeza jur\u00eddica, seguridad, sostenibilidad, digitalizaci\u00f3n, inteligencia de mercado, condiciones de competencia equitativa.<\/p>\n<p>Lo anterior mediante el fortalecimiento de las micro y peque\u00f1as empresas, ordenamiento territorial y ordenamiento del crecimiento, canalizaci\u00f3n de los recursos captados por el derecho de no inmigrantes, talento humano, conectividad e infraestructura y fines de semana largos.\u00a0(<a title=\"Llegadas v\u00eda a\u00e9rea son factor de crecimiento del turismo: CNET y Cicotur\" href=\"https:\/\/www.dev.nitu.mx\/index.php\/2022\/09\/20\/llegadas-via-aerea-son-factor-de-crecimiento-del-turismo-cnet-y-cicotur\/\" rel=\"bookmark\">Llegadas v\u00eda a\u00e9rea son factor de crecimiento del turismo: CNET y Cicotur<\/a>).<\/p>\n","protected":false},"excerpt":{"rendered":"<p>En el marco del D\u00eda Mundial del Turismo que se celebr\u00f3 este 27 de septiembre, el Consejo Nacional Empresarial Tur\u00edstico (CNET) reiter\u00f3 el llamado para que sea reconocido el papel trascendental que desempe\u00f1a la actividad tur\u00edstica en beneficio de los mexicanos, al impulsar el desarrollo econ\u00f3mico y social del pa\u00eds. Junto con el Centro de [&hellip;]<\/p>\n","protected":false},"author":17,"featured_media":61183,"comment_status":"open","ping_status":"open","sticky":false,"template":"","format":"standard","meta":{"footnotes":""},"categories":[12],"tags":[4195,19310,834,1613,1612],"yoast_head":"<!-- This site is optimized with the Yoast SEO plugin v22.2 - https:\/\/yoast.com\/wordpress\/plugins\/seo\/ -->\n<title>Urge CNET a reconocer al turismo como prioridad para el desarrollo - Nitu - Noticias de la Industria Turistica<\/title>\n<meta name=\"robots\" content=\"index, follow, max-snippet:-1, max-image-preview:large, max-video-preview:-1\" \/>\n<link rel=\"canonical\" href=\"https:\/\/nitu.mx\/index.php\/2022\/09\/27\/urge-cnet-a-reconocer-al-turismo-como-prioridad-para-el-desarrollo\/\" \/>\n<meta name=\"twitter:card\" content=\"summary_large_image\" \/>\n<meta name=\"twitter:title\" content=\"Urge CNET a reconocer al turismo como prioridad para el desarrollo - Nitu - Noticias de la Industria Turistica\" \/>\n<meta name=\"twitter:description\" content=\"En el marco del D\u00eda Mundial del Turismo que se celebr\u00f3 este 27 de septiembre, el Consejo Nacional Empresarial Tur\u00edstico (CNET) reiter\u00f3 el llamado para que sea reconocido el papel trascendental que desempe\u00f1a la actividad tur\u00edstica en beneficio de los mexicanos, al impulsar el desarrollo econ\u00f3mico y social del pa\u00eds. Junto con el Centro de [&hellip;]\" \/>\n<meta name=\"twitter:image\" content=\"https:\/\/nitu.mx\/wp-content\/uploads\/2022\/09\/Caribe-Mexicano-American-Airlines.jpg\" \/>\n<meta name=\"twitter:creator\" content=\"@NITUmx\" \/>\n<meta name=\"twitter:site\" content=\"@Arturo_Medina_G\" \/>\n<meta name=\"twitter:label1\" content=\"Escrito por\" \/>\n\t<meta name=\"twitter:data1\" content=\"Redacci\u00f3n\" \/>\n\t<meta name=\"twitter:label2\" content=\"Tiempo de lectura\" \/>\n\t<meta name=\"twitter:data2\" content=\"3 minutos\" \/>\n<script type=\"application\/ld+json\" class=\"yoast-schema-graph\">{\"@context\":\"https:\/\/schema.org\",\"@graph\":[{\"@type\":\"Article\",\"@id\":\"https:\/\/nitu.mx\/index.php\/2022\/09\/27\/urge-cnet-a-reconocer-al-turismo-como-prioridad-para-el-desarrollo\/#article\",\"isPartOf\":{\"@id\":\"https:\/\/nitu.mx\/index.php\/2022\/09\/27\/urge-cnet-a-reconocer-al-turismo-como-prioridad-para-el-desarrollo\/\"},\"author\":{\"name\":\"Redacci\u00f3n\",\"@id\":\"https:\/\/nitu.mx\/#\/schema\/person\/4a28fe9bd65924f7c90623773daf1b0b\"},\"headline\":\"Urge CNET a reconocer al turismo como prioridad para el desarrollo\",\"datePublished\":\"2022-09-28T04:37:41+00:00\",\"dateModified\":\"2022-09-28T05:25:20+00:00\",\"mainEntityOfPage\":{\"@id\":\"https:\/\/nitu.mx\/index.php\/2022\/09\/27\/urge-cnet-a-reconocer-al-turismo-como-prioridad-para-el-desarrollo\/\"},\"wordCount\":705,\"commentCount\":0,\"publisher\":{\"@id\":\"https:\/\/nitu.mx\/#\/schema\/person\/ae7a53426417292d3dd07b45a33e01bc\"},\"image\":{\"@id\":\"https:\/\/nitu.mx\/index.php\/2022\/09\/27\/urge-cnet-a-reconocer-al-turismo-como-prioridad-para-el-desarrollo\/#primaryimage\"},\"thumbnailUrl\":\"https:\/\/nitu.mx\/wp-content\/uploads\/2022\/09\/Caribe-Mexicano-American-Airlines.jpg\",\"keywords\":[\"Braulio Arsuaga\",\"Cicotur\",\"CNET\",\"Francisco Madrid\",\"universidad An\u00e1huac\"],\"articleSection\":[\"Marketing\"],\"inLanguage\":\"es-MX\",\"potentialAction\":[{\"@type\":\"CommentAction\",\"name\":\"Comment\",\"target\":[\"https:\/\/nitu.mx\/index.php\/2022\/09\/27\/urge-cnet-a-reconocer-al-turismo-como-prioridad-para-el-desarrollo\/#respond\"]}]},{\"@type\":\"WebPage\",\"@id\":\"https:\/\/nitu.mx\/index.php\/2022\/09\/27\/urge-cnet-a-reconocer-al-turismo-como-prioridad-para-el-desarrollo\/\",\"url\":\"https:\/\/nitu.mx\/index.php\/2022\/09\/27\/urge-cnet-a-reconocer-al-turismo-como-prioridad-para-el-desarrollo\/\",\"name\":\"Urge CNET a reconocer al turismo como prioridad para el desarrollo - Nitu - Noticias de la Industria Turistica\",\"isPartOf\":{\"@id\":\"https:\/\/nitu.mx\/#website\"},\"primaryImageOfPage\":{\"@id\":\"https:\/\/nitu.mx\/index.php\/2022\/09\/27\/urge-cnet-a-reconocer-al-turismo-como-prioridad-para-el-desarrollo\/#primaryimage\"},\"image\":{\"@id\":\"https:\/\/nitu.mx\/index.php\/2022\/09\/27\/urge-cnet-a-reconocer-al-turismo-como-prioridad-para-el-desarrollo\/#primaryimage\"},\"thumbnailUrl\":\"https:\/\/nitu.mx\/wp-content\/uploads\/2022\/09\/Caribe-Mexicano-American-Airlines.jpg\",\"datePublished\":\"2022-09-28T04:37:41+00:00\",\"dateModified\":\"2022-09-28T05:25:20+00:00\",\"breadcrumb\":{\"@id\":\"https:\/\/nitu.mx\/index.php\/2022\/09\/27\/urge-cnet-a-reconocer-al-turismo-como-prioridad-para-el-desarrollo\/#breadcrumb\"},\"inLanguage\":\"es-MX\",\"potentialAction\":[{\"@type\":\"ReadAction\",\"target\":[\"https:\/\/nitu.mx\/index.php\/2022\/09\/27\/urge-cnet-a-reconocer-al-turismo-como-prioridad-para-el-desarrollo\/\"]}]},{\"@type\":\"ImageObject\",\"inLanguage\":\"es-MX\",\"@id\":\"https:\/\/nitu.mx\/index.php\/2022\/09\/27\/urge-cnet-a-reconocer-al-turismo-como-prioridad-para-el-desarrollo\/#primaryimage\",\"url\":\"https:\/\/nitu.mx\/wp-content\/uploads\/2022\/09\/Caribe-Mexicano-American-Airlines.jpg\",\"contentUrl\":\"https:\/\/nitu.mx\/wp-content\/uploads\/2022\/09\/Caribe-Mexicano-American-Airlines.jpg\",\"width\":1200,\"height\":675,\"caption\":\"Caribe Mexicano Canc\u00fan\"},{\"@type\":\"BreadcrumbList\",\"@id\":\"https:\/\/nitu.mx\/index.php\/2022\/09\/27\/urge-cnet-a-reconocer-al-turismo-como-prioridad-para-el-desarrollo\/#breadcrumb\",\"itemListElement\":[{\"@type\":\"ListItem\",\"position\":1,\"name\":\"Inicio\",\"item\":\"https:\/\/nitu.mx\/\"},{\"@type\":\"ListItem\",\"position\":2,\"name\":\"Urge CNET a reconocer al turismo como prioridad para el desarrollo\"}]},{\"@type\":\"WebSite\",\"@id\":\"https:\/\/nitu.mx\/#website\",\"url\":\"https:\/\/nitu.mx\/\",\"name\":\"Nitu - Noticias de la Industria Turistica\",\"description\":\"Noticias de la Industria Turistica\",\"publisher\":{\"@id\":\"https:\/\/nitu.mx\/#\/schema\/person\/ae7a53426417292d3dd07b45a33e01bc\"},\"alternateName\":\"Noticias de la Industria Turistica\",\"potentialAction\":[{\"@type\":\"SearchAction\",\"target\":{\"@type\":\"EntryPoint\",\"urlTemplate\":\"https:\/\/nitu.mx\/?s={search_term_string}\"},\"query-input\":\"required name=search_term_string\"}],\"inLanguage\":\"es-MX\"},{\"@type\":[\"Person\",\"Organization\"],\"@id\":\"https:\/\/nitu.mx\/#\/schema\/person\/ae7a53426417292d3dd07b45a33e01bc\",\"name\":\"Arturo Medina\",\"image\":{\"@type\":\"ImageObject\",\"inLanguage\":\"es-MX\",\"@id\":\"https:\/\/nitu.mx\/#\/schema\/person\/image\/\",\"url\":\"https:\/\/nitu.mx\/wp-content\/uploads\/2024\/04\/4A315622-1904-4D5C-B022-878CDC840E04-90x90-1.jpeg\",\"contentUrl\":\"https:\/\/nitu.mx\/wp-content\/uploads\/2024\/04\/4A315622-1904-4D5C-B022-878CDC840E04-90x90-1.jpeg\",\"width\":90,\"height\":90,\"caption\":\"Arturo Medina\"},\"logo\":{\"@id\":\"https:\/\/nitu.mx\/#\/schema\/person\/image\/\"},\"description\":\"Director NITU.mx, Egresado de la Escuela de Periodismo Carlos Septi\u00e9n Garc\u00eda. Periodista y analista especializado en turismo desde hace 35 a\u00f1os, radicado en Canc\u00fan Q.Roo. arturo@nitu.mx\",\"sameAs\":[\"https:\/\/nitu.mx\",\"https:\/\/www.facebook.com\/NITUmx\/\",\"medinacancun\",\"https:\/\/twitter.com\/@Arturo_Medina_G\"]},{\"@type\":\"Person\",\"@id\":\"https:\/\/nitu.mx\/#\/schema\/person\/4a28fe9bd65924f7c90623773daf1b0b\",\"name\":\"Redacci\u00f3n\",\"image\":{\"@type\":\"ImageObject\",\"inLanguage\":\"es-MX\",\"@id\":\"https:\/\/nitu.mx\/#\/schema\/person\/image\/\",\"url\":\"https:\/\/secure.gravatar.com\/avatar\/5dd011c8ccfc5cd7e4c81e42252aab38?s=96&d=mm&r=g\",\"contentUrl\":\"https:\/\/secure.gravatar.com\/avatar\/5dd011c8ccfc5cd7e4c81e42252aab38?s=96&d=mm&r=g\",\"caption\":\"Redacci\u00f3n\"},\"url\":\"https:\/\/nitu.mx\/index.php\/author\/redaccion\/\"}]}<\/script>\n<!-- \/ Yoast SEO plugin. -->","yoast_head_json":{"title":"Urge CNET a reconocer al turismo como prioridad para el desarrollo - Nitu - Noticias de la Industria Turistica","robots":{"index":"index","follow":"follow","max-snippet":"max-snippet:-1","max-image-preview":"max-image-preview:large","max-video-preview":"max-video-preview:-1"},"canonical":"https:\/\/nitu.mx\/index.php\/2022\/09\/27\/urge-cnet-a-reconocer-al-turismo-como-prioridad-para-el-desarrollo\/","twitter_card":"summary_large_image","twitter_title":"Urge CNET a reconocer al turismo como prioridad para el desarrollo - Nitu - Noticias de la Industria Turistica","twitter_description":"En el marco del D\u00eda Mundial del Turismo que se celebr\u00f3 este 27 de septiembre, el Consejo Nacional Empresarial Tur\u00edstico (CNET) reiter\u00f3 el llamado para que sea reconocido el papel trascendental que desempe\u00f1a la actividad tur\u00edstica en beneficio de los mexicanos, al impulsar el desarrollo econ\u00f3mico y social del pa\u00eds. Junto con el Centro de [&hellip;]","twitter_image":"https:\/\/nitu.mx\/wp-content\/uploads\/2022\/09\/Caribe-Mexicano-American-Airlines.jpg","twitter_creator":"@NITUmx","twitter_site":"@Arturo_Medina_G","twitter_misc":{"Escrito por":"Redacci\u00f3n","Tiempo de lectura":"3 minutos"},"schema":{"@context":"https:\/\/schema.org","@graph":[{"@type":"Article","@id":"https:\/\/nitu.mx\/index.php\/2022\/09\/27\/urge-cnet-a-reconocer-al-turismo-como-prioridad-para-el-desarrollo\/#article","isPartOf":{"@id":"https:\/\/nitu.mx\/index.php\/2022\/09\/27\/urge-cnet-a-reconocer-al-turismo-como-prioridad-para-el-desarrollo\/"},"author":{"name":"Redacci\u00f3n","@id":"https:\/\/nitu.mx\/#\/schema\/person\/4a28fe9bd65924f7c90623773daf1b0b"},"headline":"Urge CNET a reconocer al turismo como prioridad para el desarrollo","datePublished":"2022-09-28T04:37:41+00:00","dateModified":"2022-09-28T05:25:20+00:00","mainEntityOfPage":{"@id":"https:\/\/nitu.mx\/index.php\/2022\/09\/27\/urge-cnet-a-reconocer-al-turismo-como-prioridad-para-el-desarrollo\/"},"wordCount":705,"commentCount":0,"publisher":{"@id":"https:\/\/nitu.mx\/#\/schema\/person\/ae7a53426417292d3dd07b45a33e01bc"},"image":{"@id":"https:\/\/nitu.mx\/index.php\/2022\/09\/27\/urge-cnet-a-reconocer-al-turismo-como-prioridad-para-el-desarrollo\/#primaryimage"},"thumbnailUrl":"https:\/\/nitu.mx\/wp-content\/uploads\/2022\/09\/Caribe-Mexicano-American-Airlines.jpg","keywords":["Braulio Arsuaga","Cicotur","CNET","Francisco Madrid","universidad An\u00e1huac"],"articleSection":["Marketing"],"inLanguage":"es-MX","potentialAction":[{"@type":"CommentAction","name":"Comment","target":["https:\/\/nitu.mx\/index.php\/2022\/09\/27\/urge-cnet-a-reconocer-al-turismo-como-prioridad-para-el-desarrollo\/#respond"]}]},{"@type":"WebPage","@id":"https:\/\/nitu.mx\/index.php\/2022\/09\/27\/urge-cnet-a-reconocer-al-turismo-como-prioridad-para-el-desarrollo\/","url":"https:\/\/nitu.mx\/index.php\/2022\/09\/27\/urge-cnet-a-reconocer-al-turismo-como-prioridad-para-el-desarrollo\/","name":"Urge CNET a reconocer al turismo como prioridad para el desarrollo - Nitu - Noticias de la Industria Turistica","isPartOf":{"@id":"https:\/\/nitu.mx\/#website"},"primaryImageOfPage":{"@id":"https:\/\/nitu.mx\/index.php\/2022\/09\/27\/urge-cnet-a-reconocer-al-turismo-como-prioridad-para-el-desarrollo\/#primaryimage"},"image":{"@id":"https:\/\/nitu.mx\/index.php\/2022\/09\/27\/urge-cnet-a-reconocer-al-turismo-como-prioridad-para-el-desarrollo\/#primaryimage"},"thumbnailUrl":"https:\/\/nitu.mx\/wp-content\/uploads\/2022\/09\/Caribe-Mexicano-American-Airlines.jpg","datePublished":"2022-09-28T04:37:41+00:00","dateModified":"2022-09-28T05:25:20+00:00","breadcrumb":{"@id":"https:\/\/nitu.mx\/index.php\/2022\/09\/27\/urge-cnet-a-reconocer-al-turismo-como-prioridad-para-el-desarrollo\/#breadcrumb"},"inLanguage":"es-MX","potentialAction":[{"@type":"ReadAction","target":["https:\/\/nitu.mx\/index.php\/2022\/09\/27\/urge-cnet-a-reconocer-al-turismo-como-prioridad-para-el-desarrollo\/"]}]},{"@type":"ImageObject","inLanguage":"es-MX","@id":"https:\/\/nitu.mx\/index.php\/2022\/09\/27\/urge-cnet-a-reconocer-al-turismo-como-prioridad-para-el-desarrollo\/#primaryimage","url":"https:\/\/nitu.mx\/wp-content\/uploads\/2022\/09\/Caribe-Mexicano-American-Airlines.jpg","contentUrl":"https:\/\/nitu.mx\/wp-content\/uploads\/2022\/09\/Caribe-Mexicano-American-Airlines.jpg","width":1200,"height":675,"caption":"Caribe Mexicano Canc\u00fan"},{"@type":"BreadcrumbList","@id":"https:\/\/nitu.mx\/index.php\/2022\/09\/27\/urge-cnet-a-reconocer-al-turismo-como-prioridad-para-el-desarrollo\/#breadcrumb","itemListElement":[{"@type":"ListItem","position":1,"name":"Inicio","item":"https:\/\/nitu.mx\/"},{"@type":"ListItem","position":2,"name":"Urge CNET a reconocer al turismo como prioridad para el desarrollo"}]},{"@type":"WebSite","@id":"https:\/\/nitu.mx\/#website","url":"https:\/\/nitu.mx\/","name":"Nitu - Noticias de la Industria Turistica","description":"Noticias de la Industria Turistica","publisher":{"@id":"https:\/\/nitu.mx\/#\/schema\/person\/ae7a53426417292d3dd07b45a33e01bc"},"alternateName":"Noticias de la Industria Turistica","potentialAction":[{"@type":"SearchAction","target":{"@type":"EntryPoint","urlTemplate":"https:\/\/nitu.mx\/?s={search_term_string}"},"query-input":"required name=search_term_string"}],"inLanguage":"es-MX"},{"@type":["Person","Organization"],"@id":"https:\/\/nitu.mx\/#\/schema\/person\/ae7a53426417292d3dd07b45a33e01bc","name":"Arturo Medina","image":{"@type":"ImageObject","inLanguage":"es-MX","@id":"https:\/\/nitu.mx\/#\/schema\/person\/image\/","url":"https:\/\/nitu.mx\/wp-content\/uploads\/2024\/04\/4A315622-1904-4D5C-B022-878CDC840E04-90x90-1.jpeg","contentUrl":"https:\/\/nitu.mx\/wp-content\/uploads\/2024\/04\/4A315622-1904-4D5C-B022-878CDC840E04-90x90-1.jpeg","width":90,"height":90,"caption":"Arturo Medina"},"logo":{"@id":"https:\/\/nitu.mx\/#\/schema\/person\/image\/"},"description":"Director NITU.mx, Egresado de la Escuela de Periodismo Carlos Septi\u00e9n Garc\u00eda. Periodista y analista especializado en turismo desde hace 35 a\u00f1os, radicado en Canc\u00fan Q.Roo. arturo@nitu.mx","sameAs":["https:\/\/nitu.mx","https:\/\/www.facebook.com\/NITUmx\/","medinacancun","https:\/\/twitter.com\/@Arturo_Medina_G"]},{"@type":"Person","@id":"https:\/\/nitu.mx\/#\/schema\/person\/4a28fe9bd65924f7c90623773daf1b0b","name":"Redacci\u00f3n","image":{"@type":"ImageObject","inLanguage":"es-MX","@id":"https:\/\/nitu.mx\/#\/schema\/person\/image\/","url":"https:\/\/secure.gravatar.com\/avatar\/5dd011c8ccfc5cd7e4c81e42252aab38?s=96&d=mm&r=g","contentUrl":"https:\/\/secure.gravatar.com\/avatar\/5dd011c8ccfc5cd7e4c81e42252aab38?s=96&d=mm&r=g","caption":"Redacci\u00f3n"},"url":"https:\/\/nitu.mx\/index.php\/author\/redaccion\/"}]}},"views":407,"_links":{"self":[{"href":"https:\/\/nitu.mx\/index.php\/wp-json\/wp\/v2\/posts\/61534"}],"collection":[{"href":"https:\/\/nitu.mx\/index.php\/wp-json\/wp\/v2\/posts"}],"about":[{"href":"https:\/\/nitu.mx\/index.php\/wp-json\/wp\/v2\/types\/post"}],"author":[{"embeddable":true,"href":"https:\/\/nitu.mx\/index.php\/wp-json\/wp\/v2\/users\/17"}],"replies":[{"embeddable":true,"href":"https:\/\/nitu.mx\/index.php\/wp-json\/wp\/v2\/comments?post=61534"}],"version-history":[{"count":3,"href":"https:\/\/nitu.mx\/index.php\/wp-json\/wp\/v2\/posts\/61534\/revisions"}],"predecessor-version":[{"id":61537,"href":"https:\/\/nitu.mx\/index.php\/wp-json\/wp\/v2\/posts\/61534\/revisions\/61537"}],"wp:featuredmedia":[{"embeddable":true,"href":"https:\/\/nitu.mx\/index.php\/wp-json\/wp\/v2\/media\/61183"}],"wp:attachment":[{"href":"https:\/\/nitu.mx\/index.php\/wp-json\/wp\/v2\/media?parent=61534"}],"wp:term":[{"taxonomy":"category","embeddable":true,"href":"https:\/\/nitu.mx\/index.php\/wp-json\/wp\/v2\/categories?post=61534"},{"taxonomy":"post_tag","embeddable":true,"href":"https:\/\/nitu.mx\/index.php\/wp-json\/wp\/v2\/tags?post=61534"}],"curies":[{"name":"wp","href":"https:\/\/api.w.org\/{rel}","templated":true}]}}