{"id":61475,"date":"2022-09-23T00:00:44","date_gmt":"2022-09-23T05:00:44","guid":{"rendered":"https:\/\/www.dev.nitu.mx\/?p=61475"},"modified":"2022-09-23T00:07:40","modified_gmt":"2022-09-23T05:07:40","slug":"operadora-concierge-suma-a-sus-filas-a-expertos-del-sector-turistico","status":"publish","type":"post","link":"https:\/\/nitu.mx\/index.php\/2022\/09\/23\/operadora-concierge-suma-a-sus-filas-a-expertos-del-sector-turistico\/","title":{"rendered":"Operadora Concierge suma a sus filas a expertos del sector tur\u00edstico"},"content":{"rendered":"<p>A partir del lanzamiento de Operadora Concierge, la mayorista ha consolidado su posici\u00f3n en la industria, siendo un socio estrat\u00e9gico de los asesores de viaje con productos innovadores, amplio cat\u00e1logo de experiencias, convenios atractivos, y viajes a la medida que se adapten a las necesidades de las agencias afiliadas.<\/p>\n<p>\u201cEl crecimiento de la operadora, sin duda, se debe a la incorporaci\u00f3n de ejecutivos con altos niveles de eficiencia, que destacan por su experiencia en la industria de viajes. As\u00ed como a nuestros partners Concierge, es decir, las agencias de viajes que han confiado en nuestro proyecto. As\u00ed como los proveedores con quienes hemos celebrado convenios estrat\u00e9gicos para brindar el mejor servicio. Definitivamente esta l\u00ednea de negocio y sus profesionales que la conforman nos permitir\u00e1 seguir volando juntos como corporativo\u201d, dijo Javier Galicia, director Corporativo de Grupo JAVA.<\/p>\n<p>Por su parte, Jorge Alberto Cruz, director de Operadora Concierge, coment\u00f3: \u201cEl equipo que hemos conformado nos fortalece de manera importante, ya que adem\u00e1s de su experiencia en la industria, nos otorga una garant\u00eda de servicio, confianza y eficiencia que se logra transmitir hacia todos nuestros clientes y socios\u201d.<\/p>\n<p>Agreg\u00f3: \u201cTengo la fortuna de conocer de tiempo atr\u00e1s a este equipo de l\u00edderes con los que disfruto colaborar y con los que estoy seguro que podremos cumplir los objetivos trazados por la Direcci\u00f3n de Java que le sigue dando todo el respaldo a esta unidad de negocio del grupo\u201d.<\/p>\n<p>El equipo de Operadora Concierge se conforma por Roberto Maldonado, quien se incorpora a las filas de la Operadora como director Comercial; Roc\u00edo Pascual, en la Gerencia de Operaciones, dando soporte a nuestras agencias de viaje afiliadas y empresas asociadas. As\u00ed como Bel\u00e9n Cabrera, encargada de Relaciones P\u00fablicas de la mayorista\u201d.<\/p>\n<p>Operadora Concierge cuenta tambi\u00e9n con l\u00edneas especializadas en segmentos como Sports, Weddings, Corporate, Vegas, Disney entre otras. Adem\u00e1s de negociaciones propias con cadenas hoteleras en M\u00e9xico, aerol\u00edneas, bancos de camas, y viajes de alta gama, en destinos de todo el mundo, as\u00ed como destinos y servicios con negociaciones propias que permiten incrementar las comisiones de las agencias afiliadas.<\/p>\n<p>Operadora Concierge se destaca por su atenci\u00f3n al cliente, siendo un acompa\u00f1amiento puntual y cercano mediante el equipo de ventas, localizado en ciudades estrat\u00e9gicas en toda la Rep\u00fablica Mexicana. Aunque los or\u00edgenes de la mayorista fueron en Puebla, hoy en d\u00eda, la sede se ubica en la Ciudad de M\u00e9xico, teniendo oficinas directivas en Reforma, as\u00ed como operativas y de capacitaci\u00f3n en Sat\u00e9lite, Estado de M\u00e9xico.\u00a0<a title=\"Operadora Concierge alista su conferencia para el EPTUR sobre resiliencia\" href=\"https:\/\/www.dev.nitu.mx\/index.php\/2022\/09\/14\/operadora-concierge-alista-su-conferencia-para-el-eptur-sobre-resiliencia\/\" rel=\"bookmark\">(Operadora Concierge alista su conferencia para el EPTUR sobre resiliencia<\/a>).<\/p>\n","protected":false},"excerpt":{"rendered":"<p>A partir del lanzamiento de Operadora Concierge, la mayorista ha consolidado su posici\u00f3n en la industria, siendo un socio estrat\u00e9gico de los asesores de viaje con productos innovadores, amplio cat\u00e1logo de experiencias, convenios atractivos, y viajes a la medida que se adapten a las necesidades de las agencias afiliadas. \u201cEl crecimiento de la operadora, sin [&hellip;]<\/p>\n","protected":false},"author":17,"featured_media":61477,"comment_status":"open","ping_status":"open","sticky":false,"template":"","format":"standard","meta":{"footnotes":""},"categories":[3],"tags":[23170,23595,23173],"yoast_head":"<!-- This site is optimized with the Yoast SEO plugin v22.2 - https:\/\/yoast.com\/wordpress\/plugins\/seo\/ -->\n<title>Operadora Concierge suma a sus filas a expertos del sector tur\u00edstico - Nitu - Noticias de la Industria Turistica<\/title>\n<meta name=\"robots\" content=\"index, follow, max-snippet:-1, max-image-preview:large, max-video-preview:-1\" \/>\n<link rel=\"canonical\" href=\"https:\/\/nitu.mx\/index.php\/2022\/09\/23\/operadora-concierge-suma-a-sus-filas-a-expertos-del-sector-turistico\/\" \/>\n<meta name=\"twitter:card\" content=\"summary_large_image\" \/>\n<meta name=\"twitter:title\" content=\"Operadora Concierge suma a sus filas a expertos del sector tur\u00edstico - Nitu - Noticias de la Industria Turistica\" \/>\n<meta name=\"twitter:description\" content=\"A partir del lanzamiento de Operadora Concierge, la mayorista ha consolidado su posici\u00f3n en la industria, siendo un socio estrat\u00e9gico de los asesores de viaje con productos innovadores, amplio cat\u00e1logo de experiencias, convenios atractivos, y viajes a la medida que se adapten a las necesidades de las agencias afiliadas. \u201cEl crecimiento de la operadora, sin [&hellip;]\" \/>\n<meta name=\"twitter:image\" content=\"https:\/\/nitu.mx\/wp-content\/uploads\/2022\/09\/Operadora-Concierge-equipo.jpg\" \/>\n<meta name=\"twitter:creator\" content=\"@NITUmx\" \/>\n<meta name=\"twitter:site\" content=\"@Arturo_Medina_G\" \/>\n<meta name=\"twitter:label1\" content=\"Escrito por\" \/>\n\t<meta name=\"twitter:data1\" content=\"Redacci\u00f3n\" \/>\n\t<meta name=\"twitter:label2\" content=\"Tiempo de lectura\" \/>\n\t<meta name=\"twitter:data2\" content=\"2 minutos\" \/>\n<script type=\"application\/ld+json\" class=\"yoast-schema-graph\">{\"@context\":\"https:\/\/schema.org\",\"@graph\":[{\"@type\":\"Article\",\"@id\":\"https:\/\/nitu.mx\/index.php\/2022\/09\/23\/operadora-concierge-suma-a-sus-filas-a-expertos-del-sector-turistico\/#article\",\"isPartOf\":{\"@id\":\"https:\/\/nitu.mx\/index.php\/2022\/09\/23\/operadora-concierge-suma-a-sus-filas-a-expertos-del-sector-turistico\/\"},\"author\":{\"name\":\"Redacci\u00f3n\",\"@id\":\"https:\/\/nitu.mx\/#\/schema\/person\/4a28fe9bd65924f7c90623773daf1b0b\"},\"headline\":\"Operadora Concierge suma a sus filas a expertos del sector tur\u00edstico\",\"datePublished\":\"2022-09-23T05:00:44+00:00\",\"dateModified\":\"2022-09-23T05:07:40+00:00\",\"mainEntityOfPage\":{\"@id\":\"https:\/\/nitu.mx\/index.php\/2022\/09\/23\/operadora-concierge-suma-a-sus-filas-a-expertos-del-sector-turistico\/\"},\"wordCount\":462,\"commentCount\":0,\"publisher\":{\"@id\":\"https:\/\/nitu.mx\/#\/schema\/person\/ae7a53426417292d3dd07b45a33e01bc\"},\"image\":{\"@id\":\"https:\/\/nitu.mx\/index.php\/2022\/09\/23\/operadora-concierge-suma-a-sus-filas-a-expertos-del-sector-turistico\/#primaryimage\"},\"thumbnailUrl\":\"https:\/\/nitu.mx\/wp-content\/uploads\/2022\/09\/Operadora-Concierge-equipo.jpg\",\"keywords\":[\"Javier Galicia\",\"Jorge Alberto Cruz\",\"Operadora Concierge\"],\"articleSection\":[\"Agencias de Viajes\"],\"inLanguage\":\"es-MX\",\"potentialAction\":[{\"@type\":\"CommentAction\",\"name\":\"Comment\",\"target\":[\"https:\/\/nitu.mx\/index.php\/2022\/09\/23\/operadora-concierge-suma-a-sus-filas-a-expertos-del-sector-turistico\/#respond\"]}]},{\"@type\":\"WebPage\",\"@id\":\"https:\/\/nitu.mx\/index.php\/2022\/09\/23\/operadora-concierge-suma-a-sus-filas-a-expertos-del-sector-turistico\/\",\"url\":\"https:\/\/nitu.mx\/index.php\/2022\/09\/23\/operadora-concierge-suma-a-sus-filas-a-expertos-del-sector-turistico\/\",\"name\":\"Operadora Concierge suma a sus filas a expertos del sector tur\u00edstico - Nitu - Noticias de la Industria Turistica\",\"isPartOf\":{\"@id\":\"https:\/\/nitu.mx\/#website\"},\"primaryImageOfPage\":{\"@id\":\"https:\/\/nitu.mx\/index.php\/2022\/09\/23\/operadora-concierge-suma-a-sus-filas-a-expertos-del-sector-turistico\/#primaryimage\"},\"image\":{\"@id\":\"https:\/\/nitu.mx\/index.php\/2022\/09\/23\/operadora-concierge-suma-a-sus-filas-a-expertos-del-sector-turistico\/#primaryimage\"},\"thumbnailUrl\":\"https:\/\/nitu.mx\/wp-content\/uploads\/2022\/09\/Operadora-Concierge-equipo.jpg\",\"datePublished\":\"2022-09-23T05:00:44+00:00\",\"dateModified\":\"2022-09-23T05:07:40+00:00\",\"breadcrumb\":{\"@id\":\"https:\/\/nitu.mx\/index.php\/2022\/09\/23\/operadora-concierge-suma-a-sus-filas-a-expertos-del-sector-turistico\/#breadcrumb\"},\"inLanguage\":\"es-MX\",\"potentialAction\":[{\"@type\":\"ReadAction\",\"target\":[\"https:\/\/nitu.mx\/index.php\/2022\/09\/23\/operadora-concierge-suma-a-sus-filas-a-expertos-del-sector-turistico\/\"]}]},{\"@type\":\"ImageObject\",\"inLanguage\":\"es-MX\",\"@id\":\"https:\/\/nitu.mx\/index.php\/2022\/09\/23\/operadora-concierge-suma-a-sus-filas-a-expertos-del-sector-turistico\/#primaryimage\",\"url\":\"https:\/\/nitu.mx\/wp-content\/uploads\/2022\/09\/Operadora-Concierge-equipo.jpg\",\"contentUrl\":\"https:\/\/nitu.mx\/wp-content\/uploads\/2022\/09\/Operadora-Concierge-equipo.jpg\",\"width\":1200,\"height\":675,\"caption\":\"Operadora Concierge\"},{\"@type\":\"BreadcrumbList\",\"@id\":\"https:\/\/nitu.mx\/index.php\/2022\/09\/23\/operadora-concierge-suma-a-sus-filas-a-expertos-del-sector-turistico\/#breadcrumb\",\"itemListElement\":[{\"@type\":\"ListItem\",\"position\":1,\"name\":\"Inicio\",\"item\":\"https:\/\/nitu.mx\/\"},{\"@type\":\"ListItem\",\"position\":2,\"name\":\"Operadora Concierge suma a sus filas a expertos del sector tur\u00edstico\"}]},{\"@type\":\"WebSite\",\"@id\":\"https:\/\/nitu.mx\/#website\",\"url\":\"https:\/\/nitu.mx\/\",\"name\":\"Nitu - Noticias de la Industria Turistica\",\"description\":\"Noticias de la Industria Turistica\",\"publisher\":{\"@id\":\"https:\/\/nitu.mx\/#\/schema\/person\/ae7a53426417292d3dd07b45a33e01bc\"},\"alternateName\":\"Noticias de la Industria Turistica\",\"potentialAction\":[{\"@type\":\"SearchAction\",\"target\":{\"@type\":\"EntryPoint\",\"urlTemplate\":\"https:\/\/nitu.mx\/?s={search_term_string}\"},\"query-input\":\"required name=search_term_string\"}],\"inLanguage\":\"es-MX\"},{\"@type\":[\"Person\",\"Organization\"],\"@id\":\"https:\/\/nitu.mx\/#\/schema\/person\/ae7a53426417292d3dd07b45a33e01bc\",\"name\":\"Arturo Medina\",\"image\":{\"@type\":\"ImageObject\",\"inLanguage\":\"es-MX\",\"@id\":\"https:\/\/nitu.mx\/#\/schema\/person\/image\/\",\"url\":\"https:\/\/nitu.mx\/wp-content\/uploads\/2024\/04\/4A315622-1904-4D5C-B022-878CDC840E04-90x90-1.jpeg\",\"contentUrl\":\"https:\/\/nitu.mx\/wp-content\/uploads\/2024\/04\/4A315622-1904-4D5C-B022-878CDC840E04-90x90-1.jpeg\",\"width\":90,\"height\":90,\"caption\":\"Arturo Medina\"},\"logo\":{\"@id\":\"https:\/\/nitu.mx\/#\/schema\/person\/image\/\"},\"description\":\"Director NITU.mx, Egresado de la Escuela de Periodismo Carlos Septi\u00e9n Garc\u00eda. Periodista y analista especializado en turismo desde hace 35 a\u00f1os, radicado en Canc\u00fan Q.Roo. arturo@nitu.mx\",\"sameAs\":[\"https:\/\/nitu.mx\",\"https:\/\/www.facebook.com\/NITUmx\/\",\"medinacancun\",\"https:\/\/twitter.com\/@Arturo_Medina_G\"]},{\"@type\":\"Person\",\"@id\":\"https:\/\/nitu.mx\/#\/schema\/person\/4a28fe9bd65924f7c90623773daf1b0b\",\"name\":\"Redacci\u00f3n\",\"image\":{\"@type\":\"ImageObject\",\"inLanguage\":\"es-MX\",\"@id\":\"https:\/\/nitu.mx\/#\/schema\/person\/image\/\",\"url\":\"https:\/\/secure.gravatar.com\/avatar\/5dd011c8ccfc5cd7e4c81e42252aab38?s=96&d=mm&r=g\",\"contentUrl\":\"https:\/\/secure.gravatar.com\/avatar\/5dd011c8ccfc5cd7e4c81e42252aab38?s=96&d=mm&r=g\",\"caption\":\"Redacci\u00f3n\"},\"url\":\"https:\/\/nitu.mx\/index.php\/author\/redaccion\/\"}]}<\/script>\n<!-- \/ Yoast SEO plugin. -->","yoast_head_json":{"title":"Operadora Concierge suma a sus filas a expertos del sector tur\u00edstico - Nitu - Noticias de la Industria Turistica","robots":{"index":"index","follow":"follow","max-snippet":"max-snippet:-1","max-image-preview":"max-image-preview:large","max-video-preview":"max-video-preview:-1"},"canonical":"https:\/\/nitu.mx\/index.php\/2022\/09\/23\/operadora-concierge-suma-a-sus-filas-a-expertos-del-sector-turistico\/","twitter_card":"summary_large_image","twitter_title":"Operadora Concierge suma a sus filas a expertos del sector tur\u00edstico - Nitu - Noticias de la Industria Turistica","twitter_description":"A partir del lanzamiento de Operadora Concierge, la mayorista ha consolidado su posici\u00f3n en la industria, siendo un socio estrat\u00e9gico de los asesores de viaje con productos innovadores, amplio cat\u00e1logo de experiencias, convenios atractivos, y viajes a la medida que se adapten a las necesidades de las agencias afiliadas. \u201cEl crecimiento de la operadora, sin [&hellip;]","twitter_image":"https:\/\/nitu.mx\/wp-content\/uploads\/2022\/09\/Operadora-Concierge-equipo.jpg","twitter_creator":"@NITUmx","twitter_site":"@Arturo_Medina_G","twitter_misc":{"Escrito por":"Redacci\u00f3n","Tiempo de lectura":"2 minutos"},"schema":{"@context":"https:\/\/schema.org","@graph":[{"@type":"Article","@id":"https:\/\/nitu.mx\/index.php\/2022\/09\/23\/operadora-concierge-suma-a-sus-filas-a-expertos-del-sector-turistico\/#article","isPartOf":{"@id":"https:\/\/nitu.mx\/index.php\/2022\/09\/23\/operadora-concierge-suma-a-sus-filas-a-expertos-del-sector-turistico\/"},"author":{"name":"Redacci\u00f3n","@id":"https:\/\/nitu.mx\/#\/schema\/person\/4a28fe9bd65924f7c90623773daf1b0b"},"headline":"Operadora Concierge suma a sus filas a expertos del sector tur\u00edstico","datePublished":"2022-09-23T05:00:44+00:00","dateModified":"2022-09-23T05:07:40+00:00","mainEntityOfPage":{"@id":"https:\/\/nitu.mx\/index.php\/2022\/09\/23\/operadora-concierge-suma-a-sus-filas-a-expertos-del-sector-turistico\/"},"wordCount":462,"commentCount":0,"publisher":{"@id":"https:\/\/nitu.mx\/#\/schema\/person\/ae7a53426417292d3dd07b45a33e01bc"},"image":{"@id":"https:\/\/nitu.mx\/index.php\/2022\/09\/23\/operadora-concierge-suma-a-sus-filas-a-expertos-del-sector-turistico\/#primaryimage"},"thumbnailUrl":"https:\/\/nitu.mx\/wp-content\/uploads\/2022\/09\/Operadora-Concierge-equipo.jpg","keywords":["Javier Galicia","Jorge Alberto Cruz","Operadora Concierge"],"articleSection":["Agencias de Viajes"],"inLanguage":"es-MX","potentialAction":[{"@type":"CommentAction","name":"Comment","target":["https:\/\/nitu.mx\/index.php\/2022\/09\/23\/operadora-concierge-suma-a-sus-filas-a-expertos-del-sector-turistico\/#respond"]}]},{"@type":"WebPage","@id":"https:\/\/nitu.mx\/index.php\/2022\/09\/23\/operadora-concierge-suma-a-sus-filas-a-expertos-del-sector-turistico\/","url":"https:\/\/nitu.mx\/index.php\/2022\/09\/23\/operadora-concierge-suma-a-sus-filas-a-expertos-del-sector-turistico\/","name":"Operadora Concierge suma a sus filas a expertos del sector tur\u00edstico - Nitu - Noticias de la Industria Turistica","isPartOf":{"@id":"https:\/\/nitu.mx\/#website"},"primaryImageOfPage":{"@id":"https:\/\/nitu.mx\/index.php\/2022\/09\/23\/operadora-concierge-suma-a-sus-filas-a-expertos-del-sector-turistico\/#primaryimage"},"image":{"@id":"https:\/\/nitu.mx\/index.php\/2022\/09\/23\/operadora-concierge-suma-a-sus-filas-a-expertos-del-sector-turistico\/#primaryimage"},"thumbnailUrl":"https:\/\/nitu.mx\/wp-content\/uploads\/2022\/09\/Operadora-Concierge-equipo.jpg","datePublished":"2022-09-23T05:00:44+00:00","dateModified":"2022-09-23T05:07:40+00:00","breadcrumb":{"@id":"https:\/\/nitu.mx\/index.php\/2022\/09\/23\/operadora-concierge-suma-a-sus-filas-a-expertos-del-sector-turistico\/#breadcrumb"},"inLanguage":"es-MX","potentialAction":[{"@type":"ReadAction","target":["https:\/\/nitu.mx\/index.php\/2022\/09\/23\/operadora-concierge-suma-a-sus-filas-a-expertos-del-sector-turistico\/"]}]},{"@type":"ImageObject","inLanguage":"es-MX","@id":"https:\/\/nitu.mx\/index.php\/2022\/09\/23\/operadora-concierge-suma-a-sus-filas-a-expertos-del-sector-turistico\/#primaryimage","url":"https:\/\/nitu.mx\/wp-content\/uploads\/2022\/09\/Operadora-Concierge-equipo.jpg","contentUrl":"https:\/\/nitu.mx\/wp-content\/uploads\/2022\/09\/Operadora-Concierge-equipo.jpg","width":1200,"height":675,"caption":"Operadora Concierge"},{"@type":"BreadcrumbList","@id":"https:\/\/nitu.mx\/index.php\/2022\/09\/23\/operadora-concierge-suma-a-sus-filas-a-expertos-del-sector-turistico\/#breadcrumb","itemListElement":[{"@type":"ListItem","position":1,"name":"Inicio","item":"https:\/\/nitu.mx\/"},{"@type":"ListItem","position":2,"name":"Operadora Concierge suma a sus filas a expertos del sector tur\u00edstico"}]},{"@type":"WebSite","@id":"https:\/\/nitu.mx\/#website","url":"https:\/\/nitu.mx\/","name":"Nitu - Noticias de la Industria Turistica","description":"Noticias de la Industria Turistica","publisher":{"@id":"https:\/\/nitu.mx\/#\/schema\/person\/ae7a53426417292d3dd07b45a33e01bc"},"alternateName":"Noticias de la Industria Turistica","potentialAction":[{"@type":"SearchAction","target":{"@type":"EntryPoint","urlTemplate":"https:\/\/nitu.mx\/?s={search_term_string}"},"query-input":"required name=search_term_string"}],"inLanguage":"es-MX"},{"@type":["Person","Organization"],"@id":"https:\/\/nitu.mx\/#\/schema\/person\/ae7a53426417292d3dd07b45a33e01bc","name":"Arturo Medina","image":{"@type":"ImageObject","inLanguage":"es-MX","@id":"https:\/\/nitu.mx\/#\/schema\/person\/image\/","url":"https:\/\/nitu.mx\/wp-content\/uploads\/2024\/04\/4A315622-1904-4D5C-B022-878CDC840E04-90x90-1.jpeg","contentUrl":"https:\/\/nitu.mx\/wp-content\/uploads\/2024\/04\/4A315622-1904-4D5C-B022-878CDC840E04-90x90-1.jpeg","width":90,"height":90,"caption":"Arturo Medina"},"logo":{"@id":"https:\/\/nitu.mx\/#\/schema\/person\/image\/"},"description":"Director NITU.mx, Egresado de la Escuela de Periodismo Carlos Septi\u00e9n Garc\u00eda. Periodista y analista especializado en turismo desde hace 35 a\u00f1os, radicado en Canc\u00fan Q.Roo. arturo@nitu.mx","sameAs":["https:\/\/nitu.mx","https:\/\/www.facebook.com\/NITUmx\/","medinacancun","https:\/\/twitter.com\/@Arturo_Medina_G"]},{"@type":"Person","@id":"https:\/\/nitu.mx\/#\/schema\/person\/4a28fe9bd65924f7c90623773daf1b0b","name":"Redacci\u00f3n","image":{"@type":"ImageObject","inLanguage":"es-MX","@id":"https:\/\/nitu.mx\/#\/schema\/person\/image\/","url":"https:\/\/secure.gravatar.com\/avatar\/5dd011c8ccfc5cd7e4c81e42252aab38?s=96&d=mm&r=g","contentUrl":"https:\/\/secure.gravatar.com\/avatar\/5dd011c8ccfc5cd7e4c81e42252aab38?s=96&d=mm&r=g","caption":"Redacci\u00f3n"},"url":"https:\/\/nitu.mx\/index.php\/author\/redaccion\/"}]}},"views":297,"_links":{"self":[{"href":"https:\/\/nitu.mx\/index.php\/wp-json\/wp\/v2\/posts\/61475"}],"collection":[{"href":"https:\/\/nitu.mx\/index.php\/wp-json\/wp\/v2\/posts"}],"about":[{"href":"https:\/\/nitu.mx\/index.php\/wp-json\/wp\/v2\/types\/post"}],"author":[{"embeddable":true,"href":"https:\/\/nitu.mx\/index.php\/wp-json\/wp\/v2\/users\/17"}],"replies":[{"embeddable":true,"href":"https:\/\/nitu.mx\/index.php\/wp-json\/wp\/v2\/comments?post=61475"}],"version-history":[{"count":1,"href":"https:\/\/nitu.mx\/index.php\/wp-json\/wp\/v2\/posts\/61475\/revisions"}],"predecessor-version":[{"id":61476,"href":"https:\/\/nitu.mx\/index.php\/wp-json\/wp\/v2\/posts\/61475\/revisions\/61476"}],"wp:featuredmedia":[{"embeddable":true,"href":"https:\/\/nitu.mx\/index.php\/wp-json\/wp\/v2\/media\/61477"}],"wp:attachment":[{"href":"https:\/\/nitu.mx\/index.php\/wp-json\/wp\/v2\/media?parent=61475"}],"wp:term":[{"taxonomy":"category","embeddable":true,"href":"https:\/\/nitu.mx\/index.php\/wp-json\/wp\/v2\/categories?post=61475"},{"taxonomy":"post_tag","embeddable":true,"href":"https:\/\/nitu.mx\/index.php\/wp-json\/wp\/v2\/tags?post=61475"}],"curies":[{"name":"wp","href":"https:\/\/api.w.org\/{rel}","templated":true}]}}