{"id":61454,"date":"2022-09-21T22:48:51","date_gmt":"2022-09-22T03:48:51","guid":{"rendered":"https:\/\/www.dev.nitu.mx\/?p=61454"},"modified":"2022-09-22T00:09:28","modified_gmt":"2022-09-22T05:09:28","slug":"volaris-inicia-operacion-de-6-rutas-desde-el-aifa","status":"publish","type":"post","link":"https:\/\/nitu.mx\/index.php\/2022\/09\/21\/volaris-inicia-operacion-de-6-rutas-desde-el-aifa\/","title":{"rendered":"Volaris inicia operaci\u00f3n de 6 rutas desde el AIFA"},"content":{"rendered":"<p>La aerol\u00ednea mexicana de bajo costo, Volaris, inici\u00f3 operaciones de seis nuevas rutas en el Aeropuerto Internacional Felipe \u00c1ngeles (AIFA), con destino a Puerto Escondido, La Paz, Guadalajara, Puerto Vallarta, Oaxaca y Los Cabos.<\/p>\n<p>Con 11 rutas y 19 operaciones diarias,\u00a0Volaris se posiciona como el principal operador en el nuevo aeropuerto.<\/p>\n<p>Adem\u00e1s, la l\u00ednea a\u00e9rea busca fortalecer su estrategia de\u00a0Bus Switching, para que m\u00e1s personas cambien el autob\u00fas por el avi\u00f3n.<\/p>\n<p>De acuerdo con los reportes, el Aeropuerto Internacional Felipe \u00c1ngeles tiene un mercado de cinco millones de personas, y la aerol\u00ednea espera transportar alrededor de 150 mil pasajeros en este aeropuerto durante 2022.<\/p>\n<p>En conjunto con sus operaciones en el Sistema Aeroportuario Metropolitano Volaris ofrece un mill\u00f3n de asientos al mes con m\u00e1s de mil vuelos en el Aeropuerto Internacional de la Ciudad de M\u00e9xico (AICM), 140 en el AIFA y m\u00e1s de cien en el Aeropuerto Internacional de Toluca (AIT).<\/p>\n<p>Las nuevas rutas de Volaris en el AIFA desde y hacia Puerto Escondido y La Paz operar\u00e1n los martes, jueves y s\u00e1bado.<\/p>\n<p>En tanto, los vuelos a Guadalajara y Puerto Vallarta tendr\u00e1n una frecuencia diaria; mientras que a Oaxaca y Los Cabos tendr\u00e1 cuatro frecuencias semanales los d\u00edas lunes, mi\u00e9rcoles, viernes y domingo.<\/p>\n<p>Las rutas se suman a las ya existentes hacia Canc\u00fan, Tijuana, M\u00e9rida y Mexicali, con un vuelo al d\u00eda, y a Huatulco los martes, jueves y s\u00e1bado.\u00a0<a title=\"Ya Vas de Volaris y Hoteles Oasis impulsan ventas anticipadas a Canc\u00fan\" href=\"https:\/\/www.dev.nitu.mx\/index.php\/2022\/09\/08\/ya-vas-de-volaris-y-hoteles-oasis-impulsan-ventas-anticipadas-a-cancun\/\" rel=\"bookmark\">(Ya Vas de Volaris y Hoteles Oasis impulsan ventas anticipadas a Canc\u00fan<\/a>).<\/p>\n","protected":false},"excerpt":{"rendered":"<p>La aerol\u00ednea mexicana de bajo costo, Volaris, inici\u00f3 operaciones de seis nuevas rutas en el Aeropuerto Internacional Felipe \u00c1ngeles (AIFA), con destino a Puerto Escondido, La Paz, Guadalajara, Puerto Vallarta, Oaxaca y Los Cabos. Con 11 rutas y 19 operaciones diarias,\u00a0Volaris se posiciona como el principal operador en el nuevo aeropuerto. Adem\u00e1s, la l\u00ednea a\u00e9rea [&hellip;]<\/p>\n","protected":false},"author":17,"featured_media":27038,"comment_status":"open","ping_status":"open","sticky":false,"template":"","format":"standard","meta":{"footnotes":""},"categories":[29],"tags":[21925,490,132,130,906,2150,471,5168,131],"yoast_head":"<!-- This site is optimized with the Yoast SEO plugin v22.2 - https:\/\/yoast.com\/wordpress\/plugins\/seo\/ -->\n<title>Volaris inicia operaci\u00f3n de 6 rutas desde el AIFA - Nitu - Noticias de la Industria Turistica<\/title>\n<meta name=\"robots\" content=\"index, follow, max-snippet:-1, max-image-preview:large, max-video-preview:-1\" \/>\n<link rel=\"canonical\" href=\"https:\/\/nitu.mx\/index.php\/2022\/09\/21\/volaris-inicia-operacion-de-6-rutas-desde-el-aifa\/\" \/>\n<meta name=\"twitter:card\" content=\"summary_large_image\" \/>\n<meta name=\"twitter:title\" content=\"Volaris inicia operaci\u00f3n de 6 rutas desde el AIFA - Nitu - Noticias de la Industria Turistica\" \/>\n<meta name=\"twitter:description\" content=\"La aerol\u00ednea mexicana de bajo costo, Volaris, inici\u00f3 operaciones de seis nuevas rutas en el Aeropuerto Internacional Felipe \u00c1ngeles (AIFA), con destino a Puerto Escondido, La Paz, Guadalajara, Puerto Vallarta, Oaxaca y Los Cabos. Con 11 rutas y 19 operaciones diarias,\u00a0Volaris se posiciona como el principal operador en el nuevo aeropuerto. Adem\u00e1s, la l\u00ednea a\u00e9rea [&hellip;]\" \/>\n<meta name=\"twitter:image\" content=\"https:\/\/nitu.mx\/wp-content\/uploads\/2018\/11\/Avi\u00f3n-A320neo-Volaris.jpg\" \/>\n<meta name=\"twitter:creator\" content=\"@NITUmx\" \/>\n<meta name=\"twitter:site\" content=\"@Arturo_Medina_G\" \/>\n<meta name=\"twitter:label1\" content=\"Escrito por\" \/>\n\t<meta name=\"twitter:data1\" content=\"Redacci\u00f3n\" \/>\n\t<meta name=\"twitter:label2\" content=\"Tiempo de lectura\" \/>\n\t<meta name=\"twitter:data2\" content=\"1 minuto\" \/>\n<script type=\"application\/ld+json\" class=\"yoast-schema-graph\">{\"@context\":\"https:\/\/schema.org\",\"@graph\":[{\"@type\":\"Article\",\"@id\":\"https:\/\/nitu.mx\/index.php\/2022\/09\/21\/volaris-inicia-operacion-de-6-rutas-desde-el-aifa\/#article\",\"isPartOf\":{\"@id\":\"https:\/\/nitu.mx\/index.php\/2022\/09\/21\/volaris-inicia-operacion-de-6-rutas-desde-el-aifa\/\"},\"author\":{\"name\":\"Redacci\u00f3n\",\"@id\":\"https:\/\/nitu.mx\/#\/schema\/person\/4a28fe9bd65924f7c90623773daf1b0b\"},\"headline\":\"Volaris inicia operaci\u00f3n de 6 rutas desde el AIFA\",\"datePublished\":\"2022-09-22T03:48:51+00:00\",\"dateModified\":\"2022-09-22T05:09:28+00:00\",\"mainEntityOfPage\":{\"@id\":\"https:\/\/nitu.mx\/index.php\/2022\/09\/21\/volaris-inicia-operacion-de-6-rutas-desde-el-aifa\/\"},\"wordCount\":272,\"commentCount\":0,\"publisher\":{\"@id\":\"https:\/\/nitu.mx\/#\/schema\/person\/ae7a53426417292d3dd07b45a33e01bc\"},\"image\":{\"@id\":\"https:\/\/nitu.mx\/index.php\/2022\/09\/21\/volaris-inicia-operacion-de-6-rutas-desde-el-aifa\/#primaryimage\"},\"thumbnailUrl\":\"https:\/\/nitu.mx\/wp-content\/uploads\/2018\/11\/Avi\u00f3n-A320neo-Volaris.jpg\",\"keywords\":[\"AIFA\",\"Guadalajara\",\"La Paz\",\"Los Cabos\",\"Oaxaca\",\"Puerto Escondido\",\"Puerto Vallarta\",\"rutas\",\"Volaris\"],\"articleSection\":[\"Aerol\u00edneas\"],\"inLanguage\":\"es-MX\",\"potentialAction\":[{\"@type\":\"CommentAction\",\"name\":\"Comment\",\"target\":[\"https:\/\/nitu.mx\/index.php\/2022\/09\/21\/volaris-inicia-operacion-de-6-rutas-desde-el-aifa\/#respond\"]}]},{\"@type\":\"WebPage\",\"@id\":\"https:\/\/nitu.mx\/index.php\/2022\/09\/21\/volaris-inicia-operacion-de-6-rutas-desde-el-aifa\/\",\"url\":\"https:\/\/nitu.mx\/index.php\/2022\/09\/21\/volaris-inicia-operacion-de-6-rutas-desde-el-aifa\/\",\"name\":\"Volaris inicia operaci\u00f3n de 6 rutas desde el AIFA - Nitu - Noticias de la Industria Turistica\",\"isPartOf\":{\"@id\":\"https:\/\/nitu.mx\/#website\"},\"primaryImageOfPage\":{\"@id\":\"https:\/\/nitu.mx\/index.php\/2022\/09\/21\/volaris-inicia-operacion-de-6-rutas-desde-el-aifa\/#primaryimage\"},\"image\":{\"@id\":\"https:\/\/nitu.mx\/index.php\/2022\/09\/21\/volaris-inicia-operacion-de-6-rutas-desde-el-aifa\/#primaryimage\"},\"thumbnailUrl\":\"https:\/\/nitu.mx\/wp-content\/uploads\/2018\/11\/Avi\u00f3n-A320neo-Volaris.jpg\",\"datePublished\":\"2022-09-22T03:48:51+00:00\",\"dateModified\":\"2022-09-22T05:09:28+00:00\",\"breadcrumb\":{\"@id\":\"https:\/\/nitu.mx\/index.php\/2022\/09\/21\/volaris-inicia-operacion-de-6-rutas-desde-el-aifa\/#breadcrumb\"},\"inLanguage\":\"es-MX\",\"potentialAction\":[{\"@type\":\"ReadAction\",\"target\":[\"https:\/\/nitu.mx\/index.php\/2022\/09\/21\/volaris-inicia-operacion-de-6-rutas-desde-el-aifa\/\"]}]},{\"@type\":\"ImageObject\",\"inLanguage\":\"es-MX\",\"@id\":\"https:\/\/nitu.mx\/index.php\/2022\/09\/21\/volaris-inicia-operacion-de-6-rutas-desde-el-aifa\/#primaryimage\",\"url\":\"https:\/\/nitu.mx\/wp-content\/uploads\/2018\/11\/Avi\u00f3n-A320neo-Volaris.jpg\",\"contentUrl\":\"https:\/\/nitu.mx\/wp-content\/uploads\/2018\/11\/Avi\u00f3n-A320neo-Volaris.jpg\",\"width\":850,\"height\":480,\"caption\":\"Volaris BMV v.business Baja California Sur\"},{\"@type\":\"BreadcrumbList\",\"@id\":\"https:\/\/nitu.mx\/index.php\/2022\/09\/21\/volaris-inicia-operacion-de-6-rutas-desde-el-aifa\/#breadcrumb\",\"itemListElement\":[{\"@type\":\"ListItem\",\"position\":1,\"name\":\"Inicio\",\"item\":\"https:\/\/nitu.mx\/\"},{\"@type\":\"ListItem\",\"position\":2,\"name\":\"Volaris inicia operaci\u00f3n de 6 rutas desde el AIFA\"}]},{\"@type\":\"WebSite\",\"@id\":\"https:\/\/nitu.mx\/#website\",\"url\":\"https:\/\/nitu.mx\/\",\"name\":\"Nitu - Noticias de la Industria Turistica\",\"description\":\"Noticias de la Industria Turistica\",\"publisher\":{\"@id\":\"https:\/\/nitu.mx\/#\/schema\/person\/ae7a53426417292d3dd07b45a33e01bc\"},\"alternateName\":\"Noticias de la Industria Turistica\",\"potentialAction\":[{\"@type\":\"SearchAction\",\"target\":{\"@type\":\"EntryPoint\",\"urlTemplate\":\"https:\/\/nitu.mx\/?s={search_term_string}\"},\"query-input\":\"required name=search_term_string\"}],\"inLanguage\":\"es-MX\"},{\"@type\":[\"Person\",\"Organization\"],\"@id\":\"https:\/\/nitu.mx\/#\/schema\/person\/ae7a53426417292d3dd07b45a33e01bc\",\"name\":\"Arturo Medina\",\"image\":{\"@type\":\"ImageObject\",\"inLanguage\":\"es-MX\",\"@id\":\"https:\/\/nitu.mx\/#\/schema\/person\/image\/\",\"url\":\"https:\/\/nitu.mx\/wp-content\/uploads\/2024\/04\/4A315622-1904-4D5C-B022-878CDC840E04-90x90-1.jpeg\",\"contentUrl\":\"https:\/\/nitu.mx\/wp-content\/uploads\/2024\/04\/4A315622-1904-4D5C-B022-878CDC840E04-90x90-1.jpeg\",\"width\":90,\"height\":90,\"caption\":\"Arturo Medina\"},\"logo\":{\"@id\":\"https:\/\/nitu.mx\/#\/schema\/person\/image\/\"},\"description\":\"Director NITU.mx, Egresado de la Escuela de Periodismo Carlos Septi\u00e9n Garc\u00eda. Periodista y analista especializado en turismo desde hace 35 a\u00f1os, radicado en Canc\u00fan Q.Roo. arturo@nitu.mx\",\"sameAs\":[\"https:\/\/nitu.mx\",\"https:\/\/www.facebook.com\/NITUmx\/\",\"medinacancun\",\"https:\/\/twitter.com\/@Arturo_Medina_G\"]},{\"@type\":\"Person\",\"@id\":\"https:\/\/nitu.mx\/#\/schema\/person\/4a28fe9bd65924f7c90623773daf1b0b\",\"name\":\"Redacci\u00f3n\",\"image\":{\"@type\":\"ImageObject\",\"inLanguage\":\"es-MX\",\"@id\":\"https:\/\/nitu.mx\/#\/schema\/person\/image\/\",\"url\":\"https:\/\/secure.gravatar.com\/avatar\/5dd011c8ccfc5cd7e4c81e42252aab38?s=96&d=mm&r=g\",\"contentUrl\":\"https:\/\/secure.gravatar.com\/avatar\/5dd011c8ccfc5cd7e4c81e42252aab38?s=96&d=mm&r=g\",\"caption\":\"Redacci\u00f3n\"},\"url\":\"https:\/\/nitu.mx\/index.php\/author\/redaccion\/\"}]}<\/script>\n<!-- \/ Yoast SEO plugin. -->","yoast_head_json":{"title":"Volaris inicia operaci\u00f3n de 6 rutas desde el AIFA - Nitu - Noticias de la Industria Turistica","robots":{"index":"index","follow":"follow","max-snippet":"max-snippet:-1","max-image-preview":"max-image-preview:large","max-video-preview":"max-video-preview:-1"},"canonical":"https:\/\/nitu.mx\/index.php\/2022\/09\/21\/volaris-inicia-operacion-de-6-rutas-desde-el-aifa\/","twitter_card":"summary_large_image","twitter_title":"Volaris inicia operaci\u00f3n de 6 rutas desde el AIFA - Nitu - Noticias de la Industria Turistica","twitter_description":"La aerol\u00ednea mexicana de bajo costo, Volaris, inici\u00f3 operaciones de seis nuevas rutas en el Aeropuerto Internacional Felipe \u00c1ngeles (AIFA), con destino a Puerto Escondido, La Paz, Guadalajara, Puerto Vallarta, Oaxaca y Los Cabos. Con 11 rutas y 19 operaciones diarias,\u00a0Volaris se posiciona como el principal operador en el nuevo aeropuerto. Adem\u00e1s, la l\u00ednea a\u00e9rea [&hellip;]","twitter_image":"https:\/\/nitu.mx\/wp-content\/uploads\/2018\/11\/Avi\u00f3n-A320neo-Volaris.jpg","twitter_creator":"@NITUmx","twitter_site":"@Arturo_Medina_G","twitter_misc":{"Escrito por":"Redacci\u00f3n","Tiempo de lectura":"1 minuto"},"schema":{"@context":"https:\/\/schema.org","@graph":[{"@type":"Article","@id":"https:\/\/nitu.mx\/index.php\/2022\/09\/21\/volaris-inicia-operacion-de-6-rutas-desde-el-aifa\/#article","isPartOf":{"@id":"https:\/\/nitu.mx\/index.php\/2022\/09\/21\/volaris-inicia-operacion-de-6-rutas-desde-el-aifa\/"},"author":{"name":"Redacci\u00f3n","@id":"https:\/\/nitu.mx\/#\/schema\/person\/4a28fe9bd65924f7c90623773daf1b0b"},"headline":"Volaris inicia operaci\u00f3n de 6 rutas desde el AIFA","datePublished":"2022-09-22T03:48:51+00:00","dateModified":"2022-09-22T05:09:28+00:00","mainEntityOfPage":{"@id":"https:\/\/nitu.mx\/index.php\/2022\/09\/21\/volaris-inicia-operacion-de-6-rutas-desde-el-aifa\/"},"wordCount":272,"commentCount":0,"publisher":{"@id":"https:\/\/nitu.mx\/#\/schema\/person\/ae7a53426417292d3dd07b45a33e01bc"},"image":{"@id":"https:\/\/nitu.mx\/index.php\/2022\/09\/21\/volaris-inicia-operacion-de-6-rutas-desde-el-aifa\/#primaryimage"},"thumbnailUrl":"https:\/\/nitu.mx\/wp-content\/uploads\/2018\/11\/Avi\u00f3n-A320neo-Volaris.jpg","keywords":["AIFA","Guadalajara","La Paz","Los Cabos","Oaxaca","Puerto Escondido","Puerto Vallarta","rutas","Volaris"],"articleSection":["Aerol\u00edneas"],"inLanguage":"es-MX","potentialAction":[{"@type":"CommentAction","name":"Comment","target":["https:\/\/nitu.mx\/index.php\/2022\/09\/21\/volaris-inicia-operacion-de-6-rutas-desde-el-aifa\/#respond"]}]},{"@type":"WebPage","@id":"https:\/\/nitu.mx\/index.php\/2022\/09\/21\/volaris-inicia-operacion-de-6-rutas-desde-el-aifa\/","url":"https:\/\/nitu.mx\/index.php\/2022\/09\/21\/volaris-inicia-operacion-de-6-rutas-desde-el-aifa\/","name":"Volaris inicia operaci\u00f3n de 6 rutas desde el AIFA - Nitu - Noticias de la Industria Turistica","isPartOf":{"@id":"https:\/\/nitu.mx\/#website"},"primaryImageOfPage":{"@id":"https:\/\/nitu.mx\/index.php\/2022\/09\/21\/volaris-inicia-operacion-de-6-rutas-desde-el-aifa\/#primaryimage"},"image":{"@id":"https:\/\/nitu.mx\/index.php\/2022\/09\/21\/volaris-inicia-operacion-de-6-rutas-desde-el-aifa\/#primaryimage"},"thumbnailUrl":"https:\/\/nitu.mx\/wp-content\/uploads\/2018\/11\/Avi\u00f3n-A320neo-Volaris.jpg","datePublished":"2022-09-22T03:48:51+00:00","dateModified":"2022-09-22T05:09:28+00:00","breadcrumb":{"@id":"https:\/\/nitu.mx\/index.php\/2022\/09\/21\/volaris-inicia-operacion-de-6-rutas-desde-el-aifa\/#breadcrumb"},"inLanguage":"es-MX","potentialAction":[{"@type":"ReadAction","target":["https:\/\/nitu.mx\/index.php\/2022\/09\/21\/volaris-inicia-operacion-de-6-rutas-desde-el-aifa\/"]}]},{"@type":"ImageObject","inLanguage":"es-MX","@id":"https:\/\/nitu.mx\/index.php\/2022\/09\/21\/volaris-inicia-operacion-de-6-rutas-desde-el-aifa\/#primaryimage","url":"https:\/\/nitu.mx\/wp-content\/uploads\/2018\/11\/Avi\u00f3n-A320neo-Volaris.jpg","contentUrl":"https:\/\/nitu.mx\/wp-content\/uploads\/2018\/11\/Avi\u00f3n-A320neo-Volaris.jpg","width":850,"height":480,"caption":"Volaris BMV v.business Baja California Sur"},{"@type":"BreadcrumbList","@id":"https:\/\/nitu.mx\/index.php\/2022\/09\/21\/volaris-inicia-operacion-de-6-rutas-desde-el-aifa\/#breadcrumb","itemListElement":[{"@type":"ListItem","position":1,"name":"Inicio","item":"https:\/\/nitu.mx\/"},{"@type":"ListItem","position":2,"name":"Volaris inicia operaci\u00f3n de 6 rutas desde el AIFA"}]},{"@type":"WebSite","@id":"https:\/\/nitu.mx\/#website","url":"https:\/\/nitu.mx\/","name":"Nitu - Noticias de la Industria Turistica","description":"Noticias de la Industria Turistica","publisher":{"@id":"https:\/\/nitu.mx\/#\/schema\/person\/ae7a53426417292d3dd07b45a33e01bc"},"alternateName":"Noticias de la Industria Turistica","potentialAction":[{"@type":"SearchAction","target":{"@type":"EntryPoint","urlTemplate":"https:\/\/nitu.mx\/?s={search_term_string}"},"query-input":"required name=search_term_string"}],"inLanguage":"es-MX"},{"@type":["Person","Organization"],"@id":"https:\/\/nitu.mx\/#\/schema\/person\/ae7a53426417292d3dd07b45a33e01bc","name":"Arturo Medina","image":{"@type":"ImageObject","inLanguage":"es-MX","@id":"https:\/\/nitu.mx\/#\/schema\/person\/image\/","url":"https:\/\/nitu.mx\/wp-content\/uploads\/2024\/04\/4A315622-1904-4D5C-B022-878CDC840E04-90x90-1.jpeg","contentUrl":"https:\/\/nitu.mx\/wp-content\/uploads\/2024\/04\/4A315622-1904-4D5C-B022-878CDC840E04-90x90-1.jpeg","width":90,"height":90,"caption":"Arturo Medina"},"logo":{"@id":"https:\/\/nitu.mx\/#\/schema\/person\/image\/"},"description":"Director NITU.mx, Egresado de la Escuela de Periodismo Carlos Septi\u00e9n Garc\u00eda. Periodista y analista especializado en turismo desde hace 35 a\u00f1os, radicado en Canc\u00fan Q.Roo. arturo@nitu.mx","sameAs":["https:\/\/nitu.mx","https:\/\/www.facebook.com\/NITUmx\/","medinacancun","https:\/\/twitter.com\/@Arturo_Medina_G"]},{"@type":"Person","@id":"https:\/\/nitu.mx\/#\/schema\/person\/4a28fe9bd65924f7c90623773daf1b0b","name":"Redacci\u00f3n","image":{"@type":"ImageObject","inLanguage":"es-MX","@id":"https:\/\/nitu.mx\/#\/schema\/person\/image\/","url":"https:\/\/secure.gravatar.com\/avatar\/5dd011c8ccfc5cd7e4c81e42252aab38?s=96&d=mm&r=g","contentUrl":"https:\/\/secure.gravatar.com\/avatar\/5dd011c8ccfc5cd7e4c81e42252aab38?s=96&d=mm&r=g","caption":"Redacci\u00f3n"},"url":"https:\/\/nitu.mx\/index.php\/author\/redaccion\/"}]}},"views":459,"_links":{"self":[{"href":"https:\/\/nitu.mx\/index.php\/wp-json\/wp\/v2\/posts\/61454"}],"collection":[{"href":"https:\/\/nitu.mx\/index.php\/wp-json\/wp\/v2\/posts"}],"about":[{"href":"https:\/\/nitu.mx\/index.php\/wp-json\/wp\/v2\/types\/post"}],"author":[{"embeddable":true,"href":"https:\/\/nitu.mx\/index.php\/wp-json\/wp\/v2\/users\/17"}],"replies":[{"embeddable":true,"href":"https:\/\/nitu.mx\/index.php\/wp-json\/wp\/v2\/comments?post=61454"}],"version-history":[{"count":1,"href":"https:\/\/nitu.mx\/index.php\/wp-json\/wp\/v2\/posts\/61454\/revisions"}],"predecessor-version":[{"id":61455,"href":"https:\/\/nitu.mx\/index.php\/wp-json\/wp\/v2\/posts\/61454\/revisions\/61455"}],"wp:featuredmedia":[{"embeddable":true,"href":"https:\/\/nitu.mx\/index.php\/wp-json\/wp\/v2\/media\/27038"}],"wp:attachment":[{"href":"https:\/\/nitu.mx\/index.php\/wp-json\/wp\/v2\/media?parent=61454"}],"wp:term":[{"taxonomy":"category","embeddable":true,"href":"https:\/\/nitu.mx\/index.php\/wp-json\/wp\/v2\/categories?post=61454"},{"taxonomy":"post_tag","embeddable":true,"href":"https:\/\/nitu.mx\/index.php\/wp-json\/wp\/v2\/tags?post=61454"}],"curies":[{"name":"wp","href":"https:\/\/api.w.org\/{rel}","templated":true}]}}