{"id":6143,"date":"2017-01-20T00:06:11","date_gmt":"2017-01-20T05:06:11","guid":{"rendered":"http:\/\/www.dev.nitu.mx\/?p=6143"},"modified":"2017-01-20T00:39:22","modified_gmt":"2017-01-20T05:39:22","slug":"carlos-constandse-con-trump-habra-incertidumbre-pero-no-debemos-especular","status":"publish","type":"post","link":"https:\/\/nitu.mx\/index.php\/2017\/01\/20\/carlos-constandse-con-trump-habra-incertidumbre-pero-no-debemos-especular\/","title":{"rendered":"Carlos Constandse: Con Trump habr\u00e1 incertidumbre, pero no debemos especular"},"content":{"rendered":"<p>Ante el inicio de la \u201cEra Trump\u201d en el gobierno de los Estados Unidos, cuyos ciudadanos representan el 58 por ciento de los turistas internacionales que visitan el pa\u00eds, Carlos Constandse Madrazo, vicepresidente de Experiencias Xcaret dijo que habr\u00e1n unos meses \u201cde incertidumbre\u201d para el pa\u00eds, por lo que: \u201cDebemos enfrentar esto con optimismo y sobre todo con estrategias\u201d, declar\u00f3.<br \/>\nGrupo Xcaret considera que s\u00ed, efectivamente ser\u00e1 un a\u00f1o de incertidumbre los primeros meses del inicio del mandato de Donald Trump, presidente de Estados Unidos \u201cpero la mayor\u00eda de las modalidades de hospedaje que hay en el Caribe Mexicano es de tiempo compartido, y son personas que de alguna conforma se sienten comprometidas con regresar al destino. Esto ya lo hemos visto anteriormente, como sucedi\u00f3 tras el embate del hurac\u00e1n Wilma en 2005. Los primeros que regresan son los que tienen hospedaje prepagado. No es un tema que nos deba de preocupar\u201d.<br \/>\nRespecto a que el secretario de Turismo, Enrique de la Madrid, ha expresado que si Donald Trump, cumple su promesa de subir 35 por ciento el impuesto a las importaciones, y el turismo lo considera como tal, podr\u00eda gravarlo; enntonces habr\u00eda una afectaci\u00f3n a la actividad tur\u00edstica en el pa\u00eds. Dijo \u201cCreo que es demasiado especular, si nos ponemos a buscarle pueden suceder muchas cosas, yo creo que no debemos de equivocarnos\u201d.<br \/>\nApunt\u00f3 que lo conducente es trabajar en diferentes estrategias y hacer un mayor esfuerzo, \u201cdesde luego que hay que buscar otros mercados, no s\u00f3lo por Trump, sino porque en un destino pueden suceder muchas cosas, y entonces ser\u00eda un error estrat\u00e9gico\u201d.<br \/>\n&#8220;Para el empresa debemos de ponernos a trabajar, y por su parte el gobierno deber\u00eda generar muchos m\u00e1s incentivos para que no se vayan, para que se queden&#8221;. \u00a0En <em><strong>NITU.mx<\/strong><\/em> hemos dado seguimiento a todas las declaraciones que se han generado.\u00a0(<a title=\"Sector tur\u00edstico nacional prev\u00e9 menor crecimiento en 2017 por Trump\" href=\"http:\/\/www.dev.nitu.mx\/index.php\/2017\/01\/12\/sector-turistico-nacional-preve-menor-crecimiento-en-2017-por-trump\/\" rel=\"bookmark\">Sector tur\u00edstico nacional prev\u00e9 menor crecimiento en 2017 por Trump<\/a>).<\/p>\n","protected":false},"excerpt":{"rendered":"<p>Ante el inicio de la \u201cEra Trump\u201d en el gobierno de los Estados Unidos, cuyos ciudadanos representan el 58 por ciento de los turistas internacionales que visitan el pa\u00eds, Carlos Constandse Madrazo, vicepresidente de Experiencias Xcaret dijo que habr\u00e1n unos meses \u201cde incertidumbre\u201d para el pa\u00eds, por lo que: \u201cDebemos enfrentar esto con optimismo y [&hellip;]<\/p>\n","protected":false},"author":3,"featured_media":6166,"comment_status":"open","ping_status":"open","sticky":false,"template":"","format":"standard","meta":{"footnotes":""},"categories":[5,6],"tags":[2777,83,2738,100,44,2135],"yoast_head":"<!-- This site is optimized with the Yoast SEO plugin v22.2 - https:\/\/yoast.com\/wordpress\/plugins\/seo\/ -->\n<title>Carlos Constandse: Con Trump habr\u00e1 incertidumbre, pero no debemos especular - Nitu - Noticias de la Industria Turistica<\/title>\n<meta name=\"description\" content=\"Carlos Constandse dijo que habr\u00e1n unos meses de incertidumbre para el pa\u00eds, por lo que debemos enfrentar esto con optimismo y sobre todo con estrategias.\" \/>\n<meta name=\"robots\" content=\"index, follow, max-snippet:-1, max-image-preview:large, max-video-preview:-1\" \/>\n<link rel=\"canonical\" href=\"https:\/\/nitu.mx\/index.php\/2017\/01\/20\/carlos-constandse-con-trump-habra-incertidumbre-pero-no-debemos-especular\/\" \/>\n<meta name=\"twitter:card\" content=\"summary_large_image\" \/>\n<meta name=\"twitter:title\" content=\"Carlos Constandse: Con Trump habr\u00e1 incertidumbre, pero no debemos especular - Nitu - Noticias de la Industria Turistica\" \/>\n<meta name=\"twitter:description\" content=\"Carlos Constandse dijo que habr\u00e1n unos meses de incertidumbre para el pa\u00eds, por lo que debemos enfrentar esto con optimismo y sobre todo con estrategias.\" \/>\n<meta name=\"twitter:image\" content=\"https:\/\/nitu.mx\/wp-content\/uploads\/2017\/01\/Carlos-Condstanse.jpg\" \/>\n<meta name=\"twitter:creator\" content=\"@NITUmx\" \/>\n<meta name=\"twitter:site\" content=\"@Arturo_Medina_G\" \/>\n<meta name=\"twitter:label1\" content=\"Escrito por\" \/>\n\t<meta name=\"twitter:data1\" content=\"Alejandra Moncisbays\" \/>\n\t<meta name=\"twitter:label2\" content=\"Tiempo de lectura\" \/>\n\t<meta name=\"twitter:data2\" content=\"2 minutos\" \/>\n<script type=\"application\/ld+json\" class=\"yoast-schema-graph\">{\"@context\":\"https:\/\/schema.org\",\"@graph\":[{\"@type\":\"Article\",\"@id\":\"https:\/\/nitu.mx\/index.php\/2017\/01\/20\/carlos-constandse-con-trump-habra-incertidumbre-pero-no-debemos-especular\/#article\",\"isPartOf\":{\"@id\":\"https:\/\/nitu.mx\/index.php\/2017\/01\/20\/carlos-constandse-con-trump-habra-incertidumbre-pero-no-debemos-especular\/\"},\"author\":{\"name\":\"Alejandra Moncisbays\",\"@id\":\"https:\/\/nitu.mx\/#\/schema\/person\/2ecd887b19dfd3382d1f14fc5acf24a8\"},\"headline\":\"Carlos Constandse: Con Trump habr\u00e1 incertidumbre, pero no debemos especular\",\"datePublished\":\"2017-01-20T05:06:11+00:00\",\"dateModified\":\"2017-01-20T05:39:22+00:00\",\"mainEntityOfPage\":{\"@id\":\"https:\/\/nitu.mx\/index.php\/2017\/01\/20\/carlos-constandse-con-trump-habra-incertidumbre-pero-no-debemos-especular\/\"},\"wordCount\":340,\"commentCount\":0,\"publisher\":{\"@id\":\"https:\/\/nitu.mx\/#\/schema\/person\/ae7a53426417292d3dd07b45a33e01bc\"},\"image\":{\"@id\":\"https:\/\/nitu.mx\/index.php\/2017\/01\/20\/carlos-constandse-con-trump-habra-incertidumbre-pero-no-debemos-especular\/#primaryimage\"},\"thumbnailUrl\":\"https:\/\/nitu.mx\/wp-content\/uploads\/2017\/01\/Carlos-Condstanse.jpg\",\"keywords\":[\"\u201cEra Trump\u201d\",\"Caribe mexicano\",\"Carlos Constandse Madrazo\",\"Estados Unidos\",\"Experiencias Xcaret\",\"hurac\u00e1n Wilma\"],\"articleSection\":[\"Destinos\",\"M\u00e9xico\"],\"inLanguage\":\"es-MX\",\"potentialAction\":[{\"@type\":\"CommentAction\",\"name\":\"Comment\",\"target\":[\"https:\/\/nitu.mx\/index.php\/2017\/01\/20\/carlos-constandse-con-trump-habra-incertidumbre-pero-no-debemos-especular\/#respond\"]}]},{\"@type\":\"WebPage\",\"@id\":\"https:\/\/nitu.mx\/index.php\/2017\/01\/20\/carlos-constandse-con-trump-habra-incertidumbre-pero-no-debemos-especular\/\",\"url\":\"https:\/\/nitu.mx\/index.php\/2017\/01\/20\/carlos-constandse-con-trump-habra-incertidumbre-pero-no-debemos-especular\/\",\"name\":\"Carlos Constandse: Con Trump habr\u00e1 incertidumbre, pero no debemos especular - Nitu - Noticias de la Industria Turistica\",\"isPartOf\":{\"@id\":\"https:\/\/nitu.mx\/#website\"},\"primaryImageOfPage\":{\"@id\":\"https:\/\/nitu.mx\/index.php\/2017\/01\/20\/carlos-constandse-con-trump-habra-incertidumbre-pero-no-debemos-especular\/#primaryimage\"},\"image\":{\"@id\":\"https:\/\/nitu.mx\/index.php\/2017\/01\/20\/carlos-constandse-con-trump-habra-incertidumbre-pero-no-debemos-especular\/#primaryimage\"},\"thumbnailUrl\":\"https:\/\/nitu.mx\/wp-content\/uploads\/2017\/01\/Carlos-Condstanse.jpg\",\"datePublished\":\"2017-01-20T05:06:11+00:00\",\"dateModified\":\"2017-01-20T05:39:22+00:00\",\"description\":\"Carlos Constandse dijo que habr\u00e1n unos meses de incertidumbre para el pa\u00eds, por lo que debemos enfrentar esto con optimismo y sobre todo con estrategias.\",\"breadcrumb\":{\"@id\":\"https:\/\/nitu.mx\/index.php\/2017\/01\/20\/carlos-constandse-con-trump-habra-incertidumbre-pero-no-debemos-especular\/#breadcrumb\"},\"inLanguage\":\"es-MX\",\"potentialAction\":[{\"@type\":\"ReadAction\",\"target\":[\"https:\/\/nitu.mx\/index.php\/2017\/01\/20\/carlos-constandse-con-trump-habra-incertidumbre-pero-no-debemos-especular\/\"]}]},{\"@type\":\"ImageObject\",\"inLanguage\":\"es-MX\",\"@id\":\"https:\/\/nitu.mx\/index.php\/2017\/01\/20\/carlos-constandse-con-trump-habra-incertidumbre-pero-no-debemos-especular\/#primaryimage\",\"url\":\"https:\/\/nitu.mx\/wp-content\/uploads\/2017\/01\/Carlos-Condstanse.jpg\",\"contentUrl\":\"https:\/\/nitu.mx\/wp-content\/uploads\/2017\/01\/Carlos-Condstanse.jpg\",\"width\":850,\"height\":480,\"caption\":\"Carlos Constandse\"},{\"@type\":\"BreadcrumbList\",\"@id\":\"https:\/\/nitu.mx\/index.php\/2017\/01\/20\/carlos-constandse-con-trump-habra-incertidumbre-pero-no-debemos-especular\/#breadcrumb\",\"itemListElement\":[{\"@type\":\"ListItem\",\"position\":1,\"name\":\"Inicio\",\"item\":\"https:\/\/nitu.mx\/\"},{\"@type\":\"ListItem\",\"position\":2,\"name\":\"Carlos Constandse: Con Trump habr\u00e1 incertidumbre, pero no debemos especular\"}]},{\"@type\":\"WebSite\",\"@id\":\"https:\/\/nitu.mx\/#website\",\"url\":\"https:\/\/nitu.mx\/\",\"name\":\"Nitu - Noticias de la Industria Turistica\",\"description\":\"Noticias de la Industria Turistica\",\"publisher\":{\"@id\":\"https:\/\/nitu.mx\/#\/schema\/person\/ae7a53426417292d3dd07b45a33e01bc\"},\"alternateName\":\"Noticias de la Industria Turistica\",\"potentialAction\":[{\"@type\":\"SearchAction\",\"target\":{\"@type\":\"EntryPoint\",\"urlTemplate\":\"https:\/\/nitu.mx\/?s={search_term_string}\"},\"query-input\":\"required name=search_term_string\"}],\"inLanguage\":\"es-MX\"},{\"@type\":[\"Person\",\"Organization\"],\"@id\":\"https:\/\/nitu.mx\/#\/schema\/person\/ae7a53426417292d3dd07b45a33e01bc\",\"name\":\"Arturo Medina\",\"image\":{\"@type\":\"ImageObject\",\"inLanguage\":\"es-MX\",\"@id\":\"https:\/\/nitu.mx\/#\/schema\/person\/image\/\",\"url\":\"https:\/\/nitu.mx\/wp-content\/uploads\/2024\/04\/4A315622-1904-4D5C-B022-878CDC840E04-90x90-1.jpeg\",\"contentUrl\":\"https:\/\/nitu.mx\/wp-content\/uploads\/2024\/04\/4A315622-1904-4D5C-B022-878CDC840E04-90x90-1.jpeg\",\"width\":90,\"height\":90,\"caption\":\"Arturo Medina\"},\"logo\":{\"@id\":\"https:\/\/nitu.mx\/#\/schema\/person\/image\/\"},\"description\":\"Director NITU.mx, Egresado de la Escuela de Periodismo Carlos Septi\u00e9n Garc\u00eda. Periodista y analista especializado en turismo desde hace 35 a\u00f1os, radicado en Canc\u00fan Q.Roo. arturo@nitu.mx\",\"sameAs\":[\"https:\/\/nitu.mx\",\"https:\/\/www.facebook.com\/NITUmx\/\",\"medinacancun\",\"https:\/\/twitter.com\/@Arturo_Medina_G\"]},{\"@type\":\"Person\",\"@id\":\"https:\/\/nitu.mx\/#\/schema\/person\/2ecd887b19dfd3382d1f14fc5acf24a8\",\"name\":\"Alejandra Moncisbays\",\"image\":{\"@type\":\"ImageObject\",\"inLanguage\":\"es-MX\",\"@id\":\"https:\/\/nitu.mx\/#\/schema\/person\/image\/\",\"url\":\"https:\/\/secure.gravatar.com\/avatar\/e74f7af0be172b7804dacfd0bfbef787?s=96&d=mm&r=g\",\"contentUrl\":\"https:\/\/secure.gravatar.com\/avatar\/e74f7af0be172b7804dacfd0bfbef787?s=96&d=mm&r=g\",\"caption\":\"Alejandra Moncisbays\"},\"description\":\"Curs\u00e9 la carrera de Periodismo y Comunicaci\u00f3n en la Facultad de Estudios Profesionales Acatl\u00e1n. Vivo en Canc\u00fan desde hace 24 a\u00f1os. Fui reportera de La Tarde de Canc\u00fan, y Novedades de Quintana Roo, colabor\u00e9 en TVCUN, edit\u00e9 Cancun\u00edssimo y colabor\u00e9 en las revistas Latitud21, entre otras, con principal enfoque en los sectores empresarial y tur\u00edstico. Desde hace varios a\u00f1os soy Agente de Seguros con c\u00e9dula de la Comisi\u00f3n Nacional de Seguros y Fianzas. Actualmente, me desarrollo en los \u00e1mbitos del periodismo y el sector asegurador.\",\"sameAs\":[\"https:\/\/nitu.mx\"],\"url\":\"https:\/\/nitu.mx\/index.php\/author\/alejandra\/\"}]}<\/script>\n<!-- \/ Yoast SEO plugin. -->","yoast_head_json":{"title":"Carlos Constandse: Con Trump habr\u00e1 incertidumbre, pero no debemos especular - Nitu - Noticias de la Industria Turistica","description":"Carlos Constandse dijo que habr\u00e1n unos meses de incertidumbre para el pa\u00eds, por lo que debemos enfrentar esto con optimismo y sobre todo con estrategias.","robots":{"index":"index","follow":"follow","max-snippet":"max-snippet:-1","max-image-preview":"max-image-preview:large","max-video-preview":"max-video-preview:-1"},"canonical":"https:\/\/nitu.mx\/index.php\/2017\/01\/20\/carlos-constandse-con-trump-habra-incertidumbre-pero-no-debemos-especular\/","twitter_card":"summary_large_image","twitter_title":"Carlos Constandse: Con Trump habr\u00e1 incertidumbre, pero no debemos especular - Nitu - Noticias de la Industria Turistica","twitter_description":"Carlos Constandse dijo que habr\u00e1n unos meses de incertidumbre para el pa\u00eds, por lo que debemos enfrentar esto con optimismo y sobre todo con estrategias.","twitter_image":"https:\/\/nitu.mx\/wp-content\/uploads\/2017\/01\/Carlos-Condstanse.jpg","twitter_creator":"@NITUmx","twitter_site":"@Arturo_Medina_G","twitter_misc":{"Escrito por":"Alejandra Moncisbays","Tiempo de lectura":"2 minutos"},"schema":{"@context":"https:\/\/schema.org","@graph":[{"@type":"Article","@id":"https:\/\/nitu.mx\/index.php\/2017\/01\/20\/carlos-constandse-con-trump-habra-incertidumbre-pero-no-debemos-especular\/#article","isPartOf":{"@id":"https:\/\/nitu.mx\/index.php\/2017\/01\/20\/carlos-constandse-con-trump-habra-incertidumbre-pero-no-debemos-especular\/"},"author":{"name":"Alejandra Moncisbays","@id":"https:\/\/nitu.mx\/#\/schema\/person\/2ecd887b19dfd3382d1f14fc5acf24a8"},"headline":"Carlos Constandse: Con Trump habr\u00e1 incertidumbre, pero no debemos especular","datePublished":"2017-01-20T05:06:11+00:00","dateModified":"2017-01-20T05:39:22+00:00","mainEntityOfPage":{"@id":"https:\/\/nitu.mx\/index.php\/2017\/01\/20\/carlos-constandse-con-trump-habra-incertidumbre-pero-no-debemos-especular\/"},"wordCount":340,"commentCount":0,"publisher":{"@id":"https:\/\/nitu.mx\/#\/schema\/person\/ae7a53426417292d3dd07b45a33e01bc"},"image":{"@id":"https:\/\/nitu.mx\/index.php\/2017\/01\/20\/carlos-constandse-con-trump-habra-incertidumbre-pero-no-debemos-especular\/#primaryimage"},"thumbnailUrl":"https:\/\/nitu.mx\/wp-content\/uploads\/2017\/01\/Carlos-Condstanse.jpg","keywords":["\u201cEra Trump\u201d","Caribe mexicano","Carlos Constandse Madrazo","Estados Unidos","Experiencias Xcaret","hurac\u00e1n Wilma"],"articleSection":["Destinos","M\u00e9xico"],"inLanguage":"es-MX","potentialAction":[{"@type":"CommentAction","name":"Comment","target":["https:\/\/nitu.mx\/index.php\/2017\/01\/20\/carlos-constandse-con-trump-habra-incertidumbre-pero-no-debemos-especular\/#respond"]}]},{"@type":"WebPage","@id":"https:\/\/nitu.mx\/index.php\/2017\/01\/20\/carlos-constandse-con-trump-habra-incertidumbre-pero-no-debemos-especular\/","url":"https:\/\/nitu.mx\/index.php\/2017\/01\/20\/carlos-constandse-con-trump-habra-incertidumbre-pero-no-debemos-especular\/","name":"Carlos Constandse: Con Trump habr\u00e1 incertidumbre, pero no debemos especular - Nitu - Noticias de la Industria Turistica","isPartOf":{"@id":"https:\/\/nitu.mx\/#website"},"primaryImageOfPage":{"@id":"https:\/\/nitu.mx\/index.php\/2017\/01\/20\/carlos-constandse-con-trump-habra-incertidumbre-pero-no-debemos-especular\/#primaryimage"},"image":{"@id":"https:\/\/nitu.mx\/index.php\/2017\/01\/20\/carlos-constandse-con-trump-habra-incertidumbre-pero-no-debemos-especular\/#primaryimage"},"thumbnailUrl":"https:\/\/nitu.mx\/wp-content\/uploads\/2017\/01\/Carlos-Condstanse.jpg","datePublished":"2017-01-20T05:06:11+00:00","dateModified":"2017-01-20T05:39:22+00:00","description":"Carlos Constandse dijo que habr\u00e1n unos meses de incertidumbre para el pa\u00eds, por lo que debemos enfrentar esto con optimismo y sobre todo con estrategias.","breadcrumb":{"@id":"https:\/\/nitu.mx\/index.php\/2017\/01\/20\/carlos-constandse-con-trump-habra-incertidumbre-pero-no-debemos-especular\/#breadcrumb"},"inLanguage":"es-MX","potentialAction":[{"@type":"ReadAction","target":["https:\/\/nitu.mx\/index.php\/2017\/01\/20\/carlos-constandse-con-trump-habra-incertidumbre-pero-no-debemos-especular\/"]}]},{"@type":"ImageObject","inLanguage":"es-MX","@id":"https:\/\/nitu.mx\/index.php\/2017\/01\/20\/carlos-constandse-con-trump-habra-incertidumbre-pero-no-debemos-especular\/#primaryimage","url":"https:\/\/nitu.mx\/wp-content\/uploads\/2017\/01\/Carlos-Condstanse.jpg","contentUrl":"https:\/\/nitu.mx\/wp-content\/uploads\/2017\/01\/Carlos-Condstanse.jpg","width":850,"height":480,"caption":"Carlos Constandse"},{"@type":"BreadcrumbList","@id":"https:\/\/nitu.mx\/index.php\/2017\/01\/20\/carlos-constandse-con-trump-habra-incertidumbre-pero-no-debemos-especular\/#breadcrumb","itemListElement":[{"@type":"ListItem","position":1,"name":"Inicio","item":"https:\/\/nitu.mx\/"},{"@type":"ListItem","position":2,"name":"Carlos Constandse: Con Trump habr\u00e1 incertidumbre, pero no debemos especular"}]},{"@type":"WebSite","@id":"https:\/\/nitu.mx\/#website","url":"https:\/\/nitu.mx\/","name":"Nitu - Noticias de la Industria Turistica","description":"Noticias de la Industria Turistica","publisher":{"@id":"https:\/\/nitu.mx\/#\/schema\/person\/ae7a53426417292d3dd07b45a33e01bc"},"alternateName":"Noticias de la Industria Turistica","potentialAction":[{"@type":"SearchAction","target":{"@type":"EntryPoint","urlTemplate":"https:\/\/nitu.mx\/?s={search_term_string}"},"query-input":"required name=search_term_string"}],"inLanguage":"es-MX"},{"@type":["Person","Organization"],"@id":"https:\/\/nitu.mx\/#\/schema\/person\/ae7a53426417292d3dd07b45a33e01bc","name":"Arturo Medina","image":{"@type":"ImageObject","inLanguage":"es-MX","@id":"https:\/\/nitu.mx\/#\/schema\/person\/image\/","url":"https:\/\/nitu.mx\/wp-content\/uploads\/2024\/04\/4A315622-1904-4D5C-B022-878CDC840E04-90x90-1.jpeg","contentUrl":"https:\/\/nitu.mx\/wp-content\/uploads\/2024\/04\/4A315622-1904-4D5C-B022-878CDC840E04-90x90-1.jpeg","width":90,"height":90,"caption":"Arturo Medina"},"logo":{"@id":"https:\/\/nitu.mx\/#\/schema\/person\/image\/"},"description":"Director NITU.mx, Egresado de la Escuela de Periodismo Carlos Septi\u00e9n Garc\u00eda. Periodista y analista especializado en turismo desde hace 35 a\u00f1os, radicado en Canc\u00fan Q.Roo. arturo@nitu.mx","sameAs":["https:\/\/nitu.mx","https:\/\/www.facebook.com\/NITUmx\/","medinacancun","https:\/\/twitter.com\/@Arturo_Medina_G"]},{"@type":"Person","@id":"https:\/\/nitu.mx\/#\/schema\/person\/2ecd887b19dfd3382d1f14fc5acf24a8","name":"Alejandra Moncisbays","image":{"@type":"ImageObject","inLanguage":"es-MX","@id":"https:\/\/nitu.mx\/#\/schema\/person\/image\/","url":"https:\/\/secure.gravatar.com\/avatar\/e74f7af0be172b7804dacfd0bfbef787?s=96&d=mm&r=g","contentUrl":"https:\/\/secure.gravatar.com\/avatar\/e74f7af0be172b7804dacfd0bfbef787?s=96&d=mm&r=g","caption":"Alejandra Moncisbays"},"description":"Curs\u00e9 la carrera de Periodismo y Comunicaci\u00f3n en la Facultad de Estudios Profesionales Acatl\u00e1n. Vivo en Canc\u00fan desde hace 24 a\u00f1os. Fui reportera de La Tarde de Canc\u00fan, y Novedades de Quintana Roo, colabor\u00e9 en TVCUN, edit\u00e9 Cancun\u00edssimo y colabor\u00e9 en las revistas Latitud21, entre otras, con principal enfoque en los sectores empresarial y tur\u00edstico. Desde hace varios a\u00f1os soy Agente de Seguros con c\u00e9dula de la Comisi\u00f3n Nacional de Seguros y Fianzas. Actualmente, me desarrollo en los \u00e1mbitos del periodismo y el sector asegurador.","sameAs":["https:\/\/nitu.mx"],"url":"https:\/\/nitu.mx\/index.php\/author\/alejandra\/"}]}},"views":305,"_links":{"self":[{"href":"https:\/\/nitu.mx\/index.php\/wp-json\/wp\/v2\/posts\/6143"}],"collection":[{"href":"https:\/\/nitu.mx\/index.php\/wp-json\/wp\/v2\/posts"}],"about":[{"href":"https:\/\/nitu.mx\/index.php\/wp-json\/wp\/v2\/types\/post"}],"author":[{"embeddable":true,"href":"https:\/\/nitu.mx\/index.php\/wp-json\/wp\/v2\/users\/3"}],"replies":[{"embeddable":true,"href":"https:\/\/nitu.mx\/index.php\/wp-json\/wp\/v2\/comments?post=6143"}],"version-history":[{"count":3,"href":"https:\/\/nitu.mx\/index.php\/wp-json\/wp\/v2\/posts\/6143\/revisions"}],"predecessor-version":[{"id":6168,"href":"https:\/\/nitu.mx\/index.php\/wp-json\/wp\/v2\/posts\/6143\/revisions\/6168"}],"wp:featuredmedia":[{"embeddable":true,"href":"https:\/\/nitu.mx\/index.php\/wp-json\/wp\/v2\/media\/6166"}],"wp:attachment":[{"href":"https:\/\/nitu.mx\/index.php\/wp-json\/wp\/v2\/media?parent=6143"}],"wp:term":[{"taxonomy":"category","embeddable":true,"href":"https:\/\/nitu.mx\/index.php\/wp-json\/wp\/v2\/categories?post=6143"},{"taxonomy":"post_tag","embeddable":true,"href":"https:\/\/nitu.mx\/index.php\/wp-json\/wp\/v2\/tags?post=6143"}],"curies":[{"name":"wp","href":"https:\/\/api.w.org\/{rel}","templated":true}]}}