{"id":6127,"date":"2017-01-19T23:54:09","date_gmt":"2017-01-20T04:54:09","guid":{"rendered":"http:\/\/www.dev.nitu.mx\/?p=6127"},"modified":"2017-01-20T00:38:47","modified_gmt":"2017-01-20T05:38:47","slug":"violencia-en-playa-del-carmen-y-cancun-golpea-a-asur-y-al-turismo","status":"publish","type":"post","link":"https:\/\/nitu.mx\/index.php\/2017\/01\/19\/violencia-en-playa-del-carmen-y-cancun-golpea-a-asur-y-al-turismo\/","title":{"rendered":"Resiente Asur disturbios y llegada de Trump"},"content":{"rendered":"<p>Las acciones de la operadora de aeropuertos Asur, bajan m\u00e1s de 2.5 por ciento, y ya se presenta una disminuci\u00f3n en las reservaciones hoteleras, seg\u00fan la firma Boj\u00f3rquez.<\/p>\n<p>&#8220;La inseguridad que est\u00e1 comenzando en la zona, podr\u00eda asustar a los turistas internacionales y hacer que se vayan&#8221;, eclipsando el hecho de que la depreciaci\u00f3n del peso ha hecho m\u00e1s barato para los turistas visitar M\u00e9xico, dice Rogelio Ramos, vendedor de acciones en Interacciones Casa de Bolsa en la Ciudad de M\u00e9xico.<\/p>\n<p>&#8220;Todav\u00eda es temprano, pero podemos ver algo parecido a lo que sucedi\u00f3 en Acapulco, donde lenta pero seguramente la gente dej\u00f3 de visitar la ciudad debido a problemas de seguridad&#8221;, dice Ramos.<\/p>\n<p>El Financiero se\u00f1ala, que representantes de Asur no respondieron de manera inmediata a la solicitud de comentarios.<\/p>\n<p>Otras acciones de aeropuertos en M\u00e9xico extendieron un desplome que comenz\u00f3 cuando Donald Trump gan\u00f3 las elecciones presidenciales en Estados Unidos. La m\u00e1s reciente ca\u00edda ocurre entre preocupaciones, por que las pol\u00edticas de inmigraci\u00f3n y comercio de la administraci\u00f3n entrante puedan perjudicar al tr\u00e1fico de pasajeros.<\/p>\n<p>En la madrugada del lunes, al menos cinco personas murieron y 15 resultaron heridas en un tiroteo en el popular club nocturno Blue Parrot del centro tur\u00edstico de Playa del Carmen, en el Caribe mexicano, donde se realizaba el festival de m\u00fasica electr\u00f3nica BPM.\u00a0(<a title=\"Sacude a Playa del Carmen balacera en BPM\" href=\"http:\/\/www.dev.nitu.mx\/index.php\/2017\/01\/16\/sacude-playa-del-carmen-balacera-bpm\/\" rel=\"bookmark\">Sacude a Playa del Carmen balacera en BPM<\/a>).<\/p>\n<p>Y el martes, al menos cuatro personas murieron tras un ataque armado en contra de oficinas del gobierno en el centro tur\u00edstico de Canc\u00fan.<\/p>\n<p>Los efectos al turismo ya se han empezado a sentir en Canc\u00fan y la Riviera Maya. Las reservaciones a hoteles en el estado de Quintana Roo cayeron 10 por ciento solamente entre martes y mi\u00e9rcoles.<\/p>\n<p>&#8220;Playa del Carmen y Canc\u00fan son los destinos que menos han tenido problemas de imagen y de inseguridad, pero lo que pas\u00f3 en el Blue Parrot le dio la vuelta al mundo. El lunes la noticia era nueva y no notamos cambios, pero ayer martes y lo que va del d\u00ed,a vemos al menos 10 por ciento menos reservaciones&#8221;, dijo Armando Boj\u00f3rquez, presidente de la agencia mayorista Boj\u00f3rquez.<\/p>\n","protected":false},"excerpt":{"rendered":"<p>Las acciones de la operadora de aeropuertos Asur, bajan m\u00e1s de 2.5 por ciento, y ya se presenta una disminuci\u00f3n en las reservaciones hoteleras, seg\u00fan la firma Boj\u00f3rquez. &#8220;La inseguridad que est\u00e1 comenzando en la zona, podr\u00eda asustar a los turistas internacionales y hacer que se vayan&#8221;, eclipsando el hecho de que la depreciaci\u00f3n del [&hellip;]<\/p>\n","protected":false},"author":17,"featured_media":6146,"comment_status":"open","ping_status":"open","sticky":false,"template":"","format":"standard","meta":{"footnotes":""},"categories":[29,6],"tags":[2776,125,957,100,2770,68,2769],"yoast_head":"<!-- This site is optimized with the Yoast SEO plugin v22.2 - https:\/\/yoast.com\/wordpress\/plugins\/seo\/ -->\n<title>Resiente Asur disturbios y llegada de Trump - Nitu - Noticias de la Industria Turistica<\/title>\n<meta name=\"description\" content=\"Las acciones de la operadora de aeropuertos Asur, bajan m\u00e1s de 2.5 por ciento, y ya se presenta una disminuci\u00f3n en las reservaciones hoteleras.\" \/>\n<meta name=\"robots\" content=\"index, follow, max-snippet:-1, max-image-preview:large, max-video-preview:-1\" \/>\n<link rel=\"canonical\" href=\"https:\/\/nitu.mx\/index.php\/2017\/01\/19\/violencia-en-playa-del-carmen-y-cancun-golpea-a-asur-y-al-turismo\/\" \/>\n<meta name=\"twitter:card\" content=\"summary_large_image\" \/>\n<meta name=\"twitter:title\" content=\"Resiente Asur disturbios y llegada de Trump - Nitu - Noticias de la Industria Turistica\" \/>\n<meta name=\"twitter:description\" content=\"Las acciones de la operadora de aeropuertos Asur, bajan m\u00e1s de 2.5 por ciento, y ya se presenta una disminuci\u00f3n en las reservaciones hoteleras.\" \/>\n<meta name=\"twitter:image\" content=\"https:\/\/nitu.mx\/wp-content\/uploads\/2017\/01\/Aeropuerto-Cancun.jpg\" \/>\n<meta name=\"twitter:creator\" content=\"@NITUmx\" \/>\n<meta name=\"twitter:site\" content=\"@Arturo_Medina_G\" \/>\n<meta name=\"twitter:label1\" content=\"Escrito por\" \/>\n\t<meta name=\"twitter:data1\" content=\"Redacci\u00f3n\" \/>\n\t<meta name=\"twitter:label2\" content=\"Tiempo de lectura\" \/>\n\t<meta name=\"twitter:data2\" content=\"2 minutos\" \/>\n<script type=\"application\/ld+json\" class=\"yoast-schema-graph\">{\"@context\":\"https:\/\/schema.org\",\"@graph\":[{\"@type\":\"Article\",\"@id\":\"https:\/\/nitu.mx\/index.php\/2017\/01\/19\/violencia-en-playa-del-carmen-y-cancun-golpea-a-asur-y-al-turismo\/#article\",\"isPartOf\":{\"@id\":\"https:\/\/nitu.mx\/index.php\/2017\/01\/19\/violencia-en-playa-del-carmen-y-cancun-golpea-a-asur-y-al-turismo\/\"},\"author\":{\"name\":\"Redacci\u00f3n\",\"@id\":\"https:\/\/nitu.mx\/#\/schema\/person\/4a28fe9bd65924f7c90623773daf1b0b\"},\"headline\":\"Resiente Asur disturbios y llegada de Trump\",\"datePublished\":\"2017-01-20T04:54:09+00:00\",\"dateModified\":\"2017-01-20T05:38:47+00:00\",\"mainEntityOfPage\":{\"@id\":\"https:\/\/nitu.mx\/index.php\/2017\/01\/19\/violencia-en-playa-del-carmen-y-cancun-golpea-a-asur-y-al-turismo\/\"},\"wordCount\":387,\"commentCount\":0,\"publisher\":{\"@id\":\"https:\/\/nitu.mx\/#\/schema\/person\/ae7a53426417292d3dd07b45a33e01bc\"},\"image\":{\"@id\":\"https:\/\/nitu.mx\/index.php\/2017\/01\/19\/violencia-en-playa-del-carmen-y-cancun-golpea-a-asur-y-al-turismo\/#primaryimage\"},\"thumbnailUrl\":\"https:\/\/nitu.mx\/wp-content\/uploads\/2017\/01\/Aeropuerto-Cancun.jpg\",\"keywords\":[\"Boj\u00f3rquez\",\"Ciudad de M\u00e9xico\",\"Donald Trump\",\"Estados Unidos\",\"Interacciones Casa de Bolsa\",\"M\u00e9xico\",\"Rogelio Ramos\"],\"articleSection\":[\"Aerol\u00edneas\",\"M\u00e9xico\"],\"inLanguage\":\"es-MX\",\"potentialAction\":[{\"@type\":\"CommentAction\",\"name\":\"Comment\",\"target\":[\"https:\/\/nitu.mx\/index.php\/2017\/01\/19\/violencia-en-playa-del-carmen-y-cancun-golpea-a-asur-y-al-turismo\/#respond\"]}]},{\"@type\":\"WebPage\",\"@id\":\"https:\/\/nitu.mx\/index.php\/2017\/01\/19\/violencia-en-playa-del-carmen-y-cancun-golpea-a-asur-y-al-turismo\/\",\"url\":\"https:\/\/nitu.mx\/index.php\/2017\/01\/19\/violencia-en-playa-del-carmen-y-cancun-golpea-a-asur-y-al-turismo\/\",\"name\":\"Resiente Asur disturbios y llegada de Trump - Nitu - Noticias de la Industria Turistica\",\"isPartOf\":{\"@id\":\"https:\/\/nitu.mx\/#website\"},\"primaryImageOfPage\":{\"@id\":\"https:\/\/nitu.mx\/index.php\/2017\/01\/19\/violencia-en-playa-del-carmen-y-cancun-golpea-a-asur-y-al-turismo\/#primaryimage\"},\"image\":{\"@id\":\"https:\/\/nitu.mx\/index.php\/2017\/01\/19\/violencia-en-playa-del-carmen-y-cancun-golpea-a-asur-y-al-turismo\/#primaryimage\"},\"thumbnailUrl\":\"https:\/\/nitu.mx\/wp-content\/uploads\/2017\/01\/Aeropuerto-Cancun.jpg\",\"datePublished\":\"2017-01-20T04:54:09+00:00\",\"dateModified\":\"2017-01-20T05:38:47+00:00\",\"description\":\"Las acciones de la operadora de aeropuertos Asur, bajan m\u00e1s de 2.5 por ciento, y ya se presenta una disminuci\u00f3n en las reservaciones hoteleras.\",\"breadcrumb\":{\"@id\":\"https:\/\/nitu.mx\/index.php\/2017\/01\/19\/violencia-en-playa-del-carmen-y-cancun-golpea-a-asur-y-al-turismo\/#breadcrumb\"},\"inLanguage\":\"es-MX\",\"potentialAction\":[{\"@type\":\"ReadAction\",\"target\":[\"https:\/\/nitu.mx\/index.php\/2017\/01\/19\/violencia-en-playa-del-carmen-y-cancun-golpea-a-asur-y-al-turismo\/\"]}]},{\"@type\":\"ImageObject\",\"inLanguage\":\"es-MX\",\"@id\":\"https:\/\/nitu.mx\/index.php\/2017\/01\/19\/violencia-en-playa-del-carmen-y-cancun-golpea-a-asur-y-al-turismo\/#primaryimage\",\"url\":\"https:\/\/nitu.mx\/wp-content\/uploads\/2017\/01\/Aeropuerto-Cancun.jpg\",\"contentUrl\":\"https:\/\/nitu.mx\/wp-content\/uploads\/2017\/01\/Aeropuerto-Cancun.jpg\",\"width\":850,\"height\":480,\"caption\":\"Aeropuerto Cancun ASUR\"},{\"@type\":\"BreadcrumbList\",\"@id\":\"https:\/\/nitu.mx\/index.php\/2017\/01\/19\/violencia-en-playa-del-carmen-y-cancun-golpea-a-asur-y-al-turismo\/#breadcrumb\",\"itemListElement\":[{\"@type\":\"ListItem\",\"position\":1,\"name\":\"Inicio\",\"item\":\"https:\/\/nitu.mx\/\"},{\"@type\":\"ListItem\",\"position\":2,\"name\":\"Resiente Asur disturbios y llegada de Trump\"}]},{\"@type\":\"WebSite\",\"@id\":\"https:\/\/nitu.mx\/#website\",\"url\":\"https:\/\/nitu.mx\/\",\"name\":\"Nitu - Noticias de la Industria Turistica\",\"description\":\"Noticias de la Industria Turistica\",\"publisher\":{\"@id\":\"https:\/\/nitu.mx\/#\/schema\/person\/ae7a53426417292d3dd07b45a33e01bc\"},\"alternateName\":\"Noticias de la Industria Turistica\",\"potentialAction\":[{\"@type\":\"SearchAction\",\"target\":{\"@type\":\"EntryPoint\",\"urlTemplate\":\"https:\/\/nitu.mx\/?s={search_term_string}\"},\"query-input\":\"required name=search_term_string\"}],\"inLanguage\":\"es-MX\"},{\"@type\":[\"Person\",\"Organization\"],\"@id\":\"https:\/\/nitu.mx\/#\/schema\/person\/ae7a53426417292d3dd07b45a33e01bc\",\"name\":\"Arturo Medina\",\"image\":{\"@type\":\"ImageObject\",\"inLanguage\":\"es-MX\",\"@id\":\"https:\/\/nitu.mx\/#\/schema\/person\/image\/\",\"url\":\"https:\/\/nitu.mx\/wp-content\/uploads\/2024\/04\/4A315622-1904-4D5C-B022-878CDC840E04-90x90-1.jpeg\",\"contentUrl\":\"https:\/\/nitu.mx\/wp-content\/uploads\/2024\/04\/4A315622-1904-4D5C-B022-878CDC840E04-90x90-1.jpeg\",\"width\":90,\"height\":90,\"caption\":\"Arturo Medina\"},\"logo\":{\"@id\":\"https:\/\/nitu.mx\/#\/schema\/person\/image\/\"},\"description\":\"Director NITU.mx, Egresado de la Escuela de Periodismo Carlos Septi\u00e9n Garc\u00eda. Periodista y analista especializado en turismo desde hace 35 a\u00f1os, radicado en Canc\u00fan Q.Roo. arturo@nitu.mx\",\"sameAs\":[\"https:\/\/nitu.mx\",\"https:\/\/www.facebook.com\/NITUmx\/\",\"medinacancun\",\"https:\/\/twitter.com\/@Arturo_Medina_G\"]},{\"@type\":\"Person\",\"@id\":\"https:\/\/nitu.mx\/#\/schema\/person\/4a28fe9bd65924f7c90623773daf1b0b\",\"name\":\"Redacci\u00f3n\",\"image\":{\"@type\":\"ImageObject\",\"inLanguage\":\"es-MX\",\"@id\":\"https:\/\/nitu.mx\/#\/schema\/person\/image\/\",\"url\":\"https:\/\/secure.gravatar.com\/avatar\/5dd011c8ccfc5cd7e4c81e42252aab38?s=96&d=mm&r=g\",\"contentUrl\":\"https:\/\/secure.gravatar.com\/avatar\/5dd011c8ccfc5cd7e4c81e42252aab38?s=96&d=mm&r=g\",\"caption\":\"Redacci\u00f3n\"},\"url\":\"https:\/\/nitu.mx\/index.php\/author\/redaccion\/\"}]}<\/script>\n<!-- \/ Yoast SEO plugin. -->","yoast_head_json":{"title":"Resiente Asur disturbios y llegada de Trump - Nitu - Noticias de la Industria Turistica","description":"Las acciones de la operadora de aeropuertos Asur, bajan m\u00e1s de 2.5 por ciento, y ya se presenta una disminuci\u00f3n en las reservaciones hoteleras.","robots":{"index":"index","follow":"follow","max-snippet":"max-snippet:-1","max-image-preview":"max-image-preview:large","max-video-preview":"max-video-preview:-1"},"canonical":"https:\/\/nitu.mx\/index.php\/2017\/01\/19\/violencia-en-playa-del-carmen-y-cancun-golpea-a-asur-y-al-turismo\/","twitter_card":"summary_large_image","twitter_title":"Resiente Asur disturbios y llegada de Trump - Nitu - Noticias de la Industria Turistica","twitter_description":"Las acciones de la operadora de aeropuertos Asur, bajan m\u00e1s de 2.5 por ciento, y ya se presenta una disminuci\u00f3n en las reservaciones hoteleras.","twitter_image":"https:\/\/nitu.mx\/wp-content\/uploads\/2017\/01\/Aeropuerto-Cancun.jpg","twitter_creator":"@NITUmx","twitter_site":"@Arturo_Medina_G","twitter_misc":{"Escrito por":"Redacci\u00f3n","Tiempo de lectura":"2 minutos"},"schema":{"@context":"https:\/\/schema.org","@graph":[{"@type":"Article","@id":"https:\/\/nitu.mx\/index.php\/2017\/01\/19\/violencia-en-playa-del-carmen-y-cancun-golpea-a-asur-y-al-turismo\/#article","isPartOf":{"@id":"https:\/\/nitu.mx\/index.php\/2017\/01\/19\/violencia-en-playa-del-carmen-y-cancun-golpea-a-asur-y-al-turismo\/"},"author":{"name":"Redacci\u00f3n","@id":"https:\/\/nitu.mx\/#\/schema\/person\/4a28fe9bd65924f7c90623773daf1b0b"},"headline":"Resiente Asur disturbios y llegada de Trump","datePublished":"2017-01-20T04:54:09+00:00","dateModified":"2017-01-20T05:38:47+00:00","mainEntityOfPage":{"@id":"https:\/\/nitu.mx\/index.php\/2017\/01\/19\/violencia-en-playa-del-carmen-y-cancun-golpea-a-asur-y-al-turismo\/"},"wordCount":387,"commentCount":0,"publisher":{"@id":"https:\/\/nitu.mx\/#\/schema\/person\/ae7a53426417292d3dd07b45a33e01bc"},"image":{"@id":"https:\/\/nitu.mx\/index.php\/2017\/01\/19\/violencia-en-playa-del-carmen-y-cancun-golpea-a-asur-y-al-turismo\/#primaryimage"},"thumbnailUrl":"https:\/\/nitu.mx\/wp-content\/uploads\/2017\/01\/Aeropuerto-Cancun.jpg","keywords":["Boj\u00f3rquez","Ciudad de M\u00e9xico","Donald Trump","Estados Unidos","Interacciones Casa de Bolsa","M\u00e9xico","Rogelio Ramos"],"articleSection":["Aerol\u00edneas","M\u00e9xico"],"inLanguage":"es-MX","potentialAction":[{"@type":"CommentAction","name":"Comment","target":["https:\/\/nitu.mx\/index.php\/2017\/01\/19\/violencia-en-playa-del-carmen-y-cancun-golpea-a-asur-y-al-turismo\/#respond"]}]},{"@type":"WebPage","@id":"https:\/\/nitu.mx\/index.php\/2017\/01\/19\/violencia-en-playa-del-carmen-y-cancun-golpea-a-asur-y-al-turismo\/","url":"https:\/\/nitu.mx\/index.php\/2017\/01\/19\/violencia-en-playa-del-carmen-y-cancun-golpea-a-asur-y-al-turismo\/","name":"Resiente Asur disturbios y llegada de Trump - Nitu - Noticias de la Industria Turistica","isPartOf":{"@id":"https:\/\/nitu.mx\/#website"},"primaryImageOfPage":{"@id":"https:\/\/nitu.mx\/index.php\/2017\/01\/19\/violencia-en-playa-del-carmen-y-cancun-golpea-a-asur-y-al-turismo\/#primaryimage"},"image":{"@id":"https:\/\/nitu.mx\/index.php\/2017\/01\/19\/violencia-en-playa-del-carmen-y-cancun-golpea-a-asur-y-al-turismo\/#primaryimage"},"thumbnailUrl":"https:\/\/nitu.mx\/wp-content\/uploads\/2017\/01\/Aeropuerto-Cancun.jpg","datePublished":"2017-01-20T04:54:09+00:00","dateModified":"2017-01-20T05:38:47+00:00","description":"Las acciones de la operadora de aeropuertos Asur, bajan m\u00e1s de 2.5 por ciento, y ya se presenta una disminuci\u00f3n en las reservaciones hoteleras.","breadcrumb":{"@id":"https:\/\/nitu.mx\/index.php\/2017\/01\/19\/violencia-en-playa-del-carmen-y-cancun-golpea-a-asur-y-al-turismo\/#breadcrumb"},"inLanguage":"es-MX","potentialAction":[{"@type":"ReadAction","target":["https:\/\/nitu.mx\/index.php\/2017\/01\/19\/violencia-en-playa-del-carmen-y-cancun-golpea-a-asur-y-al-turismo\/"]}]},{"@type":"ImageObject","inLanguage":"es-MX","@id":"https:\/\/nitu.mx\/index.php\/2017\/01\/19\/violencia-en-playa-del-carmen-y-cancun-golpea-a-asur-y-al-turismo\/#primaryimage","url":"https:\/\/nitu.mx\/wp-content\/uploads\/2017\/01\/Aeropuerto-Cancun.jpg","contentUrl":"https:\/\/nitu.mx\/wp-content\/uploads\/2017\/01\/Aeropuerto-Cancun.jpg","width":850,"height":480,"caption":"Aeropuerto Cancun ASUR"},{"@type":"BreadcrumbList","@id":"https:\/\/nitu.mx\/index.php\/2017\/01\/19\/violencia-en-playa-del-carmen-y-cancun-golpea-a-asur-y-al-turismo\/#breadcrumb","itemListElement":[{"@type":"ListItem","position":1,"name":"Inicio","item":"https:\/\/nitu.mx\/"},{"@type":"ListItem","position":2,"name":"Resiente Asur disturbios y llegada de Trump"}]},{"@type":"WebSite","@id":"https:\/\/nitu.mx\/#website","url":"https:\/\/nitu.mx\/","name":"Nitu - Noticias de la Industria Turistica","description":"Noticias de la Industria Turistica","publisher":{"@id":"https:\/\/nitu.mx\/#\/schema\/person\/ae7a53426417292d3dd07b45a33e01bc"},"alternateName":"Noticias de la Industria Turistica","potentialAction":[{"@type":"SearchAction","target":{"@type":"EntryPoint","urlTemplate":"https:\/\/nitu.mx\/?s={search_term_string}"},"query-input":"required name=search_term_string"}],"inLanguage":"es-MX"},{"@type":["Person","Organization"],"@id":"https:\/\/nitu.mx\/#\/schema\/person\/ae7a53426417292d3dd07b45a33e01bc","name":"Arturo Medina","image":{"@type":"ImageObject","inLanguage":"es-MX","@id":"https:\/\/nitu.mx\/#\/schema\/person\/image\/","url":"https:\/\/nitu.mx\/wp-content\/uploads\/2024\/04\/4A315622-1904-4D5C-B022-878CDC840E04-90x90-1.jpeg","contentUrl":"https:\/\/nitu.mx\/wp-content\/uploads\/2024\/04\/4A315622-1904-4D5C-B022-878CDC840E04-90x90-1.jpeg","width":90,"height":90,"caption":"Arturo Medina"},"logo":{"@id":"https:\/\/nitu.mx\/#\/schema\/person\/image\/"},"description":"Director NITU.mx, Egresado de la Escuela de Periodismo Carlos Septi\u00e9n Garc\u00eda. Periodista y analista especializado en turismo desde hace 35 a\u00f1os, radicado en Canc\u00fan Q.Roo. arturo@nitu.mx","sameAs":["https:\/\/nitu.mx","https:\/\/www.facebook.com\/NITUmx\/","medinacancun","https:\/\/twitter.com\/@Arturo_Medina_G"]},{"@type":"Person","@id":"https:\/\/nitu.mx\/#\/schema\/person\/4a28fe9bd65924f7c90623773daf1b0b","name":"Redacci\u00f3n","image":{"@type":"ImageObject","inLanguage":"es-MX","@id":"https:\/\/nitu.mx\/#\/schema\/person\/image\/","url":"https:\/\/secure.gravatar.com\/avatar\/5dd011c8ccfc5cd7e4c81e42252aab38?s=96&d=mm&r=g","contentUrl":"https:\/\/secure.gravatar.com\/avatar\/5dd011c8ccfc5cd7e4c81e42252aab38?s=96&d=mm&r=g","caption":"Redacci\u00f3n"},"url":"https:\/\/nitu.mx\/index.php\/author\/redaccion\/"}]}},"views":273,"_links":{"self":[{"href":"https:\/\/nitu.mx\/index.php\/wp-json\/wp\/v2\/posts\/6127"}],"collection":[{"href":"https:\/\/nitu.mx\/index.php\/wp-json\/wp\/v2\/posts"}],"about":[{"href":"https:\/\/nitu.mx\/index.php\/wp-json\/wp\/v2\/types\/post"}],"author":[{"embeddable":true,"href":"https:\/\/nitu.mx\/index.php\/wp-json\/wp\/v2\/users\/17"}],"replies":[{"embeddable":true,"href":"https:\/\/nitu.mx\/index.php\/wp-json\/wp\/v2\/comments?post=6127"}],"version-history":[{"count":5,"href":"https:\/\/nitu.mx\/index.php\/wp-json\/wp\/v2\/posts\/6127\/revisions"}],"predecessor-version":[{"id":6165,"href":"https:\/\/nitu.mx\/index.php\/wp-json\/wp\/v2\/posts\/6127\/revisions\/6165"}],"wp:featuredmedia":[{"embeddable":true,"href":"https:\/\/nitu.mx\/index.php\/wp-json\/wp\/v2\/media\/6146"}],"wp:attachment":[{"href":"https:\/\/nitu.mx\/index.php\/wp-json\/wp\/v2\/media?parent=6127"}],"wp:term":[{"taxonomy":"category","embeddable":true,"href":"https:\/\/nitu.mx\/index.php\/wp-json\/wp\/v2\/categories?post=6127"},{"taxonomy":"post_tag","embeddable":true,"href":"https:\/\/nitu.mx\/index.php\/wp-json\/wp\/v2\/tags?post=6127"}],"curies":[{"name":"wp","href":"https:\/\/api.w.org\/{rel}","templated":true}]}}