{"id":61173,"date":"2022-09-01T22:45:02","date_gmt":"2022-09-02T03:45:02","guid":{"rendered":"https:\/\/www.dev.nitu.mx\/?p=61173"},"modified":"2022-09-01T23:28:09","modified_gmt":"2022-09-02T04:28:09","slug":"guanajuato-primer-estado-de-mexico-en-firmar-la-declaracion-de-glasgow","status":"publish","type":"post","link":"https:\/\/nitu.mx\/index.php\/2022\/09\/01\/guanajuato-primer-estado-de-mexico-en-firmar-la-declaracion-de-glasgow\/","title":{"rendered":"Guanajuato, primer estado de M\u00e9xico en firmar la \u201cDeclaraci\u00f3n de Glasgow\u201d"},"content":{"rendered":"<p>En el marco del Sustainable &amp; Social Tourism Summit, Guanajuato se convirti\u00f3 en el primer estado en el pa\u00eds en firmar la \u201cDeclaraci\u00f3n de Glasgow sobre la Acci\u00f3n Clim\u00e1tica en el Turismo\u201d, iniciativa liderada por la Organizaci\u00f3n Mundial del Turismo (OMT).<\/p>\n<p>Esta iniciativa, que se realiza en colaboraci\u00f3n con la Travel Foundation y dentro del marco de la Red One Planet y de la iniciativa Tourism Declares a Climate Emergency, tiene el objetivo de actuar como un catalizador para una mayor urgencia en los viajes y el turismo sobre la necesidad de acelerar la acci\u00f3n clim\u00e1tica durante la recuperaci\u00f3n de Covid-19.<\/p>\n<p>En compa\u00f1\u00eda de Dirk Glaesser, director de Turismo Sostenible de la OMT, Juan Jos\u00e9 \u00c1lvarez Brunel, secretario de Turismo de Guanajuato, firm\u00f3 esta declaratoria que solicita a sus signatarios se esfuercen por lograr una reducci\u00f3n del 50% de las emisiones de las operaciones tur\u00edsticas para el a\u00f1o 2030.<\/p>\n<p>Al igual que Guanajuato, a trav\u00e9s de la Secretar\u00eda de Turismo estatal, las empresas mexicanas: Grupo Presidente, Palace Resorts, Hoteles City, Rutop\u00eda, Grupo Brisas, El Cid Resorts, Tourism for Good, Karisma, Hotels &amp; Resorts, tambi\u00e9n firmaron esta iniciativa.<\/p>\n<p>\u201cHoy celebramos que un gobierno estatal y empresas mexicanas sean pioneros en suscribir un compromiso global trasparente y basado en medici\u00f3n. Muy agradecido con Guanajuato y estas empresas que se comprometen a la acci\u00f3n clim\u00e1tico. Invitamos a m\u00e1s destinos y personas a unirse a esta acci\u00f3n y seguir este camino\u201d, coment\u00f3 Dirk Glaesser.<\/p>\n<p>Los compromisos por seguir en esta declaratoria son: Apoyar el compromiso mundial de reducir a la mitad las emisiones para 2030 y alcanzar el cero neto en emisiones lo antes posible antes de 2050; entregar planes de acci\u00f3n clim\u00e1tica dentro de los 12 meses posteriores a la firma de esta Declaraci\u00f3n y comenzar a implementarlos.<\/p>\n<p>As\u00ed como alinear los planes con los cinco caminos de la Declaraci\u00f3n (medir, descarbonizar, regenerar, colaborar, financiar) para acelerar y coordinar la acci\u00f3n clim\u00e1tica en el turismo; informar p\u00fablicamente de forma anual sobre el progreso en relaci\u00f3n con los objetivos intermedios y a largo plazo, as\u00ed como sobre las acciones que se est\u00e1n tomando.<\/p>\n<p>Tambi\u00e9n, trabajar con un esp\u00edritu de colaboraci\u00f3n compartiendo buenas pr\u00e1cticas y soluciones, difundir informaci\u00f3n para alentar a m\u00e1s organizaciones a convertirse en signatarias y apoyarse mutuamente para alcanzar los objetivos lo m\u00e1s r\u00e1pido posible. (<a title=\"Guanajuato es estado pionero en sustentabilidad tur\u00edstica\" href=\"https:\/\/www.dev.nitu.mx\/index.php\/2022\/09\/01\/guanajuato-es-estado-pionero-en-sustentabilidad-turistica\/\" rel=\"bookmark\">Guanajuato es estado pionero en sustentabilidad tur\u00edstica<\/a>).<\/p>\n","protected":false},"excerpt":{"rendered":"<p>En el marco del Sustainable &amp; Social Tourism Summit, Guanajuato se convirti\u00f3 en el primer estado en el pa\u00eds en firmar la \u201cDeclaraci\u00f3n de Glasgow sobre la Acci\u00f3n Clim\u00e1tica en el Turismo\u201d, iniciativa liderada por la Organizaci\u00f3n Mundial del Turismo (OMT). Esta iniciativa, que se realiza en colaboraci\u00f3n con la Travel Foundation y dentro del [&hellip;]<\/p>\n","protected":false},"author":18,"featured_media":61175,"comment_status":"open","ping_status":"open","sticky":false,"template":"","format":"standard","meta":{"footnotes":""},"categories":[5],"tags":[23551,511,19614,1960,3499,3856],"yoast_head":"<!-- This site is optimized with the Yoast SEO plugin v22.2 - https:\/\/yoast.com\/wordpress\/plugins\/seo\/ -->\n<title>Guanajuato, primer estado de M\u00e9xico en firmar la \u201cDeclaraci\u00f3n de Glasgow\u201d - Nitu - Noticias de la Industria Turistica<\/title>\n<meta name=\"robots\" content=\"index, follow, max-snippet:-1, max-image-preview:large, max-video-preview:-1\" \/>\n<link rel=\"canonical\" href=\"https:\/\/nitu.mx\/index.php\/2022\/09\/01\/guanajuato-primer-estado-de-mexico-en-firmar-la-declaracion-de-glasgow\/\" \/>\n<meta name=\"twitter:card\" content=\"summary_large_image\" \/>\n<meta name=\"twitter:title\" content=\"Guanajuato, primer estado de M\u00e9xico en firmar la \u201cDeclaraci\u00f3n de Glasgow\u201d - Nitu - Noticias de la Industria Turistica\" \/>\n<meta name=\"twitter:description\" content=\"En el marco del Sustainable &amp; Social Tourism Summit, Guanajuato se convirti\u00f3 en el primer estado en el pa\u00eds en firmar la \u201cDeclaraci\u00f3n de Glasgow sobre la Acci\u00f3n Clim\u00e1tica en el Turismo\u201d, iniciativa liderada por la Organizaci\u00f3n Mundial del Turismo (OMT). Esta iniciativa, que se realiza en colaboraci\u00f3n con la Travel Foundation y dentro del [&hellip;]\" \/>\n<meta name=\"twitter:image\" content=\"https:\/\/nitu.mx\/wp-content\/uploads\/2022\/09\/Guanajuato-Declaraci\u00f3n-de-Glasgow.jpg\" \/>\n<meta name=\"twitter:creator\" content=\"@NITUmx\" \/>\n<meta name=\"twitter:site\" content=\"@Arturo_Medina_G\" \/>\n<meta name=\"twitter:label1\" content=\"Escrito por\" \/>\n\t<meta name=\"twitter:data1\" content=\"Guadalupe Sixto\" \/>\n\t<meta name=\"twitter:label2\" content=\"Tiempo de lectura\" \/>\n\t<meta name=\"twitter:data2\" content=\"2 minutos\" \/>\n<script type=\"application\/ld+json\" class=\"yoast-schema-graph\">{\"@context\":\"https:\/\/schema.org\",\"@graph\":[{\"@type\":\"Article\",\"@id\":\"https:\/\/nitu.mx\/index.php\/2022\/09\/01\/guanajuato-primer-estado-de-mexico-en-firmar-la-declaracion-de-glasgow\/#article\",\"isPartOf\":{\"@id\":\"https:\/\/nitu.mx\/index.php\/2022\/09\/01\/guanajuato-primer-estado-de-mexico-en-firmar-la-declaracion-de-glasgow\/\"},\"author\":{\"name\":\"Guadalupe Sixto\",\"@id\":\"https:\/\/nitu.mx\/#\/schema\/person\/3df3082b5e46037e3f13614d28ee0b77\"},\"headline\":\"Guanajuato, primer estado de M\u00e9xico en firmar la \u201cDeclaraci\u00f3n de Glasgow\u201d\",\"datePublished\":\"2022-09-02T03:45:02+00:00\",\"dateModified\":\"2022-09-02T04:28:09+00:00\",\"mainEntityOfPage\":{\"@id\":\"https:\/\/nitu.mx\/index.php\/2022\/09\/01\/guanajuato-primer-estado-de-mexico-en-firmar-la-declaracion-de-glasgow\/\"},\"wordCount\":438,\"commentCount\":0,\"publisher\":{\"@id\":\"https:\/\/nitu.mx\/#\/schema\/person\/ae7a53426417292d3dd07b45a33e01bc\"},\"image\":{\"@id\":\"https:\/\/nitu.mx\/index.php\/2022\/09\/01\/guanajuato-primer-estado-de-mexico-en-firmar-la-declaracion-de-glasgow\/#primaryimage\"},\"thumbnailUrl\":\"https:\/\/nitu.mx\/wp-content\/uploads\/2022\/09\/Guanajuato-Declaraci\u00f3n-de-Glasgow.jpg\",\"keywords\":[\"Declaraci\u00f3n de Glasgow\",\"Guanajuato\",\"Juan Jos\u00e9 \u00c1lvarez Brunel\",\"OMT\",\"Sustainable &amp; Social Tourism Summit\",\"Turismo sustentable\"],\"articleSection\":[\"Destinos\"],\"inLanguage\":\"es-MX\",\"potentialAction\":[{\"@type\":\"CommentAction\",\"name\":\"Comment\",\"target\":[\"https:\/\/nitu.mx\/index.php\/2022\/09\/01\/guanajuato-primer-estado-de-mexico-en-firmar-la-declaracion-de-glasgow\/#respond\"]}]},{\"@type\":\"WebPage\",\"@id\":\"https:\/\/nitu.mx\/index.php\/2022\/09\/01\/guanajuato-primer-estado-de-mexico-en-firmar-la-declaracion-de-glasgow\/\",\"url\":\"https:\/\/nitu.mx\/index.php\/2022\/09\/01\/guanajuato-primer-estado-de-mexico-en-firmar-la-declaracion-de-glasgow\/\",\"name\":\"Guanajuato, primer estado de M\u00e9xico en firmar la \u201cDeclaraci\u00f3n de Glasgow\u201d - Nitu - Noticias de la Industria Turistica\",\"isPartOf\":{\"@id\":\"https:\/\/nitu.mx\/#website\"},\"primaryImageOfPage\":{\"@id\":\"https:\/\/nitu.mx\/index.php\/2022\/09\/01\/guanajuato-primer-estado-de-mexico-en-firmar-la-declaracion-de-glasgow\/#primaryimage\"},\"image\":{\"@id\":\"https:\/\/nitu.mx\/index.php\/2022\/09\/01\/guanajuato-primer-estado-de-mexico-en-firmar-la-declaracion-de-glasgow\/#primaryimage\"},\"thumbnailUrl\":\"https:\/\/nitu.mx\/wp-content\/uploads\/2022\/09\/Guanajuato-Declaraci\u00f3n-de-Glasgow.jpg\",\"datePublished\":\"2022-09-02T03:45:02+00:00\",\"dateModified\":\"2022-09-02T04:28:09+00:00\",\"breadcrumb\":{\"@id\":\"https:\/\/nitu.mx\/index.php\/2022\/09\/01\/guanajuato-primer-estado-de-mexico-en-firmar-la-declaracion-de-glasgow\/#breadcrumb\"},\"inLanguage\":\"es-MX\",\"potentialAction\":[{\"@type\":\"ReadAction\",\"target\":[\"https:\/\/nitu.mx\/index.php\/2022\/09\/01\/guanajuato-primer-estado-de-mexico-en-firmar-la-declaracion-de-glasgow\/\"]}]},{\"@type\":\"ImageObject\",\"inLanguage\":\"es-MX\",\"@id\":\"https:\/\/nitu.mx\/index.php\/2022\/09\/01\/guanajuato-primer-estado-de-mexico-en-firmar-la-declaracion-de-glasgow\/#primaryimage\",\"url\":\"https:\/\/nitu.mx\/wp-content\/uploads\/2022\/09\/Guanajuato-Declaraci\u00f3n-de-Glasgow.jpg\",\"contentUrl\":\"https:\/\/nitu.mx\/wp-content\/uploads\/2022\/09\/Guanajuato-Declaraci\u00f3n-de-Glasgow.jpg\",\"width\":1200,\"height\":675,\"caption\":\"Guanajuato\"},{\"@type\":\"BreadcrumbList\",\"@id\":\"https:\/\/nitu.mx\/index.php\/2022\/09\/01\/guanajuato-primer-estado-de-mexico-en-firmar-la-declaracion-de-glasgow\/#breadcrumb\",\"itemListElement\":[{\"@type\":\"ListItem\",\"position\":1,\"name\":\"Inicio\",\"item\":\"https:\/\/nitu.mx\/\"},{\"@type\":\"ListItem\",\"position\":2,\"name\":\"Guanajuato, primer estado de M\u00e9xico en firmar la \u201cDeclaraci\u00f3n de Glasgow\u201d\"}]},{\"@type\":\"WebSite\",\"@id\":\"https:\/\/nitu.mx\/#website\",\"url\":\"https:\/\/nitu.mx\/\",\"name\":\"Nitu - Noticias de la Industria Turistica\",\"description\":\"Noticias de la Industria Turistica\",\"publisher\":{\"@id\":\"https:\/\/nitu.mx\/#\/schema\/person\/ae7a53426417292d3dd07b45a33e01bc\"},\"alternateName\":\"Noticias de la Industria Turistica\",\"potentialAction\":[{\"@type\":\"SearchAction\",\"target\":{\"@type\":\"EntryPoint\",\"urlTemplate\":\"https:\/\/nitu.mx\/?s={search_term_string}\"},\"query-input\":\"required name=search_term_string\"}],\"inLanguage\":\"es-MX\"},{\"@type\":[\"Person\",\"Organization\"],\"@id\":\"https:\/\/nitu.mx\/#\/schema\/person\/ae7a53426417292d3dd07b45a33e01bc\",\"name\":\"Arturo Medina\",\"image\":{\"@type\":\"ImageObject\",\"inLanguage\":\"es-MX\",\"@id\":\"https:\/\/nitu.mx\/#\/schema\/person\/image\/\",\"url\":\"https:\/\/nitu.mx\/wp-content\/uploads\/2024\/04\/4A315622-1904-4D5C-B022-878CDC840E04-90x90-1.jpeg\",\"contentUrl\":\"https:\/\/nitu.mx\/wp-content\/uploads\/2024\/04\/4A315622-1904-4D5C-B022-878CDC840E04-90x90-1.jpeg\",\"width\":90,\"height\":90,\"caption\":\"Arturo Medina\"},\"logo\":{\"@id\":\"https:\/\/nitu.mx\/#\/schema\/person\/image\/\"},\"description\":\"Director NITU.mx, Egresado de la Escuela de Periodismo Carlos Septi\u00e9n Garc\u00eda. Periodista y analista especializado en turismo desde hace 35 a\u00f1os, radicado en Canc\u00fan Q.Roo. arturo@nitu.mx\",\"sameAs\":[\"https:\/\/nitu.mx\",\"https:\/\/www.facebook.com\/NITUmx\/\",\"medinacancun\",\"https:\/\/twitter.com\/@Arturo_Medina_G\"]},{\"@type\":\"Person\",\"@id\":\"https:\/\/nitu.mx\/#\/schema\/person\/3df3082b5e46037e3f13614d28ee0b77\",\"name\":\"Guadalupe Sixto\",\"image\":{\"@type\":\"ImageObject\",\"inLanguage\":\"es-MX\",\"@id\":\"https:\/\/nitu.mx\/#\/schema\/person\/image\/\",\"url\":\"https:\/\/secure.gravatar.com\/avatar\/13914e1b0e1919e91f9539de4dc584c4?s=96&d=mm&r=g\",\"contentUrl\":\"https:\/\/secure.gravatar.com\/avatar\/13914e1b0e1919e91f9539de4dc584c4?s=96&d=mm&r=g\",\"caption\":\"Guadalupe Sixto\"},\"url\":\"https:\/\/nitu.mx\/index.php\/author\/gsixto\/\"}]}<\/script>\n<!-- \/ Yoast SEO plugin. -->","yoast_head_json":{"title":"Guanajuato, primer estado de M\u00e9xico en firmar la \u201cDeclaraci\u00f3n de Glasgow\u201d - Nitu - Noticias de la Industria Turistica","robots":{"index":"index","follow":"follow","max-snippet":"max-snippet:-1","max-image-preview":"max-image-preview:large","max-video-preview":"max-video-preview:-1"},"canonical":"https:\/\/nitu.mx\/index.php\/2022\/09\/01\/guanajuato-primer-estado-de-mexico-en-firmar-la-declaracion-de-glasgow\/","twitter_card":"summary_large_image","twitter_title":"Guanajuato, primer estado de M\u00e9xico en firmar la \u201cDeclaraci\u00f3n de Glasgow\u201d - Nitu - Noticias de la Industria Turistica","twitter_description":"En el marco del Sustainable &amp; Social Tourism Summit, Guanajuato se convirti\u00f3 en el primer estado en el pa\u00eds en firmar la \u201cDeclaraci\u00f3n de Glasgow sobre la Acci\u00f3n Clim\u00e1tica en el Turismo\u201d, iniciativa liderada por la Organizaci\u00f3n Mundial del Turismo (OMT). Esta iniciativa, que se realiza en colaboraci\u00f3n con la Travel Foundation y dentro del [&hellip;]","twitter_image":"https:\/\/nitu.mx\/wp-content\/uploads\/2022\/09\/Guanajuato-Declaraci\u00f3n-de-Glasgow.jpg","twitter_creator":"@NITUmx","twitter_site":"@Arturo_Medina_G","twitter_misc":{"Escrito por":"Guadalupe Sixto","Tiempo de lectura":"2 minutos"},"schema":{"@context":"https:\/\/schema.org","@graph":[{"@type":"Article","@id":"https:\/\/nitu.mx\/index.php\/2022\/09\/01\/guanajuato-primer-estado-de-mexico-en-firmar-la-declaracion-de-glasgow\/#article","isPartOf":{"@id":"https:\/\/nitu.mx\/index.php\/2022\/09\/01\/guanajuato-primer-estado-de-mexico-en-firmar-la-declaracion-de-glasgow\/"},"author":{"name":"Guadalupe Sixto","@id":"https:\/\/nitu.mx\/#\/schema\/person\/3df3082b5e46037e3f13614d28ee0b77"},"headline":"Guanajuato, primer estado de M\u00e9xico en firmar la \u201cDeclaraci\u00f3n de Glasgow\u201d","datePublished":"2022-09-02T03:45:02+00:00","dateModified":"2022-09-02T04:28:09+00:00","mainEntityOfPage":{"@id":"https:\/\/nitu.mx\/index.php\/2022\/09\/01\/guanajuato-primer-estado-de-mexico-en-firmar-la-declaracion-de-glasgow\/"},"wordCount":438,"commentCount":0,"publisher":{"@id":"https:\/\/nitu.mx\/#\/schema\/person\/ae7a53426417292d3dd07b45a33e01bc"},"image":{"@id":"https:\/\/nitu.mx\/index.php\/2022\/09\/01\/guanajuato-primer-estado-de-mexico-en-firmar-la-declaracion-de-glasgow\/#primaryimage"},"thumbnailUrl":"https:\/\/nitu.mx\/wp-content\/uploads\/2022\/09\/Guanajuato-Declaraci\u00f3n-de-Glasgow.jpg","keywords":["Declaraci\u00f3n de Glasgow","Guanajuato","Juan Jos\u00e9 \u00c1lvarez Brunel","OMT","Sustainable &amp; Social Tourism Summit","Turismo sustentable"],"articleSection":["Destinos"],"inLanguage":"es-MX","potentialAction":[{"@type":"CommentAction","name":"Comment","target":["https:\/\/nitu.mx\/index.php\/2022\/09\/01\/guanajuato-primer-estado-de-mexico-en-firmar-la-declaracion-de-glasgow\/#respond"]}]},{"@type":"WebPage","@id":"https:\/\/nitu.mx\/index.php\/2022\/09\/01\/guanajuato-primer-estado-de-mexico-en-firmar-la-declaracion-de-glasgow\/","url":"https:\/\/nitu.mx\/index.php\/2022\/09\/01\/guanajuato-primer-estado-de-mexico-en-firmar-la-declaracion-de-glasgow\/","name":"Guanajuato, primer estado de M\u00e9xico en firmar la \u201cDeclaraci\u00f3n de Glasgow\u201d - Nitu - Noticias de la Industria Turistica","isPartOf":{"@id":"https:\/\/nitu.mx\/#website"},"primaryImageOfPage":{"@id":"https:\/\/nitu.mx\/index.php\/2022\/09\/01\/guanajuato-primer-estado-de-mexico-en-firmar-la-declaracion-de-glasgow\/#primaryimage"},"image":{"@id":"https:\/\/nitu.mx\/index.php\/2022\/09\/01\/guanajuato-primer-estado-de-mexico-en-firmar-la-declaracion-de-glasgow\/#primaryimage"},"thumbnailUrl":"https:\/\/nitu.mx\/wp-content\/uploads\/2022\/09\/Guanajuato-Declaraci\u00f3n-de-Glasgow.jpg","datePublished":"2022-09-02T03:45:02+00:00","dateModified":"2022-09-02T04:28:09+00:00","breadcrumb":{"@id":"https:\/\/nitu.mx\/index.php\/2022\/09\/01\/guanajuato-primer-estado-de-mexico-en-firmar-la-declaracion-de-glasgow\/#breadcrumb"},"inLanguage":"es-MX","potentialAction":[{"@type":"ReadAction","target":["https:\/\/nitu.mx\/index.php\/2022\/09\/01\/guanajuato-primer-estado-de-mexico-en-firmar-la-declaracion-de-glasgow\/"]}]},{"@type":"ImageObject","inLanguage":"es-MX","@id":"https:\/\/nitu.mx\/index.php\/2022\/09\/01\/guanajuato-primer-estado-de-mexico-en-firmar-la-declaracion-de-glasgow\/#primaryimage","url":"https:\/\/nitu.mx\/wp-content\/uploads\/2022\/09\/Guanajuato-Declaraci\u00f3n-de-Glasgow.jpg","contentUrl":"https:\/\/nitu.mx\/wp-content\/uploads\/2022\/09\/Guanajuato-Declaraci\u00f3n-de-Glasgow.jpg","width":1200,"height":675,"caption":"Guanajuato"},{"@type":"BreadcrumbList","@id":"https:\/\/nitu.mx\/index.php\/2022\/09\/01\/guanajuato-primer-estado-de-mexico-en-firmar-la-declaracion-de-glasgow\/#breadcrumb","itemListElement":[{"@type":"ListItem","position":1,"name":"Inicio","item":"https:\/\/nitu.mx\/"},{"@type":"ListItem","position":2,"name":"Guanajuato, primer estado de M\u00e9xico en firmar la \u201cDeclaraci\u00f3n de Glasgow\u201d"}]},{"@type":"WebSite","@id":"https:\/\/nitu.mx\/#website","url":"https:\/\/nitu.mx\/","name":"Nitu - Noticias de la Industria Turistica","description":"Noticias de la Industria Turistica","publisher":{"@id":"https:\/\/nitu.mx\/#\/schema\/person\/ae7a53426417292d3dd07b45a33e01bc"},"alternateName":"Noticias de la Industria Turistica","potentialAction":[{"@type":"SearchAction","target":{"@type":"EntryPoint","urlTemplate":"https:\/\/nitu.mx\/?s={search_term_string}"},"query-input":"required name=search_term_string"}],"inLanguage":"es-MX"},{"@type":["Person","Organization"],"@id":"https:\/\/nitu.mx\/#\/schema\/person\/ae7a53426417292d3dd07b45a33e01bc","name":"Arturo Medina","image":{"@type":"ImageObject","inLanguage":"es-MX","@id":"https:\/\/nitu.mx\/#\/schema\/person\/image\/","url":"https:\/\/nitu.mx\/wp-content\/uploads\/2024\/04\/4A315622-1904-4D5C-B022-878CDC840E04-90x90-1.jpeg","contentUrl":"https:\/\/nitu.mx\/wp-content\/uploads\/2024\/04\/4A315622-1904-4D5C-B022-878CDC840E04-90x90-1.jpeg","width":90,"height":90,"caption":"Arturo Medina"},"logo":{"@id":"https:\/\/nitu.mx\/#\/schema\/person\/image\/"},"description":"Director NITU.mx, Egresado de la Escuela de Periodismo Carlos Septi\u00e9n Garc\u00eda. Periodista y analista especializado en turismo desde hace 35 a\u00f1os, radicado en Canc\u00fan Q.Roo. arturo@nitu.mx","sameAs":["https:\/\/nitu.mx","https:\/\/www.facebook.com\/NITUmx\/","medinacancun","https:\/\/twitter.com\/@Arturo_Medina_G"]},{"@type":"Person","@id":"https:\/\/nitu.mx\/#\/schema\/person\/3df3082b5e46037e3f13614d28ee0b77","name":"Guadalupe Sixto","image":{"@type":"ImageObject","inLanguage":"es-MX","@id":"https:\/\/nitu.mx\/#\/schema\/person\/image\/","url":"https:\/\/secure.gravatar.com\/avatar\/13914e1b0e1919e91f9539de4dc584c4?s=96&d=mm&r=g","contentUrl":"https:\/\/secure.gravatar.com\/avatar\/13914e1b0e1919e91f9539de4dc584c4?s=96&d=mm&r=g","caption":"Guadalupe Sixto"},"url":"https:\/\/nitu.mx\/index.php\/author\/gsixto\/"}]}},"views":300,"_links":{"self":[{"href":"https:\/\/nitu.mx\/index.php\/wp-json\/wp\/v2\/posts\/61173"}],"collection":[{"href":"https:\/\/nitu.mx\/index.php\/wp-json\/wp\/v2\/posts"}],"about":[{"href":"https:\/\/nitu.mx\/index.php\/wp-json\/wp\/v2\/types\/post"}],"author":[{"embeddable":true,"href":"https:\/\/nitu.mx\/index.php\/wp-json\/wp\/v2\/users\/18"}],"replies":[{"embeddable":true,"href":"https:\/\/nitu.mx\/index.php\/wp-json\/wp\/v2\/comments?post=61173"}],"version-history":[{"count":1,"href":"https:\/\/nitu.mx\/index.php\/wp-json\/wp\/v2\/posts\/61173\/revisions"}],"predecessor-version":[{"id":61174,"href":"https:\/\/nitu.mx\/index.php\/wp-json\/wp\/v2\/posts\/61173\/revisions\/61174"}],"wp:featuredmedia":[{"embeddable":true,"href":"https:\/\/nitu.mx\/index.php\/wp-json\/wp\/v2\/media\/61175"}],"wp:attachment":[{"href":"https:\/\/nitu.mx\/index.php\/wp-json\/wp\/v2\/media?parent=61173"}],"wp:term":[{"taxonomy":"category","embeddable":true,"href":"https:\/\/nitu.mx\/index.php\/wp-json\/wp\/v2\/categories?post=61173"},{"taxonomy":"post_tag","embeddable":true,"href":"https:\/\/nitu.mx\/index.php\/wp-json\/wp\/v2\/tags?post=61173"}],"curies":[{"name":"wp","href":"https:\/\/api.w.org\/{rel}","templated":true}]}}