{"id":61170,"date":"2022-09-01T22:30:30","date_gmt":"2022-09-02T03:30:30","guid":{"rendered":"https:\/\/www.dev.nitu.mx\/?p=61170"},"modified":"2022-09-01T23:28:23","modified_gmt":"2022-09-02T04:28:23","slug":"viva-aerobus-inicia-rutas-del-aifa-a-puerto-escondido-acapulco-y-oaxaca","status":"publish","type":"post","link":"https:\/\/nitu.mx\/index.php\/2022\/09\/01\/viva-aerobus-inicia-rutas-del-aifa-a-puerto-escondido-acapulco-y-oaxaca\/","title":{"rendered":"Viva Aerobus inicia rutas del AIFA a Puerto Escondido, Acapulco y Oaxaca"},"content":{"rendered":"<p>Viva Aerobus\u00a0inici\u00f3 una nueva etapa en las operaciones desde el Aeropuerto Internacional Felipe \u00c1ngeles (AIFA) con la inauguraci\u00f3n de tres rutas. Este jueves comenz\u00f3 el servicio a Puerto Escondido, hoy a Acapulco y ma\u00f1ana a Oaxaca.<\/p>\n<p>La ruta AIFA \u2013 Puerto Escondido ofrece\u00a0tres vuelos semanales, los d\u00edas martes, jueves y domingo; mientras que la ruta a Acapulco cuenta con dos vuelos a la semana, los viernes y lunes.<\/p>\n<p>En tanto, los vuelos hacia Oaxaca son operados tambi\u00e9n dos veces a la semana, estos los d\u00edas mi\u00e9rcoles y s\u00e1bado.<\/p>\n<p>Todos los vuelos desde el AIFA ofrecen\u00a0precios que inician desde los 16 pesos m\u00e1s la Tarifa de Uso Aeroportuario.<\/p>\n<p>Viva Aerobus reiter\u00f3 que actualmente tambi\u00e9n vuela desde el AIFA a Monterrey, Guadalajara y Canc\u00fan de manera regular.<\/p>\n<p>Adem\u00e1s, en diciembre, la aerol\u00ednea tambi\u00e9n inaugurar\u00e1 su ruta desde este nuevo aeropuerto a La Habana, Cuba, siendo el primer destino internacional de Viva desde el AIFA.<\/p>\n<p>\u201cPara Viva Aerobus es un gusto seguir construyendo puentes a\u00e9reos, a precios bajos y desde un punto m\u00e1s del \u00e1rea metropolitana de la Ciudad de M\u00e9xico para comodidad de todos nuestros pasajeros\u201d, afirm\u00f3 Juan Carlos Zuazua, director general de Viva Aerobus.<\/p>\n<p>\u201cYa sumamos seis rutas desde\/hacia el AIFA, operando 240 vuelos al mes y poniendo a disposici\u00f3n de los viajeros m\u00e1s de medio mill\u00f3n de asientos al a\u00f1o. Seguiremos trabajando para fortalecer la conectividad a\u00e9rea de M\u00e9xico\u201d, agreg\u00f3.<\/p>\n<p>Por su parte, mencion\u00f3 el General Isidoro Pastor, director general del AIFA, se\u00f1al\u00f3: \u201cAgradecemos el compromiso que mantiene Viva con la conectividad a\u00e9rea de la Zona Metropolitana del Valle de M\u00e9xico. Sin duda, se ha convertido en un aliado estrat\u00e9gico para que los pasajeros tengan la oportunidad de volar desde y hacia el AIFA, un aeropuerto que se distingue por su infraestructura y servicios de calidad\u201d.<\/p>\n<p>\u201cContinuaremos sumando esfuerzos de manera coordinada para que m\u00e1s personas tengan todas las facilidades para viajar a destinos nacionales e internacionales desde esta regi\u00f3n centro-sur del pa\u00eds\u201d, detall\u00f3.<\/p>\n<p>Para comodidad de los viajeros, la l\u00ednea a\u00e9rea ofrece el \u2019Viva Bus\u2019, un servicio exclusivo para sus pasajeros que los lleva del AIFA a la Terminal Central de Autobuses del Norte de la Ciudad de M\u00e9xico o viceversa.<\/p>\n<p>Los pasajeros pueden adquirir este servicio, con un costo de 75 pesos, en el sitio web de la aerol\u00ednea, en las Viva Tiendas, en la Central de Autobuses del Norte o durante su vuelo con los sobrecargos.\u00a0<a title=\"Viva Aerobus elige a M\u00e9rida como nueva base operativa\" href=\"https:\/\/www.dev.nitu.mx\/index.php\/2022\/08\/31\/viva-aerobus-elige-a-merida-como-nueva-base-operativa\/\" rel=\"bookmark\">(Viva Aerobus elige a M\u00e9rida como nueva base operativa<\/a>).<\/p>\n","protected":false},"excerpt":{"rendered":"<p>Viva Aerobus\u00a0inici\u00f3 una nueva etapa en las operaciones desde el Aeropuerto Internacional Felipe \u00c1ngeles (AIFA) con la inauguraci\u00f3n de tres rutas. Este jueves comenz\u00f3 el servicio a Puerto Escondido, hoy a Acapulco y ma\u00f1ana a Oaxaca. La ruta AIFA \u2013 Puerto Escondido ofrece\u00a0tres vuelos semanales, los d\u00edas martes, jueves y domingo; mientras que la ruta [&hellip;]<\/p>\n","protected":false},"author":17,"featured_media":61172,"comment_status":"open","ping_status":"open","sticky":false,"template":"","format":"standard","meta":{"footnotes":""},"categories":[29],"tags":[21925,23550,295,2102],"yoast_head":"<!-- This site is optimized with the Yoast SEO plugin v22.2 - https:\/\/yoast.com\/wordpress\/plugins\/seo\/ -->\n<title>Viva Aerobus inicia rutas del AIFA a Puerto Escondido, Acapulco y Oaxaca - Nitu - Noticias de la Industria Turistica<\/title>\n<meta name=\"robots\" content=\"index, follow, max-snippet:-1, max-image-preview:large, max-video-preview:-1\" \/>\n<link rel=\"canonical\" href=\"https:\/\/nitu.mx\/index.php\/2022\/09\/01\/viva-aerobus-inicia-rutas-del-aifa-a-puerto-escondido-acapulco-y-oaxaca\/\" \/>\n<meta name=\"twitter:card\" content=\"summary_large_image\" \/>\n<meta name=\"twitter:title\" content=\"Viva Aerobus inicia rutas del AIFA a Puerto Escondido, Acapulco y Oaxaca - Nitu - Noticias de la Industria Turistica\" \/>\n<meta name=\"twitter:description\" content=\"Viva Aerobus\u00a0inici\u00f3 una nueva etapa en las operaciones desde el Aeropuerto Internacional Felipe \u00c1ngeles (AIFA) con la inauguraci\u00f3n de tres rutas. Este jueves comenz\u00f3 el servicio a Puerto Escondido, hoy a Acapulco y ma\u00f1ana a Oaxaca. La ruta AIFA \u2013 Puerto Escondido ofrece\u00a0tres vuelos semanales, los d\u00edas martes, jueves y domingo; mientras que la ruta [&hellip;]\" \/>\n<meta name=\"twitter:image\" content=\"https:\/\/nitu.mx\/wp-content\/uploads\/2022\/09\/Viva-Aerobus-Aifa-2.jpeg\" \/>\n<meta name=\"twitter:creator\" content=\"@NITUmx\" \/>\n<meta name=\"twitter:site\" content=\"@Arturo_Medina_G\" \/>\n<meta name=\"twitter:label1\" content=\"Escrito por\" \/>\n\t<meta name=\"twitter:data1\" content=\"Redacci\u00f3n\" \/>\n\t<meta name=\"twitter:label2\" content=\"Tiempo de lectura\" \/>\n\t<meta name=\"twitter:data2\" content=\"2 minutos\" \/>\n<script type=\"application\/ld+json\" class=\"yoast-schema-graph\">{\"@context\":\"https:\/\/schema.org\",\"@graph\":[{\"@type\":\"Article\",\"@id\":\"https:\/\/nitu.mx\/index.php\/2022\/09\/01\/viva-aerobus-inicia-rutas-del-aifa-a-puerto-escondido-acapulco-y-oaxaca\/#article\",\"isPartOf\":{\"@id\":\"https:\/\/nitu.mx\/index.php\/2022\/09\/01\/viva-aerobus-inicia-rutas-del-aifa-a-puerto-escondido-acapulco-y-oaxaca\/\"},\"author\":{\"name\":\"Redacci\u00f3n\",\"@id\":\"https:\/\/nitu.mx\/#\/schema\/person\/4a28fe9bd65924f7c90623773daf1b0b\"},\"headline\":\"Viva Aerobus inicia rutas del AIFA a Puerto Escondido, Acapulco y Oaxaca\",\"datePublished\":\"2022-09-02T03:30:30+00:00\",\"dateModified\":\"2022-09-02T04:28:23+00:00\",\"mainEntityOfPage\":{\"@id\":\"https:\/\/nitu.mx\/index.php\/2022\/09\/01\/viva-aerobus-inicia-rutas-del-aifa-a-puerto-escondido-acapulco-y-oaxaca\/\"},\"wordCount\":454,\"commentCount\":0,\"publisher\":{\"@id\":\"https:\/\/nitu.mx\/#\/schema\/person\/ae7a53426417292d3dd07b45a33e01bc\"},\"image\":{\"@id\":\"https:\/\/nitu.mx\/index.php\/2022\/09\/01\/viva-aerobus-inicia-rutas-del-aifa-a-puerto-escondido-acapulco-y-oaxaca\/#primaryimage\"},\"thumbnailUrl\":\"https:\/\/nitu.mx\/wp-content\/uploads\/2022\/09\/Viva-Aerobus-Aifa-2.jpeg\",\"keywords\":[\"AIFA\",\"Isidoro Pastor\",\"Juan Carlos Zuazua\",\"Viva Aerobus\"],\"articleSection\":[\"Aerol\u00edneas\"],\"inLanguage\":\"es-MX\",\"potentialAction\":[{\"@type\":\"CommentAction\",\"name\":\"Comment\",\"target\":[\"https:\/\/nitu.mx\/index.php\/2022\/09\/01\/viva-aerobus-inicia-rutas-del-aifa-a-puerto-escondido-acapulco-y-oaxaca\/#respond\"]}]},{\"@type\":\"WebPage\",\"@id\":\"https:\/\/nitu.mx\/index.php\/2022\/09\/01\/viva-aerobus-inicia-rutas-del-aifa-a-puerto-escondido-acapulco-y-oaxaca\/\",\"url\":\"https:\/\/nitu.mx\/index.php\/2022\/09\/01\/viva-aerobus-inicia-rutas-del-aifa-a-puerto-escondido-acapulco-y-oaxaca\/\",\"name\":\"Viva Aerobus inicia rutas del AIFA a Puerto Escondido, Acapulco y Oaxaca - Nitu - Noticias de la Industria Turistica\",\"isPartOf\":{\"@id\":\"https:\/\/nitu.mx\/#website\"},\"primaryImageOfPage\":{\"@id\":\"https:\/\/nitu.mx\/index.php\/2022\/09\/01\/viva-aerobus-inicia-rutas-del-aifa-a-puerto-escondido-acapulco-y-oaxaca\/#primaryimage\"},\"image\":{\"@id\":\"https:\/\/nitu.mx\/index.php\/2022\/09\/01\/viva-aerobus-inicia-rutas-del-aifa-a-puerto-escondido-acapulco-y-oaxaca\/#primaryimage\"},\"thumbnailUrl\":\"https:\/\/nitu.mx\/wp-content\/uploads\/2022\/09\/Viva-Aerobus-Aifa-2.jpeg\",\"datePublished\":\"2022-09-02T03:30:30+00:00\",\"dateModified\":\"2022-09-02T04:28:23+00:00\",\"breadcrumb\":{\"@id\":\"https:\/\/nitu.mx\/index.php\/2022\/09\/01\/viva-aerobus-inicia-rutas-del-aifa-a-puerto-escondido-acapulco-y-oaxaca\/#breadcrumb\"},\"inLanguage\":\"es-MX\",\"potentialAction\":[{\"@type\":\"ReadAction\",\"target\":[\"https:\/\/nitu.mx\/index.php\/2022\/09\/01\/viva-aerobus-inicia-rutas-del-aifa-a-puerto-escondido-acapulco-y-oaxaca\/\"]}]},{\"@type\":\"ImageObject\",\"inLanguage\":\"es-MX\",\"@id\":\"https:\/\/nitu.mx\/index.php\/2022\/09\/01\/viva-aerobus-inicia-rutas-del-aifa-a-puerto-escondido-acapulco-y-oaxaca\/#primaryimage\",\"url\":\"https:\/\/nitu.mx\/wp-content\/uploads\/2022\/09\/Viva-Aerobus-Aifa-2.jpeg\",\"contentUrl\":\"https:\/\/nitu.mx\/wp-content\/uploads\/2022\/09\/Viva-Aerobus-Aifa-2.jpeg\",\"width\":1200,\"height\":675,\"caption\":\"Viva Aerobus\"},{\"@type\":\"BreadcrumbList\",\"@id\":\"https:\/\/nitu.mx\/index.php\/2022\/09\/01\/viva-aerobus-inicia-rutas-del-aifa-a-puerto-escondido-acapulco-y-oaxaca\/#breadcrumb\",\"itemListElement\":[{\"@type\":\"ListItem\",\"position\":1,\"name\":\"Inicio\",\"item\":\"https:\/\/nitu.mx\/\"},{\"@type\":\"ListItem\",\"position\":2,\"name\":\"Viva Aerobus inicia rutas del AIFA a Puerto Escondido, Acapulco y Oaxaca\"}]},{\"@type\":\"WebSite\",\"@id\":\"https:\/\/nitu.mx\/#website\",\"url\":\"https:\/\/nitu.mx\/\",\"name\":\"Nitu - Noticias de la Industria Turistica\",\"description\":\"Noticias de la Industria Turistica\",\"publisher\":{\"@id\":\"https:\/\/nitu.mx\/#\/schema\/person\/ae7a53426417292d3dd07b45a33e01bc\"},\"alternateName\":\"Noticias de la Industria Turistica\",\"potentialAction\":[{\"@type\":\"SearchAction\",\"target\":{\"@type\":\"EntryPoint\",\"urlTemplate\":\"https:\/\/nitu.mx\/?s={search_term_string}\"},\"query-input\":\"required name=search_term_string\"}],\"inLanguage\":\"es-MX\"},{\"@type\":[\"Person\",\"Organization\"],\"@id\":\"https:\/\/nitu.mx\/#\/schema\/person\/ae7a53426417292d3dd07b45a33e01bc\",\"name\":\"Arturo Medina\",\"image\":{\"@type\":\"ImageObject\",\"inLanguage\":\"es-MX\",\"@id\":\"https:\/\/nitu.mx\/#\/schema\/person\/image\/\",\"url\":\"https:\/\/nitu.mx\/wp-content\/uploads\/2024\/04\/4A315622-1904-4D5C-B022-878CDC840E04-90x90-1.jpeg\",\"contentUrl\":\"https:\/\/nitu.mx\/wp-content\/uploads\/2024\/04\/4A315622-1904-4D5C-B022-878CDC840E04-90x90-1.jpeg\",\"width\":90,\"height\":90,\"caption\":\"Arturo Medina\"},\"logo\":{\"@id\":\"https:\/\/nitu.mx\/#\/schema\/person\/image\/\"},\"description\":\"Director NITU.mx, Egresado de la Escuela de Periodismo Carlos Septi\u00e9n Garc\u00eda. Periodista y analista especializado en turismo desde hace 35 a\u00f1os, radicado en Canc\u00fan Q.Roo. arturo@nitu.mx\",\"sameAs\":[\"https:\/\/nitu.mx\",\"https:\/\/www.facebook.com\/NITUmx\/\",\"medinacancun\",\"https:\/\/twitter.com\/@Arturo_Medina_G\"]},{\"@type\":\"Person\",\"@id\":\"https:\/\/nitu.mx\/#\/schema\/person\/4a28fe9bd65924f7c90623773daf1b0b\",\"name\":\"Redacci\u00f3n\",\"image\":{\"@type\":\"ImageObject\",\"inLanguage\":\"es-MX\",\"@id\":\"https:\/\/nitu.mx\/#\/schema\/person\/image\/\",\"url\":\"https:\/\/secure.gravatar.com\/avatar\/5dd011c8ccfc5cd7e4c81e42252aab38?s=96&d=mm&r=g\",\"contentUrl\":\"https:\/\/secure.gravatar.com\/avatar\/5dd011c8ccfc5cd7e4c81e42252aab38?s=96&d=mm&r=g\",\"caption\":\"Redacci\u00f3n\"},\"url\":\"https:\/\/nitu.mx\/index.php\/author\/redaccion\/\"}]}<\/script>\n<!-- \/ Yoast SEO plugin. -->","yoast_head_json":{"title":"Viva Aerobus inicia rutas del AIFA a Puerto Escondido, Acapulco y Oaxaca - Nitu - Noticias de la Industria Turistica","robots":{"index":"index","follow":"follow","max-snippet":"max-snippet:-1","max-image-preview":"max-image-preview:large","max-video-preview":"max-video-preview:-1"},"canonical":"https:\/\/nitu.mx\/index.php\/2022\/09\/01\/viva-aerobus-inicia-rutas-del-aifa-a-puerto-escondido-acapulco-y-oaxaca\/","twitter_card":"summary_large_image","twitter_title":"Viva Aerobus inicia rutas del AIFA a Puerto Escondido, Acapulco y Oaxaca - Nitu - Noticias de la Industria Turistica","twitter_description":"Viva Aerobus\u00a0inici\u00f3 una nueva etapa en las operaciones desde el Aeropuerto Internacional Felipe \u00c1ngeles (AIFA) con la inauguraci\u00f3n de tres rutas. Este jueves comenz\u00f3 el servicio a Puerto Escondido, hoy a Acapulco y ma\u00f1ana a Oaxaca. La ruta AIFA \u2013 Puerto Escondido ofrece\u00a0tres vuelos semanales, los d\u00edas martes, jueves y domingo; mientras que la ruta [&hellip;]","twitter_image":"https:\/\/nitu.mx\/wp-content\/uploads\/2022\/09\/Viva-Aerobus-Aifa-2.jpeg","twitter_creator":"@NITUmx","twitter_site":"@Arturo_Medina_G","twitter_misc":{"Escrito por":"Redacci\u00f3n","Tiempo de lectura":"2 minutos"},"schema":{"@context":"https:\/\/schema.org","@graph":[{"@type":"Article","@id":"https:\/\/nitu.mx\/index.php\/2022\/09\/01\/viva-aerobus-inicia-rutas-del-aifa-a-puerto-escondido-acapulco-y-oaxaca\/#article","isPartOf":{"@id":"https:\/\/nitu.mx\/index.php\/2022\/09\/01\/viva-aerobus-inicia-rutas-del-aifa-a-puerto-escondido-acapulco-y-oaxaca\/"},"author":{"name":"Redacci\u00f3n","@id":"https:\/\/nitu.mx\/#\/schema\/person\/4a28fe9bd65924f7c90623773daf1b0b"},"headline":"Viva Aerobus inicia rutas del AIFA a Puerto Escondido, Acapulco y Oaxaca","datePublished":"2022-09-02T03:30:30+00:00","dateModified":"2022-09-02T04:28:23+00:00","mainEntityOfPage":{"@id":"https:\/\/nitu.mx\/index.php\/2022\/09\/01\/viva-aerobus-inicia-rutas-del-aifa-a-puerto-escondido-acapulco-y-oaxaca\/"},"wordCount":454,"commentCount":0,"publisher":{"@id":"https:\/\/nitu.mx\/#\/schema\/person\/ae7a53426417292d3dd07b45a33e01bc"},"image":{"@id":"https:\/\/nitu.mx\/index.php\/2022\/09\/01\/viva-aerobus-inicia-rutas-del-aifa-a-puerto-escondido-acapulco-y-oaxaca\/#primaryimage"},"thumbnailUrl":"https:\/\/nitu.mx\/wp-content\/uploads\/2022\/09\/Viva-Aerobus-Aifa-2.jpeg","keywords":["AIFA","Isidoro Pastor","Juan Carlos Zuazua","Viva Aerobus"],"articleSection":["Aerol\u00edneas"],"inLanguage":"es-MX","potentialAction":[{"@type":"CommentAction","name":"Comment","target":["https:\/\/nitu.mx\/index.php\/2022\/09\/01\/viva-aerobus-inicia-rutas-del-aifa-a-puerto-escondido-acapulco-y-oaxaca\/#respond"]}]},{"@type":"WebPage","@id":"https:\/\/nitu.mx\/index.php\/2022\/09\/01\/viva-aerobus-inicia-rutas-del-aifa-a-puerto-escondido-acapulco-y-oaxaca\/","url":"https:\/\/nitu.mx\/index.php\/2022\/09\/01\/viva-aerobus-inicia-rutas-del-aifa-a-puerto-escondido-acapulco-y-oaxaca\/","name":"Viva Aerobus inicia rutas del AIFA a Puerto Escondido, Acapulco y Oaxaca - Nitu - Noticias de la Industria Turistica","isPartOf":{"@id":"https:\/\/nitu.mx\/#website"},"primaryImageOfPage":{"@id":"https:\/\/nitu.mx\/index.php\/2022\/09\/01\/viva-aerobus-inicia-rutas-del-aifa-a-puerto-escondido-acapulco-y-oaxaca\/#primaryimage"},"image":{"@id":"https:\/\/nitu.mx\/index.php\/2022\/09\/01\/viva-aerobus-inicia-rutas-del-aifa-a-puerto-escondido-acapulco-y-oaxaca\/#primaryimage"},"thumbnailUrl":"https:\/\/nitu.mx\/wp-content\/uploads\/2022\/09\/Viva-Aerobus-Aifa-2.jpeg","datePublished":"2022-09-02T03:30:30+00:00","dateModified":"2022-09-02T04:28:23+00:00","breadcrumb":{"@id":"https:\/\/nitu.mx\/index.php\/2022\/09\/01\/viva-aerobus-inicia-rutas-del-aifa-a-puerto-escondido-acapulco-y-oaxaca\/#breadcrumb"},"inLanguage":"es-MX","potentialAction":[{"@type":"ReadAction","target":["https:\/\/nitu.mx\/index.php\/2022\/09\/01\/viva-aerobus-inicia-rutas-del-aifa-a-puerto-escondido-acapulco-y-oaxaca\/"]}]},{"@type":"ImageObject","inLanguage":"es-MX","@id":"https:\/\/nitu.mx\/index.php\/2022\/09\/01\/viva-aerobus-inicia-rutas-del-aifa-a-puerto-escondido-acapulco-y-oaxaca\/#primaryimage","url":"https:\/\/nitu.mx\/wp-content\/uploads\/2022\/09\/Viva-Aerobus-Aifa-2.jpeg","contentUrl":"https:\/\/nitu.mx\/wp-content\/uploads\/2022\/09\/Viva-Aerobus-Aifa-2.jpeg","width":1200,"height":675,"caption":"Viva Aerobus"},{"@type":"BreadcrumbList","@id":"https:\/\/nitu.mx\/index.php\/2022\/09\/01\/viva-aerobus-inicia-rutas-del-aifa-a-puerto-escondido-acapulco-y-oaxaca\/#breadcrumb","itemListElement":[{"@type":"ListItem","position":1,"name":"Inicio","item":"https:\/\/nitu.mx\/"},{"@type":"ListItem","position":2,"name":"Viva Aerobus inicia rutas del AIFA a Puerto Escondido, Acapulco y Oaxaca"}]},{"@type":"WebSite","@id":"https:\/\/nitu.mx\/#website","url":"https:\/\/nitu.mx\/","name":"Nitu - Noticias de la Industria Turistica","description":"Noticias de la Industria Turistica","publisher":{"@id":"https:\/\/nitu.mx\/#\/schema\/person\/ae7a53426417292d3dd07b45a33e01bc"},"alternateName":"Noticias de la Industria Turistica","potentialAction":[{"@type":"SearchAction","target":{"@type":"EntryPoint","urlTemplate":"https:\/\/nitu.mx\/?s={search_term_string}"},"query-input":"required name=search_term_string"}],"inLanguage":"es-MX"},{"@type":["Person","Organization"],"@id":"https:\/\/nitu.mx\/#\/schema\/person\/ae7a53426417292d3dd07b45a33e01bc","name":"Arturo Medina","image":{"@type":"ImageObject","inLanguage":"es-MX","@id":"https:\/\/nitu.mx\/#\/schema\/person\/image\/","url":"https:\/\/nitu.mx\/wp-content\/uploads\/2024\/04\/4A315622-1904-4D5C-B022-878CDC840E04-90x90-1.jpeg","contentUrl":"https:\/\/nitu.mx\/wp-content\/uploads\/2024\/04\/4A315622-1904-4D5C-B022-878CDC840E04-90x90-1.jpeg","width":90,"height":90,"caption":"Arturo Medina"},"logo":{"@id":"https:\/\/nitu.mx\/#\/schema\/person\/image\/"},"description":"Director NITU.mx, Egresado de la Escuela de Periodismo Carlos Septi\u00e9n Garc\u00eda. Periodista y analista especializado en turismo desde hace 35 a\u00f1os, radicado en Canc\u00fan Q.Roo. arturo@nitu.mx","sameAs":["https:\/\/nitu.mx","https:\/\/www.facebook.com\/NITUmx\/","medinacancun","https:\/\/twitter.com\/@Arturo_Medina_G"]},{"@type":"Person","@id":"https:\/\/nitu.mx\/#\/schema\/person\/4a28fe9bd65924f7c90623773daf1b0b","name":"Redacci\u00f3n","image":{"@type":"ImageObject","inLanguage":"es-MX","@id":"https:\/\/nitu.mx\/#\/schema\/person\/image\/","url":"https:\/\/secure.gravatar.com\/avatar\/5dd011c8ccfc5cd7e4c81e42252aab38?s=96&d=mm&r=g","contentUrl":"https:\/\/secure.gravatar.com\/avatar\/5dd011c8ccfc5cd7e4c81e42252aab38?s=96&d=mm&r=g","caption":"Redacci\u00f3n"},"url":"https:\/\/nitu.mx\/index.php\/author\/redaccion\/"}]}},"views":747,"_links":{"self":[{"href":"https:\/\/nitu.mx\/index.php\/wp-json\/wp\/v2\/posts\/61170"}],"collection":[{"href":"https:\/\/nitu.mx\/index.php\/wp-json\/wp\/v2\/posts"}],"about":[{"href":"https:\/\/nitu.mx\/index.php\/wp-json\/wp\/v2\/types\/post"}],"author":[{"embeddable":true,"href":"https:\/\/nitu.mx\/index.php\/wp-json\/wp\/v2\/users\/17"}],"replies":[{"embeddable":true,"href":"https:\/\/nitu.mx\/index.php\/wp-json\/wp\/v2\/comments?post=61170"}],"version-history":[{"count":1,"href":"https:\/\/nitu.mx\/index.php\/wp-json\/wp\/v2\/posts\/61170\/revisions"}],"predecessor-version":[{"id":61171,"href":"https:\/\/nitu.mx\/index.php\/wp-json\/wp\/v2\/posts\/61170\/revisions\/61171"}],"wp:featuredmedia":[{"embeddable":true,"href":"https:\/\/nitu.mx\/index.php\/wp-json\/wp\/v2\/media\/61172"}],"wp:attachment":[{"href":"https:\/\/nitu.mx\/index.php\/wp-json\/wp\/v2\/media?parent=61170"}],"wp:term":[{"taxonomy":"category","embeddable":true,"href":"https:\/\/nitu.mx\/index.php\/wp-json\/wp\/v2\/categories?post=61170"},{"taxonomy":"post_tag","embeddable":true,"href":"https:\/\/nitu.mx\/index.php\/wp-json\/wp\/v2\/tags?post=61170"}],"curies":[{"name":"wp","href":"https:\/\/api.w.org\/{rel}","templated":true}]}}