{"id":61044,"date":"2022-08-24T22:32:28","date_gmt":"2022-08-25T03:32:28","guid":{"rendered":"https:\/\/www.dev.nitu.mx\/?p=61044"},"modified":"2022-08-24T23:53:56","modified_gmt":"2022-08-25T04:53:56","slug":"volaris-se-consolida-como-el-principal-operador-en-el-aifa","status":"publish","type":"post","link":"https:\/\/nitu.mx\/index.php\/2022\/08\/24\/volaris-se-consolida-como-el-principal-operador-en-el-aifa\/","title":{"rendered":"Volaris se consolida como el principal operador en el AIFA"},"content":{"rendered":"<p>Para septiembre, Volaris se convertir\u00e1 en el principal operador desde el Aeropuerto Internacional Felipe \u00c1ngeles (AIFA), con 11 rutas y 19 operaciones diarias, as\u00ed como del Sistema Aeroportuario Metropolitana.<\/p>\n<p>La aerol\u00ednea mexicana de bajo costo present\u00f3 nueve conexiones adicionales desde el AIFA. Las rutas a M\u00e9rida, Mexicali y Huatulco ya iniciaron operaciones, mientras que las rutas a Puerto Escondido, La Paz, Guadalajara, Puerto Vallarta, Oaxaca y Los Cabos operar\u00e1n en septiembre.<\/p>\n<p>Con la incorporaci\u00f3n de las rutas que se anuncian hoy, Volaris ofrece un mill\u00f3n de asientos al mes en el Valle de M\u00e9xico, con m\u00e1s de mil vuelos en el Aeropuerto Internacional de la Ciudad de M\u00e9xico (AICM), 140 en el AIFA y m\u00e1s de 100 en el Aeropuerto Internacional de Toluca.<\/p>\n<p>Las rutas a M\u00e9rida y Mexicali operan con un vuelo diario, y la que va a Huatulco, los martes, jueves y s\u00e1bado.<\/p>\n<p>A partir del 15 de septiembre inicia la ruta a Puerto Vallarta y a Guadalajara con un vuelo diario; a Puerto Escondido y a La Paz los martes, jueves y s\u00e1bado; y el 16 de septiembre arrancan operaciones las rutas a Los Cabos y Oaxaca con vuelos los lunes, mi\u00e9rcoles, viernes y domingo.<\/p>\n<p>Holger Blankenstein, vicepresidente ejecutivo de Volaris, expuso la importancia del AIFA para consolidar la oferta en la zona metropolitana: \u201cla evoluci\u00f3n demogr\u00e1fica\u00a0de las poblaciones cercanas al aeropuerto favorece nuestra estrategia de\u00a0<em>bus-switching<\/em>, cuyo objetivo es llevar m\u00e1s gente del autob\u00fas al avi\u00f3n, pues la clase media est\u00e1 creciendo dentro del grupo de edad con mayor conocimiento digital y decisi\u00f3n de compra\u201d.<\/p>\n<p>De acuerdo con un estudio conducido por la compa\u00f1\u00eda, 89 por ciento del mercado potencial tiene inter\u00e9s en subirse al avi\u00f3n, y 30 por ciento viaja en avi\u00f3n dos veces al a\u00f1o. Esto representa, solo en t\u00e9rminos de\u00a0<em>bus-switching<\/em>, un mill\u00f3n y medio de viajeros. \u201cAdem\u00e1s de esto, tenemos un mercado cautivo que viaja desde aeropuertos m\u00e1s lejanos\u201d, puntualiz\u00f3 Blankenstein.\u00a0<a title=\"Volaris reanudar\u00e1 su ruta exclusiva de Guanajuato a M\u00e9rida\" href=\"https:\/\/www.dev.nitu.mx\/index.php\/2022\/07\/27\/volaris-reanudara-su-ruta-exclusiva-de-guanajuato-a-merida\/\" rel=\"bookmark\">(Volaris reanudar\u00e1 su ruta exclusiva de Guanajuato a M\u00e9rida<\/a>).<\/p>\n","protected":false},"excerpt":{"rendered":"<p>Para septiembre, Volaris se convertir\u00e1 en el principal operador desde el Aeropuerto Internacional Felipe \u00c1ngeles (AIFA), con 11 rutas y 19 operaciones diarias, as\u00ed como del Sistema Aeroportuario Metropolitana. La aerol\u00ednea mexicana de bajo costo present\u00f3 nueve conexiones adicionales desde el AIFA. Las rutas a M\u00e9rida, Mexicali y Huatulco ya iniciaron operaciones, mientras que las [&hellip;]<\/p>\n","protected":false},"author":17,"featured_media":58822,"comment_status":"open","ping_status":"open","sticky":false,"template":"","format":"standard","meta":{"footnotes":""},"categories":[29],"tags":[21925,807,5168,131],"yoast_head":"<!-- This site is optimized with the Yoast SEO plugin v22.2 - https:\/\/yoast.com\/wordpress\/plugins\/seo\/ -->\n<title>Volaris se consolida como el principal operador en el AIFA - Nitu - Noticias de la Industria Turistica<\/title>\n<meta name=\"robots\" content=\"index, follow, max-snippet:-1, max-image-preview:large, max-video-preview:-1\" \/>\n<link rel=\"canonical\" href=\"https:\/\/nitu.mx\/index.php\/2022\/08\/24\/volaris-se-consolida-como-el-principal-operador-en-el-aifa\/\" \/>\n<meta name=\"twitter:card\" content=\"summary_large_image\" \/>\n<meta name=\"twitter:title\" content=\"Volaris se consolida como el principal operador en el AIFA - Nitu - Noticias de la Industria Turistica\" \/>\n<meta name=\"twitter:description\" content=\"Para septiembre, Volaris se convertir\u00e1 en el principal operador desde el Aeropuerto Internacional Felipe \u00c1ngeles (AIFA), con 11 rutas y 19 operaciones diarias, as\u00ed como del Sistema Aeroportuario Metropolitana. La aerol\u00ednea mexicana de bajo costo present\u00f3 nueve conexiones adicionales desde el AIFA. Las rutas a M\u00e9rida, Mexicali y Huatulco ya iniciaron operaciones, mientras que las [&hellip;]\" \/>\n<meta name=\"twitter:image\" content=\"https:\/\/nitu.mx\/wp-content\/uploads\/2022\/04\/Volaris-lidera-operaciones-Cancu\u0301n.jpg\" \/>\n<meta name=\"twitter:creator\" content=\"@NITUmx\" \/>\n<meta name=\"twitter:site\" content=\"@Arturo_Medina_G\" \/>\n<meta name=\"twitter:label1\" content=\"Escrito por\" \/>\n\t<meta name=\"twitter:data1\" content=\"Redacci\u00f3n\" \/>\n\t<meta name=\"twitter:label2\" content=\"Tiempo de lectura\" \/>\n\t<meta name=\"twitter:data2\" content=\"2 minutos\" \/>\n<script type=\"application\/ld+json\" class=\"yoast-schema-graph\">{\"@context\":\"https:\/\/schema.org\",\"@graph\":[{\"@type\":\"Article\",\"@id\":\"https:\/\/nitu.mx\/index.php\/2022\/08\/24\/volaris-se-consolida-como-el-principal-operador-en-el-aifa\/#article\",\"isPartOf\":{\"@id\":\"https:\/\/nitu.mx\/index.php\/2022\/08\/24\/volaris-se-consolida-como-el-principal-operador-en-el-aifa\/\"},\"author\":{\"name\":\"Redacci\u00f3n\",\"@id\":\"https:\/\/nitu.mx\/#\/schema\/person\/4a28fe9bd65924f7c90623773daf1b0b\"},\"headline\":\"Volaris se consolida como el principal operador en el AIFA\",\"datePublished\":\"2022-08-25T03:32:28+00:00\",\"dateModified\":\"2022-08-25T04:53:56+00:00\",\"mainEntityOfPage\":{\"@id\":\"https:\/\/nitu.mx\/index.php\/2022\/08\/24\/volaris-se-consolida-como-el-principal-operador-en-el-aifa\/\"},\"wordCount\":360,\"commentCount\":0,\"publisher\":{\"@id\":\"https:\/\/nitu.mx\/#\/schema\/person\/ae7a53426417292d3dd07b45a33e01bc\"},\"image\":{\"@id\":\"https:\/\/nitu.mx\/index.php\/2022\/08\/24\/volaris-se-consolida-como-el-principal-operador-en-el-aifa\/#primaryimage\"},\"thumbnailUrl\":\"https:\/\/nitu.mx\/wp-content\/uploads\/2022\/04\/Volaris-lidera-operaciones-Cancu\u0301n.jpg\",\"keywords\":[\"AIFA\",\"Holger Blankenstein\",\"rutas\",\"Volaris\"],\"articleSection\":[\"Aerol\u00edneas\"],\"inLanguage\":\"es-MX\",\"potentialAction\":[{\"@type\":\"CommentAction\",\"name\":\"Comment\",\"target\":[\"https:\/\/nitu.mx\/index.php\/2022\/08\/24\/volaris-se-consolida-como-el-principal-operador-en-el-aifa\/#respond\"]}]},{\"@type\":\"WebPage\",\"@id\":\"https:\/\/nitu.mx\/index.php\/2022\/08\/24\/volaris-se-consolida-como-el-principal-operador-en-el-aifa\/\",\"url\":\"https:\/\/nitu.mx\/index.php\/2022\/08\/24\/volaris-se-consolida-como-el-principal-operador-en-el-aifa\/\",\"name\":\"Volaris se consolida como el principal operador en el AIFA - Nitu - Noticias de la Industria Turistica\",\"isPartOf\":{\"@id\":\"https:\/\/nitu.mx\/#website\"},\"primaryImageOfPage\":{\"@id\":\"https:\/\/nitu.mx\/index.php\/2022\/08\/24\/volaris-se-consolida-como-el-principal-operador-en-el-aifa\/#primaryimage\"},\"image\":{\"@id\":\"https:\/\/nitu.mx\/index.php\/2022\/08\/24\/volaris-se-consolida-como-el-principal-operador-en-el-aifa\/#primaryimage\"},\"thumbnailUrl\":\"https:\/\/nitu.mx\/wp-content\/uploads\/2022\/04\/Volaris-lidera-operaciones-Cancu\u0301n.jpg\",\"datePublished\":\"2022-08-25T03:32:28+00:00\",\"dateModified\":\"2022-08-25T04:53:56+00:00\",\"breadcrumb\":{\"@id\":\"https:\/\/nitu.mx\/index.php\/2022\/08\/24\/volaris-se-consolida-como-el-principal-operador-en-el-aifa\/#breadcrumb\"},\"inLanguage\":\"es-MX\",\"potentialAction\":[{\"@type\":\"ReadAction\",\"target\":[\"https:\/\/nitu.mx\/index.php\/2022\/08\/24\/volaris-se-consolida-como-el-principal-operador-en-el-aifa\/\"]}]},{\"@type\":\"ImageObject\",\"inLanguage\":\"es-MX\",\"@id\":\"https:\/\/nitu.mx\/index.php\/2022\/08\/24\/volaris-se-consolida-como-el-principal-operador-en-el-aifa\/#primaryimage\",\"url\":\"https:\/\/nitu.mx\/wp-content\/uploads\/2022\/04\/Volaris-lidera-operaciones-Cancu\u0301n.jpg\",\"contentUrl\":\"https:\/\/nitu.mx\/wp-content\/uploads\/2022\/04\/Volaris-lidera-operaciones-Cancu\u0301n.jpg\",\"width\":1200,\"height\":675,\"caption\":\"Volaris\"},{\"@type\":\"BreadcrumbList\",\"@id\":\"https:\/\/nitu.mx\/index.php\/2022\/08\/24\/volaris-se-consolida-como-el-principal-operador-en-el-aifa\/#breadcrumb\",\"itemListElement\":[{\"@type\":\"ListItem\",\"position\":1,\"name\":\"Inicio\",\"item\":\"https:\/\/nitu.mx\/\"},{\"@type\":\"ListItem\",\"position\":2,\"name\":\"Volaris se consolida como el principal operador en el AIFA\"}]},{\"@type\":\"WebSite\",\"@id\":\"https:\/\/nitu.mx\/#website\",\"url\":\"https:\/\/nitu.mx\/\",\"name\":\"Nitu - Noticias de la Industria Turistica\",\"description\":\"Noticias de la Industria Turistica\",\"publisher\":{\"@id\":\"https:\/\/nitu.mx\/#\/schema\/person\/ae7a53426417292d3dd07b45a33e01bc\"},\"alternateName\":\"Noticias de la Industria Turistica\",\"potentialAction\":[{\"@type\":\"SearchAction\",\"target\":{\"@type\":\"EntryPoint\",\"urlTemplate\":\"https:\/\/nitu.mx\/?s={search_term_string}\"},\"query-input\":\"required name=search_term_string\"}],\"inLanguage\":\"es-MX\"},{\"@type\":[\"Person\",\"Organization\"],\"@id\":\"https:\/\/nitu.mx\/#\/schema\/person\/ae7a53426417292d3dd07b45a33e01bc\",\"name\":\"Arturo Medina\",\"image\":{\"@type\":\"ImageObject\",\"inLanguage\":\"es-MX\",\"@id\":\"https:\/\/nitu.mx\/#\/schema\/person\/image\/\",\"url\":\"https:\/\/nitu.mx\/wp-content\/uploads\/2024\/04\/4A315622-1904-4D5C-B022-878CDC840E04-90x90-1.jpeg\",\"contentUrl\":\"https:\/\/nitu.mx\/wp-content\/uploads\/2024\/04\/4A315622-1904-4D5C-B022-878CDC840E04-90x90-1.jpeg\",\"width\":90,\"height\":90,\"caption\":\"Arturo Medina\"},\"logo\":{\"@id\":\"https:\/\/nitu.mx\/#\/schema\/person\/image\/\"},\"description\":\"Director NITU.mx, Egresado de la Escuela de Periodismo Carlos Septi\u00e9n Garc\u00eda. Periodista y analista especializado en turismo desde hace 35 a\u00f1os, radicado en Canc\u00fan Q.Roo. arturo@nitu.mx\",\"sameAs\":[\"https:\/\/nitu.mx\",\"https:\/\/www.facebook.com\/NITUmx\/\",\"medinacancun\",\"https:\/\/twitter.com\/@Arturo_Medina_G\"]},{\"@type\":\"Person\",\"@id\":\"https:\/\/nitu.mx\/#\/schema\/person\/4a28fe9bd65924f7c90623773daf1b0b\",\"name\":\"Redacci\u00f3n\",\"image\":{\"@type\":\"ImageObject\",\"inLanguage\":\"es-MX\",\"@id\":\"https:\/\/nitu.mx\/#\/schema\/person\/image\/\",\"url\":\"https:\/\/secure.gravatar.com\/avatar\/5dd011c8ccfc5cd7e4c81e42252aab38?s=96&d=mm&r=g\",\"contentUrl\":\"https:\/\/secure.gravatar.com\/avatar\/5dd011c8ccfc5cd7e4c81e42252aab38?s=96&d=mm&r=g\",\"caption\":\"Redacci\u00f3n\"},\"url\":\"https:\/\/nitu.mx\/index.php\/author\/redaccion\/\"}]}<\/script>\n<!-- \/ Yoast SEO plugin. -->","yoast_head_json":{"title":"Volaris se consolida como el principal operador en el AIFA - Nitu - Noticias de la Industria Turistica","robots":{"index":"index","follow":"follow","max-snippet":"max-snippet:-1","max-image-preview":"max-image-preview:large","max-video-preview":"max-video-preview:-1"},"canonical":"https:\/\/nitu.mx\/index.php\/2022\/08\/24\/volaris-se-consolida-como-el-principal-operador-en-el-aifa\/","twitter_card":"summary_large_image","twitter_title":"Volaris se consolida como el principal operador en el AIFA - Nitu - Noticias de la Industria Turistica","twitter_description":"Para septiembre, Volaris se convertir\u00e1 en el principal operador desde el Aeropuerto Internacional Felipe \u00c1ngeles (AIFA), con 11 rutas y 19 operaciones diarias, as\u00ed como del Sistema Aeroportuario Metropolitana. La aerol\u00ednea mexicana de bajo costo present\u00f3 nueve conexiones adicionales desde el AIFA. Las rutas a M\u00e9rida, Mexicali y Huatulco ya iniciaron operaciones, mientras que las [&hellip;]","twitter_image":"https:\/\/nitu.mx\/wp-content\/uploads\/2022\/04\/Volaris-lidera-operaciones-Cancu\u0301n.jpg","twitter_creator":"@NITUmx","twitter_site":"@Arturo_Medina_G","twitter_misc":{"Escrito por":"Redacci\u00f3n","Tiempo de lectura":"2 minutos"},"schema":{"@context":"https:\/\/schema.org","@graph":[{"@type":"Article","@id":"https:\/\/nitu.mx\/index.php\/2022\/08\/24\/volaris-se-consolida-como-el-principal-operador-en-el-aifa\/#article","isPartOf":{"@id":"https:\/\/nitu.mx\/index.php\/2022\/08\/24\/volaris-se-consolida-como-el-principal-operador-en-el-aifa\/"},"author":{"name":"Redacci\u00f3n","@id":"https:\/\/nitu.mx\/#\/schema\/person\/4a28fe9bd65924f7c90623773daf1b0b"},"headline":"Volaris se consolida como el principal operador en el AIFA","datePublished":"2022-08-25T03:32:28+00:00","dateModified":"2022-08-25T04:53:56+00:00","mainEntityOfPage":{"@id":"https:\/\/nitu.mx\/index.php\/2022\/08\/24\/volaris-se-consolida-como-el-principal-operador-en-el-aifa\/"},"wordCount":360,"commentCount":0,"publisher":{"@id":"https:\/\/nitu.mx\/#\/schema\/person\/ae7a53426417292d3dd07b45a33e01bc"},"image":{"@id":"https:\/\/nitu.mx\/index.php\/2022\/08\/24\/volaris-se-consolida-como-el-principal-operador-en-el-aifa\/#primaryimage"},"thumbnailUrl":"https:\/\/nitu.mx\/wp-content\/uploads\/2022\/04\/Volaris-lidera-operaciones-Cancu\u0301n.jpg","keywords":["AIFA","Holger Blankenstein","rutas","Volaris"],"articleSection":["Aerol\u00edneas"],"inLanguage":"es-MX","potentialAction":[{"@type":"CommentAction","name":"Comment","target":["https:\/\/nitu.mx\/index.php\/2022\/08\/24\/volaris-se-consolida-como-el-principal-operador-en-el-aifa\/#respond"]}]},{"@type":"WebPage","@id":"https:\/\/nitu.mx\/index.php\/2022\/08\/24\/volaris-se-consolida-como-el-principal-operador-en-el-aifa\/","url":"https:\/\/nitu.mx\/index.php\/2022\/08\/24\/volaris-se-consolida-como-el-principal-operador-en-el-aifa\/","name":"Volaris se consolida como el principal operador en el AIFA - Nitu - Noticias de la Industria Turistica","isPartOf":{"@id":"https:\/\/nitu.mx\/#website"},"primaryImageOfPage":{"@id":"https:\/\/nitu.mx\/index.php\/2022\/08\/24\/volaris-se-consolida-como-el-principal-operador-en-el-aifa\/#primaryimage"},"image":{"@id":"https:\/\/nitu.mx\/index.php\/2022\/08\/24\/volaris-se-consolida-como-el-principal-operador-en-el-aifa\/#primaryimage"},"thumbnailUrl":"https:\/\/nitu.mx\/wp-content\/uploads\/2022\/04\/Volaris-lidera-operaciones-Cancu\u0301n.jpg","datePublished":"2022-08-25T03:32:28+00:00","dateModified":"2022-08-25T04:53:56+00:00","breadcrumb":{"@id":"https:\/\/nitu.mx\/index.php\/2022\/08\/24\/volaris-se-consolida-como-el-principal-operador-en-el-aifa\/#breadcrumb"},"inLanguage":"es-MX","potentialAction":[{"@type":"ReadAction","target":["https:\/\/nitu.mx\/index.php\/2022\/08\/24\/volaris-se-consolida-como-el-principal-operador-en-el-aifa\/"]}]},{"@type":"ImageObject","inLanguage":"es-MX","@id":"https:\/\/nitu.mx\/index.php\/2022\/08\/24\/volaris-se-consolida-como-el-principal-operador-en-el-aifa\/#primaryimage","url":"https:\/\/nitu.mx\/wp-content\/uploads\/2022\/04\/Volaris-lidera-operaciones-Cancu\u0301n.jpg","contentUrl":"https:\/\/nitu.mx\/wp-content\/uploads\/2022\/04\/Volaris-lidera-operaciones-Cancu\u0301n.jpg","width":1200,"height":675,"caption":"Volaris"},{"@type":"BreadcrumbList","@id":"https:\/\/nitu.mx\/index.php\/2022\/08\/24\/volaris-se-consolida-como-el-principal-operador-en-el-aifa\/#breadcrumb","itemListElement":[{"@type":"ListItem","position":1,"name":"Inicio","item":"https:\/\/nitu.mx\/"},{"@type":"ListItem","position":2,"name":"Volaris se consolida como el principal operador en el AIFA"}]},{"@type":"WebSite","@id":"https:\/\/nitu.mx\/#website","url":"https:\/\/nitu.mx\/","name":"Nitu - Noticias de la Industria Turistica","description":"Noticias de la Industria Turistica","publisher":{"@id":"https:\/\/nitu.mx\/#\/schema\/person\/ae7a53426417292d3dd07b45a33e01bc"},"alternateName":"Noticias de la Industria Turistica","potentialAction":[{"@type":"SearchAction","target":{"@type":"EntryPoint","urlTemplate":"https:\/\/nitu.mx\/?s={search_term_string}"},"query-input":"required name=search_term_string"}],"inLanguage":"es-MX"},{"@type":["Person","Organization"],"@id":"https:\/\/nitu.mx\/#\/schema\/person\/ae7a53426417292d3dd07b45a33e01bc","name":"Arturo Medina","image":{"@type":"ImageObject","inLanguage":"es-MX","@id":"https:\/\/nitu.mx\/#\/schema\/person\/image\/","url":"https:\/\/nitu.mx\/wp-content\/uploads\/2024\/04\/4A315622-1904-4D5C-B022-878CDC840E04-90x90-1.jpeg","contentUrl":"https:\/\/nitu.mx\/wp-content\/uploads\/2024\/04\/4A315622-1904-4D5C-B022-878CDC840E04-90x90-1.jpeg","width":90,"height":90,"caption":"Arturo Medina"},"logo":{"@id":"https:\/\/nitu.mx\/#\/schema\/person\/image\/"},"description":"Director NITU.mx, Egresado de la Escuela de Periodismo Carlos Septi\u00e9n Garc\u00eda. Periodista y analista especializado en turismo desde hace 35 a\u00f1os, radicado en Canc\u00fan Q.Roo. arturo@nitu.mx","sameAs":["https:\/\/nitu.mx","https:\/\/www.facebook.com\/NITUmx\/","medinacancun","https:\/\/twitter.com\/@Arturo_Medina_G"]},{"@type":"Person","@id":"https:\/\/nitu.mx\/#\/schema\/person\/4a28fe9bd65924f7c90623773daf1b0b","name":"Redacci\u00f3n","image":{"@type":"ImageObject","inLanguage":"es-MX","@id":"https:\/\/nitu.mx\/#\/schema\/person\/image\/","url":"https:\/\/secure.gravatar.com\/avatar\/5dd011c8ccfc5cd7e4c81e42252aab38?s=96&d=mm&r=g","contentUrl":"https:\/\/secure.gravatar.com\/avatar\/5dd011c8ccfc5cd7e4c81e42252aab38?s=96&d=mm&r=g","caption":"Redacci\u00f3n"},"url":"https:\/\/nitu.mx\/index.php\/author\/redaccion\/"}]}},"views":673,"_links":{"self":[{"href":"https:\/\/nitu.mx\/index.php\/wp-json\/wp\/v2\/posts\/61044"}],"collection":[{"href":"https:\/\/nitu.mx\/index.php\/wp-json\/wp\/v2\/posts"}],"about":[{"href":"https:\/\/nitu.mx\/index.php\/wp-json\/wp\/v2\/types\/post"}],"author":[{"embeddable":true,"href":"https:\/\/nitu.mx\/index.php\/wp-json\/wp\/v2\/users\/17"}],"replies":[{"embeddable":true,"href":"https:\/\/nitu.mx\/index.php\/wp-json\/wp\/v2\/comments?post=61044"}],"version-history":[{"count":1,"href":"https:\/\/nitu.mx\/index.php\/wp-json\/wp\/v2\/posts\/61044\/revisions"}],"predecessor-version":[{"id":61045,"href":"https:\/\/nitu.mx\/index.php\/wp-json\/wp\/v2\/posts\/61044\/revisions\/61045"}],"wp:featuredmedia":[{"embeddable":true,"href":"https:\/\/nitu.mx\/index.php\/wp-json\/wp\/v2\/media\/58822"}],"wp:attachment":[{"href":"https:\/\/nitu.mx\/index.php\/wp-json\/wp\/v2\/media?parent=61044"}],"wp:term":[{"taxonomy":"category","embeddable":true,"href":"https:\/\/nitu.mx\/index.php\/wp-json\/wp\/v2\/categories?post=61044"},{"taxonomy":"post_tag","embeddable":true,"href":"https:\/\/nitu.mx\/index.php\/wp-json\/wp\/v2\/tags?post=61044"}],"curies":[{"name":"wp","href":"https:\/\/api.w.org\/{rel}","templated":true}]}}