{"id":60691,"date":"2022-08-02T06:23:43","date_gmt":"2022-08-02T11:23:43","guid":{"rendered":"https:\/\/www.dev.nitu.mx\/?p=60691"},"modified":"2022-08-02T06:25:49","modified_gmt":"2022-08-02T11:25:49","slug":"arde-hotel-allegro-en-cozumel","status":"publish","type":"post","link":"https:\/\/nitu.mx\/index.php\/2022\/08\/02\/arde-hotel-allegro-en-cozumel\/","title":{"rendered":"Arde hotel Allegro en Cozumel"},"content":{"rendered":"<p>La tarde de este lunes un incendio consumi\u00f3 varias palapas del hotel Allegro Cozumel, ubicado en la zona sur de la isla.<\/p>\n<p>En redes sociales circulan videos en los que pueden apreciarse la magnitud de las llamas, que fueron avivadas por el fuerte viento, lo que hizo que el fuego se expandiera con rapidez.<\/p>\n<blockquote class=\"twitter-tweet\" data-width=\"550\" data-dnt=\"true\">\n<p lang=\"es\" dir=\"ltr\">Me env\u00edan el siguiente video de Allegro <a href=\"https:\/\/twitter.com\/hashtag\/Cozumel?src=hash&amp;ref_src=twsrc%5Etfw\">#Cozumel<\/a><a href=\"https:\/\/twitter.com\/hashtag\/incendio?src=hash&amp;ref_src=twsrc%5Etfw\">#incendio<\/a> <a href=\"https:\/\/t.co\/dlkoVLwPe8\">pic.twitter.com\/dlkoVLwPe8<\/a><\/p>\n<p>&mdash; Roc\u00edo Jim\u00e9nez Mtz. (@rociojimenez15) <a href=\"https:\/\/twitter.com\/rociojimenez15\/status\/1554209775071772673?ref_src=twsrc%5Etfw\">August 1, 2022<\/a><\/p><\/blockquote>\n<p><script async src=\"https:\/\/platform.twitter.com\/widgets.js\" charset=\"utf-8\"><\/script><\/p>\n<p>De acuerdo con los primeros reportes de Protecci\u00f3n Civil de la \u00ednsula, no hay personas lesionadas.<\/p>\n<p>Hu\u00e9spedes y trabajadores del centro de hospedaje fueron evacuados. Los primeros fueron trasladados en las patrullas de la Guardia Nacional a otro centro de hospedaje del cual no se dieron datos.<\/p>\n<p>Carmen Cruz Z\u00fa\u00f1iga, representante de la CROC en la isla, inform\u00f3 que s\u00f3lo se atendi\u00f3 a algunos miembros del <i>staff<\/i> (integrado por 187 personas) por crisis nerviosa, y que se sigui\u00f3 el protocolo en caso de incendio predeterminado.<\/p>\n<p>Detall\u00f3 que el hotel, que tiene 210 habitaciones, estaba al 80 por ciento de ocupaci\u00f3n. Los hu\u00e9spedes junto a sus pertenencias fueron salvaguardados y dijo desconocer si el lugar se encuentra en condiciones de seguir operando, lo cual ser\u00e1 determinado por Protecci\u00f3n Civil.<\/p>\n<p>Por su parte, los bomberos ya controlaron las llamas, mientras que los inspectores de Protecci\u00f3n Civil investigan las causas del incendio, que se presume fue un cortocircuito en un \u00e1rea por determinar.<\/p>\n","protected":false},"excerpt":{"rendered":"<p>La tarde de este lunes un incendio consumi\u00f3 varias palapas del hotel Allegro Cozumel, ubicado en la zona sur de la isla. En redes sociales circulan videos en los que pueden apreciarse la magnitud de las llamas, que fueron avivadas por el fuerte viento, lo que hizo que el fuego se expandiera con rapidez. Me [&hellip;]<\/p>\n","protected":false},"author":2,"featured_media":60693,"comment_status":"open","ping_status":"open","sticky":false,"template":"","format":"standard","meta":{"footnotes":""},"categories":[2],"tags":[870,110],"yoast_head":"<!-- This site is optimized with the Yoast SEO plugin v22.2 - https:\/\/yoast.com\/wordpress\/plugins\/seo\/ -->\n<title>Arde hotel Allegro en Cozumel - Nitu - Noticias de la Industria Turistica<\/title>\n<meta name=\"robots\" content=\"index, follow, max-snippet:-1, max-image-preview:large, max-video-preview:-1\" \/>\n<link rel=\"canonical\" href=\"https:\/\/nitu.mx\/index.php\/2022\/08\/02\/arde-hotel-allegro-en-cozumel\/\" \/>\n<meta name=\"twitter:card\" content=\"summary_large_image\" \/>\n<meta name=\"twitter:title\" content=\"Arde hotel Allegro en Cozumel - Nitu - Noticias de la Industria Turistica\" \/>\n<meta name=\"twitter:description\" content=\"La tarde de este lunes un incendio consumi\u00f3 varias palapas del hotel Allegro Cozumel, ubicado en la zona sur de la isla. En redes sociales circulan videos en los que pueden apreciarse la magnitud de las llamas, que fueron avivadas por el fuerte viento, lo que hizo que el fuego se expandiera con rapidez. Me [&hellip;]\" \/>\n<meta name=\"twitter:image\" content=\"https:\/\/nitu.mx\/wp-content\/uploads\/2022\/08\/841D25C4-26EB-42E5-9E08-64F34127E24A.jpeg\" \/>\n<meta name=\"twitter:creator\" content=\"@Arturo_Medina_G\" \/>\n<meta name=\"twitter:site\" content=\"@Arturo_Medina_G\" \/>\n<meta name=\"twitter:label1\" content=\"Escrito por\" \/>\n\t<meta name=\"twitter:data1\" content=\"Arturo Medina\" \/>\n\t<meta name=\"twitter:label2\" content=\"Tiempo de lectura\" \/>\n\t<meta name=\"twitter:data2\" content=\"1 minuto\" \/>\n<script type=\"application\/ld+json\" class=\"yoast-schema-graph\">{\"@context\":\"https:\/\/schema.org\",\"@graph\":[{\"@type\":\"Article\",\"@id\":\"https:\/\/nitu.mx\/index.php\/2022\/08\/02\/arde-hotel-allegro-en-cozumel\/#article\",\"isPartOf\":{\"@id\":\"https:\/\/nitu.mx\/index.php\/2022\/08\/02\/arde-hotel-allegro-en-cozumel\/\"},\"author\":{\"name\":\"Arturo Medina\",\"@id\":\"https:\/\/nitu.mx\/#\/schema\/person\/ae7a53426417292d3dd07b45a33e01bc\"},\"headline\":\"Arde hotel Allegro en Cozumel\",\"datePublished\":\"2022-08-02T11:23:43+00:00\",\"dateModified\":\"2022-08-02T11:25:49+00:00\",\"mainEntityOfPage\":{\"@id\":\"https:\/\/nitu.mx\/index.php\/2022\/08\/02\/arde-hotel-allegro-en-cozumel\/\"},\"wordCount\":236,\"commentCount\":0,\"publisher\":{\"@id\":\"https:\/\/nitu.mx\/#\/schema\/person\/ae7a53426417292d3dd07b45a33e01bc\"},\"image\":{\"@id\":\"https:\/\/nitu.mx\/index.php\/2022\/08\/02\/arde-hotel-allegro-en-cozumel\/#primaryimage\"},\"thumbnailUrl\":\"https:\/\/nitu.mx\/wp-content\/uploads\/2022\/08\/841D25C4-26EB-42E5-9E08-64F34127E24A.jpeg\",\"keywords\":[\"Allegro Hotels\",\"Cozumel\"],\"articleSection\":[\"Hoteles\"],\"inLanguage\":\"es-MX\",\"potentialAction\":[{\"@type\":\"CommentAction\",\"name\":\"Comment\",\"target\":[\"https:\/\/nitu.mx\/index.php\/2022\/08\/02\/arde-hotel-allegro-en-cozumel\/#respond\"]}]},{\"@type\":\"WebPage\",\"@id\":\"https:\/\/nitu.mx\/index.php\/2022\/08\/02\/arde-hotel-allegro-en-cozumel\/\",\"url\":\"https:\/\/nitu.mx\/index.php\/2022\/08\/02\/arde-hotel-allegro-en-cozumel\/\",\"name\":\"Arde hotel Allegro en Cozumel - Nitu - Noticias de la Industria Turistica\",\"isPartOf\":{\"@id\":\"https:\/\/nitu.mx\/#website\"},\"primaryImageOfPage\":{\"@id\":\"https:\/\/nitu.mx\/index.php\/2022\/08\/02\/arde-hotel-allegro-en-cozumel\/#primaryimage\"},\"image\":{\"@id\":\"https:\/\/nitu.mx\/index.php\/2022\/08\/02\/arde-hotel-allegro-en-cozumel\/#primaryimage\"},\"thumbnailUrl\":\"https:\/\/nitu.mx\/wp-content\/uploads\/2022\/08\/841D25C4-26EB-42E5-9E08-64F34127E24A.jpeg\",\"datePublished\":\"2022-08-02T11:23:43+00:00\",\"dateModified\":\"2022-08-02T11:25:49+00:00\",\"breadcrumb\":{\"@id\":\"https:\/\/nitu.mx\/index.php\/2022\/08\/02\/arde-hotel-allegro-en-cozumel\/#breadcrumb\"},\"inLanguage\":\"es-MX\",\"potentialAction\":[{\"@type\":\"ReadAction\",\"target\":[\"https:\/\/nitu.mx\/index.php\/2022\/08\/02\/arde-hotel-allegro-en-cozumel\/\"]}]},{\"@type\":\"ImageObject\",\"inLanguage\":\"es-MX\",\"@id\":\"https:\/\/nitu.mx\/index.php\/2022\/08\/02\/arde-hotel-allegro-en-cozumel\/#primaryimage\",\"url\":\"https:\/\/nitu.mx\/wp-content\/uploads\/2022\/08\/841D25C4-26EB-42E5-9E08-64F34127E24A.jpeg\",\"contentUrl\":\"https:\/\/nitu.mx\/wp-content\/uploads\/2022\/08\/841D25C4-26EB-42E5-9E08-64F34127E24A.jpeg\",\"width\":600,\"height\":400},{\"@type\":\"BreadcrumbList\",\"@id\":\"https:\/\/nitu.mx\/index.php\/2022\/08\/02\/arde-hotel-allegro-en-cozumel\/#breadcrumb\",\"itemListElement\":[{\"@type\":\"ListItem\",\"position\":1,\"name\":\"Inicio\",\"item\":\"https:\/\/nitu.mx\/\"},{\"@type\":\"ListItem\",\"position\":2,\"name\":\"Arde hotel Allegro en Cozumel\"}]},{\"@type\":\"WebSite\",\"@id\":\"https:\/\/nitu.mx\/#website\",\"url\":\"https:\/\/nitu.mx\/\",\"name\":\"Nitu - Noticias de la Industria Turistica\",\"description\":\"Noticias de la Industria Turistica\",\"publisher\":{\"@id\":\"https:\/\/nitu.mx\/#\/schema\/person\/ae7a53426417292d3dd07b45a33e01bc\"},\"alternateName\":\"Noticias de la Industria Turistica\",\"potentialAction\":[{\"@type\":\"SearchAction\",\"target\":{\"@type\":\"EntryPoint\",\"urlTemplate\":\"https:\/\/nitu.mx\/?s={search_term_string}\"},\"query-input\":\"required name=search_term_string\"}],\"inLanguage\":\"es-MX\"},{\"@type\":[\"Person\",\"Organization\"],\"@id\":\"https:\/\/nitu.mx\/#\/schema\/person\/ae7a53426417292d3dd07b45a33e01bc\",\"name\":\"Arturo Medina\",\"image\":{\"@type\":\"ImageObject\",\"inLanguage\":\"es-MX\",\"@id\":\"https:\/\/nitu.mx\/#\/schema\/person\/image\/\",\"url\":\"https:\/\/nitu.mx\/wp-content\/uploads\/2024\/04\/4A315622-1904-4D5C-B022-878CDC840E04-90x90-1.jpeg\",\"contentUrl\":\"https:\/\/nitu.mx\/wp-content\/uploads\/2024\/04\/4A315622-1904-4D5C-B022-878CDC840E04-90x90-1.jpeg\",\"width\":90,\"height\":90,\"caption\":\"Arturo Medina\"},\"logo\":{\"@id\":\"https:\/\/nitu.mx\/#\/schema\/person\/image\/\"},\"description\":\"Director NITU.mx, Egresado de la Escuela de Periodismo Carlos Septi\u00e9n Garc\u00eda. Periodista y analista especializado en turismo desde hace 35 a\u00f1os, radicado en Canc\u00fan Q.Roo. arturo@nitu.mx\",\"sameAs\":[\"https:\/\/nitu.mx\",\"https:\/\/www.facebook.com\/NITUmx\/\",\"medinacancun\",\"https:\/\/twitter.com\/@Arturo_Medina_G\"],\"url\":\"https:\/\/nitu.mx\/index.php\/author\/arturo-medina\/\"}]}<\/script>\n<!-- \/ Yoast SEO plugin. -->","yoast_head_json":{"title":"Arde hotel Allegro en Cozumel - Nitu - Noticias de la Industria Turistica","robots":{"index":"index","follow":"follow","max-snippet":"max-snippet:-1","max-image-preview":"max-image-preview:large","max-video-preview":"max-video-preview:-1"},"canonical":"https:\/\/nitu.mx\/index.php\/2022\/08\/02\/arde-hotel-allegro-en-cozumel\/","twitter_card":"summary_large_image","twitter_title":"Arde hotel Allegro en Cozumel - Nitu - Noticias de la Industria Turistica","twitter_description":"La tarde de este lunes un incendio consumi\u00f3 varias palapas del hotel Allegro Cozumel, ubicado en la zona sur de la isla. En redes sociales circulan videos en los que pueden apreciarse la magnitud de las llamas, que fueron avivadas por el fuerte viento, lo que hizo que el fuego se expandiera con rapidez. Me [&hellip;]","twitter_image":"https:\/\/nitu.mx\/wp-content\/uploads\/2022\/08\/841D25C4-26EB-42E5-9E08-64F34127E24A.jpeg","twitter_creator":"@Arturo_Medina_G","twitter_site":"@Arturo_Medina_G","twitter_misc":{"Escrito por":"Arturo Medina","Tiempo de lectura":"1 minuto"},"schema":{"@context":"https:\/\/schema.org","@graph":[{"@type":"Article","@id":"https:\/\/nitu.mx\/index.php\/2022\/08\/02\/arde-hotel-allegro-en-cozumel\/#article","isPartOf":{"@id":"https:\/\/nitu.mx\/index.php\/2022\/08\/02\/arde-hotel-allegro-en-cozumel\/"},"author":{"name":"Arturo Medina","@id":"https:\/\/nitu.mx\/#\/schema\/person\/ae7a53426417292d3dd07b45a33e01bc"},"headline":"Arde hotel Allegro en Cozumel","datePublished":"2022-08-02T11:23:43+00:00","dateModified":"2022-08-02T11:25:49+00:00","mainEntityOfPage":{"@id":"https:\/\/nitu.mx\/index.php\/2022\/08\/02\/arde-hotel-allegro-en-cozumel\/"},"wordCount":236,"commentCount":0,"publisher":{"@id":"https:\/\/nitu.mx\/#\/schema\/person\/ae7a53426417292d3dd07b45a33e01bc"},"image":{"@id":"https:\/\/nitu.mx\/index.php\/2022\/08\/02\/arde-hotel-allegro-en-cozumel\/#primaryimage"},"thumbnailUrl":"https:\/\/nitu.mx\/wp-content\/uploads\/2022\/08\/841D25C4-26EB-42E5-9E08-64F34127E24A.jpeg","keywords":["Allegro Hotels","Cozumel"],"articleSection":["Hoteles"],"inLanguage":"es-MX","potentialAction":[{"@type":"CommentAction","name":"Comment","target":["https:\/\/nitu.mx\/index.php\/2022\/08\/02\/arde-hotel-allegro-en-cozumel\/#respond"]}]},{"@type":"WebPage","@id":"https:\/\/nitu.mx\/index.php\/2022\/08\/02\/arde-hotel-allegro-en-cozumel\/","url":"https:\/\/nitu.mx\/index.php\/2022\/08\/02\/arde-hotel-allegro-en-cozumel\/","name":"Arde hotel Allegro en Cozumel - Nitu - Noticias de la Industria Turistica","isPartOf":{"@id":"https:\/\/nitu.mx\/#website"},"primaryImageOfPage":{"@id":"https:\/\/nitu.mx\/index.php\/2022\/08\/02\/arde-hotel-allegro-en-cozumel\/#primaryimage"},"image":{"@id":"https:\/\/nitu.mx\/index.php\/2022\/08\/02\/arde-hotel-allegro-en-cozumel\/#primaryimage"},"thumbnailUrl":"https:\/\/nitu.mx\/wp-content\/uploads\/2022\/08\/841D25C4-26EB-42E5-9E08-64F34127E24A.jpeg","datePublished":"2022-08-02T11:23:43+00:00","dateModified":"2022-08-02T11:25:49+00:00","breadcrumb":{"@id":"https:\/\/nitu.mx\/index.php\/2022\/08\/02\/arde-hotel-allegro-en-cozumel\/#breadcrumb"},"inLanguage":"es-MX","potentialAction":[{"@type":"ReadAction","target":["https:\/\/nitu.mx\/index.php\/2022\/08\/02\/arde-hotel-allegro-en-cozumel\/"]}]},{"@type":"ImageObject","inLanguage":"es-MX","@id":"https:\/\/nitu.mx\/index.php\/2022\/08\/02\/arde-hotel-allegro-en-cozumel\/#primaryimage","url":"https:\/\/nitu.mx\/wp-content\/uploads\/2022\/08\/841D25C4-26EB-42E5-9E08-64F34127E24A.jpeg","contentUrl":"https:\/\/nitu.mx\/wp-content\/uploads\/2022\/08\/841D25C4-26EB-42E5-9E08-64F34127E24A.jpeg","width":600,"height":400},{"@type":"BreadcrumbList","@id":"https:\/\/nitu.mx\/index.php\/2022\/08\/02\/arde-hotel-allegro-en-cozumel\/#breadcrumb","itemListElement":[{"@type":"ListItem","position":1,"name":"Inicio","item":"https:\/\/nitu.mx\/"},{"@type":"ListItem","position":2,"name":"Arde hotel Allegro en Cozumel"}]},{"@type":"WebSite","@id":"https:\/\/nitu.mx\/#website","url":"https:\/\/nitu.mx\/","name":"Nitu - Noticias de la Industria Turistica","description":"Noticias de la Industria Turistica","publisher":{"@id":"https:\/\/nitu.mx\/#\/schema\/person\/ae7a53426417292d3dd07b45a33e01bc"},"alternateName":"Noticias de la Industria Turistica","potentialAction":[{"@type":"SearchAction","target":{"@type":"EntryPoint","urlTemplate":"https:\/\/nitu.mx\/?s={search_term_string}"},"query-input":"required name=search_term_string"}],"inLanguage":"es-MX"},{"@type":["Person","Organization"],"@id":"https:\/\/nitu.mx\/#\/schema\/person\/ae7a53426417292d3dd07b45a33e01bc","name":"Arturo Medina","image":{"@type":"ImageObject","inLanguage":"es-MX","@id":"https:\/\/nitu.mx\/#\/schema\/person\/image\/","url":"https:\/\/nitu.mx\/wp-content\/uploads\/2024\/04\/4A315622-1904-4D5C-B022-878CDC840E04-90x90-1.jpeg","contentUrl":"https:\/\/nitu.mx\/wp-content\/uploads\/2024\/04\/4A315622-1904-4D5C-B022-878CDC840E04-90x90-1.jpeg","width":90,"height":90,"caption":"Arturo Medina"},"logo":{"@id":"https:\/\/nitu.mx\/#\/schema\/person\/image\/"},"description":"Director NITU.mx, Egresado de la Escuela de Periodismo Carlos Septi\u00e9n Garc\u00eda. Periodista y analista especializado en turismo desde hace 35 a\u00f1os, radicado en Canc\u00fan Q.Roo. arturo@nitu.mx","sameAs":["https:\/\/nitu.mx","https:\/\/www.facebook.com\/NITUmx\/","medinacancun","https:\/\/twitter.com\/@Arturo_Medina_G"],"url":"https:\/\/nitu.mx\/index.php\/author\/arturo-medina\/"}]}},"views":252,"_links":{"self":[{"href":"https:\/\/nitu.mx\/index.php\/wp-json\/wp\/v2\/posts\/60691"}],"collection":[{"href":"https:\/\/nitu.mx\/index.php\/wp-json\/wp\/v2\/posts"}],"about":[{"href":"https:\/\/nitu.mx\/index.php\/wp-json\/wp\/v2\/types\/post"}],"author":[{"embeddable":true,"href":"https:\/\/nitu.mx\/index.php\/wp-json\/wp\/v2\/users\/2"}],"replies":[{"embeddable":true,"href":"https:\/\/nitu.mx\/index.php\/wp-json\/wp\/v2\/comments?post=60691"}],"version-history":[{"count":2,"href":"https:\/\/nitu.mx\/index.php\/wp-json\/wp\/v2\/posts\/60691\/revisions"}],"predecessor-version":[{"id":60694,"href":"https:\/\/nitu.mx\/index.php\/wp-json\/wp\/v2\/posts\/60691\/revisions\/60694"}],"wp:featuredmedia":[{"embeddable":true,"href":"https:\/\/nitu.mx\/index.php\/wp-json\/wp\/v2\/media\/60693"}],"wp:attachment":[{"href":"https:\/\/nitu.mx\/index.php\/wp-json\/wp\/v2\/media?parent=60691"}],"wp:term":[{"taxonomy":"category","embeddable":true,"href":"https:\/\/nitu.mx\/index.php\/wp-json\/wp\/v2\/categories?post=60691"},{"taxonomy":"post_tag","embeddable":true,"href":"https:\/\/nitu.mx\/index.php\/wp-json\/wp\/v2\/tags?post=60691"}],"curies":[{"name":"wp","href":"https:\/\/api.w.org\/{rel}","templated":true}]}}