{"id":60642,"date":"2022-07-29T00:29:09","date_gmt":"2022-07-29T05:29:09","guid":{"rendered":"https:\/\/www.dev.nitu.mx\/?p=60642"},"modified":"2022-07-29T00:36:21","modified_gmt":"2022-07-29T05:36:21","slug":"sectur-estima-mas-de-51-millones-de-turistas-en-mexico-este-verano","status":"publish","type":"post","link":"https:\/\/nitu.mx\/index.php\/2022\/07\/29\/sectur-estima-mas-de-51-millones-de-turistas-en-mexico-este-verano\/","title":{"rendered":"Sectur estima m\u00e1s de 51 millones de turistas en M\u00e9xico este verano"},"content":{"rendered":"<p>Al dar el banderazo al Operativo Vacacional Verano 2022 en La Paz, Baja California Sur, el subsecretario de Turismo, Humberto Hern\u00e1ndez Haddad inform\u00f3 que en este periodo se prev\u00e9 la llegada de 51 millones 765 mil turistas, de los cuales 22 millones 291 mil se hospedar\u00e1n en hotel, 78% nacionales y 22% extranjeros, significando un incremento del 14.5% comparado con el mismo periodo del 2021, y una recuperaci\u00f3n del 92.3%, respecto a 2019.<\/p>\n<p>Indic\u00f3 que a su vez, 29 millones 474 mil turistas, 90.8% nacionales y 9.2% extranjeros, se alojar\u00e1n en otra forma de hospedaje, ya sea en casa de familiares y amigos o en segundas residencias.<\/p>\n<p>Asimismo, se\u00f1al\u00f3 que se prev\u00e9 una derrama econ\u00f3mica por concepto de hospedaje de 59 mil 93 millones de pesos, que aunado a otros servicios, alcanzar\u00e1 un consumo tur\u00edstico de 649 mil 25 millones de pesos.<\/p>\n<p>La ocupaci\u00f3n hotelera promedio a nivel nacional, se espera sea del 57.8%, esto es, 12.3 puntos porcentuales m\u00e1s que en los meses de julio y agosto de 2021, que fue de 45.5%, apunt\u00f3 Hern\u00e1ndez Haddad.<\/p>\n<p>El subsecretario de Turismo subray\u00f3 que el Operativo Vacacional Verano 2022 se aplicar\u00e1 del 29 de julio al 28 de agosto, y se desplegar\u00e1n m\u00e1s de 700 elementos de \u00c1ngeles Verdes, distribuidos en 198 tramos carreteros, que representan una cobertura de 37 mil kil\u00f3metros.<\/p>\n<p>Para ello, har\u00e1n uso de 188 radio-patrullas, 42 gr\u00faas y 54 remolques tipo camper, con lo que se espera dar atenci\u00f3n a 45 mil 240 turistas, recorriendo m\u00e1s de 899 mil 251 kil\u00f3metros, y recibir alrededor de 2 mil 260 llamadas de emergencia a trav\u00e9s del 078.<\/p>\n<p>Adem\u00e1s, este operativo es un ejercicio transversal de protecci\u00f3n tur\u00edstica, donde trabajan en estrecha vinculaci\u00f3n otras dependencias de gobierno como Secretar\u00eda de Marina, Secretar\u00eda de la Defensa Nacional, Guardia Nacional, Instituto Nacional de Migraci\u00f3n, Banj\u00e9rcito, Caminos y Puentes Federales, Procuradur\u00eda Federal del Consumidor, el Servicio de Administraci\u00f3n Tributaria, entre otras.<\/p>\n<p>Hern\u00e1ndez Haddad destac\u00f3 que el periodo vacacional Verano 2022 contribuir\u00e1 al fortalecimiento de nuestro turismo, en el que los visitantes podr\u00e1n disfrutar de la riqueza tur\u00edstica de destinos como Baja California Sur, en donde destacan sus dos enigm\u00e1ticos Pueblos M\u00e1gicos, \u201cTodos Santos\u201d y \u201cLoreto\u201d, as\u00ed como sus tres maravillosos Sitios Patrimonio de la Humanidad: el Santuario de Ballenas de El Vizca\u00edno, las Pinturas rupestres de la Sierra de San Francisco y las Islas y \u00c1reas Protegidas del Golfo de California.<\/p>\n<p>Por su parte, el gobernador de Baja California Sur, V\u00edctor Manuel Castro Cos\u00edo, agradeci\u00f3 el respaldo del gobierno federal y dijo que, si bien es cierto el turismo es motor de la econom\u00eda de la entidad, se debe trabajar para tener mejores inversiones, porque si hay desarrollo, hay desarrollo, bienestar y paz.<\/p>\n<p>En su oportunidad, la secretaria de Turismo y Econom\u00eda de Baja California Sur, Rosa Maribel Collins S\u00e1nchez, coment\u00f3: \u201cCelebramos hoy la distinci\u00f3n que nos hace la Secretar\u00eda de Turismo del Gobierno de M\u00e9xico de dar el banderazo nacional para el Periodo Vacacional de Verano 2022. Es la primera vez que recibimos tal distinci\u00f3n y qu\u00e9 mejor que hacerlo en La Paz, ciudad que hace honor a su nombre\u201d.<\/p>\n<p>Agreg\u00f3 que el turismo implica poner en sinton\u00eda muchas materias, entre ellas, seguridad. \u201cSobre todo este \u00faltimo rengl\u00f3n, es sustantivo para que la experiencia de viaje sea placentera e inolvidable\u201d, dijo.\u00a0<a title=\"PriceTravel reporta alta demanda en paquetes para familias en verano\" href=\"https:\/\/www.dev.nitu.mx\/index.php\/2022\/07\/11\/pricetravel-reporta-alta-demanda-en-paquetes-para-familias-en-verano\/\" rel=\"bookmark\">(PriceTravel reporta alta demanda en paquetes para familias en verano<\/a>)<\/p>\n","protected":false},"excerpt":{"rendered":"<p>Al dar el banderazo al Operativo Vacacional Verano 2022 en La Paz, Baja California Sur, el subsecretario de Turismo, Humberto Hern\u00e1ndez Haddad inform\u00f3 que en este periodo se prev\u00e9 la llegada de 51 millones 765 mil turistas, de los cuales 22 millones 291 mil se hospedar\u00e1n en hotel, 78% nacionales y 22% extranjeros, significando un [&hellip;]<\/p>\n","protected":false},"author":17,"featured_media":60644,"comment_status":"open","ping_status":"open","sticky":false,"template":"","format":"standard","meta":{"footnotes":""},"categories":[5],"tags":[167,13643,132,5132,93],"yoast_head":"<!-- This site is optimized with the Yoast SEO plugin v22.2 - https:\/\/yoast.com\/wordpress\/plugins\/seo\/ -->\n<title>Sectur estima m\u00e1s de 51 millones de turistas en M\u00e9xico este verano - Nitu - Noticias de la Industria Turistica<\/title>\n<meta name=\"robots\" content=\"index, follow, max-snippet:-1, max-image-preview:large, max-video-preview:-1\" \/>\n<link rel=\"canonical\" href=\"https:\/\/nitu.mx\/index.php\/2022\/07\/29\/sectur-estima-mas-de-51-millones-de-turistas-en-mexico-este-verano\/\" \/>\n<meta name=\"twitter:card\" content=\"summary_large_image\" \/>\n<meta name=\"twitter:title\" content=\"Sectur estima m\u00e1s de 51 millones de turistas en M\u00e9xico este verano - Nitu - Noticias de la Industria Turistica\" \/>\n<meta name=\"twitter:description\" content=\"Al dar el banderazo al Operativo Vacacional Verano 2022 en La Paz, Baja California Sur, el subsecretario de Turismo, Humberto Hern\u00e1ndez Haddad inform\u00f3 que en este periodo se prev\u00e9 la llegada de 51 millones 765 mil turistas, de los cuales 22 millones 291 mil se hospedar\u00e1n en hotel, 78% nacionales y 22% extranjeros, significando un [&hellip;]\" \/>\n<meta name=\"twitter:image\" content=\"https:\/\/nitu.mx\/wp-content\/uploads\/2022\/07\/Banderazo-de-Operarivo-Vacacional-2022.jpg\" \/>\n<meta name=\"twitter:creator\" content=\"@NITUmx\" \/>\n<meta name=\"twitter:site\" content=\"@Arturo_Medina_G\" \/>\n<meta name=\"twitter:label1\" content=\"Escrito por\" \/>\n\t<meta name=\"twitter:data1\" content=\"Redacci\u00f3n\" \/>\n\t<meta name=\"twitter:label2\" content=\"Tiempo de lectura\" \/>\n\t<meta name=\"twitter:data2\" content=\"3 minutos\" \/>\n<script type=\"application\/ld+json\" class=\"yoast-schema-graph\">{\"@context\":\"https:\/\/schema.org\",\"@graph\":[{\"@type\":\"Article\",\"@id\":\"https:\/\/nitu.mx\/index.php\/2022\/07\/29\/sectur-estima-mas-de-51-millones-de-turistas-en-mexico-este-verano\/#article\",\"isPartOf\":{\"@id\":\"https:\/\/nitu.mx\/index.php\/2022\/07\/29\/sectur-estima-mas-de-51-millones-de-turistas-en-mexico-este-verano\/\"},\"author\":{\"name\":\"Redacci\u00f3n\",\"@id\":\"https:\/\/nitu.mx\/#\/schema\/person\/4a28fe9bd65924f7c90623773daf1b0b\"},\"headline\":\"Sectur estima m\u00e1s de 51 millones de turistas en M\u00e9xico este verano\",\"datePublished\":\"2022-07-29T05:29:09+00:00\",\"dateModified\":\"2022-07-29T05:36:21+00:00\",\"mainEntityOfPage\":{\"@id\":\"https:\/\/nitu.mx\/index.php\/2022\/07\/29\/sectur-estima-mas-de-51-millones-de-turistas-en-mexico-este-verano\/\"},\"wordCount\":577,\"commentCount\":0,\"publisher\":{\"@id\":\"https:\/\/nitu.mx\/#\/schema\/person\/ae7a53426417292d3dd07b45a33e01bc\"},\"image\":{\"@id\":\"https:\/\/nitu.mx\/index.php\/2022\/07\/29\/sectur-estima-mas-de-51-millones-de-turistas-en-mexico-este-verano\/#primaryimage\"},\"thumbnailUrl\":\"https:\/\/nitu.mx\/wp-content\/uploads\/2022\/07\/Banderazo-de-Operarivo-Vacacional-2022.jpg\",\"keywords\":[\"Baja California Sur\",\"Humberto Hern\u00e1ndez Haddad\",\"La Paz\",\"Operativo Vacacional de Verano\",\"Sectur\"],\"articleSection\":[\"Destinos\"],\"inLanguage\":\"es-MX\",\"potentialAction\":[{\"@type\":\"CommentAction\",\"name\":\"Comment\",\"target\":[\"https:\/\/nitu.mx\/index.php\/2022\/07\/29\/sectur-estima-mas-de-51-millones-de-turistas-en-mexico-este-verano\/#respond\"]}]},{\"@type\":\"WebPage\",\"@id\":\"https:\/\/nitu.mx\/index.php\/2022\/07\/29\/sectur-estima-mas-de-51-millones-de-turistas-en-mexico-este-verano\/\",\"url\":\"https:\/\/nitu.mx\/index.php\/2022\/07\/29\/sectur-estima-mas-de-51-millones-de-turistas-en-mexico-este-verano\/\",\"name\":\"Sectur estima m\u00e1s de 51 millones de turistas en M\u00e9xico este verano - Nitu - Noticias de la Industria Turistica\",\"isPartOf\":{\"@id\":\"https:\/\/nitu.mx\/#website\"},\"primaryImageOfPage\":{\"@id\":\"https:\/\/nitu.mx\/index.php\/2022\/07\/29\/sectur-estima-mas-de-51-millones-de-turistas-en-mexico-este-verano\/#primaryimage\"},\"image\":{\"@id\":\"https:\/\/nitu.mx\/index.php\/2022\/07\/29\/sectur-estima-mas-de-51-millones-de-turistas-en-mexico-este-verano\/#primaryimage\"},\"thumbnailUrl\":\"https:\/\/nitu.mx\/wp-content\/uploads\/2022\/07\/Banderazo-de-Operarivo-Vacacional-2022.jpg\",\"datePublished\":\"2022-07-29T05:29:09+00:00\",\"dateModified\":\"2022-07-29T05:36:21+00:00\",\"breadcrumb\":{\"@id\":\"https:\/\/nitu.mx\/index.php\/2022\/07\/29\/sectur-estima-mas-de-51-millones-de-turistas-en-mexico-este-verano\/#breadcrumb\"},\"inLanguage\":\"es-MX\",\"potentialAction\":[{\"@type\":\"ReadAction\",\"target\":[\"https:\/\/nitu.mx\/index.php\/2022\/07\/29\/sectur-estima-mas-de-51-millones-de-turistas-en-mexico-este-verano\/\"]}]},{\"@type\":\"ImageObject\",\"inLanguage\":\"es-MX\",\"@id\":\"https:\/\/nitu.mx\/index.php\/2022\/07\/29\/sectur-estima-mas-de-51-millones-de-turistas-en-mexico-este-verano\/#primaryimage\",\"url\":\"https:\/\/nitu.mx\/wp-content\/uploads\/2022\/07\/Banderazo-de-Operarivo-Vacacional-2022.jpg\",\"contentUrl\":\"https:\/\/nitu.mx\/wp-content\/uploads\/2022\/07\/Banderazo-de-Operarivo-Vacacional-2022.jpg\",\"width\":1200,\"height\":675,\"caption\":\"Verano 2022\"},{\"@type\":\"BreadcrumbList\",\"@id\":\"https:\/\/nitu.mx\/index.php\/2022\/07\/29\/sectur-estima-mas-de-51-millones-de-turistas-en-mexico-este-verano\/#breadcrumb\",\"itemListElement\":[{\"@type\":\"ListItem\",\"position\":1,\"name\":\"Inicio\",\"item\":\"https:\/\/nitu.mx\/\"},{\"@type\":\"ListItem\",\"position\":2,\"name\":\"Sectur estima m\u00e1s de 51 millones de turistas en M\u00e9xico este verano\"}]},{\"@type\":\"WebSite\",\"@id\":\"https:\/\/nitu.mx\/#website\",\"url\":\"https:\/\/nitu.mx\/\",\"name\":\"Nitu - Noticias de la Industria Turistica\",\"description\":\"Noticias de la Industria Turistica\",\"publisher\":{\"@id\":\"https:\/\/nitu.mx\/#\/schema\/person\/ae7a53426417292d3dd07b45a33e01bc\"},\"alternateName\":\"Noticias de la Industria Turistica\",\"potentialAction\":[{\"@type\":\"SearchAction\",\"target\":{\"@type\":\"EntryPoint\",\"urlTemplate\":\"https:\/\/nitu.mx\/?s={search_term_string}\"},\"query-input\":\"required name=search_term_string\"}],\"inLanguage\":\"es-MX\"},{\"@type\":[\"Person\",\"Organization\"],\"@id\":\"https:\/\/nitu.mx\/#\/schema\/person\/ae7a53426417292d3dd07b45a33e01bc\",\"name\":\"Arturo Medina\",\"image\":{\"@type\":\"ImageObject\",\"inLanguage\":\"es-MX\",\"@id\":\"https:\/\/nitu.mx\/#\/schema\/person\/image\/\",\"url\":\"https:\/\/nitu.mx\/wp-content\/uploads\/2024\/04\/4A315622-1904-4D5C-B022-878CDC840E04-90x90-1.jpeg\",\"contentUrl\":\"https:\/\/nitu.mx\/wp-content\/uploads\/2024\/04\/4A315622-1904-4D5C-B022-878CDC840E04-90x90-1.jpeg\",\"width\":90,\"height\":90,\"caption\":\"Arturo Medina\"},\"logo\":{\"@id\":\"https:\/\/nitu.mx\/#\/schema\/person\/image\/\"},\"description\":\"Director NITU.mx, Egresado de la Escuela de Periodismo Carlos Septi\u00e9n Garc\u00eda. Periodista y analista especializado en turismo desde hace 35 a\u00f1os, radicado en Canc\u00fan Q.Roo. arturo@nitu.mx\",\"sameAs\":[\"https:\/\/nitu.mx\",\"https:\/\/www.facebook.com\/NITUmx\/\",\"medinacancun\",\"https:\/\/twitter.com\/@Arturo_Medina_G\"]},{\"@type\":\"Person\",\"@id\":\"https:\/\/nitu.mx\/#\/schema\/person\/4a28fe9bd65924f7c90623773daf1b0b\",\"name\":\"Redacci\u00f3n\",\"image\":{\"@type\":\"ImageObject\",\"inLanguage\":\"es-MX\",\"@id\":\"https:\/\/nitu.mx\/#\/schema\/person\/image\/\",\"url\":\"https:\/\/secure.gravatar.com\/avatar\/5dd011c8ccfc5cd7e4c81e42252aab38?s=96&d=mm&r=g\",\"contentUrl\":\"https:\/\/secure.gravatar.com\/avatar\/5dd011c8ccfc5cd7e4c81e42252aab38?s=96&d=mm&r=g\",\"caption\":\"Redacci\u00f3n\"},\"url\":\"https:\/\/nitu.mx\/index.php\/author\/redaccion\/\"}]}<\/script>\n<!-- \/ Yoast SEO plugin. -->","yoast_head_json":{"title":"Sectur estima m\u00e1s de 51 millones de turistas en M\u00e9xico este verano - Nitu - Noticias de la Industria Turistica","robots":{"index":"index","follow":"follow","max-snippet":"max-snippet:-1","max-image-preview":"max-image-preview:large","max-video-preview":"max-video-preview:-1"},"canonical":"https:\/\/nitu.mx\/index.php\/2022\/07\/29\/sectur-estima-mas-de-51-millones-de-turistas-en-mexico-este-verano\/","twitter_card":"summary_large_image","twitter_title":"Sectur estima m\u00e1s de 51 millones de turistas en M\u00e9xico este verano - Nitu - Noticias de la Industria Turistica","twitter_description":"Al dar el banderazo al Operativo Vacacional Verano 2022 en La Paz, Baja California Sur, el subsecretario de Turismo, Humberto Hern\u00e1ndez Haddad inform\u00f3 que en este periodo se prev\u00e9 la llegada de 51 millones 765 mil turistas, de los cuales 22 millones 291 mil se hospedar\u00e1n en hotel, 78% nacionales y 22% extranjeros, significando un [&hellip;]","twitter_image":"https:\/\/nitu.mx\/wp-content\/uploads\/2022\/07\/Banderazo-de-Operarivo-Vacacional-2022.jpg","twitter_creator":"@NITUmx","twitter_site":"@Arturo_Medina_G","twitter_misc":{"Escrito por":"Redacci\u00f3n","Tiempo de lectura":"3 minutos"},"schema":{"@context":"https:\/\/schema.org","@graph":[{"@type":"Article","@id":"https:\/\/nitu.mx\/index.php\/2022\/07\/29\/sectur-estima-mas-de-51-millones-de-turistas-en-mexico-este-verano\/#article","isPartOf":{"@id":"https:\/\/nitu.mx\/index.php\/2022\/07\/29\/sectur-estima-mas-de-51-millones-de-turistas-en-mexico-este-verano\/"},"author":{"name":"Redacci\u00f3n","@id":"https:\/\/nitu.mx\/#\/schema\/person\/4a28fe9bd65924f7c90623773daf1b0b"},"headline":"Sectur estima m\u00e1s de 51 millones de turistas en M\u00e9xico este verano","datePublished":"2022-07-29T05:29:09+00:00","dateModified":"2022-07-29T05:36:21+00:00","mainEntityOfPage":{"@id":"https:\/\/nitu.mx\/index.php\/2022\/07\/29\/sectur-estima-mas-de-51-millones-de-turistas-en-mexico-este-verano\/"},"wordCount":577,"commentCount":0,"publisher":{"@id":"https:\/\/nitu.mx\/#\/schema\/person\/ae7a53426417292d3dd07b45a33e01bc"},"image":{"@id":"https:\/\/nitu.mx\/index.php\/2022\/07\/29\/sectur-estima-mas-de-51-millones-de-turistas-en-mexico-este-verano\/#primaryimage"},"thumbnailUrl":"https:\/\/nitu.mx\/wp-content\/uploads\/2022\/07\/Banderazo-de-Operarivo-Vacacional-2022.jpg","keywords":["Baja California Sur","Humberto Hern\u00e1ndez Haddad","La Paz","Operativo Vacacional de Verano","Sectur"],"articleSection":["Destinos"],"inLanguage":"es-MX","potentialAction":[{"@type":"CommentAction","name":"Comment","target":["https:\/\/nitu.mx\/index.php\/2022\/07\/29\/sectur-estima-mas-de-51-millones-de-turistas-en-mexico-este-verano\/#respond"]}]},{"@type":"WebPage","@id":"https:\/\/nitu.mx\/index.php\/2022\/07\/29\/sectur-estima-mas-de-51-millones-de-turistas-en-mexico-este-verano\/","url":"https:\/\/nitu.mx\/index.php\/2022\/07\/29\/sectur-estima-mas-de-51-millones-de-turistas-en-mexico-este-verano\/","name":"Sectur estima m\u00e1s de 51 millones de turistas en M\u00e9xico este verano - Nitu - Noticias de la Industria Turistica","isPartOf":{"@id":"https:\/\/nitu.mx\/#website"},"primaryImageOfPage":{"@id":"https:\/\/nitu.mx\/index.php\/2022\/07\/29\/sectur-estima-mas-de-51-millones-de-turistas-en-mexico-este-verano\/#primaryimage"},"image":{"@id":"https:\/\/nitu.mx\/index.php\/2022\/07\/29\/sectur-estima-mas-de-51-millones-de-turistas-en-mexico-este-verano\/#primaryimage"},"thumbnailUrl":"https:\/\/nitu.mx\/wp-content\/uploads\/2022\/07\/Banderazo-de-Operarivo-Vacacional-2022.jpg","datePublished":"2022-07-29T05:29:09+00:00","dateModified":"2022-07-29T05:36:21+00:00","breadcrumb":{"@id":"https:\/\/nitu.mx\/index.php\/2022\/07\/29\/sectur-estima-mas-de-51-millones-de-turistas-en-mexico-este-verano\/#breadcrumb"},"inLanguage":"es-MX","potentialAction":[{"@type":"ReadAction","target":["https:\/\/nitu.mx\/index.php\/2022\/07\/29\/sectur-estima-mas-de-51-millones-de-turistas-en-mexico-este-verano\/"]}]},{"@type":"ImageObject","inLanguage":"es-MX","@id":"https:\/\/nitu.mx\/index.php\/2022\/07\/29\/sectur-estima-mas-de-51-millones-de-turistas-en-mexico-este-verano\/#primaryimage","url":"https:\/\/nitu.mx\/wp-content\/uploads\/2022\/07\/Banderazo-de-Operarivo-Vacacional-2022.jpg","contentUrl":"https:\/\/nitu.mx\/wp-content\/uploads\/2022\/07\/Banderazo-de-Operarivo-Vacacional-2022.jpg","width":1200,"height":675,"caption":"Verano 2022"},{"@type":"BreadcrumbList","@id":"https:\/\/nitu.mx\/index.php\/2022\/07\/29\/sectur-estima-mas-de-51-millones-de-turistas-en-mexico-este-verano\/#breadcrumb","itemListElement":[{"@type":"ListItem","position":1,"name":"Inicio","item":"https:\/\/nitu.mx\/"},{"@type":"ListItem","position":2,"name":"Sectur estima m\u00e1s de 51 millones de turistas en M\u00e9xico este verano"}]},{"@type":"WebSite","@id":"https:\/\/nitu.mx\/#website","url":"https:\/\/nitu.mx\/","name":"Nitu - Noticias de la Industria Turistica","description":"Noticias de la Industria Turistica","publisher":{"@id":"https:\/\/nitu.mx\/#\/schema\/person\/ae7a53426417292d3dd07b45a33e01bc"},"alternateName":"Noticias de la Industria Turistica","potentialAction":[{"@type":"SearchAction","target":{"@type":"EntryPoint","urlTemplate":"https:\/\/nitu.mx\/?s={search_term_string}"},"query-input":"required name=search_term_string"}],"inLanguage":"es-MX"},{"@type":["Person","Organization"],"@id":"https:\/\/nitu.mx\/#\/schema\/person\/ae7a53426417292d3dd07b45a33e01bc","name":"Arturo Medina","image":{"@type":"ImageObject","inLanguage":"es-MX","@id":"https:\/\/nitu.mx\/#\/schema\/person\/image\/","url":"https:\/\/nitu.mx\/wp-content\/uploads\/2024\/04\/4A315622-1904-4D5C-B022-878CDC840E04-90x90-1.jpeg","contentUrl":"https:\/\/nitu.mx\/wp-content\/uploads\/2024\/04\/4A315622-1904-4D5C-B022-878CDC840E04-90x90-1.jpeg","width":90,"height":90,"caption":"Arturo Medina"},"logo":{"@id":"https:\/\/nitu.mx\/#\/schema\/person\/image\/"},"description":"Director NITU.mx, Egresado de la Escuela de Periodismo Carlos Septi\u00e9n Garc\u00eda. Periodista y analista especializado en turismo desde hace 35 a\u00f1os, radicado en Canc\u00fan Q.Roo. arturo@nitu.mx","sameAs":["https:\/\/nitu.mx","https:\/\/www.facebook.com\/NITUmx\/","medinacancun","https:\/\/twitter.com\/@Arturo_Medina_G"]},{"@type":"Person","@id":"https:\/\/nitu.mx\/#\/schema\/person\/4a28fe9bd65924f7c90623773daf1b0b","name":"Redacci\u00f3n","image":{"@type":"ImageObject","inLanguage":"es-MX","@id":"https:\/\/nitu.mx\/#\/schema\/person\/image\/","url":"https:\/\/secure.gravatar.com\/avatar\/5dd011c8ccfc5cd7e4c81e42252aab38?s=96&d=mm&r=g","contentUrl":"https:\/\/secure.gravatar.com\/avatar\/5dd011c8ccfc5cd7e4c81e42252aab38?s=96&d=mm&r=g","caption":"Redacci\u00f3n"},"url":"https:\/\/nitu.mx\/index.php\/author\/redaccion\/"}]}},"views":402,"_links":{"self":[{"href":"https:\/\/nitu.mx\/index.php\/wp-json\/wp\/v2\/posts\/60642"}],"collection":[{"href":"https:\/\/nitu.mx\/index.php\/wp-json\/wp\/v2\/posts"}],"about":[{"href":"https:\/\/nitu.mx\/index.php\/wp-json\/wp\/v2\/types\/post"}],"author":[{"embeddable":true,"href":"https:\/\/nitu.mx\/index.php\/wp-json\/wp\/v2\/users\/17"}],"replies":[{"embeddable":true,"href":"https:\/\/nitu.mx\/index.php\/wp-json\/wp\/v2\/comments?post=60642"}],"version-history":[{"count":1,"href":"https:\/\/nitu.mx\/index.php\/wp-json\/wp\/v2\/posts\/60642\/revisions"}],"predecessor-version":[{"id":60643,"href":"https:\/\/nitu.mx\/index.php\/wp-json\/wp\/v2\/posts\/60642\/revisions\/60643"}],"wp:featuredmedia":[{"embeddable":true,"href":"https:\/\/nitu.mx\/index.php\/wp-json\/wp\/v2\/media\/60644"}],"wp:attachment":[{"href":"https:\/\/nitu.mx\/index.php\/wp-json\/wp\/v2\/media?parent=60642"}],"wp:term":[{"taxonomy":"category","embeddable":true,"href":"https:\/\/nitu.mx\/index.php\/wp-json\/wp\/v2\/categories?post=60642"},{"taxonomy":"post_tag","embeddable":true,"href":"https:\/\/nitu.mx\/index.php\/wp-json\/wp\/v2\/tags?post=60642"}],"curies":[{"name":"wp","href":"https:\/\/api.w.org\/{rel}","templated":true}]}}